{"id":1016,"date":"2021-10-25T16:59:33","date_gmt":"2021-10-25T14:59:33","guid":{"rendered":"https:\/\/www.nordestsanita.it\/?p=1016"},"modified":"2021-10-25T17:00:50","modified_gmt":"2021-10-25T15:00:50","slug":"spina-bifida-ed-idrocefalo-oggi-e-la-giornata-mondiale","status":"publish","type":"post","link":"https:\/\/www.nordestsanita.it\/?p=1016","title":{"rendered":"Spina Bifida ed Idrocefalo, oggi \u00e8 la giornata mondiale"},"content":{"rendered":"\n<p>In occasione della Giornata Mondiale della Spina Bifida ed Idrocefalo, che ricorre il 25 ottobre, interviene la Societ\u00e0 Italiana di Neonatologia (SIN). <\/p>\n\n\n\n<!--more-->\n\n\n\n<p>\u201cL\u2019assunzione di acido folico \u2013 afferma il dott. Luigi Orfeo, Presidente dellaSIN &#8211; \u00e8 in grado di prevenire al 70% la Spina Bifida e gli altri difetti del tubo neurale. Attraverso la fortificazione obbligatoria di alcuni cibi, tra i quali le farine alimentari, come recentemente deciso dalle autorit\u00e0 sanitarie britanniche, si potrebbe garantire una corretta assunzione di acido folico durante tutta la vita, quindi anche nel periodo pre-concezionale della donna.\u201d<\/p>\n\n\n\n<p>La Spina Bifida, il pi\u00f9 comune dei difetti del tubo neurale, \u00e8 una grave malformazione congenita che interessa la colonna vertebrale del neonato e il suo contenuto nervoso durante i primissimi mesi di gravidanza. I difetti del tubo neurale colpiscono in Italia 6 neonati su 10mila, di questi circa il 50% \u00e8 affetto da Spina Bifida. Pu\u00f2 essere diagnosticata gi\u00e0 tra la 20\u00aa e la 22\u00aa settimana di gestazione ed in molti casi \u00e8 possibile intervenire in utero, anche se i rischi di morte e di parto prematuro sono ancora molto alti.<\/p>\n\n\n\n<p>L\u2019assunzione raccomandata per il fabbisogno medio di acido folico \u00e8 di 400 \u00b5g (microgrammi) al giorno, quantit\u00e0 raggiunta grazie all\u2019alimentazione, purch\u00e9 varia ed equilibrata. In gravidanza dovrebbe aumentare a 600 \u00b5g \/die, con inizio assunzione almeno due mesi prima del concepimento, per favorire un buono sviluppo del feto, per la corretta formazione del tubo neurale e per proteggere il nascituro da malformazioni anche molto gravi.<\/p>\n\n\n\n<p>La mandatory fortification (fortificazione obbligatoria), applicata in oltre 90 paesi nel mondo, consente proprio una maggiore assunzione di acido folico rispetto alla normale alimentazione, anche con un vantaggio in termini di sanit\u00e0 pubblica, riducendo i costi rispetto alla supplementazione vitaminica, con una rilevante efficacia pratica. Ci\u00f2 accade gi\u00e0, per esempio, in America, Canada e Australia, mentre in Europa, tranne che in Gran Bretagna, ancora non esistono norme a riguardo.<\/p>\n\n\n\n<p>In Italia, attualmente, non si registra una reale necessit\u00e0 di integrare la dieta con acido folico nella normale popolazione, ma gli studi dimostrano comunque che un\u2019integrazione non avrebbe effetti collaterali, ma anzi potrebbe rappresentare un vantaggio per l\u2019epoca pre-concezionale. In passato si pensava che un eccesso di questa vitamina del gruppo B potesse nascondere al contrario un&#8217;eventuale carenza di vitamina B12, ma oggi il rischio risulta remoto.<\/p>\n\n\n\n<p>La SIN ribadisce, pertanto, la sua posizione a favore della supplementazione di acido folico nelle farine alimentari, anche nel nostro Paese, che potrebbe essere il primo all\u2019interno dell\u2019Unione Europea a compiere questo importante passo. Un ragionamento che rientra nella pi\u00f9 ampia cultura della prevenzione, prima del concepimento, in gravidanza e dopo la nascita.<\/p>\n\n\n\n<p>\u201cI difetti del tubo neurale possono causare serie problematiche e mettere il bambino a rischio, gi\u00e0 in epoca neonatale. Il percorso di cura \u00e8 molto lungo e complesso da affrontare, sia da un punto di vista emotivo che economico per le famiglie ed \u00e8 giusto quindi applicare una corretta strategia di profilassi, anche con la fortificazione degli alimenti. La vera differenza, nella prevenzione dei rischi, potrebbe farla l\u2019esempio che ci viene dagli altri paesi, un percorso sicuramente difficile da affrontare, che prevede un accordo tra le autorit\u00e0 sanitarie, i produttori alimentari, le istituzioni, le associazioni, ma virtuoso e che, attraverso un\u2019azione collettiva mirata, potrebbe davvero salvare tante piccole vite,\u201d conclude il Presidente Orfeo.<\/p>\n","protected":false},"excerpt":{"rendered":"<p>In occasione della Giornata Mondiale della Spina Bifida ed Idrocefalo, che ricorre il 25 ottobre, interviene la SIN.<\/p>\n","protected":false},"author":8,"featured_media":1019,"comment_status":"closed","ping_status":"open","sticky":false,"template":"","format":"standard","meta":[],"categories":[24],"tags":[168],"yoast_head":"<!-- This site is optimized with the Yoast SEO plugin v20.2 - https:\/\/yoast.com\/wordpress\/plugins\/seo\/ -->\n<title>Spina Bifida ed Idrocefalo, oggi \u00e8 la giornata mondiale - NES<\/title>\n<meta name=\"description\" content=\"In occasione della Giornata Mondiale della Spina Bifida ed Idrocefalo, che ricorre il 25 ottobre, interviene la SIN.\" \/>\n<meta name=\"robots\" content=\"index, follow, max-snippet:-1, max-image-preview:large, max-video-preview:-1\" \/>\n<link rel=\"canonical\" href=\"https:\/\/www.nordestsanita.it\/?p=1016\" \/>\n<meta property=\"og:locale\" content=\"it_IT\" \/>\n<meta property=\"og:type\" content=\"article\" \/>\n<meta property=\"og:title\" content=\"Spina Bifida ed Idrocefalo, oggi \u00e8 la giornata mondiale - NES\" \/>\n<meta property=\"og:description\" content=\"In occasione della Giornata Mondiale della Spina Bifida ed Idrocefalo, che ricorre il 25 ottobre, interviene la SIN.\" \/>\n<meta property=\"og:url\" content=\"https:\/\/www.nordestsanita.it\/?p=1016\" \/>\n<meta property=\"og:site_name\" content=\"NES\" \/>\n<meta property=\"article:published_time\" content=\"2021-10-25T14:59:33+00:00\" \/>\n<meta property=\"article:modified_time\" content=\"2021-10-25T15:00:50+00:00\" \/>\n<meta property=\"og:image\" content=\"https:\/\/www.nordestsanita.it\/wp-content\/uploads\/2021\/10\/gravidanza.jpg\" \/>\n\t<meta property=\"og:image:width\" content=\"960\" \/>\n\t<meta property=\"og:image:height\" content=\"640\" \/>\n\t<meta property=\"og:image:type\" content=\"image\/jpeg\" \/>\n<meta name=\"author\" content=\"Redazione\" \/>\n<meta name=\"twitter:card\" content=\"summary_large_image\" \/>\n<meta name=\"twitter:label1\" content=\"Scritto da\" \/>\n\t<meta name=\"twitter:data1\" content=\"Redazione\" \/>\n\t<meta name=\"twitter:label2\" content=\"Tempo di lettura stimato\" \/>\n\t<meta name=\"twitter:data2\" content=\"3 minuti\" \/>\n<script type=\"application\/ld+json\" class=\"yoast-schema-graph\">{\"@context\":\"https:\/\/schema.org\",\"@graph\":[{\"@type\":\"Article\",\"@id\":\"https:\/\/www.nordestsanita.it\/?p=1016#article\",\"isPartOf\":{\"@id\":\"https:\/\/www.nordestsanita.it\/?p=1016\"},\"author\":{\"name\":\"Redazione\",\"@id\":\"https:\/\/www.nordestsanita.it\/#\/schema\/person\/e5a7dc6dca45cb55e67d4a127b0e969a\"},\"headline\":\"Spina Bifida ed Idrocefalo, oggi \u00e8 la giornata mondiale\",\"datePublished\":\"2021-10-25T14:59:33+00:00\",\"dateModified\":\"2021-10-25T15:00:50+00:00\",\"mainEntityOfPage\":{\"@id\":\"https:\/\/www.nordestsanita.it\/?p=1016\"},\"wordCount\":551,\"publisher\":{\"@id\":\"https:\/\/www.nordestsanita.it\/#organization\"},\"keywords\":[\"spina bifida\"],\"articleSection\":[\"Attualit\u00e0\"],\"inLanguage\":\"it-IT\"},{\"@type\":\"WebPage\",\"@id\":\"https:\/\/www.nordestsanita.it\/?p=1016\",\"url\":\"https:\/\/www.nordestsanita.it\/?p=1016\",\"name\":\"Spina Bifida ed Idrocefalo, oggi \u00e8 la giornata mondiale - NES\",\"isPartOf\":{\"@id\":\"https:\/\/www.nordestsanita.it\/#website\"},\"datePublished\":\"2021-10-25T14:59:33+00:00\",\"dateModified\":\"2021-10-25T15:00:50+00:00\",\"description\":\"In occasione della Giornata Mondiale della Spina Bifida ed Idrocefalo, che ricorre il 25 ottobre, interviene la SIN.\",\"breadcrumb\":{\"@id\":\"https:\/\/www.nordestsanita.it\/?p=1016#breadcrumb\"},\"inLanguage\":\"it-IT\",\"potentialAction\":[{\"@type\":\"ReadAction\",\"target\":[\"https:\/\/www.nordestsanita.it\/?p=1016\"]}]},{\"@type\":\"BreadcrumbList\",\"@id\":\"https:\/\/www.nordestsanita.it\/?p=1016#breadcrumb\",\"itemListElement\":[{\"@type\":\"ListItem\",\"position\":1,\"name\":\"Home\",\"item\":\"https:\/\/www.nordestsanita.it\/\"},{\"@type\":\"ListItem\",\"position\":2,\"name\":\"Spina Bifida ed Idrocefalo, oggi \u00e8 la giornata mondiale\"}]},{\"@type\":\"WebSite\",\"@id\":\"https:\/\/www.nordestsanita.it\/#website\",\"url\":\"https:\/\/www.nordestsanita.it\/\",\"name\":\"NES\",\"description\":\"Nord Est Sanit\u00e0\",\"publisher\":{\"@id\":\"https:\/\/www.nordestsanita.it\/#organization\"},\"potentialAction\":[{\"@type\":\"SearchAction\",\"target\":{\"@type\":\"EntryPoint\",\"urlTemplate\":\"https:\/\/www.nordestsanita.it\/?s={search_term_string}\"},\"query-input\":\"required name=search_term_string\"}],\"inLanguage\":\"it-IT\"},{\"@type\":\"Organization\",\"@id\":\"https:\/\/www.nordestsanita.it\/#organization\",\"name\":\"NES\",\"url\":\"https:\/\/www.nordestsanita.it\/\",\"logo\":{\"@type\":\"ImageObject\",\"inLanguage\":\"it-IT\",\"@id\":\"https:\/\/www.nordestsanita.it\/#\/schema\/logo\/image\/\",\"url\":\"https:\/\/www.nordestsanita.it\/wp-content\/uploads\/2021\/05\/NES-1280.png\",\"contentUrl\":\"https:\/\/www.nordestsanita.it\/wp-content\/uploads\/2021\/05\/NES-1280.png\",\"width\":1280,\"height\":458,\"caption\":\"NES\"},\"image\":{\"@id\":\"https:\/\/www.nordestsanita.it\/#\/schema\/logo\/image\/\"}},{\"@type\":\"Person\",\"@id\":\"https:\/\/www.nordestsanita.it\/#\/schema\/person\/e5a7dc6dca45cb55e67d4a127b0e969a\",\"name\":\"Redazione\",\"image\":{\"@type\":\"ImageObject\",\"inLanguage\":\"it-IT\",\"@id\":\"https:\/\/www.nordestsanita.it\/#\/schema\/person\/image\/\",\"url\":\"https:\/\/secure.gravatar.com\/avatar\/3f19a9b3d671ea36ec67c4badf3f961a?s=96&d=mm&r=g\",\"contentUrl\":\"https:\/\/secure.gravatar.com\/avatar\/3f19a9b3d671ea36ec67c4badf3f961a?s=96&d=mm&r=g\",\"caption\":\"Redazione\"},\"url\":\"https:\/\/www.nordestsanita.it\/?author=8\"}]}<\/script>\n<!-- \/ Yoast SEO plugin. -->","yoast_head_json":{"title":"Spina Bifida ed Idrocefalo, oggi \u00e8 la giornata mondiale - NES","description":"In occasione della Giornata Mondiale della Spina Bifida ed Idrocefalo, che ricorre il 25 ottobre, interviene la SIN.","robots":{"index":"index","follow":"follow","max-snippet":"max-snippet:-1","max-image-preview":"max-image-preview:large","max-video-preview":"max-video-preview:-1"},"canonical":"https:\/\/www.nordestsanita.it\/?p=1016","og_locale":"it_IT","og_type":"article","og_title":"Spina Bifida ed Idrocefalo, oggi \u00e8 la giornata mondiale - NES","og_description":"In occasione della Giornata Mondiale della Spina Bifida ed Idrocefalo, che ricorre il 25 ottobre, interviene la SIN.","og_url":"https:\/\/www.nordestsanita.it\/?p=1016","og_site_name":"NES","article_published_time":"2021-10-25T14:59:33+00:00","article_modified_time":"2021-10-25T15:00:50+00:00","og_image":[{"width":960,"height":640,"url":"https:\/\/www.nordestsanita.it\/wp-content\/uploads\/2021\/10\/gravidanza.jpg","type":"image\/jpeg"}],"author":"Redazione","twitter_card":"summary_large_image","twitter_misc":{"Scritto da":"Redazione","Tempo di lettura stimato":"3 minuti"},"schema":{"@context":"https:\/\/schema.org","@graph":[{"@type":"Article","@id":"https:\/\/www.nordestsanita.it\/?p=1016#article","isPartOf":{"@id":"https:\/\/www.nordestsanita.it\/?p=1016"},"author":{"name":"Redazione","@id":"https:\/\/www.nordestsanita.it\/#\/schema\/person\/e5a7dc6dca45cb55e67d4a127b0e969a"},"headline":"Spina Bifida ed Idrocefalo, oggi \u00e8 la giornata mondiale","datePublished":"2021-10-25T14:59:33+00:00","dateModified":"2021-10-25T15:00:50+00:00","mainEntityOfPage":{"@id":"https:\/\/www.nordestsanita.it\/?p=1016"},"wordCount":551,"publisher":{"@id":"https:\/\/www.nordestsanita.it\/#organization"},"keywords":["spina bifida"],"articleSection":["Attualit\u00e0"],"inLanguage":"it-IT"},{"@type":"WebPage","@id":"https:\/\/www.nordestsanita.it\/?p=1016","url":"https:\/\/www.nordestsanita.it\/?p=1016","name":"Spina Bifida ed Idrocefalo, oggi \u00e8 la giornata mondiale - NES","isPartOf":{"@id":"https:\/\/www.nordestsanita.it\/#website"},"datePublished":"2021-10-25T14:59:33+00:00","dateModified":"2021-10-25T15:00:50+00:00","description":"In occasione della Giornata Mondiale della Spina Bifida ed Idrocefalo, che ricorre il 25 ottobre, interviene la SIN.","breadcrumb":{"@id":"https:\/\/www.nordestsanita.it\/?p=1016#breadcrumb"},"inLanguage":"it-IT","potentialAction":[{"@type":"ReadAction","target":["https:\/\/www.nordestsanita.it\/?p=1016"]}]},{"@type":"BreadcrumbList","@id":"https:\/\/www.nordestsanita.it\/?p=1016#breadcrumb","itemListElement":[{"@type":"ListItem","position":1,"name":"Home","item":"https:\/\/www.nordestsanita.it\/"},{"@type":"ListItem","position":2,"name":"Spina Bifida ed Idrocefalo, oggi \u00e8 la giornata mondiale"}]},{"@type":"WebSite","@id":"https:\/\/www.nordestsanita.it\/#website","url":"https:\/\/www.nordestsanita.it\/","name":"NES","description":"Nord Est Sanit\u00e0","publisher":{"@id":"https:\/\/www.nordestsanita.it\/#organization"},"potentialAction":[{"@type":"SearchAction","target":{"@type":"EntryPoint","urlTemplate":"https:\/\/www.nordestsanita.it\/?s={search_term_string}"},"query-input":"required name=search_term_string"}],"inLanguage":"it-IT"},{"@type":"Organization","@id":"https:\/\/www.nordestsanita.it\/#organization","name":"NES","url":"https:\/\/www.nordestsanita.it\/","logo":{"@type":"ImageObject","inLanguage":"it-IT","@id":"https:\/\/www.nordestsanita.it\/#\/schema\/logo\/image\/","url":"https:\/\/www.nordestsanita.it\/wp-content\/uploads\/2021\/05\/NES-1280.png","contentUrl":"https:\/\/www.nordestsanita.it\/wp-content\/uploads\/2021\/05\/NES-1280.png","width":1280,"height":458,"caption":"NES"},"image":{"@id":"https:\/\/www.nordestsanita.it\/#\/schema\/logo\/image\/"}},{"@type":"Person","@id":"https:\/\/www.nordestsanita.it\/#\/schema\/person\/e5a7dc6dca45cb55e67d4a127b0e969a","name":"Redazione","image":{"@type":"ImageObject","inLanguage":"it-IT","@id":"https:\/\/www.nordestsanita.it\/#\/schema\/person\/image\/","url":"https:\/\/secure.gravatar.com\/avatar\/3f19a9b3d671ea36ec67c4badf3f961a?s=96&d=mm&r=g","contentUrl":"https:\/\/secure.gravatar.com\/avatar\/3f19a9b3d671ea36ec67c4badf3f961a?s=96&d=mm&r=g","caption":"Redazione"},"url":"https:\/\/www.nordestsanita.it\/?author=8"}]}},"jetpack_featured_media_url":"https:\/\/www.nordestsanita.it\/wp-content\/uploads\/2021\/10\/gravidanza.jpg","_links":{"self":[{"href":"https:\/\/www.nordestsanita.it\/index.php?rest_route=\/wp\/v2\/posts\/1016"}],"collection":[{"href":"https:\/\/www.nordestsanita.it\/index.php?rest_route=\/wp\/v2\/posts"}],"about":[{"href":"https:\/\/www.nordestsanita.it\/index.php?rest_route=\/wp\/v2\/types\/post"}],"author":[{"embeddable":true,"href":"https:\/\/www.nordestsanita.it\/index.php?rest_route=\/wp\/v2\/users\/8"}],"replies":[{"embeddable":true,"href":"https:\/\/www.nordestsanita.it\/index.php?rest_route=%2Fwp%2Fv2%2Fcomments&post=1016"}],"version-history":[{"count":1,"href":"https:\/\/www.nordestsanita.it\/index.php?rest_route=\/wp\/v2\/posts\/1016\/revisions"}],"predecessor-version":[{"id":1018,"href":"https:\/\/www.nordestsanita.it\/index.php?rest_route=\/wp\/v2\/posts\/1016\/revisions\/1018"}],"wp:featuredmedia":[{"embeddable":true,"href":"https:\/\/www.nordestsanita.it\/index.php?rest_route=\/wp\/v2\/media\/1019"}],"wp:attachment":[{"href":"https:\/\/www.nordestsanita.it\/index.php?rest_route=%2Fwp%2Fv2%2Fmedia&parent=1016"}],"wp:term":[{"taxonomy":"category","embeddable":true,"href":"https:\/\/www.nordestsanita.it\/index.php?rest_route=%2Fwp%2Fv2%2Fcategories&post=1016"},{"taxonomy":"post_tag","embeddable":true,"href":"https:\/\/www.nordestsanita.it\/index.php?rest_route=%2Fwp%2Fv2%2Ftags&post=1016"}],"curies":[{"name":"wp","href":"https:\/\/api.w.org\/{rel}","templated":true}]}}