{"id":1021,"date":"2021-10-27T17:25:25","date_gmt":"2021-10-27T15:25:25","guid":{"rendered":"https:\/\/www.nordestsanita.it\/?p=1021"},"modified":"2021-10-27T17:25:26","modified_gmt":"2021-10-27T15:25:26","slug":"depressione-presentate-le-raccomandazioni-nazionali-per-la-presa-in-carico-del-paziente","status":"publish","type":"post","link":"https:\/\/www.nordestsanita.it\/?p=1021","title":{"rendered":"Depressione, presentate le raccomandazioni nazionali per la presa in carico del paziente"},"content":{"rendered":"\n<p>La depressione \u00e8 diventata un\u2019emergenza sanitaria e sociale, tanto da venir considerata la prima causa di disabilit\u00e0 a livello globale. Inoltre, la pandemia di Covid-19 ne sta ulteriormente incrementando l\u2019incidenza, anche a causa della crisi sanitaria ed economica in atto. <\/p>\n\n\n\n<!--more-->\n\n\n\n<p>Non solo \u00e8 un disturbo ampiamente diffuso e in crescita, ma \u00e8 anche una delle principali cause di invalidit\u00e0 temporanea e permanente: in Italia la prevalenza dei sintomi depressivi \u00e8 del 6 per cento nella popolazione adulta, pari a circa 3,5 milioni di pazienti di cui 1,3 milioni con un disturbo depressivo maggiore, con un rapporto donna: uomo di 2:1. Inoltre, le stime indicano che la pandemia ha provocato un aumento di cinque volte dei sintomi depressivi nel nostro Paese: quelli moderati sono quasi quadruplicati e i pi\u00f9 gravi sono cresciuti di sette volte e mezzo. \u201cQuella che comunemente chiamiamo depressione include numerosi quadri che differiscono fra loro per caratteristiche sintomatologiche, durata, ricorrenza, risposta ai trattamenti e grado di severit\u00e0. \u00c8 pi\u00f9 che mai indispensabile, quindi, diffondere una cultura condivisa fra le Istituzioni, gli operatori sanitari e la societ\u00e0 civile per favorire il riconoscimento, la diagnosi e una corretta presa in carico dei pazienti con questa patologia\u201d, introduce Francesca Merzagora, Presidente Fondazione Onda, Osservatorio nazionale sulla salute della donna e di genere.<\/p>\n\n\n\n<p>In questo contesto Fondazione Onda ha ideato il progetto Stargate, che ha previsto l\u2019organizzazione di un tavolo tecnico che ha prodotto il documento \u201cRaccomandazioni nazionali per la presa in carico del paziente con depressione\u201d. Le raccomandazioni verranno poi declinate a livello regionale per recepire le istanze dei territori.<\/p>\n\n\n\n<p>Tre gli asset principali emersi: educazione e formazione come presupposto imprescindibile per la conoscenza della patologia; prevenzione per consentire un ricorso precoce e appropriato a diagnosi e supporto medico; cura con una rete nazionale per un accesso a servizi e opportunit\u00e0 di trattamento opportunamente diversificate.Hanno contribuito alla stesura del documento i seguenti enti: Cittadinanzattiva, Fondazione Progetto Itaca, Societ\u00e0 Italiana di Health Technology Assessment (Sihta), Societ\u00e0 Italiana di Farmacia Ospedaliera e dei Servizi Farmaceutici delle Aziende Sanitarie (SIFO), Societ\u00e0 Italiana di Medicina Generale e delle Cure Primarie (SIMG), Societ\u00e0 Italiana di Neuropsicofarmacologia (SINPF), Societ\u00e0 Italiana di Psichiatria (SIP), SIP Giovani, Societ\u00e0 Italiana di Psichiatria Sociale (SIPS), Societ\u00e0 Italiana di Scienze Infermieristiche in Salute Mentale (SISISM), Servizio Psichiatrico di Diagnosi e Cura (SPDC) con il contributo incondizionato di Janssen, l\u2019azienda farmaceutica del Gruppo Johnson &amp; Johnson.<\/p>\n\n\n\n<p>\u201cLa depressione \u00e8 la prima causa di disabilit\u00e0 nel mondo\u201d, commenta l\u2019On. Rossana Boldi, Vicepresidente della XII Commissione Affari Sociali, Camera dei Deputati. \u201cCon la pandemia da COVID 19, questa patologia ha coinvolto pesantemente purtroppo anche gli adolescenti, e si calcola che i pazienti che presentano sintomi di depressione, dai pi\u00f9 lievi ai pi\u00f9 pesanti, siano almeno quintuplicati, a causa dell\u2019isolamento, della paura di contrarre il virus, del dolore per la perdita di un congiunto, della fatica a metabolizzare e superare le conseguenze della malattia per chi l\u2019ha contratta e dell\u2019impoverimento prodotto dalla crisi economica. Il Parlamento non pu\u00f2 rimanere inerte. Ecco perch\u00e9 la Mozione elaborata in collaborazione con Onda, presentata a mia prima firma e approvata all\u2019unanimit\u00e0 ieri alla Camera dei Deputati, che si propone di accendere un faro su questi pazienti, risulta essere attualissima. Sono indispensabili maggiori investimenti economici per potenziare la rete dei servizi territoriali e specialistici, incrementare la ricerca e facilitare l\u2019accesso alle cure su tutto il territorio italiano. \u00c8 indispensabile sensibilizzare maggiormente tutti su questa patologia. Un concetto deve essere chiaro, la depressione si pu\u00f2 prevenire, diagnosticare, intercettare per tempo e naturalmente curare\u201d.<\/p>\n\n\n\n<p>Obiettivo del documento \u00e8 anche quello di fornire strumenti informativi di sensibilizzazione e divulgazione presso la popolazione generale, per promuovere e diffondere una maggior cultura sul tema del benessere mentale e sulla prevenzione, sul riconoscimento e la cura dei disturbi dell\u2019umore.<\/p>\n\n\n\n<p>\u201cStargate \u00e8 un progetto ideato per rispondere al bisogno dei professionisti sanitari di lavorare in modo integrato, coordinato e tempestivo sul percorso del paziente con depressione\u201d, prosegue Merzagora.<\/p>\n\n\n\n<p>\u201cNasce come continuazione di un progetto di sensibilizzazione sulla depressione maggiore nato nel 2019 che ha visto la creazione del Manifesto \u2018Uscire dall\u2019ombra della depressione\u2019 e la realizzazione di un documento istituzionale per sensibilizzare le Commissioni parlamentari Igiene e Sanit\u00e0 del Senato e Affari Sociali della Camera dei Deputati sulla lotta contro la depressione\u201d. Nel 2020 e 2021 il dibattito \u00e8 arrivato a livello regionale con 13 tavole rotonde, che si concluderanno a novembre nelle Marche, coinvolgendo gli attori istituzionali e sanitari locali per supportare l\u2019adozione di opportune azioni che facilitino l\u2019accesso alla diagnosi e alle cure pi\u00f9 appropriate.<\/p>\n\n\n\n<p>\u201cLa depressione, ancor pi\u00f9 in sindemia, cresce rapidamente, pi\u00f9 del 20 per cento in 11 anni, sempre con una predominanza di genere e ad esserne pi\u00f9 colpiti sono gli adolescenti, come da appello UNICEF, e gli anziani, secondo dati ISS, con significativo impatto negativo sulla cognitivit\u00e0\u201d, afferma Claudio Mencacci, Presidente SINPF, Societ\u00e0 Italiana di Neuropsicofarmacologia. \u201cAumenta la sofferenza, ma ancora pochi raggiungono rapidamente le cure appropriate. Il ritardo nella diagnosi, i trattamenti medici e\/o psicoterapici non adeguati facilitano nel 40 per cento dei casi l\u2019instaurarsi di una condizione di cronicit\u00e0 (prima malattia cronica in Europa) che impatta sulla qualit\u00e0 e quantit\u00e0 di vita. Solo un precoce e rapido approccio multidisciplinare potr\u00e0 dare riposta ai tanti bisogni insoddisfatti. Le Raccomandazioni nazionali che vengono ora condivise sono uno strumento importante per una presa in carico appropriata e omogenea sul territorio dei pazienti con depressione\u201d.<\/p>\n\n\n\n<p>\u201cNon poteva esserci momento migliore per diffondere il documento Raccomandazioni sulla depressione elaborato e condiviso da operatori sanitari, sociali e dalle associazioni dei cittadini coordinati da Fondazione Onda\u201d, commenta Ovidio Brignoli, Vicepresidente SIMG, Societ\u00e0 Italiana di Medicina Generale e delle Cure Primarie. \u201cLa patologia psichiatrica e in particolare l\u2019ansia e la depressione sono la principale causa di accesso al medico di medicina generale da qualche anno. Durante e dopo la pandemia la situazione si \u00e8 ulteriormente aggravata e diffusa non solo alle persone anziane che gi\u00e0 abitualmente frequentano gli studi dei medici di famiglia, ma ha coinvolto giovani adulti e adolescenti. \u00c8 quindi estremamente utile diffondere e condividere un documento di consenso che allerti gli operatori sanitari e fornisca loro utili suggerimenti per la presa in carico delle persone con depressione. La partecipazione di figure diverse inoltre vuole ricordare la necessit\u00e0 di intervenire sulle persone con depressione con un approccio integrato che sia efficace ed efficiente pur rispettando le attese di pazienti\u201d.<\/p>\n\n\n\n<p>\u201cLa depressione \u00e8 una patologia pesantemente invalidante peggiorata durante il lockdown: i pazienti non vengono presi in carico in maniera uniforme sul territorio nazionale per carenza di medici e di fondi\u201d, conclude Massimo Di Giannantonio, Presidente SIP, Societ\u00e0 Italiana di Psichiatria. \u201cPer questo le Raccomandazioni per una presa in carico precoce e uniforme del paziente con depressione realizzate da Fondazione Onda con il patrocinio della SIP, costituiscono un punto di riflessione e di ripartenza per assicurare un\u2019uniformit\u00e0 di assistenza nazionale. Obiettivi prioritari devono quindi diventare la diagnosi precoce, la lotta contro l\u2019interruzione precoce del trattamento, la recovery come golden standard delle terapie intraprese\u201d.<\/p>\n","protected":false},"excerpt":{"rendered":"<p>Fondazione Onda presenta le raccomandazioni nazionali per la presa in carico del paziente affetto da depressione<\/p>\n","protected":false},"author":8,"featured_media":1022,"comment_status":"closed","ping_status":"open","sticky":false,"template":"","format":"standard","meta":[],"categories":[24],"tags":[169,161],"yoast_head":"<!-- This site is optimized with the Yoast SEO plugin v20.2 - https:\/\/yoast.com\/wordpress\/plugins\/seo\/ -->\n<title>Depressione, presentate le raccomandazioni nazionali - NES<\/title>\n<meta name=\"description\" content=\"Fondazione Onda presenta le raccomandazioni nazionali per la presa in carico del paziente affetto da depressione\" \/>\n<meta name=\"robots\" content=\"index, follow, max-snippet:-1, max-image-preview:large, max-video-preview:-1\" \/>\n<link rel=\"canonical\" href=\"https:\/\/www.nordestsanita.it\/?p=1021\" \/>\n<meta property=\"og:locale\" content=\"it_IT\" \/>\n<meta property=\"og:type\" content=\"article\" \/>\n<meta property=\"og:title\" content=\"Depressione, presentate le raccomandazioni nazionali - NES\" \/>\n<meta property=\"og:description\" content=\"Fondazione Onda presenta le raccomandazioni nazionali per la presa in carico del paziente affetto da depressione\" \/>\n<meta property=\"og:url\" content=\"https:\/\/www.nordestsanita.it\/?p=1021\" \/>\n<meta property=\"og:site_name\" content=\"NES\" \/>\n<meta property=\"article:published_time\" content=\"2021-10-27T15:25:25+00:00\" \/>\n<meta property=\"article:modified_time\" content=\"2021-10-27T15:25:26+00:00\" \/>\n<meta property=\"og:image\" content=\"https:\/\/www.nordestsanita.it\/wp-content\/uploads\/2021\/10\/depressione.jpg\" \/>\n\t<meta property=\"og:image:width\" content=\"960\" \/>\n\t<meta property=\"og:image:height\" content=\"635\" \/>\n\t<meta property=\"og:image:type\" content=\"image\/jpeg\" \/>\n<meta name=\"author\" content=\"Redazione\" \/>\n<meta name=\"twitter:card\" content=\"summary_large_image\" \/>\n<meta name=\"twitter:label1\" content=\"Scritto da\" \/>\n\t<meta name=\"twitter:data1\" content=\"Redazione\" \/>\n\t<meta name=\"twitter:label2\" content=\"Tempo di lettura stimato\" \/>\n\t<meta name=\"twitter:data2\" content=\"6 minuti\" \/>\n<script type=\"application\/ld+json\" class=\"yoast-schema-graph\">{\"@context\":\"https:\/\/schema.org\",\"@graph\":[{\"@type\":\"Article\",\"@id\":\"https:\/\/www.nordestsanita.it\/?p=1021#article\",\"isPartOf\":{\"@id\":\"https:\/\/www.nordestsanita.it\/?p=1021\"},\"author\":{\"name\":\"Redazione\",\"@id\":\"https:\/\/www.nordestsanita.it\/#\/schema\/person\/e5a7dc6dca45cb55e67d4a127b0e969a\"},\"headline\":\"Depressione, presentate le raccomandazioni nazionali per la presa in carico del paziente\",\"datePublished\":\"2021-10-27T15:25:25+00:00\",\"dateModified\":\"2021-10-27T15:25:26+00:00\",\"mainEntityOfPage\":{\"@id\":\"https:\/\/www.nordestsanita.it\/?p=1021\"},\"wordCount\":1164,\"publisher\":{\"@id\":\"https:\/\/www.nordestsanita.it\/#organization\"},\"keywords\":[\"depressione\",\"fondazione onda\"],\"articleSection\":[\"Attualit\u00e0\"],\"inLanguage\":\"it-IT\"},{\"@type\":\"WebPage\",\"@id\":\"https:\/\/www.nordestsanita.it\/?p=1021\",\"url\":\"https:\/\/www.nordestsanita.it\/?p=1021\",\"name\":\"Depressione, presentate le raccomandazioni nazionali - NES\",\"isPartOf\":{\"@id\":\"https:\/\/www.nordestsanita.it\/#website\"},\"datePublished\":\"2021-10-27T15:25:25+00:00\",\"dateModified\":\"2021-10-27T15:25:26+00:00\",\"description\":\"Fondazione Onda presenta le raccomandazioni nazionali per la presa in carico del paziente affetto da depressione\",\"breadcrumb\":{\"@id\":\"https:\/\/www.nordestsanita.it\/?p=1021#breadcrumb\"},\"inLanguage\":\"it-IT\",\"potentialAction\":[{\"@type\":\"ReadAction\",\"target\":[\"https:\/\/www.nordestsanita.it\/?p=1021\"]}]},{\"@type\":\"BreadcrumbList\",\"@id\":\"https:\/\/www.nordestsanita.it\/?p=1021#breadcrumb\",\"itemListElement\":[{\"@type\":\"ListItem\",\"position\":1,\"name\":\"Home\",\"item\":\"https:\/\/www.nordestsanita.it\/\"},{\"@type\":\"ListItem\",\"position\":2,\"name\":\"Depressione, presentate le raccomandazioni nazionali per la presa in carico del paziente\"}]},{\"@type\":\"WebSite\",\"@id\":\"https:\/\/www.nordestsanita.it\/#website\",\"url\":\"https:\/\/www.nordestsanita.it\/\",\"name\":\"NES\",\"description\":\"Nord Est Sanit\u00e0\",\"publisher\":{\"@id\":\"https:\/\/www.nordestsanita.it\/#organization\"},\"potentialAction\":[{\"@type\":\"SearchAction\",\"target\":{\"@type\":\"EntryPoint\",\"urlTemplate\":\"https:\/\/www.nordestsanita.it\/?s={search_term_string}\"},\"query-input\":\"required name=search_term_string\"}],\"inLanguage\":\"it-IT\"},{\"@type\":\"Organization\",\"@id\":\"https:\/\/www.nordestsanita.it\/#organization\",\"name\":\"NES\",\"url\":\"https:\/\/www.nordestsanita.it\/\",\"logo\":{\"@type\":\"ImageObject\",\"inLanguage\":\"it-IT\",\"@id\":\"https:\/\/www.nordestsanita.it\/#\/schema\/logo\/image\/\",\"url\":\"https:\/\/www.nordestsanita.it\/wp-content\/uploads\/2021\/05\/NES-1280.png\",\"contentUrl\":\"https:\/\/www.nordestsanita.it\/wp-content\/uploads\/2021\/05\/NES-1280.png\",\"width\":1280,\"height\":458,\"caption\":\"NES\"},\"image\":{\"@id\":\"https:\/\/www.nordestsanita.it\/#\/schema\/logo\/image\/\"}},{\"@type\":\"Person\",\"@id\":\"https:\/\/www.nordestsanita.it\/#\/schema\/person\/e5a7dc6dca45cb55e67d4a127b0e969a\",\"name\":\"Redazione\",\"image\":{\"@type\":\"ImageObject\",\"inLanguage\":\"it-IT\",\"@id\":\"https:\/\/www.nordestsanita.it\/#\/schema\/person\/image\/\",\"url\":\"https:\/\/secure.gravatar.com\/avatar\/3f19a9b3d671ea36ec67c4badf3f961a?s=96&d=mm&r=g\",\"contentUrl\":\"https:\/\/secure.gravatar.com\/avatar\/3f19a9b3d671ea36ec67c4badf3f961a?s=96&d=mm&r=g\",\"caption\":\"Redazione\"},\"url\":\"https:\/\/www.nordestsanita.it\/?author=8\"}]}<\/script>\n<!-- \/ Yoast SEO plugin. -->","yoast_head_json":{"title":"Depressione, presentate le raccomandazioni nazionali - NES","description":"Fondazione Onda presenta le raccomandazioni nazionali per la presa in carico del paziente affetto da depressione","robots":{"index":"index","follow":"follow","max-snippet":"max-snippet:-1","max-image-preview":"max-image-preview:large","max-video-preview":"max-video-preview:-1"},"canonical":"https:\/\/www.nordestsanita.it\/?p=1021","og_locale":"it_IT","og_type":"article","og_title":"Depressione, presentate le raccomandazioni nazionali - NES","og_description":"Fondazione Onda presenta le raccomandazioni nazionali per la presa in carico del paziente affetto da depressione","og_url":"https:\/\/www.nordestsanita.it\/?p=1021","og_site_name":"NES","article_published_time":"2021-10-27T15:25:25+00:00","article_modified_time":"2021-10-27T15:25:26+00:00","og_image":[{"width":960,"height":635,"url":"https:\/\/www.nordestsanita.it\/wp-content\/uploads\/2021\/10\/depressione.jpg","type":"image\/jpeg"}],"author":"Redazione","twitter_card":"summary_large_image","twitter_misc":{"Scritto da":"Redazione","Tempo di lettura stimato":"6 minuti"},"schema":{"@context":"https:\/\/schema.org","@graph":[{"@type":"Article","@id":"https:\/\/www.nordestsanita.it\/?p=1021#article","isPartOf":{"@id":"https:\/\/www.nordestsanita.it\/?p=1021"},"author":{"name":"Redazione","@id":"https:\/\/www.nordestsanita.it\/#\/schema\/person\/e5a7dc6dca45cb55e67d4a127b0e969a"},"headline":"Depressione, presentate le raccomandazioni nazionali per la presa in carico del paziente","datePublished":"2021-10-27T15:25:25+00:00","dateModified":"2021-10-27T15:25:26+00:00","mainEntityOfPage":{"@id":"https:\/\/www.nordestsanita.it\/?p=1021"},"wordCount":1164,"publisher":{"@id":"https:\/\/www.nordestsanita.it\/#organization"},"keywords":["depressione","fondazione onda"],"articleSection":["Attualit\u00e0"],"inLanguage":"it-IT"},{"@type":"WebPage","@id":"https:\/\/www.nordestsanita.it\/?p=1021","url":"https:\/\/www.nordestsanita.it\/?p=1021","name":"Depressione, presentate le raccomandazioni nazionali - NES","isPartOf":{"@id":"https:\/\/www.nordestsanita.it\/#website"},"datePublished":"2021-10-27T15:25:25+00:00","dateModified":"2021-10-27T15:25:26+00:00","description":"Fondazione Onda presenta le raccomandazioni nazionali per la presa in carico del paziente affetto da depressione","breadcrumb":{"@id":"https:\/\/www.nordestsanita.it\/?p=1021#breadcrumb"},"inLanguage":"it-IT","potentialAction":[{"@type":"ReadAction","target":["https:\/\/www.nordestsanita.it\/?p=1021"]}]},{"@type":"BreadcrumbList","@id":"https:\/\/www.nordestsanita.it\/?p=1021#breadcrumb","itemListElement":[{"@type":"ListItem","position":1,"name":"Home","item":"https:\/\/www.nordestsanita.it\/"},{"@type":"ListItem","position":2,"name":"Depressione, presentate le raccomandazioni nazionali per la presa in carico del paziente"}]},{"@type":"WebSite","@id":"https:\/\/www.nordestsanita.it\/#website","url":"https:\/\/www.nordestsanita.it\/","name":"NES","description":"Nord Est Sanit\u00e0","publisher":{"@id":"https:\/\/www.nordestsanita.it\/#organization"},"potentialAction":[{"@type":"SearchAction","target":{"@type":"EntryPoint","urlTemplate":"https:\/\/www.nordestsanita.it\/?s={search_term_string}"},"query-input":"required name=search_term_string"}],"inLanguage":"it-IT"},{"@type":"Organization","@id":"https:\/\/www.nordestsanita.it\/#organization","name":"NES","url":"https:\/\/www.nordestsanita.it\/","logo":{"@type":"ImageObject","inLanguage":"it-IT","@id":"https:\/\/www.nordestsanita.it\/#\/schema\/logo\/image\/","url":"https:\/\/www.nordestsanita.it\/wp-content\/uploads\/2021\/05\/NES-1280.png","contentUrl":"https:\/\/www.nordestsanita.it\/wp-content\/uploads\/2021\/05\/NES-1280.png","width":1280,"height":458,"caption":"NES"},"image":{"@id":"https:\/\/www.nordestsanita.it\/#\/schema\/logo\/image\/"}},{"@type":"Person","@id":"https:\/\/www.nordestsanita.it\/#\/schema\/person\/e5a7dc6dca45cb55e67d4a127b0e969a","name":"Redazione","image":{"@type":"ImageObject","inLanguage":"it-IT","@id":"https:\/\/www.nordestsanita.it\/#\/schema\/person\/image\/","url":"https:\/\/secure.gravatar.com\/avatar\/3f19a9b3d671ea36ec67c4badf3f961a?s=96&d=mm&r=g","contentUrl":"https:\/\/secure.gravatar.com\/avatar\/3f19a9b3d671ea36ec67c4badf3f961a?s=96&d=mm&r=g","caption":"Redazione"},"url":"https:\/\/www.nordestsanita.it\/?author=8"}]}},"jetpack_featured_media_url":"https:\/\/www.nordestsanita.it\/wp-content\/uploads\/2021\/10\/depressione.jpg","_links":{"self":[{"href":"https:\/\/www.nordestsanita.it\/index.php?rest_route=\/wp\/v2\/posts\/1021"}],"collection":[{"href":"https:\/\/www.nordestsanita.it\/index.php?rest_route=\/wp\/v2\/posts"}],"about":[{"href":"https:\/\/www.nordestsanita.it\/index.php?rest_route=\/wp\/v2\/types\/post"}],"author":[{"embeddable":true,"href":"https:\/\/www.nordestsanita.it\/index.php?rest_route=\/wp\/v2\/users\/8"}],"replies":[{"embeddable":true,"href":"https:\/\/www.nordestsanita.it\/index.php?rest_route=%2Fwp%2Fv2%2Fcomments&post=1021"}],"version-history":[{"count":1,"href":"https:\/\/www.nordestsanita.it\/index.php?rest_route=\/wp\/v2\/posts\/1021\/revisions"}],"predecessor-version":[{"id":1023,"href":"https:\/\/www.nordestsanita.it\/index.php?rest_route=\/wp\/v2\/posts\/1021\/revisions\/1023"}],"wp:featuredmedia":[{"embeddable":true,"href":"https:\/\/www.nordestsanita.it\/index.php?rest_route=\/wp\/v2\/media\/1022"}],"wp:attachment":[{"href":"https:\/\/www.nordestsanita.it\/index.php?rest_route=%2Fwp%2Fv2%2Fmedia&parent=1021"}],"wp:term":[{"taxonomy":"category","embeddable":true,"href":"https:\/\/www.nordestsanita.it\/index.php?rest_route=%2Fwp%2Fv2%2Fcategories&post=1021"},{"taxonomy":"post_tag","embeddable":true,"href":"https:\/\/www.nordestsanita.it\/index.php?rest_route=%2Fwp%2Fv2%2Ftags&post=1021"}],"curies":[{"name":"wp","href":"https:\/\/api.w.org\/{rel}","templated":true}]}}