{"id":1039,"date":"2021-11-18T12:54:30","date_gmt":"2021-11-18T11:54:30","guid":{"rendered":"https:\/\/www.nordestsanita.it\/?p=1039"},"modified":"2021-11-18T12:54:31","modified_gmt":"2021-11-18T11:54:31","slug":"covid-19-fondazione-gimbe-aumentano-ricoveri-e-terapie-intensive-ridurre-green-pass-a-6-mesi-si-ad-obbligo-vaccinale","status":"publish","type":"post","link":"https:\/\/www.nordestsanita.it\/?p=1039","title":{"rendered":"Covid-19, Fondazione Gimbe: \u201cAumentano ricoveri e terapie intensive: ridurre green pass a 6 mesi, s\u00ec ad obbligo vaccinale\u201d&nbsp;"},"content":{"rendered":"\n<p>Il monitoraggio indipendente della Fondazione GIMBE rileva nella settimana 10-16 novembre 2021, rispetto alla precedente, un aumento di nuovi casi (54.370 vs 41.091) e decessi (402 vs 330). Continuano a salire anche i casi attualmente positivi (123.396 vs 100.205), le persone in isolamento domiciliare (118.945 vs 96.348), i ricoveri con sintomi (3.970 vs 3.436) e le terapie intensive (481 vs 421).\u00a0<\/p>\n\n\n\n<!--more-->\n\n\n\n<p>In dettaglio, rispetto alla settimana precedente, si registrano le seguenti variazioni: Decessi: 402 (+21,8%), di cui 28 riferiti a periodi precedenti; Terapia intensiva: +60 (+14,3%); Ricoverati con sintomi: +534 (+15,5%); Isolamento domiciliare: +22.597 (+23,5%); Nuovi casi: 54.370 (+32,3%); Casi attualmente positivi: +23.191 (+23,1%).<\/p>\n\n\n\n<p>\u00abPer la quarta settimana consecutiva \u2013 dichiara Nino Cartabellotta, Presidente della Fondazione GIMBE \u2013 si conferma a livello nazionale un incremento dei nuovi casi settimanali (+32,3%) come documenta anche la media mobile a 7 giorni, che in un mese \u00e8 triplicata: da 2.456 il 15 ottobre a 7.767 il 16 novembre\u00bb . Nelle ultime 4 settimane l\u2019aumento della circolazione virale \u00e8 ben documentato dall\u2019incremento sia del rapporto positivi\/persone testate (da 3,6% a 12,7%), sia del rapporto positivi\/tamponi molecolari (da 2,4% a 5,8%) e positivi\/tamponi antigenici rapidi (da 0,07% a 0,21%).&nbsp;<\/p>\n\n\n\n<p>In tutte le Regioni tranne Calabria e Umbria si rileva un incremento percentuale dei nuovi casi, con variazioni che vanno dal 0,7% della Regione Puglia al 180% della Valle D\u2019Aosta. In 84 Province si registra un\u2019incidenza pari o superiore a 50 casi per 100.000 abitanti: in Campania, Friuli-Venezia Giulia, Lazio, Liguria, Marche, Umbria e Veneto tutte le Province raggiungono o superano tale soglia. In 7 Province si contano oltre 150 casi per 100.000 abitanti: Trieste (638), Bolzano (402), Gorizia (369), La Spezia (248), Forl\u00ec-Cesena (219), Padova (179) e Vicenza (152).&nbsp;<\/p>\n\n\n\n<p>\u00abDi fronte a questi numeri \u2013 commenta il Presidente \u2013 \u00e8 inaccettabile che gli amministratori non abbiano introdotto restrizioni locali, seppur impopolari, accettando il rischio che la diffusione del contagio trascini l\u2019intera Regione in zona gialla\u00bb.<\/p>\n\n\n\n<p><a><\/a>\u00abSul fronte ospedaliero \u2013 afferma Renata Gili, responsabile Ricerca sui Servizi Sanitari della Fondazione GIMBE \u2013 si registra un ulteriore incremento dei posti letto occupati da pazienti COVID: rispetto alla settimana precedente +15,5% in area medica e +14,3% in terapia intensiva\u00bb. In termini assoluti, il numero di pazienti COVID in area medica \u00e8 aumentato da 2.371 del 16 ottobre a 3.970 del 16 novembre (+67,4%) e quello nelle terapie intensive da 338 del 25 ottobre a 481 del 16 novembre (+42,3%). A livello nazionale il tasso di occupazione \u00e8 del 7% in area medica e del 5% in area critica, con notevoli differenze regionali: nessuna Regione supera la soglia del 15% per l\u2019area medica, mentre Friuli-Venezia Giulia (14%) e Marche (10,1%) superano quella del 10% per l\u2019area critica .&nbsp;<\/p>\n\n\n\n<p>\u00abGli ingressi giornalieri in terapia intensiva \u2013 puntualizza Marco Mosti, Direttore Operativo della Fondazione GIMBE \u2013 continuano ad aumentare: la media mobile a 7 giorni \u00e8 passata da 34 ingressi\/die della settimana precedente a 38\u00bb .<\/p>\n\n\n\n<p>Solo il Friuli-Venezia Giulia e la Provincia Autonoma di Bolzano sono molto vicini alla zona gialla visto che, oltre all\u2019incidenza settimanale &gt;50 casi per 100.000 abitanti, presentano entrambi i tassi di occupazione ospedaliera superiori o prossimi alle soglie del 15% in area medica e del 10% in terapia intensiva.&nbsp;<\/p>\n\n\n\n<p>\u00abBisogna tenere conto \u2013 sottolinea Cartabellotta \u2013 che l\u2019attuale sistema per l\u2019assegnazione dei colori alle Regioni \u00e8 stato elaborato quando non esistevano dati sul declino della copertura vaccinale, n\u00e9 sulla necessit\u00e0 della terza dose. Con queste regole, durante i mesi invernali di aumentata circolazione virale, nelle Regioni con coperture vaccinali pi\u00f9 basse e\/o in ritardo sulla somministrazione della terza dose c\u2019\u00e8 il rischio di sovraccaricare gli ospedali senza cambiare colore; anche perch\u00e9 le Regioni hanno la possibilit\u00e0 di aumentare i posti letto disponibili, sottraendoli ad altri malati, o dimettere pazienti COVID in strutture private\u00bb.&nbsp;<\/p>\n\n\n\n<p><strong>Vaccini<\/strong> <\/p>\n\n\n\n<p>Al 17 novembre risultano consegnate 99.903.390 dosi: in assenza di nuove forniture per la quinta settimana consecutiva le scorte di vaccini a mRNA scendono a quota 7,6 milioni di dosi. Il 79,1% della popolazione (n. 46.894.047) ha ricevuto almeno una dose di vaccino (+109.996 rispetto alla settimana precedente) e il 76,8% (n. 45.521.038) ha completato il ciclo vaccinale (+277.306 rispetto alla settimana precedente). In aumento nell\u2019ultima settimana il numero di somministrazioni (n. 1.257.024), con una media mobile a 7 giorni di 179.740 somministrazioni\/die. Dopo aver sfiorato quota 440 mila nella settimana 11-17 ottobre, in quattro settimane il numero dei nuovi vaccinati \u00e8 crollato a quota 127.361 (-71,1%). Degli oltre 7,15 milioni di persone non ancora vaccinate preoccupano sia i quasi 2,66 milioni di over 50 ad elevato rischio di malattia grave e ospedalizzazione, sia gli oltre 1,23 milioni nella fascia 12-19 che influiscono negativamente sulla sicurezza delle scuole. Le coperture vaccinali con almeno una dose di vaccino sono molto variabili nelle diverse fasce di et\u00e0: dal 97,1% degli over 80 al 74,6% della fascia 12-19 e, rispetto alla settimana precedente, si registrano incrementi sempre pi\u00f9 modesti.<\/p>\n\n\n\n<p>T<strong>erza dose<\/strong><\/p>\n\n\n\n<p> Su una platea di 895.460 persone per la dose aggiuntiva e di 5.131.130 persone per la dose booster , al 17 novembre sono state somministrate 3.269.468 terze dosi di cui 534.029 dosi aggiuntive e 2.735.439 di dosi booster, con una media mobile a 7 giorni che sfiora 120 mila somministrazioni. Il tasso nazionale di copertura vaccinale per le dosi aggiuntive \u00e8 del 59,6% con nette differenze regionali: dal 3,5% della Valle D\u2019Aosta al 100% di Campania, Liguria, Molise, Piemonte, Provincia Autonoma di Bolzano, Sardegna, Sicilia, Toscana e Umbria. La copertura nazionale con dose booster \u00e8 del 53,3%, anche qui con notevoli differenze tra Regioni: dal 31,8% della Calabria al 91,9% del Molise.\u00a0<\/p>\n\n\n\n<p>\u00abQueste percentuali \u2013 puntualizza Marco Mosti \u2013 sono tuttavia sovrastimate dal mancato aggiornamento della platea ufficiale per la dose booster, ferma al 2 novembre\u00bb. Infatti, secondo le indicazioni ministeriali le persone chiamate a ricevere entro la fine del 2021 la dose booster sono: 11,96 milioni over 60 che hanno completato il ciclo con qualsiasi vaccino entro il 4 luglio; 757 mila under 60 che hanno ricevuto il vaccino J&amp;J entro il 4 luglio; 6,14 milioni dal 1\u00b0 dicembre persone con et\u00e0 compresa fra 40 e 59 anni che hanno completato il ciclo vaccinale con Pfizer, Moderna o AstraZeneca entro il 4 luglio.<\/p>\n\n\n\n<p>Considerato che ad oggi sono gi\u00e0 state somministrate 2,74 milioni di dosi booster e 291 mila dosi aggiuntive agli over 60, entro il 31 dicembre dovrebbero essere somministrate 15,83 milioni di terze dosi, in media oltre 350 mila somministrazioni al giorno. Per indisponibilit\u00e0 dei dati, questi numeri potrebbero essere da un lato sottostimati perch\u00e9 non includono personale sanitario e ospiti di RSA under 60, dall\u2019altro sovrastimati perch\u00e9 includono le persone guarite da meno di 6 mesi e i deceduti appartenenti alle categorie sopra menzionate.&nbsp;<\/p>\n\n\n\n<p>\u00abOltre all\u2019adesione della popolazione alla somministrazione delle terze dosi \u2013 commenta Cartabellotta \u2013 e alle sfide organizzative e comunicative che le Regioni sono chiamate ad affrontare, preoccupano le scorte di vaccini a mRNA, oggi pari a meno del 50% delle dosi da somministrare entro fine anno, insieme al fatto che rimane sconosciuto il piano delle prossime forniture, ormai al palo da 5 settimane\u00bb.<\/p>\n\n\n\n<p>\u00abNello scenario attuale \u2013 conclude Cartabellotta \u2013 caratterizzato dal progressivo aumento della circolazione virale e dalla riduzione dell\u2019efficacia vaccinale che impone la dose di richiamo, sono due le decisioni politiche che possono minimizzare il rischio di misure restrittive. La prima \u00e8 ridurre a 6 mesi la validit\u00e0 del green pass rilasciato a seguito di vaccinazione, in linea con le evidenze scientifiche sulla durata della protezione vaccinale e con le indicazioni per la dose di richiamo. La seconda \u00e8 introdurre l\u2019obbligo vaccinale sia per il ciclo primario, sia per la dose booster, almeno per tutte le categorie di lavoratori a contatto con il pubblico. Invece, non convince affatto il \u201csuper green pass\u201d sul modello austriaco, di fatto un \u201csurrogato\u201d dell\u2019obbligo vaccinale: escludere il tampone dalle modalit\u00e0 per il rilascio della certificazione verde \u2013 pur identificando le attivit\u00e0 essenziali per le quali tale opzione rimarrebbe valida \u2013 rischia solo di aumentare le tensioni sociali senza alcuna garanzia di aumentare coperture vaccinali e adesione alla terza dose\u00bb.<\/p>\n","protected":false},"excerpt":{"rendered":"<p>Il monitoraggio indipendente della Fondazione GIMBE rileva nella settimana 10-16 novembre 2021, rispetto alla precedente, un aumento di nuovi casi (54.370 vs 41.091) e decessi (402 vs 330). Continuano a salire anche i casi attualmente positivi (123.396 vs 100.205), le persone in isolamento domiciliare (118.945 vs 96.348), i ricoveri con sintomi (3.970 vs 3.436) e le terapie intensive (481 vs 421).\u00a0<\/p>\n","protected":false},"author":8,"featured_media":1040,"comment_status":"closed","ping_status":"open","sticky":false,"template":"","format":"standard","meta":[],"categories":[24,29],"tags":[39,37,38],"yoast_head":"<!-- This site is optimized with the Yoast SEO plugin v20.2 - https:\/\/yoast.com\/wordpress\/plugins\/seo\/ -->\n<title>Covid-19, Fondazione Gimbe: \u201cAumentano ricoveri e terapie intensive: ridurre green pass a 6 mesi, s\u00ec ad obbligo vaccinale\u201d&nbsp; - NES<\/title>\n<meta name=\"description\" content=\"Aumento della circolazione del virus, Fondazione Gimbe: &quot;decisioni politiche per minimizzare misure restrittive &quot; - NES\" \/>\n<meta name=\"robots\" content=\"index, follow, max-snippet:-1, max-image-preview:large, max-video-preview:-1\" \/>\n<link rel=\"canonical\" href=\"https:\/\/www.nordestsanita.it\/?p=1039\" \/>\n<meta property=\"og:locale\" content=\"it_IT\" \/>\n<meta property=\"og:type\" content=\"article\" \/>\n<meta property=\"og:title\" content=\"Covid-19, Fondazione Gimbe: \u201cAumentano ricoveri e terapie intensive: ridurre green pass a 6 mesi, s\u00ec ad obbligo vaccinale\u201d&nbsp; - NES\" \/>\n<meta property=\"og:description\" content=\"Aumento della circolazione del virus, Fondazione Gimbe: &quot;decisioni politiche per minimizzare misure restrittive &quot; - NES\" \/>\n<meta property=\"og:url\" content=\"https:\/\/www.nordestsanita.it\/?p=1039\" \/>\n<meta property=\"og:site_name\" content=\"NES\" \/>\n<meta property=\"article:published_time\" content=\"2021-11-18T11:54:30+00:00\" \/>\n<meta property=\"article:modified_time\" content=\"2021-11-18T11:54:31+00:00\" \/>\n<meta property=\"og:image\" content=\"https:\/\/www.nordestsanita.it\/wp-content\/uploads\/2021\/11\/GraficoGimbe.jpg\" \/>\n\t<meta property=\"og:image:width\" content=\"800\" \/>\n\t<meta property=\"og:image:height\" content=\"444\" \/>\n\t<meta property=\"og:image:type\" content=\"image\/jpeg\" \/>\n<meta name=\"author\" content=\"Redazione\" \/>\n<meta name=\"twitter:card\" content=\"summary_large_image\" \/>\n<meta name=\"twitter:label1\" content=\"Scritto da\" \/>\n\t<meta name=\"twitter:data1\" content=\"Redazione\" \/>\n\t<meta name=\"twitter:label2\" content=\"Tempo di lettura stimato\" \/>\n\t<meta name=\"twitter:data2\" content=\"6 minuti\" \/>\n<script type=\"application\/ld+json\" class=\"yoast-schema-graph\">{\"@context\":\"https:\/\/schema.org\",\"@graph\":[{\"@type\":\"Article\",\"@id\":\"https:\/\/www.nordestsanita.it\/?p=1039#article\",\"isPartOf\":{\"@id\":\"https:\/\/www.nordestsanita.it\/?p=1039\"},\"author\":{\"name\":\"Redazione\",\"@id\":\"https:\/\/www.nordestsanita.it\/#\/schema\/person\/e5a7dc6dca45cb55e67d4a127b0e969a\"},\"headline\":\"Covid-19, Fondazione Gimbe: \u201cAumentano ricoveri e terapie intensive: ridurre green pass a 6 mesi, s\u00ec ad obbligo vaccinale\u201d&nbsp;\",\"datePublished\":\"2021-11-18T11:54:30+00:00\",\"dateModified\":\"2021-11-18T11:54:31+00:00\",\"mainEntityOfPage\":{\"@id\":\"https:\/\/www.nordestsanita.it\/?p=1039\"},\"wordCount\":1221,\"publisher\":{\"@id\":\"https:\/\/www.nordestsanita.it\/#organization\"},\"keywords\":[\"Covid-19\",\"fondazione Gimbe\",\"Nino Cartabellotta\"],\"articleSection\":[\"Attualit\u00e0\",\"Covid\"],\"inLanguage\":\"it-IT\"},{\"@type\":\"WebPage\",\"@id\":\"https:\/\/www.nordestsanita.it\/?p=1039\",\"url\":\"https:\/\/www.nordestsanita.it\/?p=1039\",\"name\":\"Covid-19, Fondazione Gimbe: \u201cAumentano ricoveri e terapie intensive: ridurre green pass a 6 mesi, s\u00ec ad obbligo vaccinale\u201d&nbsp; - NES\",\"isPartOf\":{\"@id\":\"https:\/\/www.nordestsanita.it\/#website\"},\"datePublished\":\"2021-11-18T11:54:30+00:00\",\"dateModified\":\"2021-11-18T11:54:31+00:00\",\"description\":\"Aumento della circolazione del virus, Fondazione Gimbe: \\\"decisioni politiche per minimizzare misure restrittive \\\" - NES\",\"breadcrumb\":{\"@id\":\"https:\/\/www.nordestsanita.it\/?p=1039#breadcrumb\"},\"inLanguage\":\"it-IT\",\"potentialAction\":[{\"@type\":\"ReadAction\",\"target\":[\"https:\/\/www.nordestsanita.it\/?p=1039\"]}]},{\"@type\":\"BreadcrumbList\",\"@id\":\"https:\/\/www.nordestsanita.it\/?p=1039#breadcrumb\",\"itemListElement\":[{\"@type\":\"ListItem\",\"position\":1,\"name\":\"Home\",\"item\":\"https:\/\/www.nordestsanita.it\/\"},{\"@type\":\"ListItem\",\"position\":2,\"name\":\"Covid-19, Fondazione Gimbe: \u201cAumentano ricoveri e terapie intensive: ridurre green pass a 6 mesi, s\u00ec ad obbligo vaccinale\u201d&nbsp;\"}]},{\"@type\":\"WebSite\",\"@id\":\"https:\/\/www.nordestsanita.it\/#website\",\"url\":\"https:\/\/www.nordestsanita.it\/\",\"name\":\"NES\",\"description\":\"Nord Est Sanit\u00e0\",\"publisher\":{\"@id\":\"https:\/\/www.nordestsanita.it\/#organization\"},\"potentialAction\":[{\"@type\":\"SearchAction\",\"target\":{\"@type\":\"EntryPoint\",\"urlTemplate\":\"https:\/\/www.nordestsanita.it\/?s={search_term_string}\"},\"query-input\":\"required name=search_term_string\"}],\"inLanguage\":\"it-IT\"},{\"@type\":\"Organization\",\"@id\":\"https:\/\/www.nordestsanita.it\/#organization\",\"name\":\"NES\",\"url\":\"https:\/\/www.nordestsanita.it\/\",\"logo\":{\"@type\":\"ImageObject\",\"inLanguage\":\"it-IT\",\"@id\":\"https:\/\/www.nordestsanita.it\/#\/schema\/logo\/image\/\",\"url\":\"https:\/\/www.nordestsanita.it\/wp-content\/uploads\/2021\/05\/NES-1280.png\",\"contentUrl\":\"https:\/\/www.nordestsanita.it\/wp-content\/uploads\/2021\/05\/NES-1280.png\",\"width\":1280,\"height\":458,\"caption\":\"NES\"},\"image\":{\"@id\":\"https:\/\/www.nordestsanita.it\/#\/schema\/logo\/image\/\"}},{\"@type\":\"Person\",\"@id\":\"https:\/\/www.nordestsanita.it\/#\/schema\/person\/e5a7dc6dca45cb55e67d4a127b0e969a\",\"name\":\"Redazione\",\"image\":{\"@type\":\"ImageObject\",\"inLanguage\":\"it-IT\",\"@id\":\"https:\/\/www.nordestsanita.it\/#\/schema\/person\/image\/\",\"url\":\"https:\/\/secure.gravatar.com\/avatar\/3f19a9b3d671ea36ec67c4badf3f961a?s=96&d=mm&r=g\",\"contentUrl\":\"https:\/\/secure.gravatar.com\/avatar\/3f19a9b3d671ea36ec67c4badf3f961a?s=96&d=mm&r=g\",\"caption\":\"Redazione\"},\"url\":\"https:\/\/www.nordestsanita.it\/?author=8\"}]}<\/script>\n<!-- \/ Yoast SEO plugin. -->","yoast_head_json":{"title":"Covid-19, Fondazione Gimbe: \u201cAumentano ricoveri e terapie intensive: ridurre green pass a 6 mesi, s\u00ec ad obbligo vaccinale\u201d&nbsp; - NES","description":"Aumento della circolazione del virus, Fondazione Gimbe: \"decisioni politiche per minimizzare misure restrittive \" - NES","robots":{"index":"index","follow":"follow","max-snippet":"max-snippet:-1","max-image-preview":"max-image-preview:large","max-video-preview":"max-video-preview:-1"},"canonical":"https:\/\/www.nordestsanita.it\/?p=1039","og_locale":"it_IT","og_type":"article","og_title":"Covid-19, Fondazione Gimbe: \u201cAumentano ricoveri e terapie intensive: ridurre green pass a 6 mesi, s\u00ec ad obbligo vaccinale\u201d&nbsp; - NES","og_description":"Aumento della circolazione del virus, Fondazione Gimbe: \"decisioni politiche per minimizzare misure restrittive \" - NES","og_url":"https:\/\/www.nordestsanita.it\/?p=1039","og_site_name":"NES","article_published_time":"2021-11-18T11:54:30+00:00","article_modified_time":"2021-11-18T11:54:31+00:00","og_image":[{"width":800,"height":444,"url":"https:\/\/www.nordestsanita.it\/wp-content\/uploads\/2021\/11\/GraficoGimbe.jpg","type":"image\/jpeg"}],"author":"Redazione","twitter_card":"summary_large_image","twitter_misc":{"Scritto da":"Redazione","Tempo di lettura stimato":"6 minuti"},"schema":{"@context":"https:\/\/schema.org","@graph":[{"@type":"Article","@id":"https:\/\/www.nordestsanita.it\/?p=1039#article","isPartOf":{"@id":"https:\/\/www.nordestsanita.it\/?p=1039"},"author":{"name":"Redazione","@id":"https:\/\/www.nordestsanita.it\/#\/schema\/person\/e5a7dc6dca45cb55e67d4a127b0e969a"},"headline":"Covid-19, Fondazione Gimbe: \u201cAumentano ricoveri e terapie intensive: ridurre green pass a 6 mesi, s\u00ec ad obbligo vaccinale\u201d&nbsp;","datePublished":"2021-11-18T11:54:30+00:00","dateModified":"2021-11-18T11:54:31+00:00","mainEntityOfPage":{"@id":"https:\/\/www.nordestsanita.it\/?p=1039"},"wordCount":1221,"publisher":{"@id":"https:\/\/www.nordestsanita.it\/#organization"},"keywords":["Covid-19","fondazione Gimbe","Nino Cartabellotta"],"articleSection":["Attualit\u00e0","Covid"],"inLanguage":"it-IT"},{"@type":"WebPage","@id":"https:\/\/www.nordestsanita.it\/?p=1039","url":"https:\/\/www.nordestsanita.it\/?p=1039","name":"Covid-19, Fondazione Gimbe: \u201cAumentano ricoveri e terapie intensive: ridurre green pass a 6 mesi, s\u00ec ad obbligo vaccinale\u201d&nbsp; - NES","isPartOf":{"@id":"https:\/\/www.nordestsanita.it\/#website"},"datePublished":"2021-11-18T11:54:30+00:00","dateModified":"2021-11-18T11:54:31+00:00","description":"Aumento della circolazione del virus, Fondazione Gimbe: \"decisioni politiche per minimizzare misure restrittive \" - NES","breadcrumb":{"@id":"https:\/\/www.nordestsanita.it\/?p=1039#breadcrumb"},"inLanguage":"it-IT","potentialAction":[{"@type":"ReadAction","target":["https:\/\/www.nordestsanita.it\/?p=1039"]}]},{"@type":"BreadcrumbList","@id":"https:\/\/www.nordestsanita.it\/?p=1039#breadcrumb","itemListElement":[{"@type":"ListItem","position":1,"name":"Home","item":"https:\/\/www.nordestsanita.it\/"},{"@type":"ListItem","position":2,"name":"Covid-19, Fondazione Gimbe: \u201cAumentano ricoveri e terapie intensive: ridurre green pass a 6 mesi, s\u00ec ad obbligo vaccinale\u201d&nbsp;"}]},{"@type":"WebSite","@id":"https:\/\/www.nordestsanita.it\/#website","url":"https:\/\/www.nordestsanita.it\/","name":"NES","description":"Nord Est Sanit\u00e0","publisher":{"@id":"https:\/\/www.nordestsanita.it\/#organization"},"potentialAction":[{"@type":"SearchAction","target":{"@type":"EntryPoint","urlTemplate":"https:\/\/www.nordestsanita.it\/?s={search_term_string}"},"query-input":"required name=search_term_string"}],"inLanguage":"it-IT"},{"@type":"Organization","@id":"https:\/\/www.nordestsanita.it\/#organization","name":"NES","url":"https:\/\/www.nordestsanita.it\/","logo":{"@type":"ImageObject","inLanguage":"it-IT","@id":"https:\/\/www.nordestsanita.it\/#\/schema\/logo\/image\/","url":"https:\/\/www.nordestsanita.it\/wp-content\/uploads\/2021\/05\/NES-1280.png","contentUrl":"https:\/\/www.nordestsanita.it\/wp-content\/uploads\/2021\/05\/NES-1280.png","width":1280,"height":458,"caption":"NES"},"image":{"@id":"https:\/\/www.nordestsanita.it\/#\/schema\/logo\/image\/"}},{"@type":"Person","@id":"https:\/\/www.nordestsanita.it\/#\/schema\/person\/e5a7dc6dca45cb55e67d4a127b0e969a","name":"Redazione","image":{"@type":"ImageObject","inLanguage":"it-IT","@id":"https:\/\/www.nordestsanita.it\/#\/schema\/person\/image\/","url":"https:\/\/secure.gravatar.com\/avatar\/3f19a9b3d671ea36ec67c4badf3f961a?s=96&d=mm&r=g","contentUrl":"https:\/\/secure.gravatar.com\/avatar\/3f19a9b3d671ea36ec67c4badf3f961a?s=96&d=mm&r=g","caption":"Redazione"},"url":"https:\/\/www.nordestsanita.it\/?author=8"}]}},"jetpack_featured_media_url":"https:\/\/www.nordestsanita.it\/wp-content\/uploads\/2021\/11\/GraficoGimbe.jpg","_links":{"self":[{"href":"https:\/\/www.nordestsanita.it\/index.php?rest_route=\/wp\/v2\/posts\/1039"}],"collection":[{"href":"https:\/\/www.nordestsanita.it\/index.php?rest_route=\/wp\/v2\/posts"}],"about":[{"href":"https:\/\/www.nordestsanita.it\/index.php?rest_route=\/wp\/v2\/types\/post"}],"author":[{"embeddable":true,"href":"https:\/\/www.nordestsanita.it\/index.php?rest_route=\/wp\/v2\/users\/8"}],"replies":[{"embeddable":true,"href":"https:\/\/www.nordestsanita.it\/index.php?rest_route=%2Fwp%2Fv2%2Fcomments&post=1039"}],"version-history":[{"count":2,"href":"https:\/\/www.nordestsanita.it\/index.php?rest_route=\/wp\/v2\/posts\/1039\/revisions"}],"predecessor-version":[{"id":1042,"href":"https:\/\/www.nordestsanita.it\/index.php?rest_route=\/wp\/v2\/posts\/1039\/revisions\/1042"}],"wp:featuredmedia":[{"embeddable":true,"href":"https:\/\/www.nordestsanita.it\/index.php?rest_route=\/wp\/v2\/media\/1040"}],"wp:attachment":[{"href":"https:\/\/www.nordestsanita.it\/index.php?rest_route=%2Fwp%2Fv2%2Fmedia&parent=1039"}],"wp:term":[{"taxonomy":"category","embeddable":true,"href":"https:\/\/www.nordestsanita.it\/index.php?rest_route=%2Fwp%2Fv2%2Fcategories&post=1039"},{"taxonomy":"post_tag","embeddable":true,"href":"https:\/\/www.nordestsanita.it\/index.php?rest_route=%2Fwp%2Fv2%2Ftags&post=1039"}],"curies":[{"name":"wp","href":"https:\/\/api.w.org\/{rel}","templated":true}]}}