{"id":1044,"date":"2021-11-18T18:31:15","date_gmt":"2021-11-18T17:31:15","guid":{"rendered":"https:\/\/www.nordestsanita.it\/?p=1044"},"modified":"2021-11-18T18:31:15","modified_gmt":"2021-11-18T17:31:15","slug":"a-treviso-al-via-il-progetto-farm4autism","status":"publish","type":"post","link":"https:\/\/www.nordestsanita.it\/?p=1044","title":{"rendered":"A Treviso al via il progetto \u201cFarm4Autism\u201d"},"content":{"rendered":"\n<p>Fondazione Oltre il Labirinto, associazione fondata nel 2009 da un gruppo di genitori di bambini e ragazzi con autismo che offre loro supporto, percorsi educativi e formativi, lancia la campagna \u201cAiutaci a sconfiggere la solitudine dei bambini con autismo\u201d: con un sms o una telefonata al numero solidale 45590, fino all\u201911 dicembre, tutti possono dare un contributo per sostenere il progetto \u201cFarm4Autism &#8211; Una fattoria per l\u2019autismo\u201d ideato per i ragazzi con disturbi dello spettro autistico.<\/p>\n\n\n\n<!--more-->\n\n\n\n<p>Il progetto, che prende il via in provincia di Treviso presso gli spazi del Laboratorio Polifunzionale per l\u2019Autismo della Fondazione, consiste in laboratori di agricoltura dedicati a ragazzi con autismo e tenuti da professionisti &#8211; esperti di giardinaggio e maestri di bottega &#8211; con il supporto di educatori che seguono tutte le fasi delle attivit\u00e0.<\/p>\n\n\n\n<p>\u201cLa Fondazione lavora per creare spazi sempre pi\u00f9 specializzati dove questi ragazzi possano sentirsi accolti e acquisire le competenze emotive ma anche pratiche e professionali per crearsi una vita autonoma al di fuori del nucleo familiare\u201d racconta Mario Paganessi, presidente della Fondazione Oltre il Labirinto. \u201cNoi genitori di bambini e ragazzi con autismo vediamo davanti a noi un vuoto che ci angoscia: cosa accadr\u00e0 quando non saremo pi\u00f9 in grado di prenderci cura di loro? Il nostro obiettivo \u00e8 quindi creare le condizioni perch\u00e9 possano avere un progetto di vita concreto e realizzabile.\u201d<\/p>\n\n\n\n<p>Sono molti i benefici che i ragazzi traggono dalle attivit\u00e0 a contatto con la natura: rafforzamento dell\u2019autostima dato dalla possibilit\u00e0 di vedere realizzati i frutti del proprio lavoro; miglioramento delle capacit\u00e0 di interazione sociale e sviluppo delle capacit\u00e0 di lavorare in gruppo; riduzione di stress, ansia ed eventuali comportamenti problematici grazie all\u2019attivit\u00e0 fisica collegata al lavoro di piantumazione e cura delle piante. L\u2019emergenza sanitaria ha avuto ripercussioni importanti sulla vita delle persone con disabilit\u00e0, mettendo in luce l\u2019importanza degli spazi e le attivit\u00e0 all\u2019aria aperta, ancora pi\u00f9 fondamentali per bambini e ragazzi con autismo: da qui la scelta di allestire gli spazi esterni del Laboratorio.<\/p>\n\n\n\n<p>Sono oltre 600.000 le persone in Italia che soffrono di disturbo dello spettro autistico, 1 bambino ogni 77 in prevalenza maschi, con una percentuale di 4,4 maggiore rispetto alle femmine. Si tratta di un disturbo dello sviluppo che si manifesta nei primissimi anni di vita con gravi risvolti affettivi e cognitivi nel percorso di crescita di questi bambini: si presenta con un deficit persistente della comunicazione e dell\u2019interazione sociale con comportamenti ripetitivi e interessi limitati. Le cause scatenanti sono poco conosciute e ancora oggi le persone con autismo hanno difficolt\u00e0 nel ricevere una diagnosi tempestiva, accedere a terapie mirate e devono confrontarsi con un tessuto sociale poco adatto alle loro esigenze.<\/p>\n","protected":false},"excerpt":{"rendered":"<p>Il progetto consiste in laboratori di agricoltura dedicati a ragazzi con autismo e tenuti da professionisti con il supporto di educatori.<\/p>\n","protected":false},"author":8,"featured_media":1045,"comment_status":"closed","ping_status":"open","sticky":false,"template":"","format":"standard","meta":[],"categories":[28],"tags":[174],"yoast_head":"<!-- This site is optimized with the Yoast SEO plugin v20.2 - https:\/\/yoast.com\/wordpress\/plugins\/seo\/ -->\n<title>A Treviso al via il progetto \u201cFarm4Autism\u201d per ragazzi autistici- NES<\/title>\n<meta name=\"description\" content=\"Il progetto consiste in laboratori di agricoltura dedicati a ragazzi con autismo e tenuti da professionisti con il supporto di educatori\" \/>\n<meta name=\"robots\" content=\"index, follow, max-snippet:-1, max-image-preview:large, max-video-preview:-1\" \/>\n<link rel=\"canonical\" href=\"https:\/\/www.nordestsanita.it\/?p=1044\" \/>\n<meta property=\"og:locale\" content=\"it_IT\" \/>\n<meta property=\"og:type\" content=\"article\" \/>\n<meta property=\"og:title\" content=\"A Treviso al via il progetto \u201cFarm4Autism\u201d per ragazzi autistici- NES\" \/>\n<meta property=\"og:description\" content=\"Il progetto consiste in laboratori di agricoltura dedicati a ragazzi con autismo e tenuti da professionisti con il supporto di educatori\" \/>\n<meta property=\"og:url\" content=\"https:\/\/www.nordestsanita.it\/?p=1044\" \/>\n<meta property=\"og:site_name\" content=\"NES\" \/>\n<meta property=\"article:published_time\" content=\"2021-11-18T17:31:15+00:00\" \/>\n<meta property=\"og:image\" content=\"https:\/\/www.nordestsanita.it\/wp-content\/uploads\/2021\/11\/Fondazione-Oltre-il-Labirinto_1.jpg\" \/>\n\t<meta property=\"og:image:width\" content=\"2035\" \/>\n\t<meta property=\"og:image:height\" content=\"2048\" \/>\n\t<meta property=\"og:image:type\" content=\"image\/jpeg\" \/>\n<meta name=\"author\" content=\"Redazione\" \/>\n<meta name=\"twitter:card\" content=\"summary_large_image\" \/>\n<meta name=\"twitter:label1\" content=\"Scritto da\" \/>\n\t<meta name=\"twitter:data1\" content=\"Redazione\" \/>\n\t<meta name=\"twitter:label2\" content=\"Tempo di lettura stimato\" \/>\n\t<meta name=\"twitter:data2\" content=\"2 minuti\" \/>\n<script type=\"application\/ld+json\" class=\"yoast-schema-graph\">{\"@context\":\"https:\/\/schema.org\",\"@graph\":[{\"@type\":\"Article\",\"@id\":\"https:\/\/www.nordestsanita.it\/?p=1044#article\",\"isPartOf\":{\"@id\":\"https:\/\/www.nordestsanita.it\/?p=1044\"},\"author\":{\"name\":\"Redazione\",\"@id\":\"https:\/\/www.nordestsanita.it\/#\/schema\/person\/e5a7dc6dca45cb55e67d4a127b0e969a\"},\"headline\":\"A Treviso al via il progetto \u201cFarm4Autism\u201d\",\"datePublished\":\"2021-11-18T17:31:15+00:00\",\"dateModified\":\"2021-11-18T17:31:15+00:00\",\"mainEntityOfPage\":{\"@id\":\"https:\/\/www.nordestsanita.it\/?p=1044\"},\"wordCount\":450,\"publisher\":{\"@id\":\"https:\/\/www.nordestsanita.it\/#organization\"},\"keywords\":[\"autismo\"],\"articleSection\":[\"Sociale\"],\"inLanguage\":\"it-IT\"},{\"@type\":\"WebPage\",\"@id\":\"https:\/\/www.nordestsanita.it\/?p=1044\",\"url\":\"https:\/\/www.nordestsanita.it\/?p=1044\",\"name\":\"A Treviso al via il progetto \u201cFarm4Autism\u201d per ragazzi autistici- NES\",\"isPartOf\":{\"@id\":\"https:\/\/www.nordestsanita.it\/#website\"},\"datePublished\":\"2021-11-18T17:31:15+00:00\",\"dateModified\":\"2021-11-18T17:31:15+00:00\",\"description\":\"Il progetto consiste in laboratori di agricoltura dedicati a ragazzi con autismo e tenuti da professionisti con il supporto di educatori\",\"breadcrumb\":{\"@id\":\"https:\/\/www.nordestsanita.it\/?p=1044#breadcrumb\"},\"inLanguage\":\"it-IT\",\"potentialAction\":[{\"@type\":\"ReadAction\",\"target\":[\"https:\/\/www.nordestsanita.it\/?p=1044\"]}]},{\"@type\":\"BreadcrumbList\",\"@id\":\"https:\/\/www.nordestsanita.it\/?p=1044#breadcrumb\",\"itemListElement\":[{\"@type\":\"ListItem\",\"position\":1,\"name\":\"Home\",\"item\":\"https:\/\/www.nordestsanita.it\/\"},{\"@type\":\"ListItem\",\"position\":2,\"name\":\"A Treviso al via il progetto \u201cFarm4Autism\u201d\"}]},{\"@type\":\"WebSite\",\"@id\":\"https:\/\/www.nordestsanita.it\/#website\",\"url\":\"https:\/\/www.nordestsanita.it\/\",\"name\":\"NES\",\"description\":\"Nord Est Sanit\u00e0\",\"publisher\":{\"@id\":\"https:\/\/www.nordestsanita.it\/#organization\"},\"potentialAction\":[{\"@type\":\"SearchAction\",\"target\":{\"@type\":\"EntryPoint\",\"urlTemplate\":\"https:\/\/www.nordestsanita.it\/?s={search_term_string}\"},\"query-input\":\"required name=search_term_string\"}],\"inLanguage\":\"it-IT\"},{\"@type\":\"Organization\",\"@id\":\"https:\/\/www.nordestsanita.it\/#organization\",\"name\":\"NES\",\"url\":\"https:\/\/www.nordestsanita.it\/\",\"logo\":{\"@type\":\"ImageObject\",\"inLanguage\":\"it-IT\",\"@id\":\"https:\/\/www.nordestsanita.it\/#\/schema\/logo\/image\/\",\"url\":\"https:\/\/www.nordestsanita.it\/wp-content\/uploads\/2021\/05\/NES-1280.png\",\"contentUrl\":\"https:\/\/www.nordestsanita.it\/wp-content\/uploads\/2021\/05\/NES-1280.png\",\"width\":1280,\"height\":458,\"caption\":\"NES\"},\"image\":{\"@id\":\"https:\/\/www.nordestsanita.it\/#\/schema\/logo\/image\/\"}},{\"@type\":\"Person\",\"@id\":\"https:\/\/www.nordestsanita.it\/#\/schema\/person\/e5a7dc6dca45cb55e67d4a127b0e969a\",\"name\":\"Redazione\",\"image\":{\"@type\":\"ImageObject\",\"inLanguage\":\"it-IT\",\"@id\":\"https:\/\/www.nordestsanita.it\/#\/schema\/person\/image\/\",\"url\":\"https:\/\/secure.gravatar.com\/avatar\/3f19a9b3d671ea36ec67c4badf3f961a?s=96&d=mm&r=g\",\"contentUrl\":\"https:\/\/secure.gravatar.com\/avatar\/3f19a9b3d671ea36ec67c4badf3f961a?s=96&d=mm&r=g\",\"caption\":\"Redazione\"},\"url\":\"https:\/\/www.nordestsanita.it\/?author=8\"}]}<\/script>\n<!-- \/ Yoast SEO plugin. -->","yoast_head_json":{"title":"A Treviso al via il progetto \u201cFarm4Autism\u201d per ragazzi autistici- NES","description":"Il progetto consiste in laboratori di agricoltura dedicati a ragazzi con autismo e tenuti da professionisti con il supporto di educatori","robots":{"index":"index","follow":"follow","max-snippet":"max-snippet:-1","max-image-preview":"max-image-preview:large","max-video-preview":"max-video-preview:-1"},"canonical":"https:\/\/www.nordestsanita.it\/?p=1044","og_locale":"it_IT","og_type":"article","og_title":"A Treviso al via il progetto \u201cFarm4Autism\u201d per ragazzi autistici- NES","og_description":"Il progetto consiste in laboratori di agricoltura dedicati a ragazzi con autismo e tenuti da professionisti con il supporto di educatori","og_url":"https:\/\/www.nordestsanita.it\/?p=1044","og_site_name":"NES","article_published_time":"2021-11-18T17:31:15+00:00","og_image":[{"width":2035,"height":2048,"url":"https:\/\/www.nordestsanita.it\/wp-content\/uploads\/2021\/11\/Fondazione-Oltre-il-Labirinto_1.jpg","type":"image\/jpeg"}],"author":"Redazione","twitter_card":"summary_large_image","twitter_misc":{"Scritto da":"Redazione","Tempo di lettura stimato":"2 minuti"},"schema":{"@context":"https:\/\/schema.org","@graph":[{"@type":"Article","@id":"https:\/\/www.nordestsanita.it\/?p=1044#article","isPartOf":{"@id":"https:\/\/www.nordestsanita.it\/?p=1044"},"author":{"name":"Redazione","@id":"https:\/\/www.nordestsanita.it\/#\/schema\/person\/e5a7dc6dca45cb55e67d4a127b0e969a"},"headline":"A Treviso al via il progetto \u201cFarm4Autism\u201d","datePublished":"2021-11-18T17:31:15+00:00","dateModified":"2021-11-18T17:31:15+00:00","mainEntityOfPage":{"@id":"https:\/\/www.nordestsanita.it\/?p=1044"},"wordCount":450,"publisher":{"@id":"https:\/\/www.nordestsanita.it\/#organization"},"keywords":["autismo"],"articleSection":["Sociale"],"inLanguage":"it-IT"},{"@type":"WebPage","@id":"https:\/\/www.nordestsanita.it\/?p=1044","url":"https:\/\/www.nordestsanita.it\/?p=1044","name":"A Treviso al via il progetto \u201cFarm4Autism\u201d per ragazzi autistici- NES","isPartOf":{"@id":"https:\/\/www.nordestsanita.it\/#website"},"datePublished":"2021-11-18T17:31:15+00:00","dateModified":"2021-11-18T17:31:15+00:00","description":"Il progetto consiste in laboratori di agricoltura dedicati a ragazzi con autismo e tenuti da professionisti con il supporto di educatori","breadcrumb":{"@id":"https:\/\/www.nordestsanita.it\/?p=1044#breadcrumb"},"inLanguage":"it-IT","potentialAction":[{"@type":"ReadAction","target":["https:\/\/www.nordestsanita.it\/?p=1044"]}]},{"@type":"BreadcrumbList","@id":"https:\/\/www.nordestsanita.it\/?p=1044#breadcrumb","itemListElement":[{"@type":"ListItem","position":1,"name":"Home","item":"https:\/\/www.nordestsanita.it\/"},{"@type":"ListItem","position":2,"name":"A Treviso al via il progetto \u201cFarm4Autism\u201d"}]},{"@type":"WebSite","@id":"https:\/\/www.nordestsanita.it\/#website","url":"https:\/\/www.nordestsanita.it\/","name":"NES","description":"Nord Est Sanit\u00e0","publisher":{"@id":"https:\/\/www.nordestsanita.it\/#organization"},"potentialAction":[{"@type":"SearchAction","target":{"@type":"EntryPoint","urlTemplate":"https:\/\/www.nordestsanita.it\/?s={search_term_string}"},"query-input":"required name=search_term_string"}],"inLanguage":"it-IT"},{"@type":"Organization","@id":"https:\/\/www.nordestsanita.it\/#organization","name":"NES","url":"https:\/\/www.nordestsanita.it\/","logo":{"@type":"ImageObject","inLanguage":"it-IT","@id":"https:\/\/www.nordestsanita.it\/#\/schema\/logo\/image\/","url":"https:\/\/www.nordestsanita.it\/wp-content\/uploads\/2021\/05\/NES-1280.png","contentUrl":"https:\/\/www.nordestsanita.it\/wp-content\/uploads\/2021\/05\/NES-1280.png","width":1280,"height":458,"caption":"NES"},"image":{"@id":"https:\/\/www.nordestsanita.it\/#\/schema\/logo\/image\/"}},{"@type":"Person","@id":"https:\/\/www.nordestsanita.it\/#\/schema\/person\/e5a7dc6dca45cb55e67d4a127b0e969a","name":"Redazione","image":{"@type":"ImageObject","inLanguage":"it-IT","@id":"https:\/\/www.nordestsanita.it\/#\/schema\/person\/image\/","url":"https:\/\/secure.gravatar.com\/avatar\/3f19a9b3d671ea36ec67c4badf3f961a?s=96&d=mm&r=g","contentUrl":"https:\/\/secure.gravatar.com\/avatar\/3f19a9b3d671ea36ec67c4badf3f961a?s=96&d=mm&r=g","caption":"Redazione"},"url":"https:\/\/www.nordestsanita.it\/?author=8"}]}},"jetpack_featured_media_url":"https:\/\/www.nordestsanita.it\/wp-content\/uploads\/2021\/11\/Fondazione-Oltre-il-Labirinto_1.jpg","_links":{"self":[{"href":"https:\/\/www.nordestsanita.it\/index.php?rest_route=\/wp\/v2\/posts\/1044"}],"collection":[{"href":"https:\/\/www.nordestsanita.it\/index.php?rest_route=\/wp\/v2\/posts"}],"about":[{"href":"https:\/\/www.nordestsanita.it\/index.php?rest_route=\/wp\/v2\/types\/post"}],"author":[{"embeddable":true,"href":"https:\/\/www.nordestsanita.it\/index.php?rest_route=\/wp\/v2\/users\/8"}],"replies":[{"embeddable":true,"href":"https:\/\/www.nordestsanita.it\/index.php?rest_route=%2Fwp%2Fv2%2Fcomments&post=1044"}],"version-history":[{"count":1,"href":"https:\/\/www.nordestsanita.it\/index.php?rest_route=\/wp\/v2\/posts\/1044\/revisions"}],"predecessor-version":[{"id":1046,"href":"https:\/\/www.nordestsanita.it\/index.php?rest_route=\/wp\/v2\/posts\/1044\/revisions\/1046"}],"wp:featuredmedia":[{"embeddable":true,"href":"https:\/\/www.nordestsanita.it\/index.php?rest_route=\/wp\/v2\/media\/1045"}],"wp:attachment":[{"href":"https:\/\/www.nordestsanita.it\/index.php?rest_route=%2Fwp%2Fv2%2Fmedia&parent=1044"}],"wp:term":[{"taxonomy":"category","embeddable":true,"href":"https:\/\/www.nordestsanita.it\/index.php?rest_route=%2Fwp%2Fv2%2Fcategories&post=1044"},{"taxonomy":"post_tag","embeddable":true,"href":"https:\/\/www.nordestsanita.it\/index.php?rest_route=%2Fwp%2Fv2%2Ftags&post=1044"}],"curies":[{"name":"wp","href":"https:\/\/api.w.org\/{rel}","templated":true}]}}