{"id":1053,"date":"2021-11-23T17:11:47","date_gmt":"2021-11-23T16:11:47","guid":{"rendered":"https:\/\/www.nordestsanita.it\/?p=1053"},"modified":"2021-11-23T17:11:47","modified_gmt":"2021-11-23T16:11:47","slug":"regione-approvato-il-bando-di-concorso-per-la-formazione-in-medicina-generale","status":"publish","type":"post","link":"https:\/\/www.nordestsanita.it\/?p=1053","title":{"rendered":"Regione, approvato il bando di concorso per la formazione in medicina generale"},"content":{"rendered":"\n<p><br>E\u2019 stato approvato oggi, con delibera della Giunta regionale del Veneto, presentata dall\u2019assessore alla Sanit\u00e0 e alle Politiche sociali, Manuela Lanzarin, il bando di concorso per l\u2019accesso al corso di formazione specifica in Medicina generale che nel triennio 2021\/2024 impegner\u00e0 complessivamente 306 futuri medici di famiglia. <\/p>\n\n\n\n<!--more-->\n\n\n\n<p>Di questi, 127 posti saranno riservati ai professionisti che, idonei al concorso, abbiano gi\u00e0 avuto incarichi convenzionali di almeno 24 mesi negli ultimi 10 anni. L\u2019investimento totale previsto \u00e8 di 7.356. 937 euro.<\/p>\n\n\n\n<p>\u201cContinua il lavoro per dare risposte puntuali alla medicina territoriale e, nel caso specifico, a quella di prossimit\u00e0 \u2013 sottolinea l\u2019assessore Lanzarin -. Un ambito che rappresenta una delle maggiori sfide per il futuro anche in una visione di cronicit\u00e0 e non autosufficienza legate al progressivo invecchiamento della popolazione. Il diploma di formazione specifica in medicina generale costituisce il requisito per l\u2019iscrizione alla graduatoria unica regionale degli MMG, finalizzata all\u2019accesso alla convenzione con il Servizio Sanitario Nazionale \u00c8 sulla base del fabbisogno di professionisti nel territorio che la Regione ne determina annualmente il numero da ammettere al corso, concordandolo col Ministero della Salute\u201d.<\/p>\n\n\n\n<p>\u201cIl numero dei posti per la formazione degli MMG \u00e8 delineato dalla disponibilit\u00e0 delle risorse \u2013 prosegue l\u2019Assessore -. Il finanziamento ordinario prevedeva per il Veneto 240 posti per complessivi 4.864.264 euro. A fronte dei problemi attuali, delle zone carenti e di situazioni di sostituzione provvisoria, ci si \u00e8 impegnati a trovare ulteriori spazi, per dare risposte in particolare a quei territori oggi pi\u00f9 in difficolt\u00e0. Grazie al PNRR, che ha creato le condizioni per finanziamenti su tutto il triennio pari 830.891 euro annui, si sono potuti ottenere ulteriori 66 posti aggiuntivi\u201d.<\/p>\n\n\n\n<p>Anche per quest\u2019anno, il corso di formazione specifica per MMG sar\u00e0 gestito dalla Fondazione Scuola di Sanit\u00e0 Pubblica.<\/p>\n","protected":false},"excerpt":{"rendered":"<p>E\u2019 stato approvato il bando di concorso per l\u2019accesso al corso di formazione specifica in Medicina generale che impegner\u00e0 306 futuri medici. <\/p>\n","protected":false},"author":8,"featured_media":1054,"comment_status":"closed","ping_status":"open","sticky":false,"template":"","format":"standard","meta":[],"categories":[25],"tags":[132,71],"yoast_head":"<!-- This site is optimized with the Yoast SEO plugin v20.2 - https:\/\/yoast.com\/wordpress\/plugins\/seo\/ -->\n<title>Regione, approvato il bando per la formazione in medicina generale - NES<\/title>\n<meta name=\"description\" content=\"E\u2019 stato approvato il bando di concorso per l\u2019accesso al corso di formazione specifica in Medicina generale che impegner\u00e0 306 futuri medici.\" \/>\n<meta name=\"robots\" content=\"index, follow, max-snippet:-1, max-image-preview:large, max-video-preview:-1\" \/>\n<link rel=\"canonical\" href=\"https:\/\/www.nordestsanita.it\/?p=1053\" \/>\n<meta property=\"og:locale\" content=\"it_IT\" \/>\n<meta property=\"og:type\" content=\"article\" \/>\n<meta property=\"og:title\" content=\"Regione, approvato il bando per la formazione in medicina generale - NES\" \/>\n<meta property=\"og:description\" content=\"E\u2019 stato approvato il bando di concorso per l\u2019accesso al corso di formazione specifica in Medicina generale che impegner\u00e0 306 futuri medici.\" \/>\n<meta property=\"og:url\" content=\"https:\/\/www.nordestsanita.it\/?p=1053\" \/>\n<meta property=\"og:site_name\" content=\"NES\" \/>\n<meta property=\"article:published_time\" content=\"2021-11-23T16:11:47+00:00\" \/>\n<meta property=\"og:image\" content=\"https:\/\/www.nordestsanita.it\/wp-content\/uploads\/2021\/11\/medico_2.jpg\" \/>\n\t<meta property=\"og:image:width\" content=\"404\" \/>\n\t<meta property=\"og:image:height\" content=\"282\" \/>\n\t<meta property=\"og:image:type\" content=\"image\/jpeg\" \/>\n<meta name=\"author\" content=\"Redazione\" \/>\n<meta name=\"twitter:card\" content=\"summary_large_image\" \/>\n<meta name=\"twitter:label1\" content=\"Scritto da\" \/>\n\t<meta name=\"twitter:data1\" content=\"Redazione\" \/>\n\t<meta name=\"twitter:label2\" content=\"Tempo di lettura stimato\" \/>\n\t<meta name=\"twitter:data2\" content=\"2 minuti\" \/>\n<script type=\"application\/ld+json\" class=\"yoast-schema-graph\">{\"@context\":\"https:\/\/schema.org\",\"@graph\":[{\"@type\":\"Article\",\"@id\":\"https:\/\/www.nordestsanita.it\/?p=1053#article\",\"isPartOf\":{\"@id\":\"https:\/\/www.nordestsanita.it\/?p=1053\"},\"author\":{\"name\":\"Redazione\",\"@id\":\"https:\/\/www.nordestsanita.it\/#\/schema\/person\/e5a7dc6dca45cb55e67d4a127b0e969a\"},\"headline\":\"Regione, approvato il bando di concorso per la formazione in medicina generale\",\"datePublished\":\"2021-11-23T16:11:47+00:00\",\"dateModified\":\"2021-11-23T16:11:47+00:00\",\"mainEntityOfPage\":{\"@id\":\"https:\/\/www.nordestsanita.it\/?p=1053\"},\"wordCount\":295,\"publisher\":{\"@id\":\"https:\/\/www.nordestsanita.it\/#organization\"},\"keywords\":[\"medici di medicina generale\",\"Regione Veneto\"],\"articleSection\":[\"Sanit\u00e0\"],\"inLanguage\":\"it-IT\"},{\"@type\":\"WebPage\",\"@id\":\"https:\/\/www.nordestsanita.it\/?p=1053\",\"url\":\"https:\/\/www.nordestsanita.it\/?p=1053\",\"name\":\"Regione, approvato il bando per la formazione in medicina generale - NES\",\"isPartOf\":{\"@id\":\"https:\/\/www.nordestsanita.it\/#website\"},\"datePublished\":\"2021-11-23T16:11:47+00:00\",\"dateModified\":\"2021-11-23T16:11:47+00:00\",\"description\":\"E\u2019 stato approvato il bando di concorso per l\u2019accesso al corso di formazione specifica in Medicina generale che impegner\u00e0 306 futuri medici.\",\"breadcrumb\":{\"@id\":\"https:\/\/www.nordestsanita.it\/?p=1053#breadcrumb\"},\"inLanguage\":\"it-IT\",\"potentialAction\":[{\"@type\":\"ReadAction\",\"target\":[\"https:\/\/www.nordestsanita.it\/?p=1053\"]}]},{\"@type\":\"BreadcrumbList\",\"@id\":\"https:\/\/www.nordestsanita.it\/?p=1053#breadcrumb\",\"itemListElement\":[{\"@type\":\"ListItem\",\"position\":1,\"name\":\"Home\",\"item\":\"https:\/\/www.nordestsanita.it\/\"},{\"@type\":\"ListItem\",\"position\":2,\"name\":\"Regione, approvato il bando di concorso per la formazione in medicina generale\"}]},{\"@type\":\"WebSite\",\"@id\":\"https:\/\/www.nordestsanita.it\/#website\",\"url\":\"https:\/\/www.nordestsanita.it\/\",\"name\":\"NES\",\"description\":\"Nord Est Sanit\u00e0\",\"publisher\":{\"@id\":\"https:\/\/www.nordestsanita.it\/#organization\"},\"potentialAction\":[{\"@type\":\"SearchAction\",\"target\":{\"@type\":\"EntryPoint\",\"urlTemplate\":\"https:\/\/www.nordestsanita.it\/?s={search_term_string}\"},\"query-input\":\"required name=search_term_string\"}],\"inLanguage\":\"it-IT\"},{\"@type\":\"Organization\",\"@id\":\"https:\/\/www.nordestsanita.it\/#organization\",\"name\":\"NES\",\"url\":\"https:\/\/www.nordestsanita.it\/\",\"logo\":{\"@type\":\"ImageObject\",\"inLanguage\":\"it-IT\",\"@id\":\"https:\/\/www.nordestsanita.it\/#\/schema\/logo\/image\/\",\"url\":\"https:\/\/www.nordestsanita.it\/wp-content\/uploads\/2021\/05\/NES-1280.png\",\"contentUrl\":\"https:\/\/www.nordestsanita.it\/wp-content\/uploads\/2021\/05\/NES-1280.png\",\"width\":1280,\"height\":458,\"caption\":\"NES\"},\"image\":{\"@id\":\"https:\/\/www.nordestsanita.it\/#\/schema\/logo\/image\/\"}},{\"@type\":\"Person\",\"@id\":\"https:\/\/www.nordestsanita.it\/#\/schema\/person\/e5a7dc6dca45cb55e67d4a127b0e969a\",\"name\":\"Redazione\",\"image\":{\"@type\":\"ImageObject\",\"inLanguage\":\"it-IT\",\"@id\":\"https:\/\/www.nordestsanita.it\/#\/schema\/person\/image\/\",\"url\":\"https:\/\/secure.gravatar.com\/avatar\/3f19a9b3d671ea36ec67c4badf3f961a?s=96&d=mm&r=g\",\"contentUrl\":\"https:\/\/secure.gravatar.com\/avatar\/3f19a9b3d671ea36ec67c4badf3f961a?s=96&d=mm&r=g\",\"caption\":\"Redazione\"},\"url\":\"https:\/\/www.nordestsanita.it\/?author=8\"}]}<\/script>\n<!-- \/ Yoast SEO plugin. -->","yoast_head_json":{"title":"Regione, approvato il bando per la formazione in medicina generale - NES","description":"E\u2019 stato approvato il bando di concorso per l\u2019accesso al corso di formazione specifica in Medicina generale che impegner\u00e0 306 futuri medici.","robots":{"index":"index","follow":"follow","max-snippet":"max-snippet:-1","max-image-preview":"max-image-preview:large","max-video-preview":"max-video-preview:-1"},"canonical":"https:\/\/www.nordestsanita.it\/?p=1053","og_locale":"it_IT","og_type":"article","og_title":"Regione, approvato il bando per la formazione in medicina generale - NES","og_description":"E\u2019 stato approvato il bando di concorso per l\u2019accesso al corso di formazione specifica in Medicina generale che impegner\u00e0 306 futuri medici.","og_url":"https:\/\/www.nordestsanita.it\/?p=1053","og_site_name":"NES","article_published_time":"2021-11-23T16:11:47+00:00","og_image":[{"width":404,"height":282,"url":"https:\/\/www.nordestsanita.it\/wp-content\/uploads\/2021\/11\/medico_2.jpg","type":"image\/jpeg"}],"author":"Redazione","twitter_card":"summary_large_image","twitter_misc":{"Scritto da":"Redazione","Tempo di lettura stimato":"2 minuti"},"schema":{"@context":"https:\/\/schema.org","@graph":[{"@type":"Article","@id":"https:\/\/www.nordestsanita.it\/?p=1053#article","isPartOf":{"@id":"https:\/\/www.nordestsanita.it\/?p=1053"},"author":{"name":"Redazione","@id":"https:\/\/www.nordestsanita.it\/#\/schema\/person\/e5a7dc6dca45cb55e67d4a127b0e969a"},"headline":"Regione, approvato il bando di concorso per la formazione in medicina generale","datePublished":"2021-11-23T16:11:47+00:00","dateModified":"2021-11-23T16:11:47+00:00","mainEntityOfPage":{"@id":"https:\/\/www.nordestsanita.it\/?p=1053"},"wordCount":295,"publisher":{"@id":"https:\/\/www.nordestsanita.it\/#organization"},"keywords":["medici di medicina generale","Regione Veneto"],"articleSection":["Sanit\u00e0"],"inLanguage":"it-IT"},{"@type":"WebPage","@id":"https:\/\/www.nordestsanita.it\/?p=1053","url":"https:\/\/www.nordestsanita.it\/?p=1053","name":"Regione, approvato il bando per la formazione in medicina generale - NES","isPartOf":{"@id":"https:\/\/www.nordestsanita.it\/#website"},"datePublished":"2021-11-23T16:11:47+00:00","dateModified":"2021-11-23T16:11:47+00:00","description":"E\u2019 stato approvato il bando di concorso per l\u2019accesso al corso di formazione specifica in Medicina generale che impegner\u00e0 306 futuri medici.","breadcrumb":{"@id":"https:\/\/www.nordestsanita.it\/?p=1053#breadcrumb"},"inLanguage":"it-IT","potentialAction":[{"@type":"ReadAction","target":["https:\/\/www.nordestsanita.it\/?p=1053"]}]},{"@type":"BreadcrumbList","@id":"https:\/\/www.nordestsanita.it\/?p=1053#breadcrumb","itemListElement":[{"@type":"ListItem","position":1,"name":"Home","item":"https:\/\/www.nordestsanita.it\/"},{"@type":"ListItem","position":2,"name":"Regione, approvato il bando di concorso per la formazione in medicina generale"}]},{"@type":"WebSite","@id":"https:\/\/www.nordestsanita.it\/#website","url":"https:\/\/www.nordestsanita.it\/","name":"NES","description":"Nord Est Sanit\u00e0","publisher":{"@id":"https:\/\/www.nordestsanita.it\/#organization"},"potentialAction":[{"@type":"SearchAction","target":{"@type":"EntryPoint","urlTemplate":"https:\/\/www.nordestsanita.it\/?s={search_term_string}"},"query-input":"required name=search_term_string"}],"inLanguage":"it-IT"},{"@type":"Organization","@id":"https:\/\/www.nordestsanita.it\/#organization","name":"NES","url":"https:\/\/www.nordestsanita.it\/","logo":{"@type":"ImageObject","inLanguage":"it-IT","@id":"https:\/\/www.nordestsanita.it\/#\/schema\/logo\/image\/","url":"https:\/\/www.nordestsanita.it\/wp-content\/uploads\/2021\/05\/NES-1280.png","contentUrl":"https:\/\/www.nordestsanita.it\/wp-content\/uploads\/2021\/05\/NES-1280.png","width":1280,"height":458,"caption":"NES"},"image":{"@id":"https:\/\/www.nordestsanita.it\/#\/schema\/logo\/image\/"}},{"@type":"Person","@id":"https:\/\/www.nordestsanita.it\/#\/schema\/person\/e5a7dc6dca45cb55e67d4a127b0e969a","name":"Redazione","image":{"@type":"ImageObject","inLanguage":"it-IT","@id":"https:\/\/www.nordestsanita.it\/#\/schema\/person\/image\/","url":"https:\/\/secure.gravatar.com\/avatar\/3f19a9b3d671ea36ec67c4badf3f961a?s=96&d=mm&r=g","contentUrl":"https:\/\/secure.gravatar.com\/avatar\/3f19a9b3d671ea36ec67c4badf3f961a?s=96&d=mm&r=g","caption":"Redazione"},"url":"https:\/\/www.nordestsanita.it\/?author=8"}]}},"jetpack_featured_media_url":"https:\/\/www.nordestsanita.it\/wp-content\/uploads\/2021\/11\/medico_2.jpg","_links":{"self":[{"href":"https:\/\/www.nordestsanita.it\/index.php?rest_route=\/wp\/v2\/posts\/1053"}],"collection":[{"href":"https:\/\/www.nordestsanita.it\/index.php?rest_route=\/wp\/v2\/posts"}],"about":[{"href":"https:\/\/www.nordestsanita.it\/index.php?rest_route=\/wp\/v2\/types\/post"}],"author":[{"embeddable":true,"href":"https:\/\/www.nordestsanita.it\/index.php?rest_route=\/wp\/v2\/users\/8"}],"replies":[{"embeddable":true,"href":"https:\/\/www.nordestsanita.it\/index.php?rest_route=%2Fwp%2Fv2%2Fcomments&post=1053"}],"version-history":[{"count":1,"href":"https:\/\/www.nordestsanita.it\/index.php?rest_route=\/wp\/v2\/posts\/1053\/revisions"}],"predecessor-version":[{"id":1055,"href":"https:\/\/www.nordestsanita.it\/index.php?rest_route=\/wp\/v2\/posts\/1053\/revisions\/1055"}],"wp:featuredmedia":[{"embeddable":true,"href":"https:\/\/www.nordestsanita.it\/index.php?rest_route=\/wp\/v2\/media\/1054"}],"wp:attachment":[{"href":"https:\/\/www.nordestsanita.it\/index.php?rest_route=%2Fwp%2Fv2%2Fmedia&parent=1053"}],"wp:term":[{"taxonomy":"category","embeddable":true,"href":"https:\/\/www.nordestsanita.it\/index.php?rest_route=%2Fwp%2Fv2%2Fcategories&post=1053"},{"taxonomy":"post_tag","embeddable":true,"href":"https:\/\/www.nordestsanita.it\/index.php?rest_route=%2Fwp%2Fv2%2Ftags&post=1053"}],"curies":[{"name":"wp","href":"https:\/\/api.w.org\/{rel}","templated":true}]}}