{"id":1068,"date":"2021-11-24T18:33:33","date_gmt":"2021-11-24T17:33:33","guid":{"rendered":"https:\/\/www.nordestsanita.it\/?p=1068"},"modified":"2021-11-24T18:33:33","modified_gmt":"2021-11-24T17:33:33","slug":"ulss-3-e-conferenza-dei-sindaci-uniti-nel-contrasto-al-covid-19-hub-vaccinali-potenziati","status":"publish","type":"post","link":"https:\/\/www.nordestsanita.it\/?p=1068","title":{"rendered":"Ulss 3 e Conferenza dei sindaci uniti nel contrasto al Covid-19. Hub vaccinali potenziati"},"content":{"rendered":"\n<p>&#8220;Dentro una nuova fase, di nuovo impegnativa, della diffusione del contagio, nella rosa delle difficolt\u00e0 che\u00a0ci si parano davanti,\u00a0ci sono\u00a0purtroppo anche difficolt\u00e0 strutturali, tra cui\u00a0la grave carenza di operatori sanitari, sia medici che infermieri, che affonda le sue ragioni in scelte di lunga data&#8221;: lo ha detto Edgardo Contato, Direttore Generale dell&#8217;Ulss 3 Serenissima, incontrando i Sindaci della Conferenza territoriale.<\/p>\n\n\n\n<!--more-->\n\n\n\n<p>&#8220;La recrudescenza dell&#8217;epidemia, che dovremo gestire ancora pur con le ben note carenze sul fronte del personale sanitario, ci chiede di&nbsp;lavorare insieme, come abbiamo fatto peraltro durante tutto il lunghissimo periodo in cui il Covid-19&nbsp;ci ha sferzato con ripetute ondate&#8221;.<\/p>\n\n\n\n<p>Illustrati\u00a0quindi\u00a0ai Sindaci l&#8217;aumento dei contagi sul territorio, il moltiplicarsi delle necessit\u00e0 di tracciamento e di gestione dei positivi, la pressione sugli ospedali e infine le prospettive della campagna vaccinale, il Direttore Contato\u00a0ha evidenziato anche la necessit\u00e0 di una comune assunzione di ulteriore responsabilit\u00e0.<\/p>\n\n\n\n<p>&#8220;La carenza di medici\u00a0&#8211; ha sottolineato il Direttore Generale dell&#8217;Ulss 3 &#8211;\u00a0\u00e8 una situazione evidente, nel nostro territorio come in tutto il Paese. Le cause vanno cercate indietro nel tempo, e lontano da noi quanto ai livelli decisionali: tutte\u00a0le iniziative messe in campo dalle Aziende sanitarie e dalla Regione Veneto si scontrano da una parte con i vincoli della legislazione, e dall&#8217;altra con l&#8217;evidenza che \u00e8 impossibile &#8216;inventare&#8217; i nuovi professionisti\u00a0di cui avremmo bisogno. Siamo stati in grado di costruire in pochi mesi un vaccino, ma per costruire un medico servono dai sei ai dieci anni, e per costruire un infermiere servono dai\u00a0tre\u00a0ai\u00a0cinque\u00a0anni&#8221;.<\/p>\n\n\n\n<p>&#8220;Il nostro compito&nbsp;&#8211; ha concluso Contato&nbsp;&#8211;&nbsp;\u00e8 comunque quello di governare questo momento complicato, e ci prepariamo ad affrontare insieme la nuova complessit\u00e0 provocata dalla recrudescenza dell&#8217;epidemia pur con le gravi difficolt\u00e0 di personale. Se infatti la soluzione complessiva del problema non \u00e8 nelle nostre mani, \u00e8 nostro dovere invece la gestione del problema in questi giorni e nei nostri territori. Come Azienda sanitaria faremo ogni passo possibile, e molte sono le azioni che ci apprestiamo a fare; perch\u00e9 ognuna di queste azioni sia efficace, \u00e8 per\u00f2&nbsp;fondamentale oggi l&#8217;alleanza e la collaborazione fattiva con chi amministra i territori, con la Conferenza dei Sindaci&#8221;.<\/p>\n\n\n\n<p>Al riguardo, il Direttore Generale ha anticipato l&#8217;impegno dell&#8217;Azienda sanitaria per un programma che prevede un forte potenziamento dell&#8217;attivit\u00e0 vaccinale.<\/p>\n\n\n\n<p>&#8220;Potenzieremo tutti gli HUB sui vostri territori\u00a0&#8211; ha sottolineato &#8211; perch\u00e9 siamo impegnati a realizzare, nei prossimi due mesi,\u00a0uno sforzo che\u00a0ci porter\u00e0 a somministrare pi\u00f9\u00a0di 5000 vaccinazioni al giorno. Saranno chiamati ad un grande lavoro non solo il PalaExpo, quindi, ma anche gli HUB sul territorio, quali il Palazzetto dello Sport di Dolo e il Bocciodromo di Mirano, dove si arriver\u00e0 a fare 800\/900 vaccinazioni al giorno&#8221;. <\/p>\n\n\n\n<p>Sar\u00e0\u00a0importante il rispetto delle regole, ha ricordato Contato, di fronte a questo lavoro ingente;\u00a0e ha ricordato che l&#8217;accesso libero\u00a0sar\u00e0 mantenuto per le prime dosi, e quanto alle terze dosi\u00a0solo per gli\u00a0over 80.<\/p>\n\n\n\n<p>Il Direttore Generale ha ringraziato i Sindaci che hanno partecipato all&#8217;incontro ed ha accolto&nbsp;la decisione della Conferenza dei Sindaci dell&#8217;Ulss 3 Serenissima,&nbsp;che ha&nbsp;confermato&nbsp;alla propria guida&nbsp;l&#8217;assessore Andrea Martellato,&nbsp;infine ha presentato alla Conferenza dei Sindaci quelle che sono&nbsp;le strutture sanitarie sul territorio su cui si concentra l&#8217;attenzione dell&#8217;Ulss 3 Serenissima, che ha proposto una lunga lista di interventi alla Regione Veneto per la realizzazione delle Case della Comunit\u00e0 &#8211; tra cui quelli previsti al Civile di Venezia, in via Cappuccina a Mestre, per le nuove sedi distrettuali di Marghera e di Mira &#8211; nel contesto dei finanziamenti del PNNR, a cui si aggiungono le richieste di finanziamento per gli Ospedali di Comunit\u00e0 a Venezia, a Chioggia e a Noale, e infine per gli interventi strutturali sugli Ospedali di Mestre e di Mirano.&nbsp;<\/p>\n","protected":false},"excerpt":{"rendered":"<p>&#8220;Dentro una nuova fase, di nuovo impegnativa, della diffusione del contagio, nella rosa delle difficolt\u00e0 che\u00a0ci si parano davanti,\u00a0ci sono\u00a0purtroppo anche difficolt\u00e0 strutturali, tra cui\u00a0la grave carenza di operatori sanitari, sia medici che infermieri, che affonda le sue ragioni in scelte di lunga data&#8221;: lo ha detto Edgardo Contato, Direttore Generale dell&#8217;Ulss 3 Serenissima, incontrando i Sindaci della Conferenza territoriale.<\/p>\n","protected":false},"author":8,"featured_media":1070,"comment_status":"closed","ping_status":"open","sticky":false,"template":"","format":"standard","meta":[],"categories":[29,25],"tags":[177,39,81,68],"yoast_head":"<!-- This site is optimized with the Yoast SEO plugin v20.2 - https:\/\/yoast.com\/wordpress\/plugins\/seo\/ -->\n<title>Ulss 3 e Conferenza dei sindaci uniti nel contrasto al Covid-19. Hub vaccinali potenziati - NES<\/title>\n<meta name=\"description\" content=\"Conferenza dei sindaci e Ulss 3 uniti nel contrasto del Covid-19. HUB vaccinali del territorio verranno potenziati.\" \/>\n<meta name=\"robots\" content=\"index, follow, max-snippet:-1, max-image-preview:large, max-video-preview:-1\" \/>\n<link rel=\"canonical\" href=\"https:\/\/www.nordestsanita.it\/?p=1068\" \/>\n<meta property=\"og:locale\" content=\"it_IT\" \/>\n<meta property=\"og:type\" content=\"article\" \/>\n<meta property=\"og:title\" content=\"Ulss 3 e Conferenza dei sindaci uniti nel contrasto al Covid-19. Hub vaccinali potenziati - NES\" \/>\n<meta property=\"og:description\" content=\"Conferenza dei sindaci e Ulss 3 uniti nel contrasto del Covid-19. HUB vaccinali del territorio verranno potenziati.\" \/>\n<meta property=\"og:url\" content=\"https:\/\/www.nordestsanita.it\/?p=1068\" \/>\n<meta property=\"og:site_name\" content=\"NES\" \/>\n<meta property=\"article:published_time\" content=\"2021-11-24T17:33:33+00:00\" \/>\n<meta property=\"og:image\" content=\"https:\/\/www.nordestsanita.it\/wp-content\/uploads\/2021\/11\/Ulss3-Contato-scaled.jpg\" \/>\n\t<meta property=\"og:image:width\" content=\"2560\" \/>\n\t<meta property=\"og:image:height\" content=\"2065\" \/>\n\t<meta property=\"og:image:type\" content=\"image\/jpeg\" \/>\n<meta name=\"author\" content=\"Redazione\" \/>\n<meta name=\"twitter:card\" content=\"summary_large_image\" \/>\n<meta name=\"twitter:label1\" content=\"Scritto da\" \/>\n\t<meta name=\"twitter:data1\" content=\"Redazione\" \/>\n\t<meta name=\"twitter:label2\" content=\"Tempo di lettura stimato\" \/>\n\t<meta name=\"twitter:data2\" content=\"3 minuti\" \/>\n<script type=\"application\/ld+json\" class=\"yoast-schema-graph\">{\"@context\":\"https:\/\/schema.org\",\"@graph\":[{\"@type\":\"Article\",\"@id\":\"https:\/\/www.nordestsanita.it\/?p=1068#article\",\"isPartOf\":{\"@id\":\"https:\/\/www.nordestsanita.it\/?p=1068\"},\"author\":{\"name\":\"Redazione\",\"@id\":\"https:\/\/www.nordestsanita.it\/#\/schema\/person\/e5a7dc6dca45cb55e67d4a127b0e969a\"},\"headline\":\"Ulss 3 e Conferenza dei sindaci uniti nel contrasto al Covid-19. Hub vaccinali potenziati\",\"datePublished\":\"2021-11-24T17:33:33+00:00\",\"dateModified\":\"2021-11-24T17:33:33+00:00\",\"mainEntityOfPage\":{\"@id\":\"https:\/\/www.nordestsanita.it\/?p=1068\"},\"wordCount\":648,\"publisher\":{\"@id\":\"https:\/\/www.nordestsanita.it\/#organization\"},\"keywords\":[\"Conferenza sindaci\",\"Covid-19\",\"ULSS3\",\"vaccino\"],\"articleSection\":[\"Covid\",\"Sanit\u00e0\"],\"inLanguage\":\"it-IT\"},{\"@type\":\"WebPage\",\"@id\":\"https:\/\/www.nordestsanita.it\/?p=1068\",\"url\":\"https:\/\/www.nordestsanita.it\/?p=1068\",\"name\":\"Ulss 3 e Conferenza dei sindaci uniti nel contrasto al Covid-19. Hub vaccinali potenziati - NES\",\"isPartOf\":{\"@id\":\"https:\/\/www.nordestsanita.it\/#website\"},\"datePublished\":\"2021-11-24T17:33:33+00:00\",\"dateModified\":\"2021-11-24T17:33:33+00:00\",\"description\":\"Conferenza dei sindaci e Ulss 3 uniti nel contrasto del Covid-19. HUB vaccinali del territorio verranno potenziati.\",\"breadcrumb\":{\"@id\":\"https:\/\/www.nordestsanita.it\/?p=1068#breadcrumb\"},\"inLanguage\":\"it-IT\",\"potentialAction\":[{\"@type\":\"ReadAction\",\"target\":[\"https:\/\/www.nordestsanita.it\/?p=1068\"]}]},{\"@type\":\"BreadcrumbList\",\"@id\":\"https:\/\/www.nordestsanita.it\/?p=1068#breadcrumb\",\"itemListElement\":[{\"@type\":\"ListItem\",\"position\":1,\"name\":\"Home\",\"item\":\"https:\/\/www.nordestsanita.it\/\"},{\"@type\":\"ListItem\",\"position\":2,\"name\":\"Ulss 3 e Conferenza dei sindaci uniti nel contrasto al Covid-19. Hub vaccinali potenziati\"}]},{\"@type\":\"WebSite\",\"@id\":\"https:\/\/www.nordestsanita.it\/#website\",\"url\":\"https:\/\/www.nordestsanita.it\/\",\"name\":\"NES\",\"description\":\"Nord Est Sanit\u00e0\",\"publisher\":{\"@id\":\"https:\/\/www.nordestsanita.it\/#organization\"},\"potentialAction\":[{\"@type\":\"SearchAction\",\"target\":{\"@type\":\"EntryPoint\",\"urlTemplate\":\"https:\/\/www.nordestsanita.it\/?s={search_term_string}\"},\"query-input\":\"required name=search_term_string\"}],\"inLanguage\":\"it-IT\"},{\"@type\":\"Organization\",\"@id\":\"https:\/\/www.nordestsanita.it\/#organization\",\"name\":\"NES\",\"url\":\"https:\/\/www.nordestsanita.it\/\",\"logo\":{\"@type\":\"ImageObject\",\"inLanguage\":\"it-IT\",\"@id\":\"https:\/\/www.nordestsanita.it\/#\/schema\/logo\/image\/\",\"url\":\"https:\/\/www.nordestsanita.it\/wp-content\/uploads\/2021\/05\/NES-1280.png\",\"contentUrl\":\"https:\/\/www.nordestsanita.it\/wp-content\/uploads\/2021\/05\/NES-1280.png\",\"width\":1280,\"height\":458,\"caption\":\"NES\"},\"image\":{\"@id\":\"https:\/\/www.nordestsanita.it\/#\/schema\/logo\/image\/\"}},{\"@type\":\"Person\",\"@id\":\"https:\/\/www.nordestsanita.it\/#\/schema\/person\/e5a7dc6dca45cb55e67d4a127b0e969a\",\"name\":\"Redazione\",\"image\":{\"@type\":\"ImageObject\",\"inLanguage\":\"it-IT\",\"@id\":\"https:\/\/www.nordestsanita.it\/#\/schema\/person\/image\/\",\"url\":\"https:\/\/secure.gravatar.com\/avatar\/3f19a9b3d671ea36ec67c4badf3f961a?s=96&d=mm&r=g\",\"contentUrl\":\"https:\/\/secure.gravatar.com\/avatar\/3f19a9b3d671ea36ec67c4badf3f961a?s=96&d=mm&r=g\",\"caption\":\"Redazione\"},\"url\":\"https:\/\/www.nordestsanita.it\/?author=8\"}]}<\/script>\n<!-- \/ Yoast SEO plugin. -->","yoast_head_json":{"title":"Ulss 3 e Conferenza dei sindaci uniti nel contrasto al Covid-19. Hub vaccinali potenziati - NES","description":"Conferenza dei sindaci e Ulss 3 uniti nel contrasto del Covid-19. HUB vaccinali del territorio verranno potenziati.","robots":{"index":"index","follow":"follow","max-snippet":"max-snippet:-1","max-image-preview":"max-image-preview:large","max-video-preview":"max-video-preview:-1"},"canonical":"https:\/\/www.nordestsanita.it\/?p=1068","og_locale":"it_IT","og_type":"article","og_title":"Ulss 3 e Conferenza dei sindaci uniti nel contrasto al Covid-19. Hub vaccinali potenziati - NES","og_description":"Conferenza dei sindaci e Ulss 3 uniti nel contrasto del Covid-19. HUB vaccinali del territorio verranno potenziati.","og_url":"https:\/\/www.nordestsanita.it\/?p=1068","og_site_name":"NES","article_published_time":"2021-11-24T17:33:33+00:00","og_image":[{"width":2560,"height":2065,"url":"https:\/\/www.nordestsanita.it\/wp-content\/uploads\/2021\/11\/Ulss3-Contato-scaled.jpg","type":"image\/jpeg"}],"author":"Redazione","twitter_card":"summary_large_image","twitter_misc":{"Scritto da":"Redazione","Tempo di lettura stimato":"3 minuti"},"schema":{"@context":"https:\/\/schema.org","@graph":[{"@type":"Article","@id":"https:\/\/www.nordestsanita.it\/?p=1068#article","isPartOf":{"@id":"https:\/\/www.nordestsanita.it\/?p=1068"},"author":{"name":"Redazione","@id":"https:\/\/www.nordestsanita.it\/#\/schema\/person\/e5a7dc6dca45cb55e67d4a127b0e969a"},"headline":"Ulss 3 e Conferenza dei sindaci uniti nel contrasto al Covid-19. Hub vaccinali potenziati","datePublished":"2021-11-24T17:33:33+00:00","dateModified":"2021-11-24T17:33:33+00:00","mainEntityOfPage":{"@id":"https:\/\/www.nordestsanita.it\/?p=1068"},"wordCount":648,"publisher":{"@id":"https:\/\/www.nordestsanita.it\/#organization"},"keywords":["Conferenza sindaci","Covid-19","ULSS3","vaccino"],"articleSection":["Covid","Sanit\u00e0"],"inLanguage":"it-IT"},{"@type":"WebPage","@id":"https:\/\/www.nordestsanita.it\/?p=1068","url":"https:\/\/www.nordestsanita.it\/?p=1068","name":"Ulss 3 e Conferenza dei sindaci uniti nel contrasto al Covid-19. Hub vaccinali potenziati - NES","isPartOf":{"@id":"https:\/\/www.nordestsanita.it\/#website"},"datePublished":"2021-11-24T17:33:33+00:00","dateModified":"2021-11-24T17:33:33+00:00","description":"Conferenza dei sindaci e Ulss 3 uniti nel contrasto del Covid-19. HUB vaccinali del territorio verranno potenziati.","breadcrumb":{"@id":"https:\/\/www.nordestsanita.it\/?p=1068#breadcrumb"},"inLanguage":"it-IT","potentialAction":[{"@type":"ReadAction","target":["https:\/\/www.nordestsanita.it\/?p=1068"]}]},{"@type":"BreadcrumbList","@id":"https:\/\/www.nordestsanita.it\/?p=1068#breadcrumb","itemListElement":[{"@type":"ListItem","position":1,"name":"Home","item":"https:\/\/www.nordestsanita.it\/"},{"@type":"ListItem","position":2,"name":"Ulss 3 e Conferenza dei sindaci uniti nel contrasto al Covid-19. Hub vaccinali potenziati"}]},{"@type":"WebSite","@id":"https:\/\/www.nordestsanita.it\/#website","url":"https:\/\/www.nordestsanita.it\/","name":"NES","description":"Nord Est Sanit\u00e0","publisher":{"@id":"https:\/\/www.nordestsanita.it\/#organization"},"potentialAction":[{"@type":"SearchAction","target":{"@type":"EntryPoint","urlTemplate":"https:\/\/www.nordestsanita.it\/?s={search_term_string}"},"query-input":"required name=search_term_string"}],"inLanguage":"it-IT"},{"@type":"Organization","@id":"https:\/\/www.nordestsanita.it\/#organization","name":"NES","url":"https:\/\/www.nordestsanita.it\/","logo":{"@type":"ImageObject","inLanguage":"it-IT","@id":"https:\/\/www.nordestsanita.it\/#\/schema\/logo\/image\/","url":"https:\/\/www.nordestsanita.it\/wp-content\/uploads\/2021\/05\/NES-1280.png","contentUrl":"https:\/\/www.nordestsanita.it\/wp-content\/uploads\/2021\/05\/NES-1280.png","width":1280,"height":458,"caption":"NES"},"image":{"@id":"https:\/\/www.nordestsanita.it\/#\/schema\/logo\/image\/"}},{"@type":"Person","@id":"https:\/\/www.nordestsanita.it\/#\/schema\/person\/e5a7dc6dca45cb55e67d4a127b0e969a","name":"Redazione","image":{"@type":"ImageObject","inLanguage":"it-IT","@id":"https:\/\/www.nordestsanita.it\/#\/schema\/person\/image\/","url":"https:\/\/secure.gravatar.com\/avatar\/3f19a9b3d671ea36ec67c4badf3f961a?s=96&d=mm&r=g","contentUrl":"https:\/\/secure.gravatar.com\/avatar\/3f19a9b3d671ea36ec67c4badf3f961a?s=96&d=mm&r=g","caption":"Redazione"},"url":"https:\/\/www.nordestsanita.it\/?author=8"}]}},"jetpack_featured_media_url":"https:\/\/www.nordestsanita.it\/wp-content\/uploads\/2021\/11\/Ulss3-Contato-scaled.jpg","_links":{"self":[{"href":"https:\/\/www.nordestsanita.it\/index.php?rest_route=\/wp\/v2\/posts\/1068"}],"collection":[{"href":"https:\/\/www.nordestsanita.it\/index.php?rest_route=\/wp\/v2\/posts"}],"about":[{"href":"https:\/\/www.nordestsanita.it\/index.php?rest_route=\/wp\/v2\/types\/post"}],"author":[{"embeddable":true,"href":"https:\/\/www.nordestsanita.it\/index.php?rest_route=\/wp\/v2\/users\/8"}],"replies":[{"embeddable":true,"href":"https:\/\/www.nordestsanita.it\/index.php?rest_route=%2Fwp%2Fv2%2Fcomments&post=1068"}],"version-history":[{"count":1,"href":"https:\/\/www.nordestsanita.it\/index.php?rest_route=\/wp\/v2\/posts\/1068\/revisions"}],"predecessor-version":[{"id":1069,"href":"https:\/\/www.nordestsanita.it\/index.php?rest_route=\/wp\/v2\/posts\/1068\/revisions\/1069"}],"wp:featuredmedia":[{"embeddable":true,"href":"https:\/\/www.nordestsanita.it\/index.php?rest_route=\/wp\/v2\/media\/1070"}],"wp:attachment":[{"href":"https:\/\/www.nordestsanita.it\/index.php?rest_route=%2Fwp%2Fv2%2Fmedia&parent=1068"}],"wp:term":[{"taxonomy":"category","embeddable":true,"href":"https:\/\/www.nordestsanita.it\/index.php?rest_route=%2Fwp%2Fv2%2Fcategories&post=1068"},{"taxonomy":"post_tag","embeddable":true,"href":"https:\/\/www.nordestsanita.it\/index.php?rest_route=%2Fwp%2Fv2%2Ftags&post=1068"}],"curies":[{"name":"wp","href":"https:\/\/api.w.org\/{rel}","templated":true}]}}