{"id":1113,"date":"2021-12-11T15:36:11","date_gmt":"2021-12-11T14:36:11","guid":{"rendered":"https:\/\/www.nordestsanita.it\/?p=1113"},"modified":"2021-12-11T15:36:11","modified_gmt":"2021-12-11T14:36:11","slug":"il-16-dicembre-parte-la-vaccinazione-anti-covid-ai-bambini-in-ulss-3-prenotazioni-da-lunedi-13","status":"publish","type":"post","link":"https:\/\/www.nordestsanita.it\/?p=1113","title":{"rendered":"Il 16 dicembre parte la vaccinazione anti-Covid ai bambini: in Ulss 3 prenotazioni da luned\u00ec 13"},"content":{"rendered":"\n<p>Negli HUB vaccinali dell&#8217;Ulss 3 Serenissima \u00e8 in arrivo il tempo dei bambini: da gioved\u00ec 16 dicembre, infatti, anche\u00a0i piccoli utenti di et\u00e0 compresa tra i 5 e gli 11 anni potranno aderire alla vaccinazione, secondo le indicazioni ministeriali.<\/p>\n\n\n\n<!--more-->\n\n\n\n<p>L&#8217;Ulss 3 Serenissima prepara questa nuova fase della campagna vaccinale, che riguarda&nbsp;poco meno di 35 mila bambini, in&nbsp;collaborazione con i Pediatri di Libera Scelta:<\/p>\n\n\n\n<p>&#8220;I Pediatri di Famiglia &#8211; sottolinea il Direttore Generale Edgardo Contato &#8211;&nbsp;sono il riferimento primo per la salute dei loro giovanissimi assistiti. L&#8217;offerta del vaccino ai bambini deve passare soprattutto attraverso di loro, nel dialogo con i genitori: per questo da qualche giorno il confronto e la collaborazione che l&#8217;Ulss 3 ha sempre aperto con i medici del territorio ha visto intensificarsi proprio il dialogo con gli specialisti dell&#8217;area pediatrica. Insieme ai&nbsp;Pediatri, proviamo ad offrire a questi bambini che diventano finalmente eleggibili, il modo migliore per avvicinarsi al vaccino. I Pediatri di Libera Scelta&nbsp;avranno la possibilit\u00e0 di vaccinare nel proprio ambulatorio, ma anche nei centri vaccinali dell&#8217;Ulss 3&nbsp;insieme ai nostri operatori, collaborando in particolare alla fase dell&#8217;anamnesi, cio\u00e8 della valutazione preventiva dello stato di salute dei bambini che ricevono la vaccinazione.&nbsp;Un ruolo importantissimo avranno anche i nostri specialisti Pediatri degli Ospedali e dei Distretti, che collaboreranno da qui in poi alla campagna anti Covid-19&#8221;.&nbsp;<\/p>\n\n\n\n<p>Per parte sua l&#8217;Ulss 3 Serenissima si sta preparando ad aprire la possibilit\u00e0 di prenotazione per le famiglie. Il primo giorno di vaccinazione dei bambini&nbsp;&#8211; a cui sar\u00e0 somministrato il vaccino&nbsp;Pfizer&nbsp;&#8211;&nbsp;sar\u00e0 gioved\u00ec 16 dicembre.&nbsp;Da luned\u00ec prossimo, 13 dicembre, alle 14, si potranno effettuare le prenotazioni, attraverso il Sito dell&#8217;Ulss 3 Serenissima e il collegamento con il portale vaccinale regionale.<\/p>\n\n\n\n<p>Nei Centri Vaccinali del territorio vengono infatti resi disponibili i primi slot riservati a questa fascia d&#8217;et\u00e0 5-11 anni; e lo stesso avviene negli Ospedali dell&#8217;Azienda sanitaria: si apre inizialmente a&nbsp;circa10mila slot circa, di cui&nbsp;la met\u00e0&nbsp;al PalaExpo,&nbsp;1000 circa&nbsp;all&#8217;Ospedale di Venezia,&nbsp;3500&nbsp;circa al Palazzetto di Dolo per l&#8217;area del Miranese, un migliaio nell&#8217;area di Chioggia. Viene quindi preparato il calendario, che aggiunge un nuovo settore al lavoro gi\u00e0 impegnativo dei sanitari in questo periodo: le agende devono tenere conto delle prime dosi, ma anche gi\u00e0 delle&nbsp;seconde dosi, che saranno effettuate a 21 giorni.&nbsp;<\/p>\n\n\n\n<p>L&#8217;Azienda sanitaria sta predisponendo&nbsp;il materiale illustrativo&nbsp;e di sensibilizzazione per questa campagna anti Covid per l&#8217;et\u00e0 pediatrica, da distribuire presso i Pediatri e alle famiglie. Gli uffici tecnici stanno studiando&nbsp;le modalit\u00e0 di &#8220;personalizzazione&#8221; dei percorsi dedicati ai bambini&nbsp;presso i Centri Vaccinali.<\/p>\n","protected":false},"excerpt":{"rendered":"<p>Negli HUB vaccinali dell&#8217;Ulss 3 Serenissima \u00e8 in arrivo il tempo dei bambini: da gioved\u00ec 16 dicembre, infatti, anche\u00a0i piccoli utenti di et\u00e0 compresa tra i 5 e gli 11 anni potranno aderire alla vaccinazione, secondo le indicazioni ministeriali.<\/p>\n","protected":false},"author":8,"featured_media":855,"comment_status":"closed","ping_status":"open","sticky":false,"template":"","format":"standard","meta":[],"categories":[29,23],"tags":[187,39,81,68],"yoast_head":"<!-- This site is optimized with the Yoast SEO plugin v20.2 - https:\/\/yoast.com\/wordpress\/plugins\/seo\/ -->\n<title>Il 16 dicembre parte la vaccinazione anti-Covid ai bambini: in Ulss 3 prenotazioni da luned\u00ec 13 - NES<\/title>\n<meta name=\"robots\" content=\"index, follow, max-snippet:-1, max-image-preview:large, max-video-preview:-1\" \/>\n<link rel=\"canonical\" href=\"https:\/\/www.nordestsanita.it\/?p=1113\" \/>\n<meta property=\"og:locale\" content=\"it_IT\" \/>\n<meta property=\"og:type\" content=\"article\" \/>\n<meta property=\"og:title\" content=\"Il 16 dicembre parte la vaccinazione anti-Covid ai bambini: in Ulss 3 prenotazioni da luned\u00ec 13 - NES\" \/>\n<meta property=\"og:description\" content=\"Negli HUB vaccinali dell&#8217;Ulss 3 Serenissima \u00e8 in arrivo il tempo dei bambini: da gioved\u00ec 16 dicembre, infatti, anche\u00a0i piccoli utenti di et\u00e0 compresa tra i 5 e gli 11 anni potranno aderire alla vaccinazione, secondo le indicazioni ministeriali.\" \/>\n<meta property=\"og:url\" content=\"https:\/\/www.nordestsanita.it\/?p=1113\" \/>\n<meta property=\"og:site_name\" content=\"NES\" \/>\n<meta property=\"article:published_time\" content=\"2021-12-11T14:36:11+00:00\" \/>\n<meta property=\"og:image\" content=\"https:\/\/www.nordestsanita.it\/wp-content\/uploads\/2021\/07\/Vaccino-Covid.jpg\" \/>\n\t<meta property=\"og:image:width\" content=\"640\" \/>\n\t<meta property=\"og:image:height\" content=\"360\" \/>\n\t<meta property=\"og:image:type\" content=\"image\/jpeg\" \/>\n<meta name=\"author\" content=\"Redazione\" \/>\n<meta name=\"twitter:card\" content=\"summary_large_image\" \/>\n<meta name=\"twitter:label1\" content=\"Scritto da\" \/>\n\t<meta name=\"twitter:data1\" content=\"Redazione\" \/>\n\t<meta name=\"twitter:label2\" content=\"Tempo di lettura stimato\" \/>\n\t<meta name=\"twitter:data2\" content=\"2 minuti\" \/>\n<script type=\"application\/ld+json\" class=\"yoast-schema-graph\">{\"@context\":\"https:\/\/schema.org\",\"@graph\":[{\"@type\":\"Article\",\"@id\":\"https:\/\/www.nordestsanita.it\/?p=1113#article\",\"isPartOf\":{\"@id\":\"https:\/\/www.nordestsanita.it\/?p=1113\"},\"author\":{\"name\":\"Redazione\",\"@id\":\"https:\/\/www.nordestsanita.it\/#\/schema\/person\/e5a7dc6dca45cb55e67d4a127b0e969a\"},\"headline\":\"Il 16 dicembre parte la vaccinazione anti-Covid ai bambini: in Ulss 3 prenotazioni da luned\u00ec 13\",\"datePublished\":\"2021-12-11T14:36:11+00:00\",\"dateModified\":\"2021-12-11T14:36:11+00:00\",\"mainEntityOfPage\":{\"@id\":\"https:\/\/www.nordestsanita.it\/?p=1113\"},\"wordCount\":455,\"publisher\":{\"@id\":\"https:\/\/www.nordestsanita.it\/#organization\"},\"keywords\":[\"bambini\",\"Covid-19\",\"ULSS3\",\"vaccino\"],\"articleSection\":[\"Covid\",\"Ulss\"],\"inLanguage\":\"it-IT\"},{\"@type\":\"WebPage\",\"@id\":\"https:\/\/www.nordestsanita.it\/?p=1113\",\"url\":\"https:\/\/www.nordestsanita.it\/?p=1113\",\"name\":\"Il 16 dicembre parte la vaccinazione anti-Covid ai bambini: in Ulss 3 prenotazioni da luned\u00ec 13 - NES\",\"isPartOf\":{\"@id\":\"https:\/\/www.nordestsanita.it\/#website\"},\"datePublished\":\"2021-12-11T14:36:11+00:00\",\"dateModified\":\"2021-12-11T14:36:11+00:00\",\"breadcrumb\":{\"@id\":\"https:\/\/www.nordestsanita.it\/?p=1113#breadcrumb\"},\"inLanguage\":\"it-IT\",\"potentialAction\":[{\"@type\":\"ReadAction\",\"target\":[\"https:\/\/www.nordestsanita.it\/?p=1113\"]}]},{\"@type\":\"BreadcrumbList\",\"@id\":\"https:\/\/www.nordestsanita.it\/?p=1113#breadcrumb\",\"itemListElement\":[{\"@type\":\"ListItem\",\"position\":1,\"name\":\"Home\",\"item\":\"https:\/\/www.nordestsanita.it\/\"},{\"@type\":\"ListItem\",\"position\":2,\"name\":\"Il 16 dicembre parte la vaccinazione anti-Covid ai bambini: in Ulss 3 prenotazioni da luned\u00ec 13\"}]},{\"@type\":\"WebSite\",\"@id\":\"https:\/\/www.nordestsanita.it\/#website\",\"url\":\"https:\/\/www.nordestsanita.it\/\",\"name\":\"NES\",\"description\":\"Nord Est Sanit\u00e0\",\"publisher\":{\"@id\":\"https:\/\/www.nordestsanita.it\/#organization\"},\"potentialAction\":[{\"@type\":\"SearchAction\",\"target\":{\"@type\":\"EntryPoint\",\"urlTemplate\":\"https:\/\/www.nordestsanita.it\/?s={search_term_string}\"},\"query-input\":\"required name=search_term_string\"}],\"inLanguage\":\"it-IT\"},{\"@type\":\"Organization\",\"@id\":\"https:\/\/www.nordestsanita.it\/#organization\",\"name\":\"NES\",\"url\":\"https:\/\/www.nordestsanita.it\/\",\"logo\":{\"@type\":\"ImageObject\",\"inLanguage\":\"it-IT\",\"@id\":\"https:\/\/www.nordestsanita.it\/#\/schema\/logo\/image\/\",\"url\":\"https:\/\/www.nordestsanita.it\/wp-content\/uploads\/2021\/05\/NES-1280.png\",\"contentUrl\":\"https:\/\/www.nordestsanita.it\/wp-content\/uploads\/2021\/05\/NES-1280.png\",\"width\":1280,\"height\":458,\"caption\":\"NES\"},\"image\":{\"@id\":\"https:\/\/www.nordestsanita.it\/#\/schema\/logo\/image\/\"}},{\"@type\":\"Person\",\"@id\":\"https:\/\/www.nordestsanita.it\/#\/schema\/person\/e5a7dc6dca45cb55e67d4a127b0e969a\",\"name\":\"Redazione\",\"image\":{\"@type\":\"ImageObject\",\"inLanguage\":\"it-IT\",\"@id\":\"https:\/\/www.nordestsanita.it\/#\/schema\/person\/image\/\",\"url\":\"https:\/\/secure.gravatar.com\/avatar\/3f19a9b3d671ea36ec67c4badf3f961a?s=96&d=mm&r=g\",\"contentUrl\":\"https:\/\/secure.gravatar.com\/avatar\/3f19a9b3d671ea36ec67c4badf3f961a?s=96&d=mm&r=g\",\"caption\":\"Redazione\"},\"url\":\"https:\/\/www.nordestsanita.it\/?author=8\"}]}<\/script>\n<!-- \/ Yoast SEO plugin. -->","yoast_head_json":{"title":"Il 16 dicembre parte la vaccinazione anti-Covid ai bambini: in Ulss 3 prenotazioni da luned\u00ec 13 - NES","robots":{"index":"index","follow":"follow","max-snippet":"max-snippet:-1","max-image-preview":"max-image-preview:large","max-video-preview":"max-video-preview:-1"},"canonical":"https:\/\/www.nordestsanita.it\/?p=1113","og_locale":"it_IT","og_type":"article","og_title":"Il 16 dicembre parte la vaccinazione anti-Covid ai bambini: in Ulss 3 prenotazioni da luned\u00ec 13 - NES","og_description":"Negli HUB vaccinali dell&#8217;Ulss 3 Serenissima \u00e8 in arrivo il tempo dei bambini: da gioved\u00ec 16 dicembre, infatti, anche\u00a0i piccoli utenti di et\u00e0 compresa tra i 5 e gli 11 anni potranno aderire alla vaccinazione, secondo le indicazioni ministeriali.","og_url":"https:\/\/www.nordestsanita.it\/?p=1113","og_site_name":"NES","article_published_time":"2021-12-11T14:36:11+00:00","og_image":[{"width":640,"height":360,"url":"https:\/\/www.nordestsanita.it\/wp-content\/uploads\/2021\/07\/Vaccino-Covid.jpg","type":"image\/jpeg"}],"author":"Redazione","twitter_card":"summary_large_image","twitter_misc":{"Scritto da":"Redazione","Tempo di lettura stimato":"2 minuti"},"schema":{"@context":"https:\/\/schema.org","@graph":[{"@type":"Article","@id":"https:\/\/www.nordestsanita.it\/?p=1113#article","isPartOf":{"@id":"https:\/\/www.nordestsanita.it\/?p=1113"},"author":{"name":"Redazione","@id":"https:\/\/www.nordestsanita.it\/#\/schema\/person\/e5a7dc6dca45cb55e67d4a127b0e969a"},"headline":"Il 16 dicembre parte la vaccinazione anti-Covid ai bambini: in Ulss 3 prenotazioni da luned\u00ec 13","datePublished":"2021-12-11T14:36:11+00:00","dateModified":"2021-12-11T14:36:11+00:00","mainEntityOfPage":{"@id":"https:\/\/www.nordestsanita.it\/?p=1113"},"wordCount":455,"publisher":{"@id":"https:\/\/www.nordestsanita.it\/#organization"},"keywords":["bambini","Covid-19","ULSS3","vaccino"],"articleSection":["Covid","Ulss"],"inLanguage":"it-IT"},{"@type":"WebPage","@id":"https:\/\/www.nordestsanita.it\/?p=1113","url":"https:\/\/www.nordestsanita.it\/?p=1113","name":"Il 16 dicembre parte la vaccinazione anti-Covid ai bambini: in Ulss 3 prenotazioni da luned\u00ec 13 - NES","isPartOf":{"@id":"https:\/\/www.nordestsanita.it\/#website"},"datePublished":"2021-12-11T14:36:11+00:00","dateModified":"2021-12-11T14:36:11+00:00","breadcrumb":{"@id":"https:\/\/www.nordestsanita.it\/?p=1113#breadcrumb"},"inLanguage":"it-IT","potentialAction":[{"@type":"ReadAction","target":["https:\/\/www.nordestsanita.it\/?p=1113"]}]},{"@type":"BreadcrumbList","@id":"https:\/\/www.nordestsanita.it\/?p=1113#breadcrumb","itemListElement":[{"@type":"ListItem","position":1,"name":"Home","item":"https:\/\/www.nordestsanita.it\/"},{"@type":"ListItem","position":2,"name":"Il 16 dicembre parte la vaccinazione anti-Covid ai bambini: in Ulss 3 prenotazioni da luned\u00ec 13"}]},{"@type":"WebSite","@id":"https:\/\/www.nordestsanita.it\/#website","url":"https:\/\/www.nordestsanita.it\/","name":"NES","description":"Nord Est Sanit\u00e0","publisher":{"@id":"https:\/\/www.nordestsanita.it\/#organization"},"potentialAction":[{"@type":"SearchAction","target":{"@type":"EntryPoint","urlTemplate":"https:\/\/www.nordestsanita.it\/?s={search_term_string}"},"query-input":"required name=search_term_string"}],"inLanguage":"it-IT"},{"@type":"Organization","@id":"https:\/\/www.nordestsanita.it\/#organization","name":"NES","url":"https:\/\/www.nordestsanita.it\/","logo":{"@type":"ImageObject","inLanguage":"it-IT","@id":"https:\/\/www.nordestsanita.it\/#\/schema\/logo\/image\/","url":"https:\/\/www.nordestsanita.it\/wp-content\/uploads\/2021\/05\/NES-1280.png","contentUrl":"https:\/\/www.nordestsanita.it\/wp-content\/uploads\/2021\/05\/NES-1280.png","width":1280,"height":458,"caption":"NES"},"image":{"@id":"https:\/\/www.nordestsanita.it\/#\/schema\/logo\/image\/"}},{"@type":"Person","@id":"https:\/\/www.nordestsanita.it\/#\/schema\/person\/e5a7dc6dca45cb55e67d4a127b0e969a","name":"Redazione","image":{"@type":"ImageObject","inLanguage":"it-IT","@id":"https:\/\/www.nordestsanita.it\/#\/schema\/person\/image\/","url":"https:\/\/secure.gravatar.com\/avatar\/3f19a9b3d671ea36ec67c4badf3f961a?s=96&d=mm&r=g","contentUrl":"https:\/\/secure.gravatar.com\/avatar\/3f19a9b3d671ea36ec67c4badf3f961a?s=96&d=mm&r=g","caption":"Redazione"},"url":"https:\/\/www.nordestsanita.it\/?author=8"}]}},"jetpack_featured_media_url":"https:\/\/www.nordestsanita.it\/wp-content\/uploads\/2021\/07\/Vaccino-Covid.jpg","_links":{"self":[{"href":"https:\/\/www.nordestsanita.it\/index.php?rest_route=\/wp\/v2\/posts\/1113"}],"collection":[{"href":"https:\/\/www.nordestsanita.it\/index.php?rest_route=\/wp\/v2\/posts"}],"about":[{"href":"https:\/\/www.nordestsanita.it\/index.php?rest_route=\/wp\/v2\/types\/post"}],"author":[{"embeddable":true,"href":"https:\/\/www.nordestsanita.it\/index.php?rest_route=\/wp\/v2\/users\/8"}],"replies":[{"embeddable":true,"href":"https:\/\/www.nordestsanita.it\/index.php?rest_route=%2Fwp%2Fv2%2Fcomments&post=1113"}],"version-history":[{"count":1,"href":"https:\/\/www.nordestsanita.it\/index.php?rest_route=\/wp\/v2\/posts\/1113\/revisions"}],"predecessor-version":[{"id":1114,"href":"https:\/\/www.nordestsanita.it\/index.php?rest_route=\/wp\/v2\/posts\/1113\/revisions\/1114"}],"wp:featuredmedia":[{"embeddable":true,"href":"https:\/\/www.nordestsanita.it\/index.php?rest_route=\/wp\/v2\/media\/855"}],"wp:attachment":[{"href":"https:\/\/www.nordestsanita.it\/index.php?rest_route=%2Fwp%2Fv2%2Fmedia&parent=1113"}],"wp:term":[{"taxonomy":"category","embeddable":true,"href":"https:\/\/www.nordestsanita.it\/index.php?rest_route=%2Fwp%2Fv2%2Fcategories&post=1113"},{"taxonomy":"post_tag","embeddable":true,"href":"https:\/\/www.nordestsanita.it\/index.php?rest_route=%2Fwp%2Fv2%2Ftags&post=1113"}],"curies":[{"name":"wp","href":"https:\/\/api.w.org\/{rel}","templated":true}]}}