{"id":1162,"date":"2022-01-05T17:12:26","date_gmt":"2022-01-05T16:12:26","guid":{"rendered":"https:\/\/www.nordestsanita.it\/?p=1162"},"modified":"2022-01-05T17:12:27","modified_gmt":"2022-01-05T16:12:27","slug":"veneto-approvato-un-nuovo-modello-gestionale-organizzativo-dellarea-materno-infantile","status":"publish","type":"post","link":"https:\/\/www.nordestsanita.it\/?p=1162","title":{"rendered":"Veneto: approvato un nuovo modello gestionale-organizzativo dell\u2019area materno-infantile"},"content":{"rendered":"\n<p>Nasce in Veneto un nuovo modello gestionale\/organizzativo che intende dare attuazione a quanto previsto dal Piano socio sanitario regionale 2019-2023 \u201cLa salute della donna e del bambino\u201d.<\/p>\n\n\n\n<!--more-->\n\n\n\n<p>\u201cLa scelta di diventare genitori e tutto il percorso che segue dal concepimento alla nascita e alla crescita del bimbo sono estremamente delicati e richiedono una presa in carico attenta con atti mirati e all\u2019avanguardia. Questa considerazione giustifica l&#8217;interesse primario a scelte che possano da un lato supportare le coppie e le famiglie a concepire, far nascere e crescere figli, dall&#8217;altro ad agire per garantire la salute e il miglior sviluppo possibile ai bambini, componente sempre pi\u00f9 preziosa non solo per le singole famiglie ma per la societ\u00e0 tutta \u2013 sottolinea l\u2019assessore alla Sanit\u00e0 e Politiche Sociali Manuela Lanzarin &#8211; Per questo il Veneto si \u00e8 dotato di un \u201cModello gestionale ed organizzativo dell&#8217;area materno &#8211; infantile: dal pre-concezionale all&#8217;et\u00e0 prescolare del nato\u201d.<\/p>\n\n\n\n<p>\u201cIn Regione gi\u00e0 sussistono percorsi virtuosi che vanno dalla qualit\u00e0 persistente di parte della rete per le gravide e le nascite e di altre reti specialistiche come quelle per le malattie genetiche rare, interventi su specifici problemi, percorsi anche innovativi, come l&#8217;affidamento di gravide a bassissimo rischio alle ostetriche, che tutte portano comunque ad esiti in salute del nato assolutamente di buon livello, come testimoniato dai tassi di mortalit\u00e0 neonatale infantile, di mortalit\u00e0 materna e di cesareo\u201d, aggiunge l\u2019assessore Lanzarin.<\/p>\n\n\n\n<p>Ed \u00e8 appunto per rendere ancora pi\u00f9 performante il Sistema \u00e8 stato individuato un nuovo Sistema Gestionale\/Organizzativo che va dal pre-concepimento fino all&#8217;et\u00e0 prescolare del nato e che si articola in 16 punti che in sintesi cos\u00ec si sostanziano.<\/p>\n\n\n\n<ol><li>Definizione di un unico macro ambito che comprenda tutte le azioni, percorsi e servizi sanitari e socio sanitari presenti in regione attivi dal pre-concepimento, alla gravidanza, parto, puerperio, nato, lattante e bambino fino all&#8217;et\u00e0 prescolare, seguendo una unica visione, in modo che le azioni e i percorsi, declinati in base alla complessit\u00e0 della condizione presentata e alla intensit\u00e0 assistenziale richiesta, siano comunque strettamente connessi tra loro e uniti da passaggi o nodi comuni. In particolare verranno inclusi percorsi ed azioni gi\u00e0 esistenti come ad esempio i percorsi per le gravide a bassissimo rischio seguita dalle ostetriche, le reti di genetica e le altre per le diagnosi prenatali, i percorsi per la depressione materna, la rete dei punti nascita, gli screening neonatali. A questi si assoceranno la progettazione di specifici interventi oggi parzialmente carenti come il Servizio di Trasporto Assistito Materno (STAM) e il potenziamento della Neuropsichiatria Infantile (NPI) e la messa in atto di interventi ancora non realizzati, come il supporto alla gravida vulnerabile, le visite domiciliari di personale ostetrico\/infermieristico alla seconda o terza settimana dopo il parto, l&#8217;informazione per la prevenzione di eventi come la morte improvvisa, la sindrome del bambino scosso (shaken baby syndrome), gli incidenti, e il potenziamento di reti territoriali per l&#8217;assistenza domiciliare e la riabilitazione pediatrica.<\/li><li>Strutturazione di un unico sistema di monitoraggio che, poggiandosi sulla base di sistemi informativi gi\u00e0 esistenti che trattano l&#8217;assistenza al parto (connessione di tutti i punti nascita per CEDAP \u2013 Certificato di assistenza al parto, ecc) e alla gravida, venga sviluppato in modo da censire le nuove gravide collegandole alla specifica esenzione e all\u2019 anagrafe unica regionale degli assistiti (AUR), definisca immediatamente l&#8217;agenda della gravidanza fisiologica per ciascuna donna in base a quanto previsto nei Livelli Essenziali di Assistenza &#8211; LEA e fissi le relative prestazioni, accompagni i percorsi via via definiti per ogni donna in base alla sua condizione clinica complessiva e la orienti nel punto nascita adeguato per il suo livello di rischio, infine raccolga l&#8217;informazione essenziale circa il parto e la salute di donna e nato, utile dopo la dimissione.<\/li><li>Supporto attivo alle famiglie, facilitando al massimo tutti gli adempimenti giuridici e amministrativi connessi con la nascita, trasformando ogni punto nascita in sportello unico per genitori, che potranno agevolmente durante la degenza post partum riconoscere il nato e iscriverlo nei registri di stato civile, iscriverlo successivamente alla anagrafe comunale e quindi a quella sanitaria, potendo dimettere il nuovo nato gi\u00e0 pienamente tutelato, con una coppia genitoriale o un genitore, una rete di servizi e istituzioni e un pediatra noti e certi. In ogni caso, per ciascun percorso, si analizzeranno gli adempimenti amministrativi che dovranno essere, per quanto possibile, output del sistema pi\u00f9 che incombenze del cittadino.<\/li><li>Acquisizione ed implementazione tutti gli strumenti che potranno facilitare e migliorare la qualit\u00e0 dell&#8217;assistenza prestata. Tra essi potranno essere comprese la resa disponibile in tempo reale ai professionisti dei servizi regionali coinvolti di basi di dati internazionali che orientino la diagnosi o la selezione corretta dei trattamenti come quella sul rischio teratogeno di farmaci e altre sostanze prescritte o assunte dalla gravida in varie epoche gestazionali, da collegarsi ad esempio alla redazione delle ricette dematerializzate, o il data base sui dismorfismi e altre condizioni ereditarie da rendere disponibile alle pediatrie ospedaliere e ai pediatri di libera scelta. Altro genere di strumento a supporto delle azioni da svolgere, ma anche come base per la ricerca e la definizione di nuova conoscenza, \u00e8 la creazione o lo sviluppo quando gi\u00e0 esistenti, di biobanche uniche regionali, sia ad esempio per la raccolta e gestione dei gameti, sia per la raccolta e gestione del materiale biologico derivante dalla attivit\u00e0 di screening neonatale e ricostruente il profilo genotipico di tutti i nati e in pochi anni di gran parte della popolazione residente o assistita in Veneto. Infine un terzo genere di strumenti comprende tutte le iniziative di interoperabilit\u00e0 ed integrazioni tra la nuova area tracciata dalla presente delibera e sistemi esistenti e gi\u00e0 strutturati che si occupano in parte della stessa popolazione e degli stessi servizi.<\/li><\/ol>\n\n\n\n<p>5) Percorsi a basso rischio ostetrico &#8211; BRO per le gravide e loro espansione in tutta la Regione, percorso BRO per il parto con creazione di uno spazio specifico all&#8217;interno dei punti nascita con assistenza totalmente affidata alle ostetriche.<\/p>\n\n\n\n<p>6) Revisione della rete dei punti nascita del Veneto con un possibile potenziamento del personale impiegato.<\/p>\n\n\n\n<p>7) Mantenimento a regime del programma di contrasto alla depressione materna, comprendente sia le attivit\u00e0 di screening e diagnosi precoce in gravidanza e in puerperio, sia le azioni di supporto fino al trattamento precoce con specifici percorsi all&#8217;interno degli ospedali con punti nascita e nel territorio a carico dei consultori familiari e dei dipartimenti di salute mentale a seconda della gravit\u00e0 della condizione clinica presentata.<\/p>\n\n\n\n<p>8) Creazione di una cartella clinica della gravida che unifichi e raccolga tutte le applicazioni ora esistenti e separate permettendo fin dall&#8217;inizio di una gravidanza di stratificare l&#8217;informazione clinica pi\u00f9 rilevante, connettere i dati delle diverse attivit\u00e0 predisposte e integrare completamente il monitoraggio della gravidanza all&#8217;informazione raccolta al parto attraverso il registro nascita (CEDAP).<\/p>\n\n\n\n<p>9) Istituzione di un servizio codificato di trasporto della gravida STAM (Servizio di Trasporto Assistito Materno), organizzato verso i cinque hub (Treviso e Belluno, Venezia, Padova e Rovigo, Vicenza, Verona) e con attivazione del trasporto da parte dell&#8217;ospedale spoke.<\/p>\n\n\n\n<p>10) Rivalutazione del sistema di trasporto neonatale STEN (Servizio di Trasporto Emergenza Neonatale) per eventuale conferma o potenziamento dell&#8217;esistente.<\/p>\n\n\n\n<p>11) Screening neonatali metabolici allargati e screening neonatali uditivo e visivo, creazione di un sistema veneto di bio-banca del materiale biologico ottenuto dai cartoncini di prelievo dai nati, collegamento delle attivit\u00e0 di screening del nato con la cartella del parto e del nato all&#8217;interno del Registro Nascita (CEDAP) a cui far confluire il risultato del test di primo livello di screening e l&#8217;eventuale successiva conferma diagnostica, per poter effettuare le valutazioni di efficienza delle procedure seguite, in particolare calcolare i persi nel corso della procedura di screening, i falsi positivi e la specificit\u00e0 della procedura, anche grazie all&#8217;immediata iscrizione del nato diagnosticato come patologico al registro malattie rare. In questa maniera sar\u00e0 possibile calcolare anche i falsi negativi e quindi la sensibilit\u00e0 dell&#8217;intero percorso di screening neonatale.<\/p>\n\n\n\n<p>12) Registro malformazioni congenite tenuto dal Coordinamento regionale Malattie Rare e Registro Nascita ad esso aggregato e suo legame con la rete di diagnosi genetica. Nel caso di sospetta malformazione congenita e\/o di sospetta malattia rara, le richieste di accertamento genetico dovranno essere prescritte solo da unit\u00e0 operative facenti parte della rete delle malattie rare e le indagini dovranno essere effettuate da laboratori appositamente selezionati per facilities diagnostiche a disposizioni, documentata esperienza nel settore e volume di attivit\u00e0 in stretta relazione con i clinici dei centri di riferimento per specifico gruppo di malattie rare.<\/p>\n\n\n\n<p>13) Ripristino e implementazione dei Programmi di sensibilizzazione, informazione, formazione e supporto delle famiglie e dei nuovi genitori per temi rilevanti per la salute del nato con particolare riguardo alle problematiche della SIDS (Sudden Infant Death Syndrome o morte in culla o morte improvvisa del lattante), della sindrome del bambino scosso (Shaken baby syndrome) ed incidenti domestici e stradali. Questi 3 temi sono di estrema importanza per la salute del nato e del lattante, poich\u00e9 costituiscono la pi\u00f9 rilevante causa di morte nel primo anno, escludendo le morti da cause perinatali. Azioni specifiche per la SIDS sono un programma di informazione specifico in gravidanza (corsi di preparazione al parto in associazione alla prevenzione degli incidenti e della sindrome del bambino scosso), gli screening metabolici allargati per i neonati, l&#8217;istituzione del centro regionale per la verifica autoptica in caso di decesso e l&#8217;istituzione di gruppi di autoaiuto per le famiglie colpite in collaborazione con le principali associazioni d&#8217;utenza nel settore. Azioni specifiche per la sindrome del bambino scosso sono l&#8217;informazione specifica alla nascita e ai controlli del 1\u00b0, 3\u00b0, 6\u00b0 mese di vita e un programma di formazione per pediatri, neuroradiologi e oculisti. Azioni specifiche per la prevenzione degli incidenti in et\u00e0 prescolare sono il ripristino della campagna gi\u00e0 in atto in passato nella nostra Regione.<\/p>\n\n\n\n<p>14) Follow up neonati prematuri e ad alto rischio, con costituzione di un ambulatorio integrato di follow up dei nati patologici nei punti nascita di 3 livello con cure intensive neonatali (Treviso, Padova, Mestre, Vicenza, Verona), con possibilit\u00e0 di eseguire diagnostica neuroradiologica, potenziali evocati, valutazione neurologia, della motricit\u00e0 e dello sviluppo psicomotorio, valutazioni uditive e visive, dell&#8217;accrescimento ecc. In tale ambulatorio deve essere fortemente incentivata e facilitata la copresenza del pediatra di famiglia e del neuropsichiatra infantile territoriale.<\/p>\n\n\n\n<p>15) Percorso disordini dello sviluppo e diagnosi precoce sindromi autistiche, basato sul costante monitoraggio delle tappe di sviluppo complessiva del lattante e del bambino in et\u00e0 prescolare, ripetute ai controlli vaccinali.<\/p>\n\n\n\n<p>16) Programma di visite domiciliari (home visits) esteso a tutte le puerpere nel corso della seconda \u2014 terza settimana dal parto o dal ritorno a domicilio. Le visite domiciliari con personale ostetrico o infermieristico appositamente formato si sono dimostrate, in tutti i Paesi dove effettuate di routine, un&#8217;azione efficace nel supportare le famiglie, nel facilitare il coping e l&#8217;attaccamento, nel facilitare il superamento di problematiche non gravi, ma potenzialmente evolutive e nel riconoscere precocemente le situazioni di maggior rischio o di franca patologia che richiedono interventi immediati.<\/p>\n\n\n\n<p>NASCERE IN VENETO: TUTTI I NUMERI<\/p>\n\n\n\n<p>La rete dei punti nascita in Veneto si articola in 34 punti nascita distribuiti sull\u2019intera Regione e la quasi totalit\u00e0 dei parti in Veneto avviene presso una di queste strutture pubbliche o private convenzionate. La distribuzione dei parti per punto nascita risulta diversa rispetto al 2019 a causa degli effetti organizzativi legati alla pandemia.<\/p>\n\n\n\n<p>L\u2019anno 2020, con i suoi 32.055 parti e 32.493 nati, conferma il trend decrescente delle nascite, registrando il 2,5% in meno di nati rispetto allo scorso anno e un terzo in meno rispetto al 2008.<\/p>\n\n\n\n<p>Il contributo delle madri straniere ai parti in Veneto rimane stabile e pari al 28,8%. Come le italiane, anche le donne straniere mostrano un trend decrescente nel numero assoluto di parti.<\/p>\n\n\n\n<ul><li>L\u2019et\u00e0 media al parto \u00e8 di 32,2 anni, in lieve aumento rispetto all\u2019anno precedente; la percentuale di parti da donne con 35 anni e pi\u00f9 \u00e8 cresciuta nell\u2019ultimo ventennio sia per le italiane che per le straniere fino a raggiungere il valore complessivo attuale del 34% ed \u00e8 pi\u00f9 che raddoppiata la quota di parti per la fascia d\u2019et\u00e0 40-44 anni.<\/li><\/ul>\n\n\n\n<p>Il 54% delle italiane \u00e8 primipara rispetto al 37% delle straniere.<\/p>\n\n\n\n<ul><li>Le donne che hanno partorito in Veneto nel 2020 presentano una scolarit\u00e0 principalmente medio-alta (81,3%), un 16,1% ha acquisito solo il diploma di scuola media inferiore ed il 2,6% la licenza elementare o non ha alcun titolo.<\/li><\/ul>\n\n\n\n<p>Oltre il 65% delle madri svolge un\u2019attivit\u00e0 lavorativa, mentre una donna su cinque \u00e8 casalinga, il 12,4% \u00e8 disoccupata e lo 0,9% \u00e8 studentessa. Permane un divario tra italiane e straniere con percentuali maggiori di svantaggio sociale per quest\u2019ultime.<\/p>\n\n\n\n<p>Mediamente nel corso della gravidanza le donne hanno effettuato circa 7 visite e oltre la met\u00e0 (64%) esegue la prima visita entro le prime 8 settimane di gravidanza. Solo lo 0,2% non esegue alcuna visita e il 12,5% posticipa il primo controllo oltre l\u201911a settimana. L\u2019analisi temporale conferma una riduzione sia delle donne che effettuano un numero inferiore a 4 di accertamenti sia di quelle che effettuano tardivamente la prima visita, tanto per le italiane quanto per le straniere.<\/p>\n\n\n\n<p>In media le donne si sottopongono a circa 5 controlli ecografici, lo 0,2% non effettua alcun controllo. La percentuale di donne che si sottopone ad indagini invasive \u00e8 in ulteriore calo rispetto all\u2019anno precedente, fino all\u2019attuale 7,5%. 5 &#8211; Il 55,1% dei parti avviene in seguito a travaglio spontaneo, mentre il 28,7% dei parti vaginali \u00e8 indotto farmacologicamente.<\/p>\n\n\n\n<p>Nel 43,3% dei parti vaginali \u00e8 stata utilizzata almeno una metodica per il controllo del dolore. In quasi il 58% dei casi si \u00e8 trattato di una metodica farmacologica.<\/p>\n\n\n\n<p>In Veneto la quota di cesarei \u00e8 progressivamente diminuita dal 2010 al 2014, per poi stabilizzarsi attorno al 25%. La percentuale dei cesarei calcolati su donne non precesarizzate (cesarei primari) \u00e8 del 18%.<\/p>\n","protected":false},"excerpt":{"rendered":"<p>Nasce in Veneto un nuovo modello gestionale\/organizzativo per attuare quanto previsto dal Piano socio sanitario regionale 2019-2023.<\/p>\n","protected":false},"author":8,"featured_media":1163,"comment_status":"closed","ping_status":"open","sticky":false,"template":"","format":"standard","meta":[],"categories":[25],"tags":[200,33],"yoast_head":"<!-- This site is optimized with the Yoast SEO plugin v20.2 - https:\/\/yoast.com\/wordpress\/plugins\/seo\/ -->\n<title>Veneto: approvato un nuovo modello gestionale-organizzativo dell\u2019area materno-infantile<\/title>\n<meta name=\"description\" content=\"Nasce in Veneto un nuovo modello gestionale\/organizzativo per attuare quanto previsto dal Piano socio sanitario regionale 2019-2023.\" \/>\n<meta name=\"robots\" content=\"index, follow, max-snippet:-1, max-image-preview:large, max-video-preview:-1\" \/>\n<link rel=\"canonical\" href=\"https:\/\/www.nordestsanita.it\/?p=1162\" \/>\n<meta property=\"og:locale\" content=\"it_IT\" \/>\n<meta property=\"og:type\" content=\"article\" \/>\n<meta property=\"og:title\" content=\"Veneto: approvato un nuovo modello gestionale-organizzativo dell\u2019area materno-infantile\" \/>\n<meta property=\"og:description\" content=\"Nasce in Veneto un nuovo modello gestionale\/organizzativo per attuare quanto previsto dal Piano socio sanitario regionale 2019-2023.\" \/>\n<meta property=\"og:url\" content=\"https:\/\/www.nordestsanita.it\/?p=1162\" \/>\n<meta property=\"og:site_name\" content=\"NES\" \/>\n<meta property=\"article:published_time\" content=\"2022-01-05T16:12:26+00:00\" \/>\n<meta property=\"article:modified_time\" content=\"2022-01-05T16:12:27+00:00\" \/>\n<meta property=\"og:image\" content=\"https:\/\/www.nordestsanita.it\/wp-content\/uploads\/2022\/01\/allattamento.jpg\" \/>\n\t<meta property=\"og:image:width\" content=\"960\" \/>\n\t<meta property=\"og:image:height\" content=\"720\" \/>\n\t<meta property=\"og:image:type\" content=\"image\/jpeg\" \/>\n<meta name=\"author\" content=\"Redazione\" \/>\n<meta name=\"twitter:card\" content=\"summary_large_image\" \/>\n<meta name=\"twitter:label1\" content=\"Scritto da\" \/>\n\t<meta name=\"twitter:data1\" content=\"Redazione\" \/>\n\t<meta name=\"twitter:label2\" content=\"Tempo di lettura stimato\" \/>\n\t<meta name=\"twitter:data2\" content=\"10 minuti\" \/>\n<script type=\"application\/ld+json\" class=\"yoast-schema-graph\">{\"@context\":\"https:\/\/schema.org\",\"@graph\":[{\"@type\":\"Article\",\"@id\":\"https:\/\/www.nordestsanita.it\/?p=1162#article\",\"isPartOf\":{\"@id\":\"https:\/\/www.nordestsanita.it\/?p=1162\"},\"author\":{\"name\":\"Redazione\",\"@id\":\"https:\/\/www.nordestsanita.it\/#\/schema\/person\/e5a7dc6dca45cb55e67d4a127b0e969a\"},\"headline\":\"Veneto: approvato un nuovo modello gestionale-organizzativo dell\u2019area materno-infantile\",\"datePublished\":\"2022-01-05T16:12:26+00:00\",\"dateModified\":\"2022-01-05T16:12:27+00:00\",\"mainEntityOfPage\":{\"@id\":\"https:\/\/www.nordestsanita.it\/?p=1162\"},\"wordCount\":2229,\"publisher\":{\"@id\":\"https:\/\/www.nordestsanita.it\/#organization\"},\"keywords\":[\"maternit\u00e0\",\"sanit\u00e0\"],\"articleSection\":[\"Sanit\u00e0\"],\"inLanguage\":\"it-IT\"},{\"@type\":\"WebPage\",\"@id\":\"https:\/\/www.nordestsanita.it\/?p=1162\",\"url\":\"https:\/\/www.nordestsanita.it\/?p=1162\",\"name\":\"Veneto: approvato un nuovo modello gestionale-organizzativo dell\u2019area materno-infantile\",\"isPartOf\":{\"@id\":\"https:\/\/www.nordestsanita.it\/#website\"},\"datePublished\":\"2022-01-05T16:12:26+00:00\",\"dateModified\":\"2022-01-05T16:12:27+00:00\",\"description\":\"Nasce in Veneto un nuovo modello gestionale\/organizzativo per attuare quanto previsto dal Piano socio sanitario regionale 2019-2023.\",\"breadcrumb\":{\"@id\":\"https:\/\/www.nordestsanita.it\/?p=1162#breadcrumb\"},\"inLanguage\":\"it-IT\",\"potentialAction\":[{\"@type\":\"ReadAction\",\"target\":[\"https:\/\/www.nordestsanita.it\/?p=1162\"]}]},{\"@type\":\"BreadcrumbList\",\"@id\":\"https:\/\/www.nordestsanita.it\/?p=1162#breadcrumb\",\"itemListElement\":[{\"@type\":\"ListItem\",\"position\":1,\"name\":\"Home\",\"item\":\"https:\/\/www.nordestsanita.it\/\"},{\"@type\":\"ListItem\",\"position\":2,\"name\":\"Veneto: approvato un nuovo modello gestionale-organizzativo dell\u2019area materno-infantile\"}]},{\"@type\":\"WebSite\",\"@id\":\"https:\/\/www.nordestsanita.it\/#website\",\"url\":\"https:\/\/www.nordestsanita.it\/\",\"name\":\"NES\",\"description\":\"Nord Est Sanit\u00e0\",\"publisher\":{\"@id\":\"https:\/\/www.nordestsanita.it\/#organization\"},\"potentialAction\":[{\"@type\":\"SearchAction\",\"target\":{\"@type\":\"EntryPoint\",\"urlTemplate\":\"https:\/\/www.nordestsanita.it\/?s={search_term_string}\"},\"query-input\":\"required name=search_term_string\"}],\"inLanguage\":\"it-IT\"},{\"@type\":\"Organization\",\"@id\":\"https:\/\/www.nordestsanita.it\/#organization\",\"name\":\"NES\",\"url\":\"https:\/\/www.nordestsanita.it\/\",\"logo\":{\"@type\":\"ImageObject\",\"inLanguage\":\"it-IT\",\"@id\":\"https:\/\/www.nordestsanita.it\/#\/schema\/logo\/image\/\",\"url\":\"https:\/\/www.nordestsanita.it\/wp-content\/uploads\/2021\/05\/NES-1280.png\",\"contentUrl\":\"https:\/\/www.nordestsanita.it\/wp-content\/uploads\/2021\/05\/NES-1280.png\",\"width\":1280,\"height\":458,\"caption\":\"NES\"},\"image\":{\"@id\":\"https:\/\/www.nordestsanita.it\/#\/schema\/logo\/image\/\"}},{\"@type\":\"Person\",\"@id\":\"https:\/\/www.nordestsanita.it\/#\/schema\/person\/e5a7dc6dca45cb55e67d4a127b0e969a\",\"name\":\"Redazione\",\"image\":{\"@type\":\"ImageObject\",\"inLanguage\":\"it-IT\",\"@id\":\"https:\/\/www.nordestsanita.it\/#\/schema\/person\/image\/\",\"url\":\"https:\/\/secure.gravatar.com\/avatar\/3f19a9b3d671ea36ec67c4badf3f961a?s=96&d=mm&r=g\",\"contentUrl\":\"https:\/\/secure.gravatar.com\/avatar\/3f19a9b3d671ea36ec67c4badf3f961a?s=96&d=mm&r=g\",\"caption\":\"Redazione\"},\"url\":\"https:\/\/www.nordestsanita.it\/?author=8\"}]}<\/script>\n<!-- \/ Yoast SEO plugin. -->","yoast_head_json":{"title":"Veneto: approvato un nuovo modello gestionale-organizzativo dell\u2019area materno-infantile","description":"Nasce in Veneto un nuovo modello gestionale\/organizzativo per attuare quanto previsto dal Piano socio sanitario regionale 2019-2023.","robots":{"index":"index","follow":"follow","max-snippet":"max-snippet:-1","max-image-preview":"max-image-preview:large","max-video-preview":"max-video-preview:-1"},"canonical":"https:\/\/www.nordestsanita.it\/?p=1162","og_locale":"it_IT","og_type":"article","og_title":"Veneto: approvato un nuovo modello gestionale-organizzativo dell\u2019area materno-infantile","og_description":"Nasce in Veneto un nuovo modello gestionale\/organizzativo per attuare quanto previsto dal Piano socio sanitario regionale 2019-2023.","og_url":"https:\/\/www.nordestsanita.it\/?p=1162","og_site_name":"NES","article_published_time":"2022-01-05T16:12:26+00:00","article_modified_time":"2022-01-05T16:12:27+00:00","og_image":[{"width":960,"height":720,"url":"https:\/\/www.nordestsanita.it\/wp-content\/uploads\/2022\/01\/allattamento.jpg","type":"image\/jpeg"}],"author":"Redazione","twitter_card":"summary_large_image","twitter_misc":{"Scritto da":"Redazione","Tempo di lettura stimato":"10 minuti"},"schema":{"@context":"https:\/\/schema.org","@graph":[{"@type":"Article","@id":"https:\/\/www.nordestsanita.it\/?p=1162#article","isPartOf":{"@id":"https:\/\/www.nordestsanita.it\/?p=1162"},"author":{"name":"Redazione","@id":"https:\/\/www.nordestsanita.it\/#\/schema\/person\/e5a7dc6dca45cb55e67d4a127b0e969a"},"headline":"Veneto: approvato un nuovo modello gestionale-organizzativo dell\u2019area materno-infantile","datePublished":"2022-01-05T16:12:26+00:00","dateModified":"2022-01-05T16:12:27+00:00","mainEntityOfPage":{"@id":"https:\/\/www.nordestsanita.it\/?p=1162"},"wordCount":2229,"publisher":{"@id":"https:\/\/www.nordestsanita.it\/#organization"},"keywords":["maternit\u00e0","sanit\u00e0"],"articleSection":["Sanit\u00e0"],"inLanguage":"it-IT"},{"@type":"WebPage","@id":"https:\/\/www.nordestsanita.it\/?p=1162","url":"https:\/\/www.nordestsanita.it\/?p=1162","name":"Veneto: approvato un nuovo modello gestionale-organizzativo dell\u2019area materno-infantile","isPartOf":{"@id":"https:\/\/www.nordestsanita.it\/#website"},"datePublished":"2022-01-05T16:12:26+00:00","dateModified":"2022-01-05T16:12:27+00:00","description":"Nasce in Veneto un nuovo modello gestionale\/organizzativo per attuare quanto previsto dal Piano socio sanitario regionale 2019-2023.","breadcrumb":{"@id":"https:\/\/www.nordestsanita.it\/?p=1162#breadcrumb"},"inLanguage":"it-IT","potentialAction":[{"@type":"ReadAction","target":["https:\/\/www.nordestsanita.it\/?p=1162"]}]},{"@type":"BreadcrumbList","@id":"https:\/\/www.nordestsanita.it\/?p=1162#breadcrumb","itemListElement":[{"@type":"ListItem","position":1,"name":"Home","item":"https:\/\/www.nordestsanita.it\/"},{"@type":"ListItem","position":2,"name":"Veneto: approvato un nuovo modello gestionale-organizzativo dell\u2019area materno-infantile"}]},{"@type":"WebSite","@id":"https:\/\/www.nordestsanita.it\/#website","url":"https:\/\/www.nordestsanita.it\/","name":"NES","description":"Nord Est Sanit\u00e0","publisher":{"@id":"https:\/\/www.nordestsanita.it\/#organization"},"potentialAction":[{"@type":"SearchAction","target":{"@type":"EntryPoint","urlTemplate":"https:\/\/www.nordestsanita.it\/?s={search_term_string}"},"query-input":"required name=search_term_string"}],"inLanguage":"it-IT"},{"@type":"Organization","@id":"https:\/\/www.nordestsanita.it\/#organization","name":"NES","url":"https:\/\/www.nordestsanita.it\/","logo":{"@type":"ImageObject","inLanguage":"it-IT","@id":"https:\/\/www.nordestsanita.it\/#\/schema\/logo\/image\/","url":"https:\/\/www.nordestsanita.it\/wp-content\/uploads\/2021\/05\/NES-1280.png","contentUrl":"https:\/\/www.nordestsanita.it\/wp-content\/uploads\/2021\/05\/NES-1280.png","width":1280,"height":458,"caption":"NES"},"image":{"@id":"https:\/\/www.nordestsanita.it\/#\/schema\/logo\/image\/"}},{"@type":"Person","@id":"https:\/\/www.nordestsanita.it\/#\/schema\/person\/e5a7dc6dca45cb55e67d4a127b0e969a","name":"Redazione","image":{"@type":"ImageObject","inLanguage":"it-IT","@id":"https:\/\/www.nordestsanita.it\/#\/schema\/person\/image\/","url":"https:\/\/secure.gravatar.com\/avatar\/3f19a9b3d671ea36ec67c4badf3f961a?s=96&d=mm&r=g","contentUrl":"https:\/\/secure.gravatar.com\/avatar\/3f19a9b3d671ea36ec67c4badf3f961a?s=96&d=mm&r=g","caption":"Redazione"},"url":"https:\/\/www.nordestsanita.it\/?author=8"}]}},"jetpack_featured_media_url":"https:\/\/www.nordestsanita.it\/wp-content\/uploads\/2022\/01\/allattamento.jpg","_links":{"self":[{"href":"https:\/\/www.nordestsanita.it\/index.php?rest_route=\/wp\/v2\/posts\/1162"}],"collection":[{"href":"https:\/\/www.nordestsanita.it\/index.php?rest_route=\/wp\/v2\/posts"}],"about":[{"href":"https:\/\/www.nordestsanita.it\/index.php?rest_route=\/wp\/v2\/types\/post"}],"author":[{"embeddable":true,"href":"https:\/\/www.nordestsanita.it\/index.php?rest_route=\/wp\/v2\/users\/8"}],"replies":[{"embeddable":true,"href":"https:\/\/www.nordestsanita.it\/index.php?rest_route=%2Fwp%2Fv2%2Fcomments&post=1162"}],"version-history":[{"count":1,"href":"https:\/\/www.nordestsanita.it\/index.php?rest_route=\/wp\/v2\/posts\/1162\/revisions"}],"predecessor-version":[{"id":1164,"href":"https:\/\/www.nordestsanita.it\/index.php?rest_route=\/wp\/v2\/posts\/1162\/revisions\/1164"}],"wp:featuredmedia":[{"embeddable":true,"href":"https:\/\/www.nordestsanita.it\/index.php?rest_route=\/wp\/v2\/media\/1163"}],"wp:attachment":[{"href":"https:\/\/www.nordestsanita.it\/index.php?rest_route=%2Fwp%2Fv2%2Fmedia&parent=1162"}],"wp:term":[{"taxonomy":"category","embeddable":true,"href":"https:\/\/www.nordestsanita.it\/index.php?rest_route=%2Fwp%2Fv2%2Fcategories&post=1162"},{"taxonomy":"post_tag","embeddable":true,"href":"https:\/\/www.nordestsanita.it\/index.php?rest_route=%2Fwp%2Fv2%2Ftags&post=1162"}],"curies":[{"name":"wp","href":"https:\/\/api.w.org\/{rel}","templated":true}]}}