{"id":1169,"date":"2022-01-07T15:13:20","date_gmt":"2022-01-07T14:13:20","guid":{"rendered":"https:\/\/www.nordestsanita.it\/?p=1169"},"modified":"2022-01-07T15:13:20","modified_gmt":"2022-01-07T14:13:20","slug":"vaccinazione-open-day-per-i-bambini-il-9-gennaio","status":"publish","type":"post","link":"https:\/\/www.nordestsanita.it\/?p=1169","title":{"rendered":"Vaccinazione, open day per i bambini il 9 gennaio"},"content":{"rendered":"\n<p><strong>Domenica 9 gennaio open-day dedicata ai bambini per l&#8217;et\u00e0 5-11<\/strong>\u00a0con accesso diretto. Autorizzata la terza dose per i dodicenni. Lo comunica la Regione Veneto, che pigia l&#8217;acceleratore sulla campagna per i veneti in et\u00e0 scolastica.<\/p>\n\n\n\n<p>E\u2019 iniziata dal 16 dicembre a livello nazionale la campagna vaccinale contro il COVID-19 rivolta ai bambini dai 5 agli 11 anni. In base all\u2019evidenza scientifica, la vaccinazione contro Covid-19 \u00e8 sicura nei bambini e negli adolescenti ed \u00e8 fondamentale in quanto essi possono ammalarsi anche in modo grave, con possibile ospedalizzazione e complicanze, seppur in maniera meno frequente e meno severa rispetto agli adulti. La vaccinazione infatti riduce il rischio di contrarre la malattia in forma grave e previene inoltre la trasmissione di Covid-19 alle altre persone, compresi familiari e compagni di scuola, contribuendo a rendere pi\u00f9 sicura la frequenza dell\u2019ambiente familiare e scolastico e di altri ambienti ricreativi.<\/p>\n\n\n\n<p>la Direzione Prevenzione della Regione Veneto, in collaborazione con il Gruppo Alcuni, ha ideato un progetto pensato per i pi\u00f9 piccoli che si recheranno ai Centri Vaccinali del Veneto: un percorso semplice e divertente per aiutarli a sentirsi rassicurati, ma anche per fare trascorrere loro in modo piacevole ed istruttivo il tempo dell&#8217;attesa.<\/p>\n\n\n\n<p>Negli spazi dei punti vaccinali di tutte le Aziende Ulss dedicati ai bambini, verranno esposti dei cartelloni raffiguranti il coniglietto Cilindro e il leoncino Marco, personaggi conosciuti ed amati dai bambini. Inoltre \u00e8 stato prodotto materiale informativo ed educativo rivolto ai bambini in attesa di eseguire la vaccinazione contro il Covid-19. La realizzazione \u00e8 di Gruppo Alcuni che gi\u00e0 sta accompagnando i bambini nella Mostra itinerante dei disegni sulla pandemia &#8220;Andr\u00e0TuttoBene&#8221;.<\/p>\n\n\n\n<p>&nbsp;Ma non saranno solo le immagini ad attirare l&#8217;attenzione dei pi\u00f9 piccoli. Cliccando con il cellulare un QR Code presente nel cartonato, si potranno vedere alcuni cartoon pensati per rafforzare i messaggi di prevenzione, un modo piacevole per imparare a prendersi cura della propria salute, divertendosi. I cartoni che i bambini potranno vedere inquadrando il QR Code sono stati ideati dai bambini delle scuole primarie del Veneto e prodotti da Gruppo Alcuni con protagonisti i Mini Cuccioli, gli amatissimi personaggi in onda su Rai Yoyo e RaiPlay. &nbsp;La campagna vaccinale oltre che nelle sedi dedicate delle Aziende Ulss viene condotta anche dai Pediatri di Libera Scelta.\u201d.<\/p>\n\n\n\n<p> <\/p>\n","protected":false},"excerpt":{"rendered":"<p>Autorizzata la terza dose per i dodicenni. Lo comunica la Regione Veneto, che pigia l&#8217;acceleratore sulla campagna per i veneti in et\u00e0 scolastica.<\/p>\n","protected":false},"author":4,"featured_media":1120,"comment_status":"closed","ping_status":"open","sticky":false,"template":"","format":"standard","meta":[],"categories":[29,25],"tags":[39,201],"yoast_head":"<!-- This site is optimized with the Yoast SEO plugin v20.2 - https:\/\/yoast.com\/wordpress\/plugins\/seo\/ -->\n<title>Vaccinazione, open day per i bambini il 9 gennaio - NES<\/title>\n<meta name=\"robots\" content=\"index, follow, max-snippet:-1, max-image-preview:large, max-video-preview:-1\" \/>\n<link rel=\"canonical\" href=\"https:\/\/www.nordestsanita.it\/?p=1169\" \/>\n<meta property=\"og:locale\" content=\"it_IT\" \/>\n<meta property=\"og:type\" content=\"article\" \/>\n<meta property=\"og:title\" content=\"Vaccinazione, open day per i bambini il 9 gennaio - NES\" \/>\n<meta property=\"og:description\" content=\"Autorizzata la terza dose per i dodicenni. Lo comunica la Regione Veneto, che pigia l&#039;acceleratore sulla campagna per i veneti in et\u00e0 scolastica.\" \/>\n<meta property=\"og:url\" content=\"https:\/\/www.nordestsanita.it\/?p=1169\" \/>\n<meta property=\"og:site_name\" content=\"NES\" \/>\n<meta property=\"article:published_time\" content=\"2022-01-07T14:13:20+00:00\" \/>\n<meta property=\"og:image\" content=\"https:\/\/www.nordestsanita.it\/wp-content\/uploads\/2021\/12\/VaccinoSiringaSenzAgo.jpg\" \/>\n\t<meta property=\"og:image:width\" content=\"1599\" \/>\n\t<meta property=\"og:image:height\" content=\"1200\" \/>\n\t<meta property=\"og:image:type\" content=\"image\/jpeg\" \/>\n<meta name=\"author\" content=\"Giuliano Gargano\" \/>\n<meta name=\"twitter:card\" content=\"summary_large_image\" \/>\n<meta name=\"twitter:label1\" content=\"Scritto da\" \/>\n\t<meta name=\"twitter:data1\" content=\"Giuliano Gargano\" \/>\n\t<meta name=\"twitter:label2\" content=\"Tempo di lettura stimato\" \/>\n\t<meta name=\"twitter:data2\" content=\"2 minuti\" \/>\n<script type=\"application\/ld+json\" class=\"yoast-schema-graph\">{\"@context\":\"https:\/\/schema.org\",\"@graph\":[{\"@type\":\"Article\",\"@id\":\"https:\/\/www.nordestsanita.it\/?p=1169#article\",\"isPartOf\":{\"@id\":\"https:\/\/www.nordestsanita.it\/?p=1169\"},\"author\":{\"name\":\"Giuliano Gargano\",\"@id\":\"https:\/\/www.nordestsanita.it\/#\/schema\/person\/b4d794d64b96b99781f85e73d2f335e8\"},\"headline\":\"Vaccinazione, open day per i bambini il 9 gennaio\",\"datePublished\":\"2022-01-07T14:13:20+00:00\",\"dateModified\":\"2022-01-07T14:13:20+00:00\",\"mainEntityOfPage\":{\"@id\":\"https:\/\/www.nordestsanita.it\/?p=1169\"},\"wordCount\":381,\"publisher\":{\"@id\":\"https:\/\/www.nordestsanita.it\/#organization\"},\"keywords\":[\"Covid-19\",\"vaccinazione\"],\"articleSection\":[\"Covid\",\"Sanit\u00e0\"],\"inLanguage\":\"it-IT\"},{\"@type\":\"WebPage\",\"@id\":\"https:\/\/www.nordestsanita.it\/?p=1169\",\"url\":\"https:\/\/www.nordestsanita.it\/?p=1169\",\"name\":\"Vaccinazione, open day per i bambini il 9 gennaio - NES\",\"isPartOf\":{\"@id\":\"https:\/\/www.nordestsanita.it\/#website\"},\"datePublished\":\"2022-01-07T14:13:20+00:00\",\"dateModified\":\"2022-01-07T14:13:20+00:00\",\"breadcrumb\":{\"@id\":\"https:\/\/www.nordestsanita.it\/?p=1169#breadcrumb\"},\"inLanguage\":\"it-IT\",\"potentialAction\":[{\"@type\":\"ReadAction\",\"target\":[\"https:\/\/www.nordestsanita.it\/?p=1169\"]}]},{\"@type\":\"BreadcrumbList\",\"@id\":\"https:\/\/www.nordestsanita.it\/?p=1169#breadcrumb\",\"itemListElement\":[{\"@type\":\"ListItem\",\"position\":1,\"name\":\"Home\",\"item\":\"https:\/\/www.nordestsanita.it\/\"},{\"@type\":\"ListItem\",\"position\":2,\"name\":\"Vaccinazione, open day per i bambini il 9 gennaio\"}]},{\"@type\":\"WebSite\",\"@id\":\"https:\/\/www.nordestsanita.it\/#website\",\"url\":\"https:\/\/www.nordestsanita.it\/\",\"name\":\"NES\",\"description\":\"Nord Est Sanit\u00e0\",\"publisher\":{\"@id\":\"https:\/\/www.nordestsanita.it\/#organization\"},\"potentialAction\":[{\"@type\":\"SearchAction\",\"target\":{\"@type\":\"EntryPoint\",\"urlTemplate\":\"https:\/\/www.nordestsanita.it\/?s={search_term_string}\"},\"query-input\":\"required name=search_term_string\"}],\"inLanguage\":\"it-IT\"},{\"@type\":\"Organization\",\"@id\":\"https:\/\/www.nordestsanita.it\/#organization\",\"name\":\"NES\",\"url\":\"https:\/\/www.nordestsanita.it\/\",\"logo\":{\"@type\":\"ImageObject\",\"inLanguage\":\"it-IT\",\"@id\":\"https:\/\/www.nordestsanita.it\/#\/schema\/logo\/image\/\",\"url\":\"https:\/\/www.nordestsanita.it\/wp-content\/uploads\/2021\/05\/NES-1280.png\",\"contentUrl\":\"https:\/\/www.nordestsanita.it\/wp-content\/uploads\/2021\/05\/NES-1280.png\",\"width\":1280,\"height\":458,\"caption\":\"NES\"},\"image\":{\"@id\":\"https:\/\/www.nordestsanita.it\/#\/schema\/logo\/image\/\"}},{\"@type\":\"Person\",\"@id\":\"https:\/\/www.nordestsanita.it\/#\/schema\/person\/b4d794d64b96b99781f85e73d2f335e8\",\"name\":\"Giuliano Gargano\",\"image\":{\"@type\":\"ImageObject\",\"inLanguage\":\"it-IT\",\"@id\":\"https:\/\/www.nordestsanita.it\/#\/schema\/person\/image\/\",\"url\":\"https:\/\/secure.gravatar.com\/avatar\/2358b20e394b61d6f72d0ddb2a3df6b3?s=96&d=mm&r=g\",\"contentUrl\":\"https:\/\/secure.gravatar.com\/avatar\/2358b20e394b61d6f72d0ddb2a3df6b3?s=96&d=mm&r=g\",\"caption\":\"Giuliano Gargano\"},\"url\":\"https:\/\/www.nordestsanita.it\/?author=4\"}]}<\/script>\n<!-- \/ Yoast SEO plugin. -->","yoast_head_json":{"title":"Vaccinazione, open day per i bambini il 9 gennaio - NES","robots":{"index":"index","follow":"follow","max-snippet":"max-snippet:-1","max-image-preview":"max-image-preview:large","max-video-preview":"max-video-preview:-1"},"canonical":"https:\/\/www.nordestsanita.it\/?p=1169","og_locale":"it_IT","og_type":"article","og_title":"Vaccinazione, open day per i bambini il 9 gennaio - NES","og_description":"Autorizzata la terza dose per i dodicenni. Lo comunica la Regione Veneto, che pigia l'acceleratore sulla campagna per i veneti in et\u00e0 scolastica.","og_url":"https:\/\/www.nordestsanita.it\/?p=1169","og_site_name":"NES","article_published_time":"2022-01-07T14:13:20+00:00","og_image":[{"width":1599,"height":1200,"url":"https:\/\/www.nordestsanita.it\/wp-content\/uploads\/2021\/12\/VaccinoSiringaSenzAgo.jpg","type":"image\/jpeg"}],"author":"Giuliano Gargano","twitter_card":"summary_large_image","twitter_misc":{"Scritto da":"Giuliano Gargano","Tempo di lettura stimato":"2 minuti"},"schema":{"@context":"https:\/\/schema.org","@graph":[{"@type":"Article","@id":"https:\/\/www.nordestsanita.it\/?p=1169#article","isPartOf":{"@id":"https:\/\/www.nordestsanita.it\/?p=1169"},"author":{"name":"Giuliano Gargano","@id":"https:\/\/www.nordestsanita.it\/#\/schema\/person\/b4d794d64b96b99781f85e73d2f335e8"},"headline":"Vaccinazione, open day per i bambini il 9 gennaio","datePublished":"2022-01-07T14:13:20+00:00","dateModified":"2022-01-07T14:13:20+00:00","mainEntityOfPage":{"@id":"https:\/\/www.nordestsanita.it\/?p=1169"},"wordCount":381,"publisher":{"@id":"https:\/\/www.nordestsanita.it\/#organization"},"keywords":["Covid-19","vaccinazione"],"articleSection":["Covid","Sanit\u00e0"],"inLanguage":"it-IT"},{"@type":"WebPage","@id":"https:\/\/www.nordestsanita.it\/?p=1169","url":"https:\/\/www.nordestsanita.it\/?p=1169","name":"Vaccinazione, open day per i bambini il 9 gennaio - NES","isPartOf":{"@id":"https:\/\/www.nordestsanita.it\/#website"},"datePublished":"2022-01-07T14:13:20+00:00","dateModified":"2022-01-07T14:13:20+00:00","breadcrumb":{"@id":"https:\/\/www.nordestsanita.it\/?p=1169#breadcrumb"},"inLanguage":"it-IT","potentialAction":[{"@type":"ReadAction","target":["https:\/\/www.nordestsanita.it\/?p=1169"]}]},{"@type":"BreadcrumbList","@id":"https:\/\/www.nordestsanita.it\/?p=1169#breadcrumb","itemListElement":[{"@type":"ListItem","position":1,"name":"Home","item":"https:\/\/www.nordestsanita.it\/"},{"@type":"ListItem","position":2,"name":"Vaccinazione, open day per i bambini il 9 gennaio"}]},{"@type":"WebSite","@id":"https:\/\/www.nordestsanita.it\/#website","url":"https:\/\/www.nordestsanita.it\/","name":"NES","description":"Nord Est Sanit\u00e0","publisher":{"@id":"https:\/\/www.nordestsanita.it\/#organization"},"potentialAction":[{"@type":"SearchAction","target":{"@type":"EntryPoint","urlTemplate":"https:\/\/www.nordestsanita.it\/?s={search_term_string}"},"query-input":"required name=search_term_string"}],"inLanguage":"it-IT"},{"@type":"Organization","@id":"https:\/\/www.nordestsanita.it\/#organization","name":"NES","url":"https:\/\/www.nordestsanita.it\/","logo":{"@type":"ImageObject","inLanguage":"it-IT","@id":"https:\/\/www.nordestsanita.it\/#\/schema\/logo\/image\/","url":"https:\/\/www.nordestsanita.it\/wp-content\/uploads\/2021\/05\/NES-1280.png","contentUrl":"https:\/\/www.nordestsanita.it\/wp-content\/uploads\/2021\/05\/NES-1280.png","width":1280,"height":458,"caption":"NES"},"image":{"@id":"https:\/\/www.nordestsanita.it\/#\/schema\/logo\/image\/"}},{"@type":"Person","@id":"https:\/\/www.nordestsanita.it\/#\/schema\/person\/b4d794d64b96b99781f85e73d2f335e8","name":"Giuliano Gargano","image":{"@type":"ImageObject","inLanguage":"it-IT","@id":"https:\/\/www.nordestsanita.it\/#\/schema\/person\/image\/","url":"https:\/\/secure.gravatar.com\/avatar\/2358b20e394b61d6f72d0ddb2a3df6b3?s=96&d=mm&r=g","contentUrl":"https:\/\/secure.gravatar.com\/avatar\/2358b20e394b61d6f72d0ddb2a3df6b3?s=96&d=mm&r=g","caption":"Giuliano Gargano"},"url":"https:\/\/www.nordestsanita.it\/?author=4"}]}},"jetpack_featured_media_url":"https:\/\/www.nordestsanita.it\/wp-content\/uploads\/2021\/12\/VaccinoSiringaSenzAgo.jpg","_links":{"self":[{"href":"https:\/\/www.nordestsanita.it\/index.php?rest_route=\/wp\/v2\/posts\/1169"}],"collection":[{"href":"https:\/\/www.nordestsanita.it\/index.php?rest_route=\/wp\/v2\/posts"}],"about":[{"href":"https:\/\/www.nordestsanita.it\/index.php?rest_route=\/wp\/v2\/types\/post"}],"author":[{"embeddable":true,"href":"https:\/\/www.nordestsanita.it\/index.php?rest_route=\/wp\/v2\/users\/4"}],"replies":[{"embeddable":true,"href":"https:\/\/www.nordestsanita.it\/index.php?rest_route=%2Fwp%2Fv2%2Fcomments&post=1169"}],"version-history":[{"count":1,"href":"https:\/\/www.nordestsanita.it\/index.php?rest_route=\/wp\/v2\/posts\/1169\/revisions"}],"predecessor-version":[{"id":1170,"href":"https:\/\/www.nordestsanita.it\/index.php?rest_route=\/wp\/v2\/posts\/1169\/revisions\/1170"}],"wp:featuredmedia":[{"embeddable":true,"href":"https:\/\/www.nordestsanita.it\/index.php?rest_route=\/wp\/v2\/media\/1120"}],"wp:attachment":[{"href":"https:\/\/www.nordestsanita.it\/index.php?rest_route=%2Fwp%2Fv2%2Fmedia&parent=1169"}],"wp:term":[{"taxonomy":"category","embeddable":true,"href":"https:\/\/www.nordestsanita.it\/index.php?rest_route=%2Fwp%2Fv2%2Fcategories&post=1169"},{"taxonomy":"post_tag","embeddable":true,"href":"https:\/\/www.nordestsanita.it\/index.php?rest_route=%2Fwp%2Fv2%2Ftags&post=1169"}],"curies":[{"name":"wp","href":"https:\/\/api.w.org\/{rel}","templated":true}]}}