{"id":1216,"date":"2022-01-24T18:20:22","date_gmt":"2022-01-24T17:20:22","guid":{"rendered":"https:\/\/www.nordestsanita.it\/?p=1216"},"modified":"2022-01-24T18:20:23","modified_gmt":"2022-01-24T17:20:23","slug":"veneto-da-oggi-online-la-piattaforma-regionale-covid-19","status":"publish","type":"post","link":"https:\/\/www.nordestsanita.it\/?p=1216","title":{"rendered":"Veneto, da oggi online la Piattaforma regionale COVID-19"},"content":{"rendered":"\n<p>In considerazione dell\u2019attuale scenario epidemiologico \u00e8 stata implementata dalla Regione del Veneto una Piattaforma web che da oggi \u00e8 a disposizione dei cittadini.<\/p>\n\n\n\n<!--more-->\n\n\n\n<p>La \u201cPiattaforma regionale COVID-19\u201d \u00e8 stata sviluppata al fine di semplificare l\u2019accesso diretto dell\u2019utenza, uniformare i servizi e la comunicazione al cittadino e supportare le Aziende ULSS in alcuni aspetti della gestione dei nuovi casi positivi. Tale piattaforma sar\u00e0 gradualmente integrata con ulteriori funzionalit\u00e0 anche per quanto concerne i contatti di caso e per la gestione del contesto scolastico.<\/p>\n\n\n\n<p>Di seguito le quattro sezioni e le principali funzionalit\u00e0.<\/p>\n\n\n\n<p>Scheda personale COVID-19. La sezione sar\u00e0 consultabile per i cittadini che abbiano effettuato nella regione Veneto un tampone (antigenico o molecolare) risultato positivo.<br>In questa sezione sar\u00e0 possibile registrare alcune informazioni per la sorveglianza epidemiologica come lo stato di sintomatico o asintomatico, nonch\u00e9 ottenere i certificati di inizio e fine isolamento ed il certificato di negativizzazione. Accesso mediante autenticazione con SPID o CIE.<\/p>\n\n\n\n<p>Informazioni utili. Questa sezione conterr\u00e0 del materiale informativo aggiornato secondo le attuali indicazioni ministeriali, sulle procedure ed i comportamenti da attuare in caso di infezione o di contatto con casi positivi. Accesso libero.<\/p>\n\n\n\n<p>Prenotazione tampone. In questa sezione sar\u00e0 possibile effettuare la prenotazione per tampone per tutti i soggetti risultati positivi ad un test effettuato nella regione Veneto e risultanti attualmente positivi, anche senza ricetta del Medico.<\/p>\n\n\n\n<p>Prenotazione appuntamento vaccinale. La piattaforma permette, inoltre, di accedere anche al gi\u00e0 esistente portale per la prenotazione di vaccinazioni anti Covid-19. Accesso mediante Codice fiscale e ultime 6 cifre tessera TEAM.<\/p>\n\n\n\n<p>Da oggi, 24 gennaio, la Piattaforma sar\u00e0 accessibile al link https:\/\/sorveglianzacovid.azero.veneto.it<\/p>\n\n\n\n<p>A partire da oggi sar\u00e0 inviato un SMS a tutti i soggetti che abbiano effettuato nei 4 giorni precedenti un tampone con esito positivo disponibile negli applicativi regionali, invitandoli ad accedere alla piattaforma regionale. Successivamente ogni giorno sar\u00e0 inviato un SMS a tutti i nuovi soggetti positivi.<\/p>\n\n\n\n<p>Ulteriori sviluppi. \u00c8 gi\u00e0 in corso di attivazione la possibilit\u00e0 per i genitori di accedere alla scheda di sorveglianza del proprio figlio.<\/p>\n","protected":false},"excerpt":{"rendered":"<p>Veneto, dal 24 gennaio \u00e8 online la Piattaforma regionale COVID-19 per tutti i cittadini accessibile con spid.<\/p>\n","protected":false},"author":8,"featured_media":1217,"comment_status":"closed","ping_status":"open","sticky":false,"template":"","format":"standard","meta":[],"categories":[29,25],"tags":[39,71],"yoast_head":"<!-- This site is optimized with the Yoast SEO plugin v20.2 - https:\/\/yoast.com\/wordpress\/plugins\/seo\/ -->\n<title>Veneto, da oggi online la Piattaforma regionale COVID-19 - NES<\/title>\n<meta name=\"description\" content=\"Veneto, dal 24 gennaio \u00e8 online la Piattaforma regionale COVID-19 per tutti i cittadini accessibile con spid.\" \/>\n<meta name=\"robots\" content=\"index, follow, max-snippet:-1, max-image-preview:large, max-video-preview:-1\" \/>\n<link rel=\"canonical\" href=\"https:\/\/www.nordestsanita.it\/?p=1216\" \/>\n<meta property=\"og:locale\" content=\"it_IT\" \/>\n<meta property=\"og:type\" content=\"article\" \/>\n<meta property=\"og:title\" content=\"Veneto, da oggi online la Piattaforma regionale COVID-19 - NES\" \/>\n<meta property=\"og:description\" content=\"Veneto, dal 24 gennaio \u00e8 online la Piattaforma regionale COVID-19 per tutti i cittadini accessibile con spid.\" \/>\n<meta property=\"og:url\" content=\"https:\/\/www.nordestsanita.it\/?p=1216\" \/>\n<meta property=\"og:site_name\" content=\"NES\" \/>\n<meta property=\"article:published_time\" content=\"2022-01-24T17:20:22+00:00\" \/>\n<meta property=\"article:modified_time\" content=\"2022-01-24T17:20:23+00:00\" \/>\n<meta property=\"og:image\" content=\"https:\/\/www.nordestsanita.it\/wp-content\/uploads\/2022\/01\/portale-covid-veneto.png\" \/>\n\t<meta property=\"og:image:width\" content=\"1319\" \/>\n\t<meta property=\"og:image:height\" content=\"569\" \/>\n\t<meta property=\"og:image:type\" content=\"image\/png\" \/>\n<meta name=\"author\" content=\"Redazione\" \/>\n<meta name=\"twitter:card\" content=\"summary_large_image\" \/>\n<meta name=\"twitter:label1\" content=\"Scritto da\" \/>\n\t<meta name=\"twitter:data1\" content=\"Redazione\" \/>\n\t<meta name=\"twitter:label2\" content=\"Tempo di lettura stimato\" \/>\n\t<meta name=\"twitter:data2\" content=\"2 minuti\" \/>\n<script type=\"application\/ld+json\" class=\"yoast-schema-graph\">{\"@context\":\"https:\/\/schema.org\",\"@graph\":[{\"@type\":\"Article\",\"@id\":\"https:\/\/www.nordestsanita.it\/?p=1216#article\",\"isPartOf\":{\"@id\":\"https:\/\/www.nordestsanita.it\/?p=1216\"},\"author\":{\"name\":\"Redazione\",\"@id\":\"https:\/\/www.nordestsanita.it\/#\/schema\/person\/e5a7dc6dca45cb55e67d4a127b0e969a\"},\"headline\":\"Veneto, da oggi online la Piattaforma regionale COVID-19\",\"datePublished\":\"2022-01-24T17:20:22+00:00\",\"dateModified\":\"2022-01-24T17:20:23+00:00\",\"mainEntityOfPage\":{\"@id\":\"https:\/\/www.nordestsanita.it\/?p=1216\"},\"wordCount\":340,\"publisher\":{\"@id\":\"https:\/\/www.nordestsanita.it\/#organization\"},\"keywords\":[\"Covid-19\",\"Regione Veneto\"],\"articleSection\":[\"Covid\",\"Sanit\u00e0\"],\"inLanguage\":\"it-IT\"},{\"@type\":\"WebPage\",\"@id\":\"https:\/\/www.nordestsanita.it\/?p=1216\",\"url\":\"https:\/\/www.nordestsanita.it\/?p=1216\",\"name\":\"Veneto, da oggi online la Piattaforma regionale COVID-19 - NES\",\"isPartOf\":{\"@id\":\"https:\/\/www.nordestsanita.it\/#website\"},\"datePublished\":\"2022-01-24T17:20:22+00:00\",\"dateModified\":\"2022-01-24T17:20:23+00:00\",\"description\":\"Veneto, dal 24 gennaio \u00e8 online la Piattaforma regionale COVID-19 per tutti i cittadini accessibile con spid.\",\"breadcrumb\":{\"@id\":\"https:\/\/www.nordestsanita.it\/?p=1216#breadcrumb\"},\"inLanguage\":\"it-IT\",\"potentialAction\":[{\"@type\":\"ReadAction\",\"target\":[\"https:\/\/www.nordestsanita.it\/?p=1216\"]}]},{\"@type\":\"BreadcrumbList\",\"@id\":\"https:\/\/www.nordestsanita.it\/?p=1216#breadcrumb\",\"itemListElement\":[{\"@type\":\"ListItem\",\"position\":1,\"name\":\"Home\",\"item\":\"https:\/\/www.nordestsanita.it\/\"},{\"@type\":\"ListItem\",\"position\":2,\"name\":\"Veneto, da oggi online la Piattaforma regionale COVID-19\"}]},{\"@type\":\"WebSite\",\"@id\":\"https:\/\/www.nordestsanita.it\/#website\",\"url\":\"https:\/\/www.nordestsanita.it\/\",\"name\":\"NES\",\"description\":\"Nord Est Sanit\u00e0\",\"publisher\":{\"@id\":\"https:\/\/www.nordestsanita.it\/#organization\"},\"potentialAction\":[{\"@type\":\"SearchAction\",\"target\":{\"@type\":\"EntryPoint\",\"urlTemplate\":\"https:\/\/www.nordestsanita.it\/?s={search_term_string}\"},\"query-input\":\"required name=search_term_string\"}],\"inLanguage\":\"it-IT\"},{\"@type\":\"Organization\",\"@id\":\"https:\/\/www.nordestsanita.it\/#organization\",\"name\":\"NES\",\"url\":\"https:\/\/www.nordestsanita.it\/\",\"logo\":{\"@type\":\"ImageObject\",\"inLanguage\":\"it-IT\",\"@id\":\"https:\/\/www.nordestsanita.it\/#\/schema\/logo\/image\/\",\"url\":\"https:\/\/www.nordestsanita.it\/wp-content\/uploads\/2021\/05\/NES-1280.png\",\"contentUrl\":\"https:\/\/www.nordestsanita.it\/wp-content\/uploads\/2021\/05\/NES-1280.png\",\"width\":1280,\"height\":458,\"caption\":\"NES\"},\"image\":{\"@id\":\"https:\/\/www.nordestsanita.it\/#\/schema\/logo\/image\/\"}},{\"@type\":\"Person\",\"@id\":\"https:\/\/www.nordestsanita.it\/#\/schema\/person\/e5a7dc6dca45cb55e67d4a127b0e969a\",\"name\":\"Redazione\",\"image\":{\"@type\":\"ImageObject\",\"inLanguage\":\"it-IT\",\"@id\":\"https:\/\/www.nordestsanita.it\/#\/schema\/person\/image\/\",\"url\":\"https:\/\/secure.gravatar.com\/avatar\/3f19a9b3d671ea36ec67c4badf3f961a?s=96&d=mm&r=g\",\"contentUrl\":\"https:\/\/secure.gravatar.com\/avatar\/3f19a9b3d671ea36ec67c4badf3f961a?s=96&d=mm&r=g\",\"caption\":\"Redazione\"},\"url\":\"https:\/\/www.nordestsanita.it\/?author=8\"}]}<\/script>\n<!-- \/ Yoast SEO plugin. -->","yoast_head_json":{"title":"Veneto, da oggi online la Piattaforma regionale COVID-19 - NES","description":"Veneto, dal 24 gennaio \u00e8 online la Piattaforma regionale COVID-19 per tutti i cittadini accessibile con spid.","robots":{"index":"index","follow":"follow","max-snippet":"max-snippet:-1","max-image-preview":"max-image-preview:large","max-video-preview":"max-video-preview:-1"},"canonical":"https:\/\/www.nordestsanita.it\/?p=1216","og_locale":"it_IT","og_type":"article","og_title":"Veneto, da oggi online la Piattaforma regionale COVID-19 - NES","og_description":"Veneto, dal 24 gennaio \u00e8 online la Piattaforma regionale COVID-19 per tutti i cittadini accessibile con spid.","og_url":"https:\/\/www.nordestsanita.it\/?p=1216","og_site_name":"NES","article_published_time":"2022-01-24T17:20:22+00:00","article_modified_time":"2022-01-24T17:20:23+00:00","og_image":[{"width":1319,"height":569,"url":"https:\/\/www.nordestsanita.it\/wp-content\/uploads\/2022\/01\/portale-covid-veneto.png","type":"image\/png"}],"author":"Redazione","twitter_card":"summary_large_image","twitter_misc":{"Scritto da":"Redazione","Tempo di lettura stimato":"2 minuti"},"schema":{"@context":"https:\/\/schema.org","@graph":[{"@type":"Article","@id":"https:\/\/www.nordestsanita.it\/?p=1216#article","isPartOf":{"@id":"https:\/\/www.nordestsanita.it\/?p=1216"},"author":{"name":"Redazione","@id":"https:\/\/www.nordestsanita.it\/#\/schema\/person\/e5a7dc6dca45cb55e67d4a127b0e969a"},"headline":"Veneto, da oggi online la Piattaforma regionale COVID-19","datePublished":"2022-01-24T17:20:22+00:00","dateModified":"2022-01-24T17:20:23+00:00","mainEntityOfPage":{"@id":"https:\/\/www.nordestsanita.it\/?p=1216"},"wordCount":340,"publisher":{"@id":"https:\/\/www.nordestsanita.it\/#organization"},"keywords":["Covid-19","Regione Veneto"],"articleSection":["Covid","Sanit\u00e0"],"inLanguage":"it-IT"},{"@type":"WebPage","@id":"https:\/\/www.nordestsanita.it\/?p=1216","url":"https:\/\/www.nordestsanita.it\/?p=1216","name":"Veneto, da oggi online la Piattaforma regionale COVID-19 - NES","isPartOf":{"@id":"https:\/\/www.nordestsanita.it\/#website"},"datePublished":"2022-01-24T17:20:22+00:00","dateModified":"2022-01-24T17:20:23+00:00","description":"Veneto, dal 24 gennaio \u00e8 online la Piattaforma regionale COVID-19 per tutti i cittadini accessibile con spid.","breadcrumb":{"@id":"https:\/\/www.nordestsanita.it\/?p=1216#breadcrumb"},"inLanguage":"it-IT","potentialAction":[{"@type":"ReadAction","target":["https:\/\/www.nordestsanita.it\/?p=1216"]}]},{"@type":"BreadcrumbList","@id":"https:\/\/www.nordestsanita.it\/?p=1216#breadcrumb","itemListElement":[{"@type":"ListItem","position":1,"name":"Home","item":"https:\/\/www.nordestsanita.it\/"},{"@type":"ListItem","position":2,"name":"Veneto, da oggi online la Piattaforma regionale COVID-19"}]},{"@type":"WebSite","@id":"https:\/\/www.nordestsanita.it\/#website","url":"https:\/\/www.nordestsanita.it\/","name":"NES","description":"Nord Est Sanit\u00e0","publisher":{"@id":"https:\/\/www.nordestsanita.it\/#organization"},"potentialAction":[{"@type":"SearchAction","target":{"@type":"EntryPoint","urlTemplate":"https:\/\/www.nordestsanita.it\/?s={search_term_string}"},"query-input":"required name=search_term_string"}],"inLanguage":"it-IT"},{"@type":"Organization","@id":"https:\/\/www.nordestsanita.it\/#organization","name":"NES","url":"https:\/\/www.nordestsanita.it\/","logo":{"@type":"ImageObject","inLanguage":"it-IT","@id":"https:\/\/www.nordestsanita.it\/#\/schema\/logo\/image\/","url":"https:\/\/www.nordestsanita.it\/wp-content\/uploads\/2021\/05\/NES-1280.png","contentUrl":"https:\/\/www.nordestsanita.it\/wp-content\/uploads\/2021\/05\/NES-1280.png","width":1280,"height":458,"caption":"NES"},"image":{"@id":"https:\/\/www.nordestsanita.it\/#\/schema\/logo\/image\/"}},{"@type":"Person","@id":"https:\/\/www.nordestsanita.it\/#\/schema\/person\/e5a7dc6dca45cb55e67d4a127b0e969a","name":"Redazione","image":{"@type":"ImageObject","inLanguage":"it-IT","@id":"https:\/\/www.nordestsanita.it\/#\/schema\/person\/image\/","url":"https:\/\/secure.gravatar.com\/avatar\/3f19a9b3d671ea36ec67c4badf3f961a?s=96&d=mm&r=g","contentUrl":"https:\/\/secure.gravatar.com\/avatar\/3f19a9b3d671ea36ec67c4badf3f961a?s=96&d=mm&r=g","caption":"Redazione"},"url":"https:\/\/www.nordestsanita.it\/?author=8"}]}},"jetpack_featured_media_url":"https:\/\/www.nordestsanita.it\/wp-content\/uploads\/2022\/01\/portale-covid-veneto.png","_links":{"self":[{"href":"https:\/\/www.nordestsanita.it\/index.php?rest_route=\/wp\/v2\/posts\/1216"}],"collection":[{"href":"https:\/\/www.nordestsanita.it\/index.php?rest_route=\/wp\/v2\/posts"}],"about":[{"href":"https:\/\/www.nordestsanita.it\/index.php?rest_route=\/wp\/v2\/types\/post"}],"author":[{"embeddable":true,"href":"https:\/\/www.nordestsanita.it\/index.php?rest_route=\/wp\/v2\/users\/8"}],"replies":[{"embeddable":true,"href":"https:\/\/www.nordestsanita.it\/index.php?rest_route=%2Fwp%2Fv2%2Fcomments&post=1216"}],"version-history":[{"count":1,"href":"https:\/\/www.nordestsanita.it\/index.php?rest_route=\/wp\/v2\/posts\/1216\/revisions"}],"predecessor-version":[{"id":1218,"href":"https:\/\/www.nordestsanita.it\/index.php?rest_route=\/wp\/v2\/posts\/1216\/revisions\/1218"}],"wp:featuredmedia":[{"embeddable":true,"href":"https:\/\/www.nordestsanita.it\/index.php?rest_route=\/wp\/v2\/media\/1217"}],"wp:attachment":[{"href":"https:\/\/www.nordestsanita.it\/index.php?rest_route=%2Fwp%2Fv2%2Fmedia&parent=1216"}],"wp:term":[{"taxonomy":"category","embeddable":true,"href":"https:\/\/www.nordestsanita.it\/index.php?rest_route=%2Fwp%2Fv2%2Fcategories&post=1216"},{"taxonomy":"post_tag","embeddable":true,"href":"https:\/\/www.nordestsanita.it\/index.php?rest_route=%2Fwp%2Fv2%2Ftags&post=1216"}],"curies":[{"name":"wp","href":"https:\/\/api.w.org\/{rel}","templated":true}]}}