{"id":1224,"date":"2022-01-31T17:40:32","date_gmt":"2022-01-31T16:40:32","guid":{"rendered":"https:\/\/www.nordestsanita.it\/?p=1224"},"modified":"2022-01-31T17:40:32","modified_gmt":"2022-01-31T16:40:32","slug":"covid-il-veneto-primo-in-italia-per-uso-monoclonali","status":"publish","type":"post","link":"https:\/\/www.nordestsanita.it\/?p=1224","title":{"rendered":"COVID, il Veneto primo in Italia per uso monoclonali"},"content":{"rendered":"\n<p>Il Presidente della Regione Veneto, Luca Zaia, commenta l\u2019ultimo rapporto dell\u2019Agenzia Italiana del Farmaco sull\u2019uso dei monoclonali in Italia, diffuso nei giorni scorsi.<\/p>\n\n\n\n<!--more-->\n\n\n\n<p>\u201cIl Veneto \u00e8 primo in Italia per l\u2019uso dei farmaci monoclonali nella lotta al Covid. 7.222 malati sono gi\u00e0 stati trattati con questa terapia su un totale di 41.449 in Italia. Un primato che inorgoglisce, perch\u00e8 siamo stati i primi a credere in questa nuova frontiera della lotta al Covid quando pi\u00f9 di qualcuno storceva il naso e avanzava dubbi\u201d.<\/p>\n\n\n\n<p>\u201cOggi \u2013 prosegue Zaia \u2013 pressoch\u00e8 tutti in Italia utilizzano i monoclonali. Non era cos\u00ec quando cominciammo in Veneto, forti delle corrette valutazioni e degli studi dei nostri infettivologi, convinti, allora come adesso, che fossze fondamentale ricercare nuove e sempre pi\u00f9 incisive terapie, che potessero salvare vite o evitare ospedalizzazioni\u201d.<\/p>\n\n\n\n<p>\u201cSe in tutto questo periodo siamo riusciti a tenere sotto controllo la pressione sui reparti di Area Medica e sulle Terapie Intensive \u2013 fa notare Zaia \u2013 molto merito va riconosciuto anche alla scelta convinta sui monoclonali\u201d.<\/p>\n\n\n\n<p>\u201cNon \u00e8 esagerato dire \u2013 conclude Zaia \u2013 che con questa terapia sono state salvate delle vite ed evitati molti ricoveri soprattutto in Area Critica, perch\u00e8 i monoclonali hanno dimostrato grande utilit\u00e0 prima di tutto nelle persone portatrici di altre patologie e quindi ad alto rischio di sviluppare la malattia in forma grave. Non \u00e8 un caso che la maggioranza dei monoclonali sia stata utilizzata proprio per questi pazienti\u201d.<\/p>\n","protected":false},"excerpt":{"rendered":"<p>Il Presidente della Regione Veneto, Luca Zaia, commenta l\u2019ultimo rapporto dell\u2019Agenzia Italiana del Farmaco sull\u2019uso dei monoclonali in Italia, diffuso nei giorni scorsi.<\/p>\n","protected":false},"author":8,"featured_media":1225,"comment_status":"closed","ping_status":"open","sticky":false,"template":"","format":"standard","meta":[],"categories":[29,25],"tags":[39,205,71],"yoast_head":"<!-- This site is optimized with the Yoast SEO plugin v20.2 - https:\/\/yoast.com\/wordpress\/plugins\/seo\/ -->\n<title>COVID, il Veneto primo in Italia per uso monoclonali - NES<\/title>\n<meta name=\"description\" content=\"Il Veneto \u00e8 primo in Italia per l\u2019uso dei farmaci monoclonali nella lotta al Covid, il commento di Luca Zaia.\" \/>\n<meta name=\"robots\" content=\"index, follow, max-snippet:-1, max-image-preview:large, max-video-preview:-1\" \/>\n<link rel=\"canonical\" href=\"https:\/\/www.nordestsanita.it\/?p=1224\" \/>\n<meta property=\"og:locale\" content=\"it_IT\" \/>\n<meta property=\"og:type\" content=\"article\" \/>\n<meta property=\"og:title\" content=\"COVID, il Veneto primo in Italia per uso monoclonali - NES\" \/>\n<meta property=\"og:description\" content=\"Il Veneto \u00e8 primo in Italia per l\u2019uso dei farmaci monoclonali nella lotta al Covid, il commento di Luca Zaia.\" \/>\n<meta property=\"og:url\" content=\"https:\/\/www.nordestsanita.it\/?p=1224\" \/>\n<meta property=\"og:site_name\" content=\"NES\" \/>\n<meta property=\"article:published_time\" content=\"2022-01-31T16:40:32+00:00\" \/>\n<meta property=\"og:image\" content=\"https:\/\/www.nordestsanita.it\/wp-content\/uploads\/2022\/01\/test-covid.jpg\" \/>\n\t<meta property=\"og:image:width\" content=\"640\" \/>\n\t<meta property=\"og:image:height\" content=\"427\" \/>\n\t<meta property=\"og:image:type\" content=\"image\/jpeg\" \/>\n<meta name=\"author\" content=\"Redazione\" \/>\n<meta name=\"twitter:card\" content=\"summary_large_image\" \/>\n<meta name=\"twitter:label1\" content=\"Scritto da\" \/>\n\t<meta name=\"twitter:data1\" content=\"Redazione\" \/>\n\t<meta name=\"twitter:label2\" content=\"Tempo di lettura stimato\" \/>\n\t<meta name=\"twitter:data2\" content=\"2 minuti\" \/>\n<script type=\"application\/ld+json\" class=\"yoast-schema-graph\">{\"@context\":\"https:\/\/schema.org\",\"@graph\":[{\"@type\":\"Article\",\"@id\":\"https:\/\/www.nordestsanita.it\/?p=1224#article\",\"isPartOf\":{\"@id\":\"https:\/\/www.nordestsanita.it\/?p=1224\"},\"author\":{\"name\":\"Redazione\",\"@id\":\"https:\/\/www.nordestsanita.it\/#\/schema\/person\/e5a7dc6dca45cb55e67d4a127b0e969a\"},\"headline\":\"COVID, il Veneto primo in Italia per uso monoclonali\",\"datePublished\":\"2022-01-31T16:40:32+00:00\",\"dateModified\":\"2022-01-31T16:40:32+00:00\",\"mainEntityOfPage\":{\"@id\":\"https:\/\/www.nordestsanita.it\/?p=1224\"},\"wordCount\":241,\"publisher\":{\"@id\":\"https:\/\/www.nordestsanita.it\/#organization\"},\"keywords\":[\"Covid-19\",\"monoclonali\",\"Regione Veneto\"],\"articleSection\":[\"Covid\",\"Sanit\u00e0\"],\"inLanguage\":\"it-IT\"},{\"@type\":\"WebPage\",\"@id\":\"https:\/\/www.nordestsanita.it\/?p=1224\",\"url\":\"https:\/\/www.nordestsanita.it\/?p=1224\",\"name\":\"COVID, il Veneto primo in Italia per uso monoclonali - NES\",\"isPartOf\":{\"@id\":\"https:\/\/www.nordestsanita.it\/#website\"},\"datePublished\":\"2022-01-31T16:40:32+00:00\",\"dateModified\":\"2022-01-31T16:40:32+00:00\",\"description\":\"Il Veneto \u00e8 primo in Italia per l\u2019uso dei farmaci monoclonali nella lotta al Covid, il commento di Luca Zaia.\",\"breadcrumb\":{\"@id\":\"https:\/\/www.nordestsanita.it\/?p=1224#breadcrumb\"},\"inLanguage\":\"it-IT\",\"potentialAction\":[{\"@type\":\"ReadAction\",\"target\":[\"https:\/\/www.nordestsanita.it\/?p=1224\"]}]},{\"@type\":\"BreadcrumbList\",\"@id\":\"https:\/\/www.nordestsanita.it\/?p=1224#breadcrumb\",\"itemListElement\":[{\"@type\":\"ListItem\",\"position\":1,\"name\":\"Home\",\"item\":\"https:\/\/www.nordestsanita.it\/\"},{\"@type\":\"ListItem\",\"position\":2,\"name\":\"COVID, il Veneto primo in Italia per uso monoclonali\"}]},{\"@type\":\"WebSite\",\"@id\":\"https:\/\/www.nordestsanita.it\/#website\",\"url\":\"https:\/\/www.nordestsanita.it\/\",\"name\":\"NES\",\"description\":\"Nord Est Sanit\u00e0\",\"publisher\":{\"@id\":\"https:\/\/www.nordestsanita.it\/#organization\"},\"potentialAction\":[{\"@type\":\"SearchAction\",\"target\":{\"@type\":\"EntryPoint\",\"urlTemplate\":\"https:\/\/www.nordestsanita.it\/?s={search_term_string}\"},\"query-input\":\"required name=search_term_string\"}],\"inLanguage\":\"it-IT\"},{\"@type\":\"Organization\",\"@id\":\"https:\/\/www.nordestsanita.it\/#organization\",\"name\":\"NES\",\"url\":\"https:\/\/www.nordestsanita.it\/\",\"logo\":{\"@type\":\"ImageObject\",\"inLanguage\":\"it-IT\",\"@id\":\"https:\/\/www.nordestsanita.it\/#\/schema\/logo\/image\/\",\"url\":\"https:\/\/www.nordestsanita.it\/wp-content\/uploads\/2021\/05\/NES-1280.png\",\"contentUrl\":\"https:\/\/www.nordestsanita.it\/wp-content\/uploads\/2021\/05\/NES-1280.png\",\"width\":1280,\"height\":458,\"caption\":\"NES\"},\"image\":{\"@id\":\"https:\/\/www.nordestsanita.it\/#\/schema\/logo\/image\/\"}},{\"@type\":\"Person\",\"@id\":\"https:\/\/www.nordestsanita.it\/#\/schema\/person\/e5a7dc6dca45cb55e67d4a127b0e969a\",\"name\":\"Redazione\",\"image\":{\"@type\":\"ImageObject\",\"inLanguage\":\"it-IT\",\"@id\":\"https:\/\/www.nordestsanita.it\/#\/schema\/person\/image\/\",\"url\":\"https:\/\/secure.gravatar.com\/avatar\/3f19a9b3d671ea36ec67c4badf3f961a?s=96&d=mm&r=g\",\"contentUrl\":\"https:\/\/secure.gravatar.com\/avatar\/3f19a9b3d671ea36ec67c4badf3f961a?s=96&d=mm&r=g\",\"caption\":\"Redazione\"},\"url\":\"https:\/\/www.nordestsanita.it\/?author=8\"}]}<\/script>\n<!-- \/ Yoast SEO plugin. -->","yoast_head_json":{"title":"COVID, il Veneto primo in Italia per uso monoclonali - NES","description":"Il Veneto \u00e8 primo in Italia per l\u2019uso dei farmaci monoclonali nella lotta al Covid, il commento di Luca Zaia.","robots":{"index":"index","follow":"follow","max-snippet":"max-snippet:-1","max-image-preview":"max-image-preview:large","max-video-preview":"max-video-preview:-1"},"canonical":"https:\/\/www.nordestsanita.it\/?p=1224","og_locale":"it_IT","og_type":"article","og_title":"COVID, il Veneto primo in Italia per uso monoclonali - NES","og_description":"Il Veneto \u00e8 primo in Italia per l\u2019uso dei farmaci monoclonali nella lotta al Covid, il commento di Luca Zaia.","og_url":"https:\/\/www.nordestsanita.it\/?p=1224","og_site_name":"NES","article_published_time":"2022-01-31T16:40:32+00:00","og_image":[{"width":640,"height":427,"url":"https:\/\/www.nordestsanita.it\/wp-content\/uploads\/2022\/01\/test-covid.jpg","type":"image\/jpeg"}],"author":"Redazione","twitter_card":"summary_large_image","twitter_misc":{"Scritto da":"Redazione","Tempo di lettura stimato":"2 minuti"},"schema":{"@context":"https:\/\/schema.org","@graph":[{"@type":"Article","@id":"https:\/\/www.nordestsanita.it\/?p=1224#article","isPartOf":{"@id":"https:\/\/www.nordestsanita.it\/?p=1224"},"author":{"name":"Redazione","@id":"https:\/\/www.nordestsanita.it\/#\/schema\/person\/e5a7dc6dca45cb55e67d4a127b0e969a"},"headline":"COVID, il Veneto primo in Italia per uso monoclonali","datePublished":"2022-01-31T16:40:32+00:00","dateModified":"2022-01-31T16:40:32+00:00","mainEntityOfPage":{"@id":"https:\/\/www.nordestsanita.it\/?p=1224"},"wordCount":241,"publisher":{"@id":"https:\/\/www.nordestsanita.it\/#organization"},"keywords":["Covid-19","monoclonali","Regione Veneto"],"articleSection":["Covid","Sanit\u00e0"],"inLanguage":"it-IT"},{"@type":"WebPage","@id":"https:\/\/www.nordestsanita.it\/?p=1224","url":"https:\/\/www.nordestsanita.it\/?p=1224","name":"COVID, il Veneto primo in Italia per uso monoclonali - NES","isPartOf":{"@id":"https:\/\/www.nordestsanita.it\/#website"},"datePublished":"2022-01-31T16:40:32+00:00","dateModified":"2022-01-31T16:40:32+00:00","description":"Il Veneto \u00e8 primo in Italia per l\u2019uso dei farmaci monoclonali nella lotta al Covid, il commento di Luca Zaia.","breadcrumb":{"@id":"https:\/\/www.nordestsanita.it\/?p=1224#breadcrumb"},"inLanguage":"it-IT","potentialAction":[{"@type":"ReadAction","target":["https:\/\/www.nordestsanita.it\/?p=1224"]}]},{"@type":"BreadcrumbList","@id":"https:\/\/www.nordestsanita.it\/?p=1224#breadcrumb","itemListElement":[{"@type":"ListItem","position":1,"name":"Home","item":"https:\/\/www.nordestsanita.it\/"},{"@type":"ListItem","position":2,"name":"COVID, il Veneto primo in Italia per uso monoclonali"}]},{"@type":"WebSite","@id":"https:\/\/www.nordestsanita.it\/#website","url":"https:\/\/www.nordestsanita.it\/","name":"NES","description":"Nord Est Sanit\u00e0","publisher":{"@id":"https:\/\/www.nordestsanita.it\/#organization"},"potentialAction":[{"@type":"SearchAction","target":{"@type":"EntryPoint","urlTemplate":"https:\/\/www.nordestsanita.it\/?s={search_term_string}"},"query-input":"required name=search_term_string"}],"inLanguage":"it-IT"},{"@type":"Organization","@id":"https:\/\/www.nordestsanita.it\/#organization","name":"NES","url":"https:\/\/www.nordestsanita.it\/","logo":{"@type":"ImageObject","inLanguage":"it-IT","@id":"https:\/\/www.nordestsanita.it\/#\/schema\/logo\/image\/","url":"https:\/\/www.nordestsanita.it\/wp-content\/uploads\/2021\/05\/NES-1280.png","contentUrl":"https:\/\/www.nordestsanita.it\/wp-content\/uploads\/2021\/05\/NES-1280.png","width":1280,"height":458,"caption":"NES"},"image":{"@id":"https:\/\/www.nordestsanita.it\/#\/schema\/logo\/image\/"}},{"@type":"Person","@id":"https:\/\/www.nordestsanita.it\/#\/schema\/person\/e5a7dc6dca45cb55e67d4a127b0e969a","name":"Redazione","image":{"@type":"ImageObject","inLanguage":"it-IT","@id":"https:\/\/www.nordestsanita.it\/#\/schema\/person\/image\/","url":"https:\/\/secure.gravatar.com\/avatar\/3f19a9b3d671ea36ec67c4badf3f961a?s=96&d=mm&r=g","contentUrl":"https:\/\/secure.gravatar.com\/avatar\/3f19a9b3d671ea36ec67c4badf3f961a?s=96&d=mm&r=g","caption":"Redazione"},"url":"https:\/\/www.nordestsanita.it\/?author=8"}]}},"jetpack_featured_media_url":"https:\/\/www.nordestsanita.it\/wp-content\/uploads\/2022\/01\/test-covid.jpg","_links":{"self":[{"href":"https:\/\/www.nordestsanita.it\/index.php?rest_route=\/wp\/v2\/posts\/1224"}],"collection":[{"href":"https:\/\/www.nordestsanita.it\/index.php?rest_route=\/wp\/v2\/posts"}],"about":[{"href":"https:\/\/www.nordestsanita.it\/index.php?rest_route=\/wp\/v2\/types\/post"}],"author":[{"embeddable":true,"href":"https:\/\/www.nordestsanita.it\/index.php?rest_route=\/wp\/v2\/users\/8"}],"replies":[{"embeddable":true,"href":"https:\/\/www.nordestsanita.it\/index.php?rest_route=%2Fwp%2Fv2%2Fcomments&post=1224"}],"version-history":[{"count":1,"href":"https:\/\/www.nordestsanita.it\/index.php?rest_route=\/wp\/v2\/posts\/1224\/revisions"}],"predecessor-version":[{"id":1226,"href":"https:\/\/www.nordestsanita.it\/index.php?rest_route=\/wp\/v2\/posts\/1224\/revisions\/1226"}],"wp:featuredmedia":[{"embeddable":true,"href":"https:\/\/www.nordestsanita.it\/index.php?rest_route=\/wp\/v2\/media\/1225"}],"wp:attachment":[{"href":"https:\/\/www.nordestsanita.it\/index.php?rest_route=%2Fwp%2Fv2%2Fmedia&parent=1224"}],"wp:term":[{"taxonomy":"category","embeddable":true,"href":"https:\/\/www.nordestsanita.it\/index.php?rest_route=%2Fwp%2Fv2%2Fcategories&post=1224"},{"taxonomy":"post_tag","embeddable":true,"href":"https:\/\/www.nordestsanita.it\/index.php?rest_route=%2Fwp%2Fv2%2Ftags&post=1224"}],"curies":[{"name":"wp","href":"https:\/\/api.w.org\/{rel}","templated":true}]}}