{"id":1231,"date":"2022-02-04T14:57:29","date_gmt":"2022-02-04T13:57:29","guid":{"rendered":"https:\/\/www.nordestsanita.it\/?p=1231"},"modified":"2022-02-04T14:57:30","modified_gmt":"2022-02-04T13:57:30","slug":"veneto-cambia-laria","status":"publish","type":"post","link":"https:\/\/www.nordestsanita.it\/?p=1231","title":{"rendered":"Veneto, cambia l&#8217;aria"},"content":{"rendered":"\n<p>Non piove, la siccit\u00e0 impera ormai anche di inverno. Ma almeno la qualit\u00e0 dell&#8217;aria migliora. <\/p>\n\n\n\n<p>\u201cLa ventilazione in corso &#8211; spiega l&#8217;Assessore all\u2019Ambiente della Regione del Veneto, Gianpaolo Bottacin, commentando il nuovo bollettino di ARPAV &#8211; sta favorendo in queste ore la dispersione delle polveri sottili (ARPAV ha evidenziato che il superamento dei limiti era attestato su valori di poco superiori alla norma), rendendo pi\u00f9 sana l\u2019aria che respiriamo\u201d. <\/p>\n\n\n\n<p>La stabilit\u00e0 atmosferica che per pi\u00f9 di due settimane ha interessato il Veneto e altre regioni del bacino padano si \u00e8 attenuata mettendo fine al prolungato episodio di superamento dei limiti, che comunque si \u00e8 attestato spesso su valori di poco superiori alla norma. Situazioni di prolungato superamento del limite sono tipiche di gennaio per tutto il bacino padano, la particolarit\u00e0 \u00e8 invece che a causa della ventilazione che ha contraddistinto tutto il periodo, i valori si sono attestati spesso in prossimit\u00e0 del limite. A partire dai primi giorni di febbraio, il Veneto \u00e8 stato interessato dal passaggio di alcuni impulsi di aria fredda in quota, associati ad una depressione sull\u2019Europa orientale. Essi hanno determinato un calo delle temperature in quota, con conseguente attenuazione dell\u2019inversione termica, e fasi di rinforzo dei venti anche in pianura, generando condizioni favorevoli al ricambio di massa d\u2019aria e alla dispersione degli inquinanti.<\/p>\n","protected":false},"excerpt":{"rendered":"<p>Non piove, la siccit\u00e0 impera ormai anche di inverno. Ma almeno la qualit\u00e0 dell&#8217;aria migliora. \u201cLa ventilazione in corso &#8211; spiega l&#8217;Assessore all\u2019Ambiente della Regione del Veneto, Gianpaolo Bottacin, commentando il nuovo bollettino di ARPAV &#8211; sta favorendo in queste ore la dispersione delle polveri sottili (ARPAV ha evidenziato che il superamento dei limiti era attestato su valori di poco superiori alla norma), rendendo pi\u00f9 sana l\u2019aria che respiriamo\u201d. La stabilit\u00e0 atmosferica che per pi\u00f9 di due settimane ha interessato il Veneto e altre regioni del bacino padano si \u00e8 attenuata mettendo fine al prolungato episodio di superamento dei limiti,<\/p>\n","protected":false},"author":4,"featured_media":1233,"comment_status":"closed","ping_status":"open","sticky":false,"template":"","format":"standard","meta":[],"categories":[24],"tags":[40,207],"yoast_head":"<!-- This site is optimized with the Yoast SEO plugin v20.2 - https:\/\/yoast.com\/wordpress\/plugins\/seo\/ -->\n<title>Veneto, cambia l&#039;aria - NES<\/title>\n<meta name=\"robots\" content=\"index, follow, max-snippet:-1, max-image-preview:large, max-video-preview:-1\" \/>\n<link rel=\"canonical\" href=\"https:\/\/www.nordestsanita.it\/?p=1231\" \/>\n<meta property=\"og:locale\" content=\"it_IT\" \/>\n<meta property=\"og:type\" content=\"article\" \/>\n<meta property=\"og:title\" content=\"Veneto, cambia l&#039;aria - NES\" \/>\n<meta property=\"og:description\" content=\"Non piove, la siccit\u00e0 impera ormai anche di inverno. Ma almeno la qualit\u00e0 dell&#8217;aria migliora. \u201cLa ventilazione in corso &#8211; spiega l&#8217;Assessore all\u2019Ambiente della Regione del Veneto, Gianpaolo Bottacin, commentando il nuovo bollettino di ARPAV &#8211; sta favorendo in queste ore la dispersione delle polveri sottili (ARPAV ha evidenziato che il superamento dei limiti era attestato su valori di poco superiori alla norma), rendendo pi\u00f9 sana l\u2019aria che respiriamo\u201d. La stabilit\u00e0 atmosferica che per pi\u00f9 di due settimane ha interessato il Veneto e altre regioni del bacino padano si \u00e8 attenuata mettendo fine al prolungato episodio di superamento dei limiti,\" \/>\n<meta property=\"og:url\" content=\"https:\/\/www.nordestsanita.it\/?p=1231\" \/>\n<meta property=\"og:site_name\" content=\"NES\" \/>\n<meta property=\"article:published_time\" content=\"2022-02-04T13:57:29+00:00\" \/>\n<meta property=\"article:modified_time\" content=\"2022-02-04T13:57:30+00:00\" \/>\n<meta property=\"og:image\" content=\"https:\/\/www.nordestsanita.it\/wp-content\/uploads\/2022\/02\/sunset-g38ee49693_1920.jpg\" \/>\n\t<meta property=\"og:image:width\" content=\"1920\" \/>\n\t<meta property=\"og:image:height\" content=\"960\" \/>\n\t<meta property=\"og:image:type\" content=\"image\/jpeg\" \/>\n<meta name=\"author\" content=\"Giuliano Gargano\" \/>\n<meta name=\"twitter:card\" content=\"summary_large_image\" \/>\n<meta name=\"twitter:label1\" content=\"Scritto da\" \/>\n\t<meta name=\"twitter:data1\" content=\"Giuliano Gargano\" \/>\n\t<meta name=\"twitter:label2\" content=\"Tempo di lettura stimato\" \/>\n\t<meta name=\"twitter:data2\" content=\"1 minuto\" \/>\n<script type=\"application\/ld+json\" class=\"yoast-schema-graph\">{\"@context\":\"https:\/\/schema.org\",\"@graph\":[{\"@type\":\"Article\",\"@id\":\"https:\/\/www.nordestsanita.it\/?p=1231#article\",\"isPartOf\":{\"@id\":\"https:\/\/www.nordestsanita.it\/?p=1231\"},\"author\":{\"name\":\"Giuliano Gargano\",\"@id\":\"https:\/\/www.nordestsanita.it\/#\/schema\/person\/b4d794d64b96b99781f85e73d2f335e8\"},\"headline\":\"Veneto, cambia l&#8217;aria\",\"datePublished\":\"2022-02-04T13:57:29+00:00\",\"dateModified\":\"2022-02-04T13:57:30+00:00\",\"mainEntityOfPage\":{\"@id\":\"https:\/\/www.nordestsanita.it\/?p=1231\"},\"wordCount\":221,\"publisher\":{\"@id\":\"https:\/\/www.nordestsanita.it\/#organization\"},\"keywords\":[\"ambiente\",\"bottacin\"],\"articleSection\":[\"Attualit\u00e0\"],\"inLanguage\":\"it-IT\"},{\"@type\":\"WebPage\",\"@id\":\"https:\/\/www.nordestsanita.it\/?p=1231\",\"url\":\"https:\/\/www.nordestsanita.it\/?p=1231\",\"name\":\"Veneto, cambia l'aria - NES\",\"isPartOf\":{\"@id\":\"https:\/\/www.nordestsanita.it\/#website\"},\"datePublished\":\"2022-02-04T13:57:29+00:00\",\"dateModified\":\"2022-02-04T13:57:30+00:00\",\"breadcrumb\":{\"@id\":\"https:\/\/www.nordestsanita.it\/?p=1231#breadcrumb\"},\"inLanguage\":\"it-IT\",\"potentialAction\":[{\"@type\":\"ReadAction\",\"target\":[\"https:\/\/www.nordestsanita.it\/?p=1231\"]}]},{\"@type\":\"BreadcrumbList\",\"@id\":\"https:\/\/www.nordestsanita.it\/?p=1231#breadcrumb\",\"itemListElement\":[{\"@type\":\"ListItem\",\"position\":1,\"name\":\"Home\",\"item\":\"https:\/\/www.nordestsanita.it\/\"},{\"@type\":\"ListItem\",\"position\":2,\"name\":\"Veneto, cambia l&#8217;aria\"}]},{\"@type\":\"WebSite\",\"@id\":\"https:\/\/www.nordestsanita.it\/#website\",\"url\":\"https:\/\/www.nordestsanita.it\/\",\"name\":\"NES\",\"description\":\"Nord Est Sanit\u00e0\",\"publisher\":{\"@id\":\"https:\/\/www.nordestsanita.it\/#organization\"},\"potentialAction\":[{\"@type\":\"SearchAction\",\"target\":{\"@type\":\"EntryPoint\",\"urlTemplate\":\"https:\/\/www.nordestsanita.it\/?s={search_term_string}\"},\"query-input\":\"required name=search_term_string\"}],\"inLanguage\":\"it-IT\"},{\"@type\":\"Organization\",\"@id\":\"https:\/\/www.nordestsanita.it\/#organization\",\"name\":\"NES\",\"url\":\"https:\/\/www.nordestsanita.it\/\",\"logo\":{\"@type\":\"ImageObject\",\"inLanguage\":\"it-IT\",\"@id\":\"https:\/\/www.nordestsanita.it\/#\/schema\/logo\/image\/\",\"url\":\"https:\/\/www.nordestsanita.it\/wp-content\/uploads\/2021\/05\/NES-1280.png\",\"contentUrl\":\"https:\/\/www.nordestsanita.it\/wp-content\/uploads\/2021\/05\/NES-1280.png\",\"width\":1280,\"height\":458,\"caption\":\"NES\"},\"image\":{\"@id\":\"https:\/\/www.nordestsanita.it\/#\/schema\/logo\/image\/\"}},{\"@type\":\"Person\",\"@id\":\"https:\/\/www.nordestsanita.it\/#\/schema\/person\/b4d794d64b96b99781f85e73d2f335e8\",\"name\":\"Giuliano Gargano\",\"image\":{\"@type\":\"ImageObject\",\"inLanguage\":\"it-IT\",\"@id\":\"https:\/\/www.nordestsanita.it\/#\/schema\/person\/image\/\",\"url\":\"https:\/\/secure.gravatar.com\/avatar\/2358b20e394b61d6f72d0ddb2a3df6b3?s=96&d=mm&r=g\",\"contentUrl\":\"https:\/\/secure.gravatar.com\/avatar\/2358b20e394b61d6f72d0ddb2a3df6b3?s=96&d=mm&r=g\",\"caption\":\"Giuliano Gargano\"},\"url\":\"https:\/\/www.nordestsanita.it\/?author=4\"}]}<\/script>\n<!-- \/ Yoast SEO plugin. -->","yoast_head_json":{"title":"Veneto, cambia l'aria - NES","robots":{"index":"index","follow":"follow","max-snippet":"max-snippet:-1","max-image-preview":"max-image-preview:large","max-video-preview":"max-video-preview:-1"},"canonical":"https:\/\/www.nordestsanita.it\/?p=1231","og_locale":"it_IT","og_type":"article","og_title":"Veneto, cambia l'aria - NES","og_description":"Non piove, la siccit\u00e0 impera ormai anche di inverno. Ma almeno la qualit\u00e0 dell&#8217;aria migliora. \u201cLa ventilazione in corso &#8211; spiega l&#8217;Assessore all\u2019Ambiente della Regione del Veneto, Gianpaolo Bottacin, commentando il nuovo bollettino di ARPAV &#8211; sta favorendo in queste ore la dispersione delle polveri sottili (ARPAV ha evidenziato che il superamento dei limiti era attestato su valori di poco superiori alla norma), rendendo pi\u00f9 sana l\u2019aria che respiriamo\u201d. La stabilit\u00e0 atmosferica che per pi\u00f9 di due settimane ha interessato il Veneto e altre regioni del bacino padano si \u00e8 attenuata mettendo fine al prolungato episodio di superamento dei limiti,","og_url":"https:\/\/www.nordestsanita.it\/?p=1231","og_site_name":"NES","article_published_time":"2022-02-04T13:57:29+00:00","article_modified_time":"2022-02-04T13:57:30+00:00","og_image":[{"width":1920,"height":960,"url":"https:\/\/www.nordestsanita.it\/wp-content\/uploads\/2022\/02\/sunset-g38ee49693_1920.jpg","type":"image\/jpeg"}],"author":"Giuliano Gargano","twitter_card":"summary_large_image","twitter_misc":{"Scritto da":"Giuliano Gargano","Tempo di lettura stimato":"1 minuto"},"schema":{"@context":"https:\/\/schema.org","@graph":[{"@type":"Article","@id":"https:\/\/www.nordestsanita.it\/?p=1231#article","isPartOf":{"@id":"https:\/\/www.nordestsanita.it\/?p=1231"},"author":{"name":"Giuliano Gargano","@id":"https:\/\/www.nordestsanita.it\/#\/schema\/person\/b4d794d64b96b99781f85e73d2f335e8"},"headline":"Veneto, cambia l&#8217;aria","datePublished":"2022-02-04T13:57:29+00:00","dateModified":"2022-02-04T13:57:30+00:00","mainEntityOfPage":{"@id":"https:\/\/www.nordestsanita.it\/?p=1231"},"wordCount":221,"publisher":{"@id":"https:\/\/www.nordestsanita.it\/#organization"},"keywords":["ambiente","bottacin"],"articleSection":["Attualit\u00e0"],"inLanguage":"it-IT"},{"@type":"WebPage","@id":"https:\/\/www.nordestsanita.it\/?p=1231","url":"https:\/\/www.nordestsanita.it\/?p=1231","name":"Veneto, cambia l'aria - NES","isPartOf":{"@id":"https:\/\/www.nordestsanita.it\/#website"},"datePublished":"2022-02-04T13:57:29+00:00","dateModified":"2022-02-04T13:57:30+00:00","breadcrumb":{"@id":"https:\/\/www.nordestsanita.it\/?p=1231#breadcrumb"},"inLanguage":"it-IT","potentialAction":[{"@type":"ReadAction","target":["https:\/\/www.nordestsanita.it\/?p=1231"]}]},{"@type":"BreadcrumbList","@id":"https:\/\/www.nordestsanita.it\/?p=1231#breadcrumb","itemListElement":[{"@type":"ListItem","position":1,"name":"Home","item":"https:\/\/www.nordestsanita.it\/"},{"@type":"ListItem","position":2,"name":"Veneto, cambia l&#8217;aria"}]},{"@type":"WebSite","@id":"https:\/\/www.nordestsanita.it\/#website","url":"https:\/\/www.nordestsanita.it\/","name":"NES","description":"Nord Est Sanit\u00e0","publisher":{"@id":"https:\/\/www.nordestsanita.it\/#organization"},"potentialAction":[{"@type":"SearchAction","target":{"@type":"EntryPoint","urlTemplate":"https:\/\/www.nordestsanita.it\/?s={search_term_string}"},"query-input":"required name=search_term_string"}],"inLanguage":"it-IT"},{"@type":"Organization","@id":"https:\/\/www.nordestsanita.it\/#organization","name":"NES","url":"https:\/\/www.nordestsanita.it\/","logo":{"@type":"ImageObject","inLanguage":"it-IT","@id":"https:\/\/www.nordestsanita.it\/#\/schema\/logo\/image\/","url":"https:\/\/www.nordestsanita.it\/wp-content\/uploads\/2021\/05\/NES-1280.png","contentUrl":"https:\/\/www.nordestsanita.it\/wp-content\/uploads\/2021\/05\/NES-1280.png","width":1280,"height":458,"caption":"NES"},"image":{"@id":"https:\/\/www.nordestsanita.it\/#\/schema\/logo\/image\/"}},{"@type":"Person","@id":"https:\/\/www.nordestsanita.it\/#\/schema\/person\/b4d794d64b96b99781f85e73d2f335e8","name":"Giuliano Gargano","image":{"@type":"ImageObject","inLanguage":"it-IT","@id":"https:\/\/www.nordestsanita.it\/#\/schema\/person\/image\/","url":"https:\/\/secure.gravatar.com\/avatar\/2358b20e394b61d6f72d0ddb2a3df6b3?s=96&d=mm&r=g","contentUrl":"https:\/\/secure.gravatar.com\/avatar\/2358b20e394b61d6f72d0ddb2a3df6b3?s=96&d=mm&r=g","caption":"Giuliano Gargano"},"url":"https:\/\/www.nordestsanita.it\/?author=4"}]}},"jetpack_featured_media_url":"https:\/\/www.nordestsanita.it\/wp-content\/uploads\/2022\/02\/sunset-g38ee49693_1920.jpg","_links":{"self":[{"href":"https:\/\/www.nordestsanita.it\/index.php?rest_route=\/wp\/v2\/posts\/1231"}],"collection":[{"href":"https:\/\/www.nordestsanita.it\/index.php?rest_route=\/wp\/v2\/posts"}],"about":[{"href":"https:\/\/www.nordestsanita.it\/index.php?rest_route=\/wp\/v2\/types\/post"}],"author":[{"embeddable":true,"href":"https:\/\/www.nordestsanita.it\/index.php?rest_route=\/wp\/v2\/users\/4"}],"replies":[{"embeddable":true,"href":"https:\/\/www.nordestsanita.it\/index.php?rest_route=%2Fwp%2Fv2%2Fcomments&post=1231"}],"version-history":[{"count":2,"href":"https:\/\/www.nordestsanita.it\/index.php?rest_route=\/wp\/v2\/posts\/1231\/revisions"}],"predecessor-version":[{"id":1234,"href":"https:\/\/www.nordestsanita.it\/index.php?rest_route=\/wp\/v2\/posts\/1231\/revisions\/1234"}],"wp:featuredmedia":[{"embeddable":true,"href":"https:\/\/www.nordestsanita.it\/index.php?rest_route=\/wp\/v2\/media\/1233"}],"wp:attachment":[{"href":"https:\/\/www.nordestsanita.it\/index.php?rest_route=%2Fwp%2Fv2%2Fmedia&parent=1231"}],"wp:term":[{"taxonomy":"category","embeddable":true,"href":"https:\/\/www.nordestsanita.it\/index.php?rest_route=%2Fwp%2Fv2%2Fcategories&post=1231"},{"taxonomy":"post_tag","embeddable":true,"href":"https:\/\/www.nordestsanita.it\/index.php?rest_route=%2Fwp%2Fv2%2Ftags&post=1231"}],"curies":[{"name":"wp","href":"https:\/\/api.w.org\/{rel}","templated":true}]}}