{"id":1250,"date":"2022-02-21T15:50:31","date_gmt":"2022-02-21T14:50:31","guid":{"rendered":"https:\/\/www.nordestsanita.it\/?p=1250"},"modified":"2022-02-21T15:50:32","modified_gmt":"2022-02-21T14:50:32","slug":"due-anni-di-pandemia","status":"publish","type":"post","link":"https:\/\/www.nordestsanita.it\/?p=1250","title":{"rendered":"Due anni di pandemia"},"content":{"rendered":"\n<p>Due anni di coronavirus, due anni dalla prima vittima in Italia, a Vo&#8217; Euganeo. Mentre \u00e8 cominciato il conto alla rovescia per lo stato di emergenza, previsto per il prossimo 31 marzo, non si pu\u00f2 non ripensare ad un biennio che rester\u00e0 nella storia. Oggi il presidente della Regione Veneto Luca Zaia ha ripercorso &#8211; dal suo punto di vista &#8211; i due anni di pandemia. Restano giorni drammatici: il 4 gennaio 2021, quando si \u00e8 raggiunto il numero pi\u00f9 alto di deceduti in un giorno, 122: o il 21 gennaio 2022, un mese fa, con quasi 295mila persone contemporaneamente in isolamento. Restano le 13.714 persone decedute a causa del Covid. Ma anche quelle guarite, pi\u00f9 di un milione e duecentomila.<\/p>\n\n\n\n<p>In Veneto si sono vaccinate 4.500.176 persone e poco pi\u00f9 di 3 milioni hanno ricevuto la dose booster. Le conseguenze, economiche e sociali, sono ancora tutte da calcolare, visto che gli effetti si propagheranno nel tempo. La redazione di NES sta preparando il primo numero del 2022 e l&#8217;auspicio di tutti \u00e8 che sia l&#8217;ultimo nel quale dedicheremo l&#8217;apertura al Covid. <\/p>\n","protected":false},"excerpt":{"rendered":"<p>Due anni di coronavirus, due anni dalla prima vittima in Italia, a Vo&#8217; Euganeo. Mentre \u00e8 cominciato il conto alla rovescia per lo stato di emergenza, previsto per il prossimo 31 marzo, non si pu\u00f2 non ripensare ad un biennio che rester\u00e0 nella storia. Oggi il presidente della Regione Veneto Luca Zaia ha ripercorso &#8211; dal suo punto di vista &#8211; i due anni di pandemia. Restano giorni drammatici: il 4 gennaio 2021, quando si \u00e8 raggiunto il numero pi\u00f9 alto di deceduti in un giorno, 122: o il 21 gennaio 2022, un mese fa, con quasi 295mila persone contemporaneamente<\/p>\n","protected":false},"author":4,"featured_media":1251,"comment_status":"closed","ping_status":"open","sticky":false,"template":"","format":"standard","meta":[],"categories":[29,25],"tags":[39],"yoast_head":"<!-- This site is optimized with the Yoast SEO plugin v20.2 - https:\/\/yoast.com\/wordpress\/plugins\/seo\/ -->\n<title>Due anni di pandemia - NES<\/title>\n<meta name=\"description\" content=\"Il 21 febbraio 2020 la prima vittima di Covid in Italia, a Vo&#039; Euganeo. E&#039; il tempo per un bilancio di un biennio che rester\u00e0 nella storia.\" \/>\n<meta name=\"robots\" content=\"index, follow, max-snippet:-1, max-image-preview:large, max-video-preview:-1\" \/>\n<link rel=\"canonical\" href=\"https:\/\/www.nordestsanita.it\/?p=1250\" \/>\n<meta property=\"og:locale\" content=\"it_IT\" \/>\n<meta property=\"og:type\" content=\"article\" \/>\n<meta property=\"og:title\" content=\"Due anni di pandemia - NES\" \/>\n<meta property=\"og:description\" content=\"Il 21 febbraio 2020 la prima vittima di Covid in Italia, a Vo&#039; Euganeo. E&#039; il tempo per un bilancio di un biennio che rester\u00e0 nella storia.\" \/>\n<meta property=\"og:url\" content=\"https:\/\/www.nordestsanita.it\/?p=1250\" \/>\n<meta property=\"og:site_name\" content=\"NES\" \/>\n<meta property=\"article:published_time\" content=\"2022-02-21T14:50:31+00:00\" \/>\n<meta property=\"article:modified_time\" content=\"2022-02-21T14:50:32+00:00\" \/>\n<meta property=\"og:image\" content=\"https:\/\/www.nordestsanita.it\/wp-content\/uploads\/2022\/02\/20220220Vaccinazioni.jpg\" \/>\n\t<meta property=\"og:image:width\" content=\"1270\" \/>\n\t<meta property=\"og:image:height\" content=\"669\" \/>\n\t<meta property=\"og:image:type\" content=\"image\/jpeg\" \/>\n<meta name=\"author\" content=\"Giuliano Gargano\" \/>\n<meta name=\"twitter:card\" content=\"summary_large_image\" \/>\n<meta name=\"twitter:label1\" content=\"Scritto da\" \/>\n\t<meta name=\"twitter:data1\" content=\"Giuliano Gargano\" \/>\n\t<meta name=\"twitter:label2\" content=\"Tempo di lettura stimato\" \/>\n\t<meta name=\"twitter:data2\" content=\"1 minuto\" \/>\n<script type=\"application\/ld+json\" class=\"yoast-schema-graph\">{\"@context\":\"https:\/\/schema.org\",\"@graph\":[{\"@type\":\"Article\",\"@id\":\"https:\/\/www.nordestsanita.it\/?p=1250#article\",\"isPartOf\":{\"@id\":\"https:\/\/www.nordestsanita.it\/?p=1250\"},\"author\":{\"name\":\"Giuliano Gargano\",\"@id\":\"https:\/\/www.nordestsanita.it\/#\/schema\/person\/b4d794d64b96b99781f85e73d2f335e8\"},\"headline\":\"Due anni di pandemia\",\"datePublished\":\"2022-02-21T14:50:31+00:00\",\"dateModified\":\"2022-02-21T14:50:32+00:00\",\"mainEntityOfPage\":{\"@id\":\"https:\/\/www.nordestsanita.it\/?p=1250\"},\"wordCount\":173,\"publisher\":{\"@id\":\"https:\/\/www.nordestsanita.it\/#organization\"},\"keywords\":[\"Covid-19\"],\"articleSection\":[\"Covid\",\"Sanit\u00e0\"],\"inLanguage\":\"it-IT\"},{\"@type\":\"WebPage\",\"@id\":\"https:\/\/www.nordestsanita.it\/?p=1250\",\"url\":\"https:\/\/www.nordestsanita.it\/?p=1250\",\"name\":\"Due anni di pandemia - NES\",\"isPartOf\":{\"@id\":\"https:\/\/www.nordestsanita.it\/#website\"},\"datePublished\":\"2022-02-21T14:50:31+00:00\",\"dateModified\":\"2022-02-21T14:50:32+00:00\",\"description\":\"Il 21 febbraio 2020 la prima vittima di Covid in Italia, a Vo' Euganeo. E' il tempo per un bilancio di un biennio che rester\u00e0 nella storia.\",\"breadcrumb\":{\"@id\":\"https:\/\/www.nordestsanita.it\/?p=1250#breadcrumb\"},\"inLanguage\":\"it-IT\",\"potentialAction\":[{\"@type\":\"ReadAction\",\"target\":[\"https:\/\/www.nordestsanita.it\/?p=1250\"]}]},{\"@type\":\"BreadcrumbList\",\"@id\":\"https:\/\/www.nordestsanita.it\/?p=1250#breadcrumb\",\"itemListElement\":[{\"@type\":\"ListItem\",\"position\":1,\"name\":\"Home\",\"item\":\"https:\/\/www.nordestsanita.it\/\"},{\"@type\":\"ListItem\",\"position\":2,\"name\":\"Due anni di pandemia\"}]},{\"@type\":\"WebSite\",\"@id\":\"https:\/\/www.nordestsanita.it\/#website\",\"url\":\"https:\/\/www.nordestsanita.it\/\",\"name\":\"NES\",\"description\":\"Nord Est Sanit\u00e0\",\"publisher\":{\"@id\":\"https:\/\/www.nordestsanita.it\/#organization\"},\"potentialAction\":[{\"@type\":\"SearchAction\",\"target\":{\"@type\":\"EntryPoint\",\"urlTemplate\":\"https:\/\/www.nordestsanita.it\/?s={search_term_string}\"},\"query-input\":\"required name=search_term_string\"}],\"inLanguage\":\"it-IT\"},{\"@type\":\"Organization\",\"@id\":\"https:\/\/www.nordestsanita.it\/#organization\",\"name\":\"NES\",\"url\":\"https:\/\/www.nordestsanita.it\/\",\"logo\":{\"@type\":\"ImageObject\",\"inLanguage\":\"it-IT\",\"@id\":\"https:\/\/www.nordestsanita.it\/#\/schema\/logo\/image\/\",\"url\":\"https:\/\/www.nordestsanita.it\/wp-content\/uploads\/2021\/05\/NES-1280.png\",\"contentUrl\":\"https:\/\/www.nordestsanita.it\/wp-content\/uploads\/2021\/05\/NES-1280.png\",\"width\":1280,\"height\":458,\"caption\":\"NES\"},\"image\":{\"@id\":\"https:\/\/www.nordestsanita.it\/#\/schema\/logo\/image\/\"}},{\"@type\":\"Person\",\"@id\":\"https:\/\/www.nordestsanita.it\/#\/schema\/person\/b4d794d64b96b99781f85e73d2f335e8\",\"name\":\"Giuliano Gargano\",\"image\":{\"@type\":\"ImageObject\",\"inLanguage\":\"it-IT\",\"@id\":\"https:\/\/www.nordestsanita.it\/#\/schema\/person\/image\/\",\"url\":\"https:\/\/secure.gravatar.com\/avatar\/2358b20e394b61d6f72d0ddb2a3df6b3?s=96&d=mm&r=g\",\"contentUrl\":\"https:\/\/secure.gravatar.com\/avatar\/2358b20e394b61d6f72d0ddb2a3df6b3?s=96&d=mm&r=g\",\"caption\":\"Giuliano Gargano\"},\"url\":\"https:\/\/www.nordestsanita.it\/?author=4\"}]}<\/script>\n<!-- \/ Yoast SEO plugin. -->","yoast_head_json":{"title":"Due anni di pandemia - NES","description":"Il 21 febbraio 2020 la prima vittima di Covid in Italia, a Vo' Euganeo. E' il tempo per un bilancio di un biennio che rester\u00e0 nella storia.","robots":{"index":"index","follow":"follow","max-snippet":"max-snippet:-1","max-image-preview":"max-image-preview:large","max-video-preview":"max-video-preview:-1"},"canonical":"https:\/\/www.nordestsanita.it\/?p=1250","og_locale":"it_IT","og_type":"article","og_title":"Due anni di pandemia - NES","og_description":"Il 21 febbraio 2020 la prima vittima di Covid in Italia, a Vo' Euganeo. E' il tempo per un bilancio di un biennio che rester\u00e0 nella storia.","og_url":"https:\/\/www.nordestsanita.it\/?p=1250","og_site_name":"NES","article_published_time":"2022-02-21T14:50:31+00:00","article_modified_time":"2022-02-21T14:50:32+00:00","og_image":[{"width":1270,"height":669,"url":"https:\/\/www.nordestsanita.it\/wp-content\/uploads\/2022\/02\/20220220Vaccinazioni.jpg","type":"image\/jpeg"}],"author":"Giuliano Gargano","twitter_card":"summary_large_image","twitter_misc":{"Scritto da":"Giuliano Gargano","Tempo di lettura stimato":"1 minuto"},"schema":{"@context":"https:\/\/schema.org","@graph":[{"@type":"Article","@id":"https:\/\/www.nordestsanita.it\/?p=1250#article","isPartOf":{"@id":"https:\/\/www.nordestsanita.it\/?p=1250"},"author":{"name":"Giuliano Gargano","@id":"https:\/\/www.nordestsanita.it\/#\/schema\/person\/b4d794d64b96b99781f85e73d2f335e8"},"headline":"Due anni di pandemia","datePublished":"2022-02-21T14:50:31+00:00","dateModified":"2022-02-21T14:50:32+00:00","mainEntityOfPage":{"@id":"https:\/\/www.nordestsanita.it\/?p=1250"},"wordCount":173,"publisher":{"@id":"https:\/\/www.nordestsanita.it\/#organization"},"keywords":["Covid-19"],"articleSection":["Covid","Sanit\u00e0"],"inLanguage":"it-IT"},{"@type":"WebPage","@id":"https:\/\/www.nordestsanita.it\/?p=1250","url":"https:\/\/www.nordestsanita.it\/?p=1250","name":"Due anni di pandemia - NES","isPartOf":{"@id":"https:\/\/www.nordestsanita.it\/#website"},"datePublished":"2022-02-21T14:50:31+00:00","dateModified":"2022-02-21T14:50:32+00:00","description":"Il 21 febbraio 2020 la prima vittima di Covid in Italia, a Vo' Euganeo. E' il tempo per un bilancio di un biennio che rester\u00e0 nella storia.","breadcrumb":{"@id":"https:\/\/www.nordestsanita.it\/?p=1250#breadcrumb"},"inLanguage":"it-IT","potentialAction":[{"@type":"ReadAction","target":["https:\/\/www.nordestsanita.it\/?p=1250"]}]},{"@type":"BreadcrumbList","@id":"https:\/\/www.nordestsanita.it\/?p=1250#breadcrumb","itemListElement":[{"@type":"ListItem","position":1,"name":"Home","item":"https:\/\/www.nordestsanita.it\/"},{"@type":"ListItem","position":2,"name":"Due anni di pandemia"}]},{"@type":"WebSite","@id":"https:\/\/www.nordestsanita.it\/#website","url":"https:\/\/www.nordestsanita.it\/","name":"NES","description":"Nord Est Sanit\u00e0","publisher":{"@id":"https:\/\/www.nordestsanita.it\/#organization"},"potentialAction":[{"@type":"SearchAction","target":{"@type":"EntryPoint","urlTemplate":"https:\/\/www.nordestsanita.it\/?s={search_term_string}"},"query-input":"required name=search_term_string"}],"inLanguage":"it-IT"},{"@type":"Organization","@id":"https:\/\/www.nordestsanita.it\/#organization","name":"NES","url":"https:\/\/www.nordestsanita.it\/","logo":{"@type":"ImageObject","inLanguage":"it-IT","@id":"https:\/\/www.nordestsanita.it\/#\/schema\/logo\/image\/","url":"https:\/\/www.nordestsanita.it\/wp-content\/uploads\/2021\/05\/NES-1280.png","contentUrl":"https:\/\/www.nordestsanita.it\/wp-content\/uploads\/2021\/05\/NES-1280.png","width":1280,"height":458,"caption":"NES"},"image":{"@id":"https:\/\/www.nordestsanita.it\/#\/schema\/logo\/image\/"}},{"@type":"Person","@id":"https:\/\/www.nordestsanita.it\/#\/schema\/person\/b4d794d64b96b99781f85e73d2f335e8","name":"Giuliano Gargano","image":{"@type":"ImageObject","inLanguage":"it-IT","@id":"https:\/\/www.nordestsanita.it\/#\/schema\/person\/image\/","url":"https:\/\/secure.gravatar.com\/avatar\/2358b20e394b61d6f72d0ddb2a3df6b3?s=96&d=mm&r=g","contentUrl":"https:\/\/secure.gravatar.com\/avatar\/2358b20e394b61d6f72d0ddb2a3df6b3?s=96&d=mm&r=g","caption":"Giuliano Gargano"},"url":"https:\/\/www.nordestsanita.it\/?author=4"}]}},"jetpack_featured_media_url":"https:\/\/www.nordestsanita.it\/wp-content\/uploads\/2022\/02\/20220220Vaccinazioni.jpg","_links":{"self":[{"href":"https:\/\/www.nordestsanita.it\/index.php?rest_route=\/wp\/v2\/posts\/1250"}],"collection":[{"href":"https:\/\/www.nordestsanita.it\/index.php?rest_route=\/wp\/v2\/posts"}],"about":[{"href":"https:\/\/www.nordestsanita.it\/index.php?rest_route=\/wp\/v2\/types\/post"}],"author":[{"embeddable":true,"href":"https:\/\/www.nordestsanita.it\/index.php?rest_route=\/wp\/v2\/users\/4"}],"replies":[{"embeddable":true,"href":"https:\/\/www.nordestsanita.it\/index.php?rest_route=%2Fwp%2Fv2%2Fcomments&post=1250"}],"version-history":[{"count":1,"href":"https:\/\/www.nordestsanita.it\/index.php?rest_route=\/wp\/v2\/posts\/1250\/revisions"}],"predecessor-version":[{"id":1252,"href":"https:\/\/www.nordestsanita.it\/index.php?rest_route=\/wp\/v2\/posts\/1250\/revisions\/1252"}],"wp:featuredmedia":[{"embeddable":true,"href":"https:\/\/www.nordestsanita.it\/index.php?rest_route=\/wp\/v2\/media\/1251"}],"wp:attachment":[{"href":"https:\/\/www.nordestsanita.it\/index.php?rest_route=%2Fwp%2Fv2%2Fmedia&parent=1250"}],"wp:term":[{"taxonomy":"category","embeddable":true,"href":"https:\/\/www.nordestsanita.it\/index.php?rest_route=%2Fwp%2Fv2%2Fcategories&post=1250"},{"taxonomy":"post_tag","embeddable":true,"href":"https:\/\/www.nordestsanita.it\/index.php?rest_route=%2Fwp%2Fv2%2Ftags&post=1250"}],"curies":[{"name":"wp","href":"https:\/\/api.w.org\/{rel}","templated":true}]}}