{"id":1287,"date":"2022-03-02T17:35:08","date_gmt":"2022-03-02T16:35:08","guid":{"rendered":"https:\/\/www.nordestsanita.it\/?p=1287"},"modified":"2022-03-02T17:35:08","modified_gmt":"2022-03-02T16:35:08","slug":"emergenza-ucraina-zaia-derogare-per-i-profughi-il-super-green-pass","status":"publish","type":"post","link":"https:\/\/www.nordestsanita.it\/?p=1287","title":{"rendered":"Emergenza Ucraina, Zaia: \u201cderogare per i profughi il super green pass\u201d"},"content":{"rendered":"\n<p>Il Presidente della Regione Veneto Luca Zaia, partecipando stamane alla manifestazione per la pace indetta dai giovani della Coldiretti in prossimit\u00e0 della Fiera di Verona, dove \u00e8 in corso Fieragricola 2022, \u00e8 intervenuto in merito all\u2019arrivo di profughi ucraini causati dalla guerra in corso.<\/p>\n\n\n\n<!--more-->\n\n\n\n<p>\u201cI civili ucraini in fuga dalla guerra che stanno arrivando in Veneto e in tutta Italia hanno bisogno di aiuto immediato. Per prima cosa \u00e8 quindi necessario evitare le complicazioni burocratiche prodotte dall\u2019ufficio complicazione affari semplici nazionale\u201d.<\/p>\n\n\n\n<p>\u201cPer i profughi \u2013 ha aggiunto Zaia \u2013 \u00e8 ad esempio necessario attuare subito una deroga al super greenpass, che non possono ovviamente avere perch\u00e9, anche i vaccinati, lo sono con lo Sputnik. L\u2019Ema deve riconoscere al pi\u00f9 presto questo vaccino altrimenti si troveranno di fronte a un blocco insuperabile di tipo sanitario\u201d.<\/p>\n\n\n\n<p>\u201cMa non basta \u2013 ha incalzato Zaia \u2013 perch\u00e9 \u00e8 necessario facilitare al massimo, con una sburocratizzazione d\u2019emergenza, le assunzioni di chi \u00e8 arrivato e cerca lavoro. Io stesso sto ricevendo offerte e disponibilit\u00e0 dal mondo del turismo, dell\u2019impresa, del commercio e deve essere fatto in modo che chi vuole assumere lo possa fare velocemente e senza lacci burocratici\u201d.<\/p>\n","protected":false},"excerpt":{"rendered":"<p>Il Presidente della Regione Veneto Luca Zaia \u00e8 intervenuto in merito all\u2019arrivo di profughi ucraini causati dalla guerra in corso.<\/p>\n","protected":false},"author":8,"featured_media":1288,"comment_status":"closed","ping_status":"open","sticky":false,"template":"","format":"standard","meta":[],"categories":[24],"tags":[119,71,210],"yoast_head":"<!-- This site is optimized with the Yoast SEO plugin v20.2 - https:\/\/yoast.com\/wordpress\/plugins\/seo\/ -->\n<title>Emergenza Ucraina, Zaia: \u201cderogare per i profughi il green pass\u201d - NES<\/title>\n<meta name=\"description\" content=\"Il Presidente della Regione Veneto Luca Zaia \u00e8 intervenuto in merito all\u2019arrivo di profughi ucraini causati dalla guerra in corso.\" \/>\n<meta name=\"robots\" content=\"index, follow, max-snippet:-1, max-image-preview:large, max-video-preview:-1\" \/>\n<link rel=\"canonical\" href=\"https:\/\/www.nordestsanita.it\/?p=1287\" \/>\n<meta property=\"og:locale\" content=\"it_IT\" \/>\n<meta property=\"og:type\" content=\"article\" \/>\n<meta property=\"og:title\" content=\"Emergenza Ucraina, Zaia: \u201cderogare per i profughi il green pass\u201d - NES\" \/>\n<meta property=\"og:description\" content=\"Il Presidente della Regione Veneto Luca Zaia \u00e8 intervenuto in merito all\u2019arrivo di profughi ucraini causati dalla guerra in corso.\" \/>\n<meta property=\"og:url\" content=\"https:\/\/www.nordestsanita.it\/?p=1287\" \/>\n<meta property=\"og:site_name\" content=\"NES\" \/>\n<meta property=\"article:published_time\" content=\"2022-03-02T16:35:08+00:00\" \/>\n<meta property=\"og:image\" content=\"https:\/\/www.nordestsanita.it\/wp-content\/uploads\/2022\/03\/international-g4825d3d59_640.jpg\" \/>\n\t<meta property=\"og:image:width\" content=\"640\" \/>\n\t<meta property=\"og:image:height\" content=\"480\" \/>\n\t<meta property=\"og:image:type\" content=\"image\/jpeg\" \/>\n<meta name=\"author\" content=\"Redazione\" \/>\n<meta name=\"twitter:card\" content=\"summary_large_image\" \/>\n<meta name=\"twitter:label1\" content=\"Scritto da\" \/>\n\t<meta name=\"twitter:data1\" content=\"Redazione\" \/>\n\t<meta name=\"twitter:label2\" content=\"Tempo di lettura stimato\" \/>\n\t<meta name=\"twitter:data2\" content=\"1 minuto\" \/>\n<script type=\"application\/ld+json\" class=\"yoast-schema-graph\">{\"@context\":\"https:\/\/schema.org\",\"@graph\":[{\"@type\":\"Article\",\"@id\":\"https:\/\/www.nordestsanita.it\/?p=1287#article\",\"isPartOf\":{\"@id\":\"https:\/\/www.nordestsanita.it\/?p=1287\"},\"author\":{\"name\":\"Redazione\",\"@id\":\"https:\/\/www.nordestsanita.it\/#\/schema\/person\/e5a7dc6dca45cb55e67d4a127b0e969a\"},\"headline\":\"Emergenza Ucraina, Zaia: \u201cderogare per i profughi il super green pass\u201d\",\"datePublished\":\"2022-03-02T16:35:08+00:00\",\"dateModified\":\"2022-03-02T16:35:08+00:00\",\"mainEntityOfPage\":{\"@id\":\"https:\/\/www.nordestsanita.it\/?p=1287\"},\"wordCount\":198,\"publisher\":{\"@id\":\"https:\/\/www.nordestsanita.it\/#organization\"},\"keywords\":[\"GREEN PASS\",\"Regione Veneto\",\"ucraina\"],\"articleSection\":[\"Attualit\u00e0\"],\"inLanguage\":\"it-IT\"},{\"@type\":\"WebPage\",\"@id\":\"https:\/\/www.nordestsanita.it\/?p=1287\",\"url\":\"https:\/\/www.nordestsanita.it\/?p=1287\",\"name\":\"Emergenza Ucraina, Zaia: \u201cderogare per i profughi il green pass\u201d - NES\",\"isPartOf\":{\"@id\":\"https:\/\/www.nordestsanita.it\/#website\"},\"datePublished\":\"2022-03-02T16:35:08+00:00\",\"dateModified\":\"2022-03-02T16:35:08+00:00\",\"description\":\"Il Presidente della Regione Veneto Luca Zaia \u00e8 intervenuto in merito all\u2019arrivo di profughi ucraini causati dalla guerra in corso.\",\"breadcrumb\":{\"@id\":\"https:\/\/www.nordestsanita.it\/?p=1287#breadcrumb\"},\"inLanguage\":\"it-IT\",\"potentialAction\":[{\"@type\":\"ReadAction\",\"target\":[\"https:\/\/www.nordestsanita.it\/?p=1287\"]}]},{\"@type\":\"BreadcrumbList\",\"@id\":\"https:\/\/www.nordestsanita.it\/?p=1287#breadcrumb\",\"itemListElement\":[{\"@type\":\"ListItem\",\"position\":1,\"name\":\"Home\",\"item\":\"https:\/\/www.nordestsanita.it\/\"},{\"@type\":\"ListItem\",\"position\":2,\"name\":\"Emergenza Ucraina, Zaia: \u201cderogare per i profughi il super green pass\u201d\"}]},{\"@type\":\"WebSite\",\"@id\":\"https:\/\/www.nordestsanita.it\/#website\",\"url\":\"https:\/\/www.nordestsanita.it\/\",\"name\":\"NES\",\"description\":\"Nord Est Sanit\u00e0\",\"publisher\":{\"@id\":\"https:\/\/www.nordestsanita.it\/#organization\"},\"potentialAction\":[{\"@type\":\"SearchAction\",\"target\":{\"@type\":\"EntryPoint\",\"urlTemplate\":\"https:\/\/www.nordestsanita.it\/?s={search_term_string}\"},\"query-input\":\"required name=search_term_string\"}],\"inLanguage\":\"it-IT\"},{\"@type\":\"Organization\",\"@id\":\"https:\/\/www.nordestsanita.it\/#organization\",\"name\":\"NES\",\"url\":\"https:\/\/www.nordestsanita.it\/\",\"logo\":{\"@type\":\"ImageObject\",\"inLanguage\":\"it-IT\",\"@id\":\"https:\/\/www.nordestsanita.it\/#\/schema\/logo\/image\/\",\"url\":\"https:\/\/www.nordestsanita.it\/wp-content\/uploads\/2021\/05\/NES-1280.png\",\"contentUrl\":\"https:\/\/www.nordestsanita.it\/wp-content\/uploads\/2021\/05\/NES-1280.png\",\"width\":1280,\"height\":458,\"caption\":\"NES\"},\"image\":{\"@id\":\"https:\/\/www.nordestsanita.it\/#\/schema\/logo\/image\/\"}},{\"@type\":\"Person\",\"@id\":\"https:\/\/www.nordestsanita.it\/#\/schema\/person\/e5a7dc6dca45cb55e67d4a127b0e969a\",\"name\":\"Redazione\",\"image\":{\"@type\":\"ImageObject\",\"inLanguage\":\"it-IT\",\"@id\":\"https:\/\/www.nordestsanita.it\/#\/schema\/person\/image\/\",\"url\":\"https:\/\/secure.gravatar.com\/avatar\/3f19a9b3d671ea36ec67c4badf3f961a?s=96&d=mm&r=g\",\"contentUrl\":\"https:\/\/secure.gravatar.com\/avatar\/3f19a9b3d671ea36ec67c4badf3f961a?s=96&d=mm&r=g\",\"caption\":\"Redazione\"},\"url\":\"https:\/\/www.nordestsanita.it\/?author=8\"}]}<\/script>\n<!-- \/ Yoast SEO plugin. -->","yoast_head_json":{"title":"Emergenza Ucraina, Zaia: \u201cderogare per i profughi il green pass\u201d - NES","description":"Il Presidente della Regione Veneto Luca Zaia \u00e8 intervenuto in merito all\u2019arrivo di profughi ucraini causati dalla guerra in corso.","robots":{"index":"index","follow":"follow","max-snippet":"max-snippet:-1","max-image-preview":"max-image-preview:large","max-video-preview":"max-video-preview:-1"},"canonical":"https:\/\/www.nordestsanita.it\/?p=1287","og_locale":"it_IT","og_type":"article","og_title":"Emergenza Ucraina, Zaia: \u201cderogare per i profughi il green pass\u201d - NES","og_description":"Il Presidente della Regione Veneto Luca Zaia \u00e8 intervenuto in merito all\u2019arrivo di profughi ucraini causati dalla guerra in corso.","og_url":"https:\/\/www.nordestsanita.it\/?p=1287","og_site_name":"NES","article_published_time":"2022-03-02T16:35:08+00:00","og_image":[{"width":640,"height":480,"url":"https:\/\/www.nordestsanita.it\/wp-content\/uploads\/2022\/03\/international-g4825d3d59_640.jpg","type":"image\/jpeg"}],"author":"Redazione","twitter_card":"summary_large_image","twitter_misc":{"Scritto da":"Redazione","Tempo di lettura stimato":"1 minuto"},"schema":{"@context":"https:\/\/schema.org","@graph":[{"@type":"Article","@id":"https:\/\/www.nordestsanita.it\/?p=1287#article","isPartOf":{"@id":"https:\/\/www.nordestsanita.it\/?p=1287"},"author":{"name":"Redazione","@id":"https:\/\/www.nordestsanita.it\/#\/schema\/person\/e5a7dc6dca45cb55e67d4a127b0e969a"},"headline":"Emergenza Ucraina, Zaia: \u201cderogare per i profughi il super green pass\u201d","datePublished":"2022-03-02T16:35:08+00:00","dateModified":"2022-03-02T16:35:08+00:00","mainEntityOfPage":{"@id":"https:\/\/www.nordestsanita.it\/?p=1287"},"wordCount":198,"publisher":{"@id":"https:\/\/www.nordestsanita.it\/#organization"},"keywords":["GREEN PASS","Regione Veneto","ucraina"],"articleSection":["Attualit\u00e0"],"inLanguage":"it-IT"},{"@type":"WebPage","@id":"https:\/\/www.nordestsanita.it\/?p=1287","url":"https:\/\/www.nordestsanita.it\/?p=1287","name":"Emergenza Ucraina, Zaia: \u201cderogare per i profughi il green pass\u201d - NES","isPartOf":{"@id":"https:\/\/www.nordestsanita.it\/#website"},"datePublished":"2022-03-02T16:35:08+00:00","dateModified":"2022-03-02T16:35:08+00:00","description":"Il Presidente della Regione Veneto Luca Zaia \u00e8 intervenuto in merito all\u2019arrivo di profughi ucraini causati dalla guerra in corso.","breadcrumb":{"@id":"https:\/\/www.nordestsanita.it\/?p=1287#breadcrumb"},"inLanguage":"it-IT","potentialAction":[{"@type":"ReadAction","target":["https:\/\/www.nordestsanita.it\/?p=1287"]}]},{"@type":"BreadcrumbList","@id":"https:\/\/www.nordestsanita.it\/?p=1287#breadcrumb","itemListElement":[{"@type":"ListItem","position":1,"name":"Home","item":"https:\/\/www.nordestsanita.it\/"},{"@type":"ListItem","position":2,"name":"Emergenza Ucraina, Zaia: \u201cderogare per i profughi il super green pass\u201d"}]},{"@type":"WebSite","@id":"https:\/\/www.nordestsanita.it\/#website","url":"https:\/\/www.nordestsanita.it\/","name":"NES","description":"Nord Est Sanit\u00e0","publisher":{"@id":"https:\/\/www.nordestsanita.it\/#organization"},"potentialAction":[{"@type":"SearchAction","target":{"@type":"EntryPoint","urlTemplate":"https:\/\/www.nordestsanita.it\/?s={search_term_string}"},"query-input":"required name=search_term_string"}],"inLanguage":"it-IT"},{"@type":"Organization","@id":"https:\/\/www.nordestsanita.it\/#organization","name":"NES","url":"https:\/\/www.nordestsanita.it\/","logo":{"@type":"ImageObject","inLanguage":"it-IT","@id":"https:\/\/www.nordestsanita.it\/#\/schema\/logo\/image\/","url":"https:\/\/www.nordestsanita.it\/wp-content\/uploads\/2021\/05\/NES-1280.png","contentUrl":"https:\/\/www.nordestsanita.it\/wp-content\/uploads\/2021\/05\/NES-1280.png","width":1280,"height":458,"caption":"NES"},"image":{"@id":"https:\/\/www.nordestsanita.it\/#\/schema\/logo\/image\/"}},{"@type":"Person","@id":"https:\/\/www.nordestsanita.it\/#\/schema\/person\/e5a7dc6dca45cb55e67d4a127b0e969a","name":"Redazione","image":{"@type":"ImageObject","inLanguage":"it-IT","@id":"https:\/\/www.nordestsanita.it\/#\/schema\/person\/image\/","url":"https:\/\/secure.gravatar.com\/avatar\/3f19a9b3d671ea36ec67c4badf3f961a?s=96&d=mm&r=g","contentUrl":"https:\/\/secure.gravatar.com\/avatar\/3f19a9b3d671ea36ec67c4badf3f961a?s=96&d=mm&r=g","caption":"Redazione"},"url":"https:\/\/www.nordestsanita.it\/?author=8"}]}},"jetpack_featured_media_url":"https:\/\/www.nordestsanita.it\/wp-content\/uploads\/2022\/03\/international-g4825d3d59_640.jpg","_links":{"self":[{"href":"https:\/\/www.nordestsanita.it\/index.php?rest_route=\/wp\/v2\/posts\/1287"}],"collection":[{"href":"https:\/\/www.nordestsanita.it\/index.php?rest_route=\/wp\/v2\/posts"}],"about":[{"href":"https:\/\/www.nordestsanita.it\/index.php?rest_route=\/wp\/v2\/types\/post"}],"author":[{"embeddable":true,"href":"https:\/\/www.nordestsanita.it\/index.php?rest_route=\/wp\/v2\/users\/8"}],"replies":[{"embeddable":true,"href":"https:\/\/www.nordestsanita.it\/index.php?rest_route=%2Fwp%2Fv2%2Fcomments&post=1287"}],"version-history":[{"count":1,"href":"https:\/\/www.nordestsanita.it\/index.php?rest_route=\/wp\/v2\/posts\/1287\/revisions"}],"predecessor-version":[{"id":1289,"href":"https:\/\/www.nordestsanita.it\/index.php?rest_route=\/wp\/v2\/posts\/1287\/revisions\/1289"}],"wp:featuredmedia":[{"embeddable":true,"href":"https:\/\/www.nordestsanita.it\/index.php?rest_route=\/wp\/v2\/media\/1288"}],"wp:attachment":[{"href":"https:\/\/www.nordestsanita.it\/index.php?rest_route=%2Fwp%2Fv2%2Fmedia&parent=1287"}],"wp:term":[{"taxonomy":"category","embeddable":true,"href":"https:\/\/www.nordestsanita.it\/index.php?rest_route=%2Fwp%2Fv2%2Fcategories&post=1287"},{"taxonomy":"post_tag","embeddable":true,"href":"https:\/\/www.nordestsanita.it\/index.php?rest_route=%2Fwp%2Fv2%2Ftags&post=1287"}],"curies":[{"name":"wp","href":"https:\/\/api.w.org\/{rel}","templated":true}]}}