{"id":1334,"date":"2022-04-08T17:22:43","date_gmt":"2022-04-08T15:22:43","guid":{"rendered":"https:\/\/www.nordestsanita.it\/?p=1334"},"modified":"2022-04-08T17:22:44","modified_gmt":"2022-04-08T15:22:44","slug":"veneto-riorganizzati-e-potenziati-i-servizi-salute-mentale","status":"publish","type":"post","link":"https:\/\/www.nordestsanita.it\/?p=1334","title":{"rendered":"Veneto, riorganizzati e potenziati i servizi salute mentale"},"content":{"rendered":"\n<p>E\u2019 stato approvato oggi, dalla Giunta regionale su proposta dell\u2019Assessore alla Sanit\u00e0, Manuela Lanzarin, un nuovo modello organizzativo e gestionale dell\u2019area salute mentale, che si rivolge a 360 gradi a tutte le fattispecie, territoriali e ospedaliere di questo delicatissimo settore della salute.<\/p>\n\n\n\n<!--more-->\n\n\n\n<p>\u201cAbbiamo realizzato una vera e propria nuova organizzazione di sistema \u2013 dice la Lanzarin &#8211; con una forte integrazione tra l\u2019area delle cure sanitarie e l\u2019area degli interventi socio relazionali. Nel ribadire il modello della psichiatria di comunit\u00e0, che nella Regione Veneto si sviluppa in una rete integrata di servizi, con il raccordo con la fondamentale rete informale composta dalle associazioni di volontariato e dal privato sociale, questo provvedimento delinea l\u2019evoluzione necessaria per dare adeguata risposta ai bisogni emergenti, anche in relazione agli esiti della recente pandemia, sul benessere psicologico dei cittadini\u201d.<\/p>\n\n\n\n<p>\u201cCi aspettiamo risultati significativi \u2013 dice Lanzarin \u2013 che otterremo con il rafforzamento delle azioni gi\u00e0 in essere, potenziando l\u2019assistenza territoriale, superando frammentazioni organizzative ove esse compaiono, valorizzando le competenze degli operatori. Il tutto con il punto di riferimento del benessere dei pazienti, delle loro famiglie e della comunit\u00e0 di appartenenza.<\/p>\n\n\n\n<p>Gli obiettivi indicati sono da attuarsi progressivamente in un triennio. Tra questi, rafforzare l\u2019organizzazione sanitaria come presupposto per coordinare e integrare i vari setting assistenziali fondati sul Progetto Terapeutico Individualizzato; ricomporre l\u2019equilibrio dell\u2019allocazione dei fondi in risposta al cambiamento della domanda di cura e riabilitazione a ai nuovi bisogni emergenti; potenziare il raccordo della \u201crete formale\u201d con la rete \u201cinformale\u201d, operando in coprogettazione per favorire innovazione, flessibilit\u00e0 e continuit\u00e0 dei supporti al progetto di vita del paziente con disturbi mentali. E\u2019 ritenuto prioritario, in questo senso, potenziare l\u2019assistenza territoriale e investire su percorsi che consentano una presa in carico adeguata al continuo crescere dei bisogni di salute mentale, aumentando le risorse dei Centri di Salute Mentale e implementando una rete capillare di primo livello nelle strutture di prossimit\u00e0 e potenziando le cure domiciliari. Gran parte dei temi fondanti del provvedimento rispondono ai numerosi contributi e sollecitazioni emersi nel corso del lavoro della Commissione Salute Mentale, il cui mandato viene prorogato fino al 31 dicembre 2023, e dei diversi incontri con gli stakeholders organizzati dall\u2019Assessorato. Gli interventi delineati dalla delibera sono inoltre in armonia con le linee programmatiche di sviluppo del territorio ed implementazione delle reti di prossimit\u00e0, esplicitate nel Missione 6 del PNRR.<\/p>\n\n\n\n<p>I diversi ambiti sui quali si concentra la nuova organizzazione sono i seguenti:<\/p>\n\n\n\n<p>Attivit\u00e0 Territoriale;<br>Monitoraggio dei Percorsi Integrati di Cura per la Presa in Carico dei Pazienti nell\u2019Area della Disabilit\u00e0 nell\u2019Et\u00e0 Adulta;<br>Reparti Ospedalieri;<br>Semiresidenzialit\u00e0;<br>Residenzialit\u00e0;<br>Implementazione della Telemedicina;<br>Promozione di collaborazione e Raccordo tra Dipartimenti di Salute Mentale e Strutture Ospedaliere Private accreditate per la Riabilitazione post ospedaliera;<br>Promozione del Rapporto con le Associazioni di Volontariato;<br>Utilizzo di Farmaci di Provata Efficacia con particolare attenzione a tollerabilit\u00e0 e Sicurezza;<br>Pazienti Psichiatrici autori di Reato;<br>Rete Sovrazonale dei Disturbi dell\u2019Alimentazione e della Nutrizione;<br>Area Salute Mentale nell\u2019et\u00e0 di Transizione (12-24 anni);<br>Integrazione con i Dipartimenti per le Dipendenze per la Presa in Carico Integrata nel Rispetto delle Specificit\u00e0;<br>Salute Mentale in Carcere;<br>Azioni trasversali, tra cui l\u2019organizzazione di una Conferenza Regionale per la Salute Mentale propedeutica alla definizione di un nuovo Progetto Obiettivo regionale.<\/p>\n","protected":false},"excerpt":{"rendered":"<p>E\u2019 stato approvato oggi, dalla Giunta regionale, un nuovo modello organizzativo e gestionale dell\u2019area salute mentale<\/p>\n","protected":false},"author":8,"featured_media":1335,"comment_status":"closed","ping_status":"open","sticky":false,"template":"","format":"standard","meta":[],"categories":[25],"tags":[71,62,33],"yoast_head":"<!-- This site is optimized with the Yoast SEO plugin v20.2 - https:\/\/yoast.com\/wordpress\/plugins\/seo\/ -->\n<title>Veneto, riorganizzati e potenziati i servizi salute mentale - NES<\/title>\n<meta name=\"description\" content=\"E\u2019 stato approvato oggi, dalla Giunta regionale, un nuovo modello organizzativo e gestionale dell\u2019area salute mentale\" \/>\n<meta name=\"robots\" content=\"index, follow, max-snippet:-1, max-image-preview:large, max-video-preview:-1\" \/>\n<link rel=\"canonical\" href=\"https:\/\/www.nordestsanita.it\/?p=1334\" \/>\n<meta property=\"og:locale\" content=\"it_IT\" \/>\n<meta property=\"og:type\" content=\"article\" \/>\n<meta property=\"og:title\" content=\"Veneto, riorganizzati e potenziati i servizi salute mentale - NES\" \/>\n<meta property=\"og:description\" content=\"E\u2019 stato approvato oggi, dalla Giunta regionale, un nuovo modello organizzativo e gestionale dell\u2019area salute mentale\" \/>\n<meta property=\"og:url\" content=\"https:\/\/www.nordestsanita.it\/?p=1334\" \/>\n<meta property=\"og:site_name\" content=\"NES\" \/>\n<meta property=\"article:published_time\" content=\"2022-04-08T15:22:43+00:00\" \/>\n<meta property=\"article:modified_time\" content=\"2022-04-08T15:22:44+00:00\" \/>\n<meta property=\"og:image\" content=\"https:\/\/www.nordestsanita.it\/wp-content\/uploads\/2022\/04\/mental-health-2019924_640.jpg\" \/>\n\t<meta property=\"og:image:width\" content=\"640\" \/>\n\t<meta property=\"og:image:height\" content=\"426\" \/>\n\t<meta property=\"og:image:type\" content=\"image\/jpeg\" \/>\n<meta name=\"author\" content=\"Redazione\" \/>\n<meta name=\"twitter:card\" content=\"summary_large_image\" \/>\n<meta name=\"twitter:label1\" content=\"Scritto da\" \/>\n\t<meta name=\"twitter:data1\" content=\"Redazione\" \/>\n\t<meta name=\"twitter:label2\" content=\"Tempo di lettura stimato\" \/>\n\t<meta name=\"twitter:data2\" content=\"3 minuti\" \/>\n<script type=\"application\/ld+json\" class=\"yoast-schema-graph\">{\"@context\":\"https:\/\/schema.org\",\"@graph\":[{\"@type\":\"Article\",\"@id\":\"https:\/\/www.nordestsanita.it\/?p=1334#article\",\"isPartOf\":{\"@id\":\"https:\/\/www.nordestsanita.it\/?p=1334\"},\"author\":{\"name\":\"Redazione\",\"@id\":\"https:\/\/www.nordestsanita.it\/#\/schema\/person\/e5a7dc6dca45cb55e67d4a127b0e969a\"},\"headline\":\"Veneto, riorganizzati e potenziati i servizi salute mentale\",\"datePublished\":\"2022-04-08T15:22:43+00:00\",\"dateModified\":\"2022-04-08T15:22:44+00:00\",\"mainEntityOfPage\":{\"@id\":\"https:\/\/www.nordestsanita.it\/?p=1334\"},\"wordCount\":550,\"publisher\":{\"@id\":\"https:\/\/www.nordestsanita.it\/#organization\"},\"keywords\":[\"Regione Veneto\",\"salute mentale\",\"sanit\u00e0\"],\"articleSection\":[\"Sanit\u00e0\"],\"inLanguage\":\"it-IT\"},{\"@type\":\"WebPage\",\"@id\":\"https:\/\/www.nordestsanita.it\/?p=1334\",\"url\":\"https:\/\/www.nordestsanita.it\/?p=1334\",\"name\":\"Veneto, riorganizzati e potenziati i servizi salute mentale - NES\",\"isPartOf\":{\"@id\":\"https:\/\/www.nordestsanita.it\/#website\"},\"datePublished\":\"2022-04-08T15:22:43+00:00\",\"dateModified\":\"2022-04-08T15:22:44+00:00\",\"description\":\"E\u2019 stato approvato oggi, dalla Giunta regionale, un nuovo modello organizzativo e gestionale dell\u2019area salute mentale\",\"breadcrumb\":{\"@id\":\"https:\/\/www.nordestsanita.it\/?p=1334#breadcrumb\"},\"inLanguage\":\"it-IT\",\"potentialAction\":[{\"@type\":\"ReadAction\",\"target\":[\"https:\/\/www.nordestsanita.it\/?p=1334\"]}]},{\"@type\":\"BreadcrumbList\",\"@id\":\"https:\/\/www.nordestsanita.it\/?p=1334#breadcrumb\",\"itemListElement\":[{\"@type\":\"ListItem\",\"position\":1,\"name\":\"Home\",\"item\":\"https:\/\/www.nordestsanita.it\/\"},{\"@type\":\"ListItem\",\"position\":2,\"name\":\"Veneto, riorganizzati e potenziati i servizi salute mentale\"}]},{\"@type\":\"WebSite\",\"@id\":\"https:\/\/www.nordestsanita.it\/#website\",\"url\":\"https:\/\/www.nordestsanita.it\/\",\"name\":\"NES\",\"description\":\"Nord Est Sanit\u00e0\",\"publisher\":{\"@id\":\"https:\/\/www.nordestsanita.it\/#organization\"},\"potentialAction\":[{\"@type\":\"SearchAction\",\"target\":{\"@type\":\"EntryPoint\",\"urlTemplate\":\"https:\/\/www.nordestsanita.it\/?s={search_term_string}\"},\"query-input\":\"required name=search_term_string\"}],\"inLanguage\":\"it-IT\"},{\"@type\":\"Organization\",\"@id\":\"https:\/\/www.nordestsanita.it\/#organization\",\"name\":\"NES\",\"url\":\"https:\/\/www.nordestsanita.it\/\",\"logo\":{\"@type\":\"ImageObject\",\"inLanguage\":\"it-IT\",\"@id\":\"https:\/\/www.nordestsanita.it\/#\/schema\/logo\/image\/\",\"url\":\"https:\/\/www.nordestsanita.it\/wp-content\/uploads\/2021\/05\/NES-1280.png\",\"contentUrl\":\"https:\/\/www.nordestsanita.it\/wp-content\/uploads\/2021\/05\/NES-1280.png\",\"width\":1280,\"height\":458,\"caption\":\"NES\"},\"image\":{\"@id\":\"https:\/\/www.nordestsanita.it\/#\/schema\/logo\/image\/\"}},{\"@type\":\"Person\",\"@id\":\"https:\/\/www.nordestsanita.it\/#\/schema\/person\/e5a7dc6dca45cb55e67d4a127b0e969a\",\"name\":\"Redazione\",\"image\":{\"@type\":\"ImageObject\",\"inLanguage\":\"it-IT\",\"@id\":\"https:\/\/www.nordestsanita.it\/#\/schema\/person\/image\/\",\"url\":\"https:\/\/secure.gravatar.com\/avatar\/3f19a9b3d671ea36ec67c4badf3f961a?s=96&d=mm&r=g\",\"contentUrl\":\"https:\/\/secure.gravatar.com\/avatar\/3f19a9b3d671ea36ec67c4badf3f961a?s=96&d=mm&r=g\",\"caption\":\"Redazione\"},\"url\":\"https:\/\/www.nordestsanita.it\/?author=8\"}]}<\/script>\n<!-- \/ Yoast SEO plugin. -->","yoast_head_json":{"title":"Veneto, riorganizzati e potenziati i servizi salute mentale - NES","description":"E\u2019 stato approvato oggi, dalla Giunta regionale, un nuovo modello organizzativo e gestionale dell\u2019area salute mentale","robots":{"index":"index","follow":"follow","max-snippet":"max-snippet:-1","max-image-preview":"max-image-preview:large","max-video-preview":"max-video-preview:-1"},"canonical":"https:\/\/www.nordestsanita.it\/?p=1334","og_locale":"it_IT","og_type":"article","og_title":"Veneto, riorganizzati e potenziati i servizi salute mentale - NES","og_description":"E\u2019 stato approvato oggi, dalla Giunta regionale, un nuovo modello organizzativo e gestionale dell\u2019area salute mentale","og_url":"https:\/\/www.nordestsanita.it\/?p=1334","og_site_name":"NES","article_published_time":"2022-04-08T15:22:43+00:00","article_modified_time":"2022-04-08T15:22:44+00:00","og_image":[{"width":640,"height":426,"url":"https:\/\/www.nordestsanita.it\/wp-content\/uploads\/2022\/04\/mental-health-2019924_640.jpg","type":"image\/jpeg"}],"author":"Redazione","twitter_card":"summary_large_image","twitter_misc":{"Scritto da":"Redazione","Tempo di lettura stimato":"3 minuti"},"schema":{"@context":"https:\/\/schema.org","@graph":[{"@type":"Article","@id":"https:\/\/www.nordestsanita.it\/?p=1334#article","isPartOf":{"@id":"https:\/\/www.nordestsanita.it\/?p=1334"},"author":{"name":"Redazione","@id":"https:\/\/www.nordestsanita.it\/#\/schema\/person\/e5a7dc6dca45cb55e67d4a127b0e969a"},"headline":"Veneto, riorganizzati e potenziati i servizi salute mentale","datePublished":"2022-04-08T15:22:43+00:00","dateModified":"2022-04-08T15:22:44+00:00","mainEntityOfPage":{"@id":"https:\/\/www.nordestsanita.it\/?p=1334"},"wordCount":550,"publisher":{"@id":"https:\/\/www.nordestsanita.it\/#organization"},"keywords":["Regione Veneto","salute mentale","sanit\u00e0"],"articleSection":["Sanit\u00e0"],"inLanguage":"it-IT"},{"@type":"WebPage","@id":"https:\/\/www.nordestsanita.it\/?p=1334","url":"https:\/\/www.nordestsanita.it\/?p=1334","name":"Veneto, riorganizzati e potenziati i servizi salute mentale - NES","isPartOf":{"@id":"https:\/\/www.nordestsanita.it\/#website"},"datePublished":"2022-04-08T15:22:43+00:00","dateModified":"2022-04-08T15:22:44+00:00","description":"E\u2019 stato approvato oggi, dalla Giunta regionale, un nuovo modello organizzativo e gestionale dell\u2019area salute mentale","breadcrumb":{"@id":"https:\/\/www.nordestsanita.it\/?p=1334#breadcrumb"},"inLanguage":"it-IT","potentialAction":[{"@type":"ReadAction","target":["https:\/\/www.nordestsanita.it\/?p=1334"]}]},{"@type":"BreadcrumbList","@id":"https:\/\/www.nordestsanita.it\/?p=1334#breadcrumb","itemListElement":[{"@type":"ListItem","position":1,"name":"Home","item":"https:\/\/www.nordestsanita.it\/"},{"@type":"ListItem","position":2,"name":"Veneto, riorganizzati e potenziati i servizi salute mentale"}]},{"@type":"WebSite","@id":"https:\/\/www.nordestsanita.it\/#website","url":"https:\/\/www.nordestsanita.it\/","name":"NES","description":"Nord Est Sanit\u00e0","publisher":{"@id":"https:\/\/www.nordestsanita.it\/#organization"},"potentialAction":[{"@type":"SearchAction","target":{"@type":"EntryPoint","urlTemplate":"https:\/\/www.nordestsanita.it\/?s={search_term_string}"},"query-input":"required name=search_term_string"}],"inLanguage":"it-IT"},{"@type":"Organization","@id":"https:\/\/www.nordestsanita.it\/#organization","name":"NES","url":"https:\/\/www.nordestsanita.it\/","logo":{"@type":"ImageObject","inLanguage":"it-IT","@id":"https:\/\/www.nordestsanita.it\/#\/schema\/logo\/image\/","url":"https:\/\/www.nordestsanita.it\/wp-content\/uploads\/2021\/05\/NES-1280.png","contentUrl":"https:\/\/www.nordestsanita.it\/wp-content\/uploads\/2021\/05\/NES-1280.png","width":1280,"height":458,"caption":"NES"},"image":{"@id":"https:\/\/www.nordestsanita.it\/#\/schema\/logo\/image\/"}},{"@type":"Person","@id":"https:\/\/www.nordestsanita.it\/#\/schema\/person\/e5a7dc6dca45cb55e67d4a127b0e969a","name":"Redazione","image":{"@type":"ImageObject","inLanguage":"it-IT","@id":"https:\/\/www.nordestsanita.it\/#\/schema\/person\/image\/","url":"https:\/\/secure.gravatar.com\/avatar\/3f19a9b3d671ea36ec67c4badf3f961a?s=96&d=mm&r=g","contentUrl":"https:\/\/secure.gravatar.com\/avatar\/3f19a9b3d671ea36ec67c4badf3f961a?s=96&d=mm&r=g","caption":"Redazione"},"url":"https:\/\/www.nordestsanita.it\/?author=8"}]}},"jetpack_featured_media_url":"https:\/\/www.nordestsanita.it\/wp-content\/uploads\/2022\/04\/mental-health-2019924_640.jpg","_links":{"self":[{"href":"https:\/\/www.nordestsanita.it\/index.php?rest_route=\/wp\/v2\/posts\/1334"}],"collection":[{"href":"https:\/\/www.nordestsanita.it\/index.php?rest_route=\/wp\/v2\/posts"}],"about":[{"href":"https:\/\/www.nordestsanita.it\/index.php?rest_route=\/wp\/v2\/types\/post"}],"author":[{"embeddable":true,"href":"https:\/\/www.nordestsanita.it\/index.php?rest_route=\/wp\/v2\/users\/8"}],"replies":[{"embeddable":true,"href":"https:\/\/www.nordestsanita.it\/index.php?rest_route=%2Fwp%2Fv2%2Fcomments&post=1334"}],"version-history":[{"count":1,"href":"https:\/\/www.nordestsanita.it\/index.php?rest_route=\/wp\/v2\/posts\/1334\/revisions"}],"predecessor-version":[{"id":1336,"href":"https:\/\/www.nordestsanita.it\/index.php?rest_route=\/wp\/v2\/posts\/1334\/revisions\/1336"}],"wp:featuredmedia":[{"embeddable":true,"href":"https:\/\/www.nordestsanita.it\/index.php?rest_route=\/wp\/v2\/media\/1335"}],"wp:attachment":[{"href":"https:\/\/www.nordestsanita.it\/index.php?rest_route=%2Fwp%2Fv2%2Fmedia&parent=1334"}],"wp:term":[{"taxonomy":"category","embeddable":true,"href":"https:\/\/www.nordestsanita.it\/index.php?rest_route=%2Fwp%2Fv2%2Fcategories&post=1334"},{"taxonomy":"post_tag","embeddable":true,"href":"https:\/\/www.nordestsanita.it\/index.php?rest_route=%2Fwp%2Fv2%2Ftags&post=1334"}],"curies":[{"name":"wp","href":"https:\/\/api.w.org\/{rel}","templated":true}]}}