{"id":1342,"date":"2022-04-13T17:56:39","date_gmt":"2022-04-13T15:56:39","guid":{"rendered":"https:\/\/www.nordestsanita.it\/?p=1342"},"modified":"2022-04-13T17:56:40","modified_gmt":"2022-04-13T15:56:40","slug":"veneto-approvata-una-nuova-formazione-complementare-per-oss","status":"publish","type":"post","link":"https:\/\/www.nordestsanita.it\/?p=1342","title":{"rendered":"Veneto, approvata una nuova formazione complementare per OSS"},"content":{"rendered":"\n<p>E\u2019 stata approvata dalla Giunta regionale del Veneto, su proposta dell\u2019Assessore alla Sanit\u00e0 e Sociale, trasmettendola alla competente Commissione del Consiglio regionale con richiesta di parere, una nuova delibera sul \u201cpercorso di Formazione Complementare in Assistenza Sanitaria dell\u2019Operatore Socio-Sanitario\u201d e sul \u201cCorso di Formazione per Infermieri Referenti per l\u2019Inserimento di Operatori Socio-Sanitari nelle Strutture Residenziali e Semiresidenziali per Anziani.<\/p>\n\n\n\n<!--more-->\n\n\n\n<p>Tale delibera sostituisce quella del 16 marzo 2021 sullo stesso tema.<\/p>\n\n\n\n<p>\u201cTenuto conto delle esigenze di assistenza durante le prime fasi dell\u2019emergenza Covid \u2013 dice l\u2019Assessore \u2013 questa formazione era stata concepita come inizialmente rivolta ai dipendenti Oss in attivit\u00e0 presso le strutture residenziali e semiresidenziali per anziani, extraospedaliere pubbliche e private accreditate. Con l\u2019avanzare dello stato di emergenza sono stati assunti poi numerosi atti di riorganizzazione dell\u2019assistenza per fronteggiare i problemi causati dalla pandemia. E\u2019 proprio sulla base di tali atti, e in considerazione dell\u2019esperienza maturata durante la pandemia e degli obbiettivi del Piano Nazionale di Ripresa e Resilienza, abbiamo ritenuto utile aggiornare le iniziative regionali in materia di formazione degli operatori sanitari coinvolti nell\u2019assistenza\u201d.<\/p>\n\n\n\n<p>L\u2019opportunit\u00e0 di modificare il percorso di Formazione approvato con la delibera del 16 marzo 2021 \u00e8 emersa anche dal confronto con i Presidenti degli Ordini Provinciali delle Professioni Infermieristiche. Poich\u00e9 l\u2019iniziativa \u00e8 rivolta alla formazione dei lavoratori in possesso della qualifica di Operatore Socio Sanitario \u2013 OSS (o titolo equipollente) in attivit\u00e0 presso le strutture residenziali e semiresidenziali per anziani \u00e8 stata acquisita anche la disponibilit\u00e0 delle Associazioni rappresentative di tali strutture.<\/p>\n\n\n\n<p>La realizzazione della formazione \u00e8 demandata alla Fondazione Scuola di Sanit\u00e0 Pubblica: l\u2019organizzazione \u00e8 stata posta in capo ad Azienda Zero.<\/p>\n\n\n\n<p>Al momento la disponibilit\u00e0 indicata dalle Ulss \u00e8 per un totale di 510 posti (30 a Belluno, 90 a Treviso, 60 a Venezia, 30 nel Veneto Orientale, 30 a Rovigo, 90 a Padova, 30 all\u2019Ulss Pedemontana, 60 a Vicenza e 90 a Verona). I numeri potrebbero subire qualche modifica in relazione alle necessit\u00e0 assistenziali e organizzative.<\/p>\n\n\n\n<p>Un corso specifico \u00e8 riservato anche agli infermieri referenti per l\u2019inserimento di OSS con formazione complementare in assistenza sanitaria in strutture residenziali e semiresidenziali per anziani.<\/p>\n\n\n\n<p>Il costo dell\u2019intero percorso formativo \u00e8 stimato in 700 euro pro capite comprensivo di docenza e tirocinio.<\/p>\n\n\n\n<p>All\u2019OSS con Formazione Complementare potranno essere attribuite, sempre con la supervisione di un infermiere, ulteriori attivit\u00e0 di carattere tecnico-esecutivo.<\/p>\n\n\n\n<p>Il Corso per Infermieri Referenti per l\u2019Inserimento di OSS con Formazione Complementare ha lo scopo di sostenere l\u2019introduzione dell\u2019OSS con Formazione Complementare in un contesto di presa in carico complessiva degli assistiti.<\/p>\n","protected":false},"excerpt":{"rendered":"<p>E\u2019 stata approvata una nuova delibera sul \u201cpercorso di Formazione Complementare in Assistenza Sanitaria dell\u2019Operatore Socio-Sanitario\u201d.<\/p>\n","protected":false},"author":8,"featured_media":1343,"comment_status":"closed","ping_status":"open","sticky":false,"template":"","format":"standard","meta":[],"categories":[25],"tags":[228,71],"yoast_head":"<!-- This site is optimized with the Yoast SEO plugin v20.2 - https:\/\/yoast.com\/wordpress\/plugins\/seo\/ -->\n<title>Veneto, approvata una nuova formazione complementare per OSS - NES<\/title>\n<meta name=\"description\" content=\"E\u2019 stata approvata una nuova delibera sul \u201cpercorso di Formazione Complementare in Assistenza Sanitaria dell\u2019Operatore Socio-Sanitario\u201d.\" \/>\n<meta name=\"robots\" content=\"index, follow, max-snippet:-1, max-image-preview:large, max-video-preview:-1\" \/>\n<link rel=\"canonical\" href=\"https:\/\/www.nordestsanita.it\/?p=1342\" \/>\n<meta property=\"og:locale\" content=\"it_IT\" \/>\n<meta property=\"og:type\" content=\"article\" \/>\n<meta property=\"og:title\" content=\"Veneto, approvata una nuova formazione complementare per OSS - NES\" \/>\n<meta property=\"og:description\" content=\"E\u2019 stata approvata una nuova delibera sul \u201cpercorso di Formazione Complementare in Assistenza Sanitaria dell\u2019Operatore Socio-Sanitario\u201d.\" \/>\n<meta property=\"og:url\" content=\"https:\/\/www.nordestsanita.it\/?p=1342\" \/>\n<meta property=\"og:site_name\" content=\"NES\" \/>\n<meta property=\"article:published_time\" content=\"2022-04-13T15:56:39+00:00\" \/>\n<meta property=\"article:modified_time\" content=\"2022-04-13T15:56:40+00:00\" \/>\n<meta property=\"og:image\" content=\"https:\/\/www.nordestsanita.it\/wp-content\/uploads\/2022\/04\/oss-infermiere-maschera.jpg\" \/>\n\t<meta property=\"og:image:width\" content=\"640\" \/>\n\t<meta property=\"og:image:height\" content=\"427\" \/>\n\t<meta property=\"og:image:type\" content=\"image\/jpeg\" \/>\n<meta name=\"author\" content=\"Redazione\" \/>\n<meta name=\"twitter:card\" content=\"summary_large_image\" \/>\n<meta name=\"twitter:label1\" content=\"Scritto da\" \/>\n\t<meta name=\"twitter:data1\" content=\"Redazione\" \/>\n\t<meta name=\"twitter:label2\" content=\"Tempo di lettura stimato\" \/>\n\t<meta name=\"twitter:data2\" content=\"2 minuti\" \/>\n<script type=\"application\/ld+json\" class=\"yoast-schema-graph\">{\"@context\":\"https:\/\/schema.org\",\"@graph\":[{\"@type\":\"Article\",\"@id\":\"https:\/\/www.nordestsanita.it\/?p=1342#article\",\"isPartOf\":{\"@id\":\"https:\/\/www.nordestsanita.it\/?p=1342\"},\"author\":{\"name\":\"Redazione\",\"@id\":\"https:\/\/www.nordestsanita.it\/#\/schema\/person\/e5a7dc6dca45cb55e67d4a127b0e969a\"},\"headline\":\"Veneto, approvata una nuova formazione complementare per OSS\",\"datePublished\":\"2022-04-13T15:56:39+00:00\",\"dateModified\":\"2022-04-13T15:56:40+00:00\",\"mainEntityOfPage\":{\"@id\":\"https:\/\/www.nordestsanita.it\/?p=1342\"},\"wordCount\":419,\"publisher\":{\"@id\":\"https:\/\/www.nordestsanita.it\/#organization\"},\"keywords\":[\"OSS\",\"Regione Veneto\"],\"articleSection\":[\"Sanit\u00e0\"],\"inLanguage\":\"it-IT\"},{\"@type\":\"WebPage\",\"@id\":\"https:\/\/www.nordestsanita.it\/?p=1342\",\"url\":\"https:\/\/www.nordestsanita.it\/?p=1342\",\"name\":\"Veneto, approvata una nuova formazione complementare per OSS - NES\",\"isPartOf\":{\"@id\":\"https:\/\/www.nordestsanita.it\/#website\"},\"datePublished\":\"2022-04-13T15:56:39+00:00\",\"dateModified\":\"2022-04-13T15:56:40+00:00\",\"description\":\"E\u2019 stata approvata una nuova delibera sul \u201cpercorso di Formazione Complementare in Assistenza Sanitaria dell\u2019Operatore Socio-Sanitario\u201d.\",\"breadcrumb\":{\"@id\":\"https:\/\/www.nordestsanita.it\/?p=1342#breadcrumb\"},\"inLanguage\":\"it-IT\",\"potentialAction\":[{\"@type\":\"ReadAction\",\"target\":[\"https:\/\/www.nordestsanita.it\/?p=1342\"]}]},{\"@type\":\"BreadcrumbList\",\"@id\":\"https:\/\/www.nordestsanita.it\/?p=1342#breadcrumb\",\"itemListElement\":[{\"@type\":\"ListItem\",\"position\":1,\"name\":\"Home\",\"item\":\"https:\/\/www.nordestsanita.it\/\"},{\"@type\":\"ListItem\",\"position\":2,\"name\":\"Veneto, approvata una nuova formazione complementare per OSS\"}]},{\"@type\":\"WebSite\",\"@id\":\"https:\/\/www.nordestsanita.it\/#website\",\"url\":\"https:\/\/www.nordestsanita.it\/\",\"name\":\"NES\",\"description\":\"Nord Est Sanit\u00e0\",\"publisher\":{\"@id\":\"https:\/\/www.nordestsanita.it\/#organization\"},\"potentialAction\":[{\"@type\":\"SearchAction\",\"target\":{\"@type\":\"EntryPoint\",\"urlTemplate\":\"https:\/\/www.nordestsanita.it\/?s={search_term_string}\"},\"query-input\":\"required name=search_term_string\"}],\"inLanguage\":\"it-IT\"},{\"@type\":\"Organization\",\"@id\":\"https:\/\/www.nordestsanita.it\/#organization\",\"name\":\"NES\",\"url\":\"https:\/\/www.nordestsanita.it\/\",\"logo\":{\"@type\":\"ImageObject\",\"inLanguage\":\"it-IT\",\"@id\":\"https:\/\/www.nordestsanita.it\/#\/schema\/logo\/image\/\",\"url\":\"https:\/\/www.nordestsanita.it\/wp-content\/uploads\/2021\/05\/NES-1280.png\",\"contentUrl\":\"https:\/\/www.nordestsanita.it\/wp-content\/uploads\/2021\/05\/NES-1280.png\",\"width\":1280,\"height\":458,\"caption\":\"NES\"},\"image\":{\"@id\":\"https:\/\/www.nordestsanita.it\/#\/schema\/logo\/image\/\"}},{\"@type\":\"Person\",\"@id\":\"https:\/\/www.nordestsanita.it\/#\/schema\/person\/e5a7dc6dca45cb55e67d4a127b0e969a\",\"name\":\"Redazione\",\"image\":{\"@type\":\"ImageObject\",\"inLanguage\":\"it-IT\",\"@id\":\"https:\/\/www.nordestsanita.it\/#\/schema\/person\/image\/\",\"url\":\"https:\/\/secure.gravatar.com\/avatar\/3f19a9b3d671ea36ec67c4badf3f961a?s=96&d=mm&r=g\",\"contentUrl\":\"https:\/\/secure.gravatar.com\/avatar\/3f19a9b3d671ea36ec67c4badf3f961a?s=96&d=mm&r=g\",\"caption\":\"Redazione\"},\"url\":\"https:\/\/www.nordestsanita.it\/?author=8\"}]}<\/script>\n<!-- \/ Yoast SEO plugin. -->","yoast_head_json":{"title":"Veneto, approvata una nuova formazione complementare per OSS - NES","description":"E\u2019 stata approvata una nuova delibera sul \u201cpercorso di Formazione Complementare in Assistenza Sanitaria dell\u2019Operatore Socio-Sanitario\u201d.","robots":{"index":"index","follow":"follow","max-snippet":"max-snippet:-1","max-image-preview":"max-image-preview:large","max-video-preview":"max-video-preview:-1"},"canonical":"https:\/\/www.nordestsanita.it\/?p=1342","og_locale":"it_IT","og_type":"article","og_title":"Veneto, approvata una nuova formazione complementare per OSS - NES","og_description":"E\u2019 stata approvata una nuova delibera sul \u201cpercorso di Formazione Complementare in Assistenza Sanitaria dell\u2019Operatore Socio-Sanitario\u201d.","og_url":"https:\/\/www.nordestsanita.it\/?p=1342","og_site_name":"NES","article_published_time":"2022-04-13T15:56:39+00:00","article_modified_time":"2022-04-13T15:56:40+00:00","og_image":[{"width":640,"height":427,"url":"https:\/\/www.nordestsanita.it\/wp-content\/uploads\/2022\/04\/oss-infermiere-maschera.jpg","type":"image\/jpeg"}],"author":"Redazione","twitter_card":"summary_large_image","twitter_misc":{"Scritto da":"Redazione","Tempo di lettura stimato":"2 minuti"},"schema":{"@context":"https:\/\/schema.org","@graph":[{"@type":"Article","@id":"https:\/\/www.nordestsanita.it\/?p=1342#article","isPartOf":{"@id":"https:\/\/www.nordestsanita.it\/?p=1342"},"author":{"name":"Redazione","@id":"https:\/\/www.nordestsanita.it\/#\/schema\/person\/e5a7dc6dca45cb55e67d4a127b0e969a"},"headline":"Veneto, approvata una nuova formazione complementare per OSS","datePublished":"2022-04-13T15:56:39+00:00","dateModified":"2022-04-13T15:56:40+00:00","mainEntityOfPage":{"@id":"https:\/\/www.nordestsanita.it\/?p=1342"},"wordCount":419,"publisher":{"@id":"https:\/\/www.nordestsanita.it\/#organization"},"keywords":["OSS","Regione Veneto"],"articleSection":["Sanit\u00e0"],"inLanguage":"it-IT"},{"@type":"WebPage","@id":"https:\/\/www.nordestsanita.it\/?p=1342","url":"https:\/\/www.nordestsanita.it\/?p=1342","name":"Veneto, approvata una nuova formazione complementare per OSS - NES","isPartOf":{"@id":"https:\/\/www.nordestsanita.it\/#website"},"datePublished":"2022-04-13T15:56:39+00:00","dateModified":"2022-04-13T15:56:40+00:00","description":"E\u2019 stata approvata una nuova delibera sul \u201cpercorso di Formazione Complementare in Assistenza Sanitaria dell\u2019Operatore Socio-Sanitario\u201d.","breadcrumb":{"@id":"https:\/\/www.nordestsanita.it\/?p=1342#breadcrumb"},"inLanguage":"it-IT","potentialAction":[{"@type":"ReadAction","target":["https:\/\/www.nordestsanita.it\/?p=1342"]}]},{"@type":"BreadcrumbList","@id":"https:\/\/www.nordestsanita.it\/?p=1342#breadcrumb","itemListElement":[{"@type":"ListItem","position":1,"name":"Home","item":"https:\/\/www.nordestsanita.it\/"},{"@type":"ListItem","position":2,"name":"Veneto, approvata una nuova formazione complementare per OSS"}]},{"@type":"WebSite","@id":"https:\/\/www.nordestsanita.it\/#website","url":"https:\/\/www.nordestsanita.it\/","name":"NES","description":"Nord Est Sanit\u00e0","publisher":{"@id":"https:\/\/www.nordestsanita.it\/#organization"},"potentialAction":[{"@type":"SearchAction","target":{"@type":"EntryPoint","urlTemplate":"https:\/\/www.nordestsanita.it\/?s={search_term_string}"},"query-input":"required name=search_term_string"}],"inLanguage":"it-IT"},{"@type":"Organization","@id":"https:\/\/www.nordestsanita.it\/#organization","name":"NES","url":"https:\/\/www.nordestsanita.it\/","logo":{"@type":"ImageObject","inLanguage":"it-IT","@id":"https:\/\/www.nordestsanita.it\/#\/schema\/logo\/image\/","url":"https:\/\/www.nordestsanita.it\/wp-content\/uploads\/2021\/05\/NES-1280.png","contentUrl":"https:\/\/www.nordestsanita.it\/wp-content\/uploads\/2021\/05\/NES-1280.png","width":1280,"height":458,"caption":"NES"},"image":{"@id":"https:\/\/www.nordestsanita.it\/#\/schema\/logo\/image\/"}},{"@type":"Person","@id":"https:\/\/www.nordestsanita.it\/#\/schema\/person\/e5a7dc6dca45cb55e67d4a127b0e969a","name":"Redazione","image":{"@type":"ImageObject","inLanguage":"it-IT","@id":"https:\/\/www.nordestsanita.it\/#\/schema\/person\/image\/","url":"https:\/\/secure.gravatar.com\/avatar\/3f19a9b3d671ea36ec67c4badf3f961a?s=96&d=mm&r=g","contentUrl":"https:\/\/secure.gravatar.com\/avatar\/3f19a9b3d671ea36ec67c4badf3f961a?s=96&d=mm&r=g","caption":"Redazione"},"url":"https:\/\/www.nordestsanita.it\/?author=8"}]}},"jetpack_featured_media_url":"https:\/\/www.nordestsanita.it\/wp-content\/uploads\/2022\/04\/oss-infermiere-maschera.jpg","_links":{"self":[{"href":"https:\/\/www.nordestsanita.it\/index.php?rest_route=\/wp\/v2\/posts\/1342"}],"collection":[{"href":"https:\/\/www.nordestsanita.it\/index.php?rest_route=\/wp\/v2\/posts"}],"about":[{"href":"https:\/\/www.nordestsanita.it\/index.php?rest_route=\/wp\/v2\/types\/post"}],"author":[{"embeddable":true,"href":"https:\/\/www.nordestsanita.it\/index.php?rest_route=\/wp\/v2\/users\/8"}],"replies":[{"embeddable":true,"href":"https:\/\/www.nordestsanita.it\/index.php?rest_route=%2Fwp%2Fv2%2Fcomments&post=1342"}],"version-history":[{"count":1,"href":"https:\/\/www.nordestsanita.it\/index.php?rest_route=\/wp\/v2\/posts\/1342\/revisions"}],"predecessor-version":[{"id":1344,"href":"https:\/\/www.nordestsanita.it\/index.php?rest_route=\/wp\/v2\/posts\/1342\/revisions\/1344"}],"wp:featuredmedia":[{"embeddable":true,"href":"https:\/\/www.nordestsanita.it\/index.php?rest_route=\/wp\/v2\/media\/1343"}],"wp:attachment":[{"href":"https:\/\/www.nordestsanita.it\/index.php?rest_route=%2Fwp%2Fv2%2Fmedia&parent=1342"}],"wp:term":[{"taxonomy":"category","embeddable":true,"href":"https:\/\/www.nordestsanita.it\/index.php?rest_route=%2Fwp%2Fv2%2Fcategories&post=1342"},{"taxonomy":"post_tag","embeddable":true,"href":"https:\/\/www.nordestsanita.it\/index.php?rest_route=%2Fwp%2Fv2%2Ftags&post=1342"}],"curies":[{"name":"wp","href":"https:\/\/api.w.org\/{rel}","templated":true}]}}