{"id":1352,"date":"2022-04-21T19:39:40","date_gmt":"2022-04-21T17:39:40","guid":{"rendered":"https:\/\/www.nordestsanita.it\/?p=1352"},"modified":"2022-04-21T19:39:41","modified_gmt":"2022-04-21T17:39:41","slug":"il-presidio-di-legalita-in-sanita-pubblica-il-22-aprile-il-convegno-di-fvm-veneto","status":"publish","type":"post","link":"https:\/\/www.nordestsanita.it\/?p=1352","title":{"rendered":"Il presidio di legalit\u00e0 in sanit\u00e0 pubblica: il 22 aprile il convegno di Fvm Veneto"},"content":{"rendered":"\n<p>\u201cAnni di blocco delle assunzioni nel pubblico impiego e l\u2019aumento dell\u2019et\u00e0 pensionabile, aggravati anche delle emergenze pandemiche, hanno acuito le criticit\u00e0 del Servizio sanitario, mettendo a dura prova non solo i servizi di cura e di assistenza ma anche quelli di controllo e di prevenzione \u2013 spiega il presidente della Federazione Medici e Veterinari del Veneto, Paolo Camerotto \u2013. Si pone ora la necessit\u00e0 di una riorganizzazione della sanit\u00e0 pubblica secondo criteri di efficacia ed efficienza. Questo evento vuole essere un momento di confronto tra rappresentanti istituzionali, politici, sindacali ed esperti giuridici proprio sui temi del rispetto del principio di legalit\u00e0 e dell\u2019organizzazione del lavoro\u201d.<br>\u00c8 per questo che Fvm Veneto organizza di,ani, venerd\u00ec 22 aprile, al BHR Hotel di Treviso, con inizio alle 14.30, una tavola rotonda sul tema \u201cIl presidio di legalit\u00e0 in sanit\u00e0 pubblica &#8211; L\u2019esigenza di mantenere alti livelli di cura e prevenzione\u201d cui saranno presenti anche i vertici nazionali della federazione.<br>Molti gli aspetti al centro del dibattito: dalla corretta determinazione dei fabbisogni di personale sanitario ad un\u2019attenta gestione del turn-over, dal superamento dei ritardi nell\u2019assegnazione di incarichi al benessere organizzativo del personale e ad un\u2019adeguata formazione professionale e tecnica, anche per i nuovi assunti. Condizioni che sono alla base di una sanit\u00e0 pubblica che abbia come riferimento i cittadini, gli operatori e i consumatori per le attivit\u00e0 di cura e assistenza e per quelle di controllo ufficiale sulla sanit\u00e0 animale e sulla sicurezza alimentare in un\u2019ottica di \u201csalute globale\u201d. Sono queste prestazioni a permettere anche ai produttori dell\u2019agroalimentare veneto di ottenere quel \u201cvalore aggiunto\u201d sui mercati dato dalla certificazione sanitaria della salubrit\u00e0 dei loro prodotti.<br>Il dibattito sar\u00e0 preceduto dagli interventi di saluto del sindaco di Treviso, Mario Conte, del presidente della Provincia, Stefano Marcon, del direttore generale dell\u2019Istituto zooprofilattico delle Venezie, Antonia Ricci, della rappresentante della Federazione regionale degli ordini veterinari, Alessia Grassigli. Ad introdurre i lavori il presidente di Fvm Veneto, Paolo Camerotto.<br>Alla tavola rotonda, coordinata dal giornalista Renzo Mazzaro, interverranno presidente e vicepresidente nazionali Fvm, Aldo Grasselli e Fabiola Fini, i segretari veneti di Smi e Cimo, Liliana Lora e Giovanni Leoni, l\u2019avvocato giuslavorista Fabrizio Scagliotti, la presidente e la vicepresidente della Commissione consiliare sanit\u00e0, Sonia Brescacin e Annamaria Bigon.<\/p>\n","protected":false},"excerpt":{"rendered":"<p>\u201cAnni di blocco delle assunzioni nel pubblico impiego e l\u2019aumento dell\u2019et\u00e0 pensionabile, aggravati anche delle emergenze pandemiche, hanno acuito le criticit\u00e0 del Servizio sanitario, mettendo a dura prova non solo i servizi di cura e di assistenza ma anche quelli di controllo e di prevenzione \u2013 spiega il presidente della Federazione Medici e Veterinari del Veneto, Paolo Camerotto \u2013. Si pone ora la necessit\u00e0 di una riorganizzazione della sanit\u00e0 pubblica secondo criteri di efficacia ed efficienza. Questo evento vuole essere un momento di confronto tra rappresentanti istituzionali, politici, sindacali ed esperti giuridici proprio sui temi del rispetto del principio di<\/p>\n","protected":false},"author":4,"featured_media":477,"comment_status":"closed","ping_status":"open","sticky":false,"template":"","format":"standard","meta":[],"categories":[25],"tags":[231,232],"yoast_head":"<!-- This site is optimized with the Yoast SEO plugin v20.2 - https:\/\/yoast.com\/wordpress\/plugins\/seo\/ -->\n<title>Il presidio di legalit\u00e0 in sanit\u00e0 pubblica: il 22 aprile il convegno di Fvm Veneto - NES<\/title>\n<meta name=\"robots\" content=\"index, follow, max-snippet:-1, max-image-preview:large, max-video-preview:-1\" \/>\n<link rel=\"canonical\" href=\"https:\/\/www.nordestsanita.it\/?p=1352\" \/>\n<meta property=\"og:locale\" content=\"it_IT\" \/>\n<meta property=\"og:type\" content=\"article\" \/>\n<meta property=\"og:title\" content=\"Il presidio di legalit\u00e0 in sanit\u00e0 pubblica: il 22 aprile il convegno di Fvm Veneto - NES\" \/>\n<meta property=\"og:description\" content=\"\u201cAnni di blocco delle assunzioni nel pubblico impiego e l\u2019aumento dell\u2019et\u00e0 pensionabile, aggravati anche delle emergenze pandemiche, hanno acuito le criticit\u00e0 del Servizio sanitario, mettendo a dura prova non solo i servizi di cura e di assistenza ma anche quelli di controllo e di prevenzione \u2013 spiega il presidente della Federazione Medici e Veterinari del Veneto, Paolo Camerotto \u2013. Si pone ora la necessit\u00e0 di una riorganizzazione della sanit\u00e0 pubblica secondo criteri di efficacia ed efficienza. Questo evento vuole essere un momento di confronto tra rappresentanti istituzionali, politici, sindacali ed esperti giuridici proprio sui temi del rispetto del principio di\" \/>\n<meta property=\"og:url\" content=\"https:\/\/www.nordestsanita.it\/?p=1352\" \/>\n<meta property=\"og:site_name\" content=\"NES\" \/>\n<meta property=\"article:published_time\" content=\"2022-04-21T17:39:40+00:00\" \/>\n<meta property=\"article:modified_time\" content=\"2022-04-21T17:39:41+00:00\" \/>\n<meta property=\"og:image\" content=\"https:\/\/www.nordestsanita.it\/wp-content\/uploads\/2021\/05\/fraccalanza6.jpg\" \/>\n\t<meta property=\"og:image:width\" content=\"2055\" \/>\n\t<meta property=\"og:image:height\" content=\"972\" \/>\n\t<meta property=\"og:image:type\" content=\"image\/jpeg\" \/>\n<meta name=\"author\" content=\"Giuliano Gargano\" \/>\n<meta name=\"twitter:card\" content=\"summary_large_image\" \/>\n<meta name=\"twitter:label1\" content=\"Scritto da\" \/>\n\t<meta name=\"twitter:data1\" content=\"Giuliano Gargano\" \/>\n\t<meta name=\"twitter:label2\" content=\"Tempo di lettura stimato\" \/>\n\t<meta name=\"twitter:data2\" content=\"2 minuti\" \/>\n<script type=\"application\/ld+json\" class=\"yoast-schema-graph\">{\"@context\":\"https:\/\/schema.org\",\"@graph\":[{\"@type\":\"Article\",\"@id\":\"https:\/\/www.nordestsanita.it\/?p=1352#article\",\"isPartOf\":{\"@id\":\"https:\/\/www.nordestsanita.it\/?p=1352\"},\"author\":{\"name\":\"Giuliano Gargano\",\"@id\":\"https:\/\/www.nordestsanita.it\/#\/schema\/person\/b4d794d64b96b99781f85e73d2f335e8\"},\"headline\":\"Il presidio di legalit\u00e0 in sanit\u00e0 pubblica: il 22 aprile il convegno di Fvm Veneto\",\"datePublished\":\"2022-04-21T17:39:40+00:00\",\"dateModified\":\"2022-04-21T17:39:41+00:00\",\"mainEntityOfPage\":{\"@id\":\"https:\/\/www.nordestsanita.it\/?p=1352\"},\"wordCount\":391,\"publisher\":{\"@id\":\"https:\/\/www.nordestsanita.it\/#organization\"},\"keywords\":[\"Fvm\",\"sanit\u00e0 pubblica\"],\"articleSection\":[\"Sanit\u00e0\"],\"inLanguage\":\"it-IT\"},{\"@type\":\"WebPage\",\"@id\":\"https:\/\/www.nordestsanita.it\/?p=1352\",\"url\":\"https:\/\/www.nordestsanita.it\/?p=1352\",\"name\":\"Il presidio di legalit\u00e0 in sanit\u00e0 pubblica: il 22 aprile il convegno di Fvm Veneto - NES\",\"isPartOf\":{\"@id\":\"https:\/\/www.nordestsanita.it\/#website\"},\"datePublished\":\"2022-04-21T17:39:40+00:00\",\"dateModified\":\"2022-04-21T17:39:41+00:00\",\"breadcrumb\":{\"@id\":\"https:\/\/www.nordestsanita.it\/?p=1352#breadcrumb\"},\"inLanguage\":\"it-IT\",\"potentialAction\":[{\"@type\":\"ReadAction\",\"target\":[\"https:\/\/www.nordestsanita.it\/?p=1352\"]}]},{\"@type\":\"BreadcrumbList\",\"@id\":\"https:\/\/www.nordestsanita.it\/?p=1352#breadcrumb\",\"itemListElement\":[{\"@type\":\"ListItem\",\"position\":1,\"name\":\"Home\",\"item\":\"https:\/\/www.nordestsanita.it\/\"},{\"@type\":\"ListItem\",\"position\":2,\"name\":\"Il presidio di legalit\u00e0 in sanit\u00e0 pubblica: il 22 aprile il convegno di Fvm Veneto\"}]},{\"@type\":\"WebSite\",\"@id\":\"https:\/\/www.nordestsanita.it\/#website\",\"url\":\"https:\/\/www.nordestsanita.it\/\",\"name\":\"NES\",\"description\":\"Nord Est Sanit\u00e0\",\"publisher\":{\"@id\":\"https:\/\/www.nordestsanita.it\/#organization\"},\"potentialAction\":[{\"@type\":\"SearchAction\",\"target\":{\"@type\":\"EntryPoint\",\"urlTemplate\":\"https:\/\/www.nordestsanita.it\/?s={search_term_string}\"},\"query-input\":\"required name=search_term_string\"}],\"inLanguage\":\"it-IT\"},{\"@type\":\"Organization\",\"@id\":\"https:\/\/www.nordestsanita.it\/#organization\",\"name\":\"NES\",\"url\":\"https:\/\/www.nordestsanita.it\/\",\"logo\":{\"@type\":\"ImageObject\",\"inLanguage\":\"it-IT\",\"@id\":\"https:\/\/www.nordestsanita.it\/#\/schema\/logo\/image\/\",\"url\":\"https:\/\/www.nordestsanita.it\/wp-content\/uploads\/2021\/05\/NES-1280.png\",\"contentUrl\":\"https:\/\/www.nordestsanita.it\/wp-content\/uploads\/2021\/05\/NES-1280.png\",\"width\":1280,\"height\":458,\"caption\":\"NES\"},\"image\":{\"@id\":\"https:\/\/www.nordestsanita.it\/#\/schema\/logo\/image\/\"}},{\"@type\":\"Person\",\"@id\":\"https:\/\/www.nordestsanita.it\/#\/schema\/person\/b4d794d64b96b99781f85e73d2f335e8\",\"name\":\"Giuliano Gargano\",\"image\":{\"@type\":\"ImageObject\",\"inLanguage\":\"it-IT\",\"@id\":\"https:\/\/www.nordestsanita.it\/#\/schema\/person\/image\/\",\"url\":\"https:\/\/secure.gravatar.com\/avatar\/2358b20e394b61d6f72d0ddb2a3df6b3?s=96&d=mm&r=g\",\"contentUrl\":\"https:\/\/secure.gravatar.com\/avatar\/2358b20e394b61d6f72d0ddb2a3df6b3?s=96&d=mm&r=g\",\"caption\":\"Giuliano Gargano\"},\"url\":\"https:\/\/www.nordestsanita.it\/?author=4\"}]}<\/script>\n<!-- \/ Yoast SEO plugin. -->","yoast_head_json":{"title":"Il presidio di legalit\u00e0 in sanit\u00e0 pubblica: il 22 aprile il convegno di Fvm Veneto - NES","robots":{"index":"index","follow":"follow","max-snippet":"max-snippet:-1","max-image-preview":"max-image-preview:large","max-video-preview":"max-video-preview:-1"},"canonical":"https:\/\/www.nordestsanita.it\/?p=1352","og_locale":"it_IT","og_type":"article","og_title":"Il presidio di legalit\u00e0 in sanit\u00e0 pubblica: il 22 aprile il convegno di Fvm Veneto - NES","og_description":"\u201cAnni di blocco delle assunzioni nel pubblico impiego e l\u2019aumento dell\u2019et\u00e0 pensionabile, aggravati anche delle emergenze pandemiche, hanno acuito le criticit\u00e0 del Servizio sanitario, mettendo a dura prova non solo i servizi di cura e di assistenza ma anche quelli di controllo e di prevenzione \u2013 spiega il presidente della Federazione Medici e Veterinari del Veneto, Paolo Camerotto \u2013. Si pone ora la necessit\u00e0 di una riorganizzazione della sanit\u00e0 pubblica secondo criteri di efficacia ed efficienza. Questo evento vuole essere un momento di confronto tra rappresentanti istituzionali, politici, sindacali ed esperti giuridici proprio sui temi del rispetto del principio di","og_url":"https:\/\/www.nordestsanita.it\/?p=1352","og_site_name":"NES","article_published_time":"2022-04-21T17:39:40+00:00","article_modified_time":"2022-04-21T17:39:41+00:00","og_image":[{"width":2055,"height":972,"url":"https:\/\/www.nordestsanita.it\/wp-content\/uploads\/2021\/05\/fraccalanza6.jpg","type":"image\/jpeg"}],"author":"Giuliano Gargano","twitter_card":"summary_large_image","twitter_misc":{"Scritto da":"Giuliano Gargano","Tempo di lettura stimato":"2 minuti"},"schema":{"@context":"https:\/\/schema.org","@graph":[{"@type":"Article","@id":"https:\/\/www.nordestsanita.it\/?p=1352#article","isPartOf":{"@id":"https:\/\/www.nordestsanita.it\/?p=1352"},"author":{"name":"Giuliano Gargano","@id":"https:\/\/www.nordestsanita.it\/#\/schema\/person\/b4d794d64b96b99781f85e73d2f335e8"},"headline":"Il presidio di legalit\u00e0 in sanit\u00e0 pubblica: il 22 aprile il convegno di Fvm Veneto","datePublished":"2022-04-21T17:39:40+00:00","dateModified":"2022-04-21T17:39:41+00:00","mainEntityOfPage":{"@id":"https:\/\/www.nordestsanita.it\/?p=1352"},"wordCount":391,"publisher":{"@id":"https:\/\/www.nordestsanita.it\/#organization"},"keywords":["Fvm","sanit\u00e0 pubblica"],"articleSection":["Sanit\u00e0"],"inLanguage":"it-IT"},{"@type":"WebPage","@id":"https:\/\/www.nordestsanita.it\/?p=1352","url":"https:\/\/www.nordestsanita.it\/?p=1352","name":"Il presidio di legalit\u00e0 in sanit\u00e0 pubblica: il 22 aprile il convegno di Fvm Veneto - NES","isPartOf":{"@id":"https:\/\/www.nordestsanita.it\/#website"},"datePublished":"2022-04-21T17:39:40+00:00","dateModified":"2022-04-21T17:39:41+00:00","breadcrumb":{"@id":"https:\/\/www.nordestsanita.it\/?p=1352#breadcrumb"},"inLanguage":"it-IT","potentialAction":[{"@type":"ReadAction","target":["https:\/\/www.nordestsanita.it\/?p=1352"]}]},{"@type":"BreadcrumbList","@id":"https:\/\/www.nordestsanita.it\/?p=1352#breadcrumb","itemListElement":[{"@type":"ListItem","position":1,"name":"Home","item":"https:\/\/www.nordestsanita.it\/"},{"@type":"ListItem","position":2,"name":"Il presidio di legalit\u00e0 in sanit\u00e0 pubblica: il 22 aprile il convegno di Fvm Veneto"}]},{"@type":"WebSite","@id":"https:\/\/www.nordestsanita.it\/#website","url":"https:\/\/www.nordestsanita.it\/","name":"NES","description":"Nord Est Sanit\u00e0","publisher":{"@id":"https:\/\/www.nordestsanita.it\/#organization"},"potentialAction":[{"@type":"SearchAction","target":{"@type":"EntryPoint","urlTemplate":"https:\/\/www.nordestsanita.it\/?s={search_term_string}"},"query-input":"required name=search_term_string"}],"inLanguage":"it-IT"},{"@type":"Organization","@id":"https:\/\/www.nordestsanita.it\/#organization","name":"NES","url":"https:\/\/www.nordestsanita.it\/","logo":{"@type":"ImageObject","inLanguage":"it-IT","@id":"https:\/\/www.nordestsanita.it\/#\/schema\/logo\/image\/","url":"https:\/\/www.nordestsanita.it\/wp-content\/uploads\/2021\/05\/NES-1280.png","contentUrl":"https:\/\/www.nordestsanita.it\/wp-content\/uploads\/2021\/05\/NES-1280.png","width":1280,"height":458,"caption":"NES"},"image":{"@id":"https:\/\/www.nordestsanita.it\/#\/schema\/logo\/image\/"}},{"@type":"Person","@id":"https:\/\/www.nordestsanita.it\/#\/schema\/person\/b4d794d64b96b99781f85e73d2f335e8","name":"Giuliano Gargano","image":{"@type":"ImageObject","inLanguage":"it-IT","@id":"https:\/\/www.nordestsanita.it\/#\/schema\/person\/image\/","url":"https:\/\/secure.gravatar.com\/avatar\/2358b20e394b61d6f72d0ddb2a3df6b3?s=96&d=mm&r=g","contentUrl":"https:\/\/secure.gravatar.com\/avatar\/2358b20e394b61d6f72d0ddb2a3df6b3?s=96&d=mm&r=g","caption":"Giuliano Gargano"},"url":"https:\/\/www.nordestsanita.it\/?author=4"}]}},"jetpack_featured_media_url":"https:\/\/www.nordestsanita.it\/wp-content\/uploads\/2021\/05\/fraccalanza6.jpg","_links":{"self":[{"href":"https:\/\/www.nordestsanita.it\/index.php?rest_route=\/wp\/v2\/posts\/1352"}],"collection":[{"href":"https:\/\/www.nordestsanita.it\/index.php?rest_route=\/wp\/v2\/posts"}],"about":[{"href":"https:\/\/www.nordestsanita.it\/index.php?rest_route=\/wp\/v2\/types\/post"}],"author":[{"embeddable":true,"href":"https:\/\/www.nordestsanita.it\/index.php?rest_route=\/wp\/v2\/users\/4"}],"replies":[{"embeddable":true,"href":"https:\/\/www.nordestsanita.it\/index.php?rest_route=%2Fwp%2Fv2%2Fcomments&post=1352"}],"version-history":[{"count":1,"href":"https:\/\/www.nordestsanita.it\/index.php?rest_route=\/wp\/v2\/posts\/1352\/revisions"}],"predecessor-version":[{"id":1353,"href":"https:\/\/www.nordestsanita.it\/index.php?rest_route=\/wp\/v2\/posts\/1352\/revisions\/1353"}],"wp:featuredmedia":[{"embeddable":true,"href":"https:\/\/www.nordestsanita.it\/index.php?rest_route=\/wp\/v2\/media\/477"}],"wp:attachment":[{"href":"https:\/\/www.nordestsanita.it\/index.php?rest_route=%2Fwp%2Fv2%2Fmedia&parent=1352"}],"wp:term":[{"taxonomy":"category","embeddable":true,"href":"https:\/\/www.nordestsanita.it\/index.php?rest_route=%2Fwp%2Fv2%2Fcategories&post=1352"},{"taxonomy":"post_tag","embeddable":true,"href":"https:\/\/www.nordestsanita.it\/index.php?rest_route=%2Fwp%2Fv2%2Ftags&post=1352"}],"curies":[{"name":"wp","href":"https:\/\/api.w.org\/{rel}","templated":true}]}}