{"id":1371,"date":"2022-05-09T17:57:57","date_gmt":"2022-05-09T15:57:57","guid":{"rendered":"https:\/\/www.nordestsanita.it\/?p=1371"},"modified":"2022-05-09T17:57:57","modified_gmt":"2022-05-09T15:57:57","slug":"al-via-la-settimana-nazionale-del-mal-di-testa","status":"publish","type":"post","link":"https:\/\/www.nordestsanita.it\/?p=1371","title":{"rendered":"Al via la Settimana Nazionale del Mal di Testa"},"content":{"rendered":"\n<p>Da oggi, 9 maggio, e fino a domenica 15 si celebra la Settimana Nazionale del Mal di Testa, promossa dalla SIN (Societ\u00e0 Italiana di Neurologia) e dalla SISC (Societ\u00e0 Italiana per lo Studio delle Cefalee) che hanno organizzato una campagna di sensibilizzazione \u201csocial\u201d rivolta alla popolazione dal titolo \u201cMettiamoci la faccia\u201d<\/p>\n\n\n\n<!--more-->\n\n\n\n<p>Nel corso della Settimana, coloro che soffrono di mal di testa sono invitati a registrare un breve video di massimo un minuto contenente una domanda sulla patologia a cui risponder\u00e0 uno degli esperti della SIN o della SISC. L\u2019obiettivo per questa edizione \u00e8 quello di fare informazione su temi suggeriti dai pazienti stessi, proprio per cercare di colmare le lacune informative che ancora esistono intorno a questa malattia. La risposta video sar\u00e0 pubblicata, insieme alla domanda, sui profili social istituzionali Sin e S.I.S.C. I video devono essere inviati a social@neuro.it.<\/p>\n\n\n\n<p>L\u2019Organizzazione Mondiale della Sanit\u00e0 stima che la cefalea, chiamata anche mal di testa, colpisca 1 persona su 2 con episodi che si verificano almeno una volta l\u2019anno. Una patologia che riguarda anche i pi\u00f9 giovani: basti pensare che oltre il 40% dei ragazzi \u00e8 colpito da cefalea mentre 10 bambini su 100 soffrono di emicrania, una forma comune di cefalea primaria.<\/p>\n\n\n\n<p>\u201c6 milioni di persone, ossia il 12% della popolazione, sono coloro che in Italia soffrono di emicrania, una specifica tipologia di cefalea che si caratterizza per un dolore pulsante con intensit\u00e0 moderata-severa che, spesso, si localizza nella met\u00e0 della testa e del volto \u2013 afferma il Prof. Alfredo Berardelli Presidente della SIN \u2013 Si tratta di una patologia talmente debilitante che \u00e8 stata identificata dall\u2019OMS come la malattia che causa maggiore disabilit\u00e0 nella fascia di et\u00e0 tra 20 e 50 anni, ossia nel momento della vita in cui siamo pi\u00f9 produttivi\u201d.<\/p>\n\n\n\n<p>Numeri davvero importanti, per i quali una diagnosi precoce pu\u00f2 davvero cambiare la progressione della malattia, poich\u00e9 evita importanti conseguenze quali la cronicizzazione del disturbo e l\u2019abuso di farmaci. Iniziative come la Giornata del Mal di Testa servono proprio a informare il paziente e i suoi familiari per renderli consapevoli delle azioni da intraprendere per contrastare la malattia e non rimanerne schiacciato.<\/p>\n\n\n\n<p>\u201cGrazie alla scoperta del meccanismo da cui si genera il dolore emicranico &#8211; commenta il Prof. Paolo Calabresi, Presidente SISC \u2013 sono ormai entrate nella pratica clinica le nuove terapie a base di anticorpi monoclonali che stanno facendo registrare un importante cambio di passo nel trattamento della prevenzione dell\u2019emicrania poich\u00e9 queste terapie riducono il numero di attacchi nella forma episodica e risultano efficaci anche nelle forme pi\u00f9 gravi come l\u2019emicrania cronica e quella resistente ad altri farmaci usati in precedenza. A fronte di tutti questi benefici, inoltre, si verifica un numero molto scarso di effetti collaterali\u201d.<\/p>\n\n\n\n<p>LE CEFALEE<br>Esistono due grandi categorie: le cefalee primarie sono disturbi a se stanti non legati ad altre patologie e sono le pi\u00f9 frequenti, mentre le cefalee secondarie dipendono da altre patologie, come, ad esempio, cefalea da trauma cranico e\/o cervicale, da disturbi vascolari cerebrali (come l\u2019ictus), da patologie del cranio non vascolari (come tumori cerebrali, ipertensione o ipotensione liquorale). A loro volta, le cefalee primarie comprendono l\u2019emicrania, la cefalea di tipo tensivo, la cefalea a grappolo e si distinguono per la tipologia del dolore, l\u2019intensit\u00e0, la collocazione nella testa, la durata, la frequenza e gli altri sintomi concomitanti.<\/p>\n\n\n\n<p>L\u2019emicrania si caratterizza per un dolore pulsante con intensit\u00e0 moderata-severa che, spesso, si localizza nella met\u00e0 della testa e del volto. Il paziente non riesce a svolgere nessuna delle attivit\u00e0 quotidiane perch\u00e9 ogni azione aggrava il dolore e, a volte (emicrania con aura), gli attacchi vengono preceduti da disturbi neurologici come, ad esempio, sintomi visivi. La crisi si manifesta solitamente insieme ad altri disturbi come vomito e intolleranza alla luce e ai rumori e pu\u00f2 durare da alcune ore a 2-3 giorni. Due terzi dei pazienti emicranici sono donne.<\/p>\n\n\n\n<p>La cefalea di tipo tensivo, invece, presenta una intensit\u00e0 lieve-moderata, di tipo gravativo o costrittivo (classico cerchio alla testa) della durata di alcuni minuti o ore o anche alcuni giorni, non aggravata dalle attivit\u00e0 fisiche usuali e non associata, in genere, a nausea o vomito. \u00c8 la forma pi\u00f9 frequente di cefalea con una prevalenza di circa l\u201980%. Fattori di predisposizione genetica possono avere una certa influenza nello sviluppo della cefalea tensiva cos\u00ec come fattori ambientali tra cui lo stress, l\u2019affaticamento, cattive posture o riduzione delle ore di sonno.<\/p>\n\n\n\n<p>Infine, la cefalea a grappolo provoca attacchi dolorosi pi\u00f9 brevi (1-3 ore) molto intensi e lancinanti che si susseguono 1 o pi\u00f9 volte al giorno per un periodo di tempo di circa 2 mesi (grappolo), alternati a periodi senza dolore. L\u2019area interessata \u00e8 quella oculare e, al contrario delle altre due forme, la cefalea a grappolo colpisce prevalentemente gli uomini. In genere gli episodi si ripetono ciclicamente con una cadenza stagionale o di 1\/2periodi all\u2019anno.<\/p>\n\n\n\n<p>Per maggiori info sulla Giornata del Mal di Testa visitare il sito web delle Societ\u00e0 Scientifiche che promuovono la Giornata:<br>www.neuro.it<br>www.sisc.it<\/p>\n","protected":false},"excerpt":{"rendered":"<p>Da oggi, 9 maggio, e fino a domenica 15 si celebra la Settimana Nazionale del Mal di Testa, promossa dalla SIN e dalla SISC.<\/p>\n","protected":false},"author":8,"featured_media":1372,"comment_status":"closed","ping_status":"open","sticky":false,"template":"","format":"standard","meta":[],"categories":[24],"tags":[239,240,238],"yoast_head":"<!-- This site is optimized with the Yoast SEO plugin v20.2 - https:\/\/yoast.com\/wordpress\/plugins\/seo\/ -->\n<title>Al via la Settimana Nazionale del Mal di Testa - NES<\/title>\n<meta name=\"description\" content=\"Da oggi, 9 maggio, e fino a domenica 15 si celebra la Settimana Nazionale del Mal di Testa, promossa dalla SIN e dalla SISC.\" \/>\n<meta name=\"robots\" content=\"index, follow, max-snippet:-1, max-image-preview:large, max-video-preview:-1\" \/>\n<link rel=\"canonical\" href=\"https:\/\/www.nordestsanita.it\/?p=1371\" \/>\n<meta property=\"og:locale\" content=\"it_IT\" \/>\n<meta property=\"og:type\" content=\"article\" \/>\n<meta property=\"og:title\" content=\"Al via la Settimana Nazionale del Mal di Testa - NES\" \/>\n<meta property=\"og:description\" content=\"Da oggi, 9 maggio, e fino a domenica 15 si celebra la Settimana Nazionale del Mal di Testa, promossa dalla SIN e dalla SISC.\" \/>\n<meta property=\"og:url\" content=\"https:\/\/www.nordestsanita.it\/?p=1371\" \/>\n<meta property=\"og:site_name\" content=\"NES\" \/>\n<meta property=\"article:published_time\" content=\"2022-05-09T15:57:57+00:00\" \/>\n<meta property=\"og:image\" content=\"https:\/\/www.nordestsanita.it\/wp-content\/uploads\/2022\/05\/Settimana-Mal-Di-Testa.jpg\" \/>\n\t<meta property=\"og:image:width\" content=\"1280\" \/>\n\t<meta property=\"og:image:height\" content=\"717\" \/>\n\t<meta property=\"og:image:type\" content=\"image\/jpeg\" \/>\n<meta name=\"author\" content=\"Redazione\" \/>\n<meta name=\"twitter:card\" content=\"summary_large_image\" \/>\n<meta name=\"twitter:label1\" content=\"Scritto da\" \/>\n\t<meta name=\"twitter:data1\" content=\"Redazione\" \/>\n\t<meta name=\"twitter:label2\" content=\"Tempo di lettura stimato\" \/>\n\t<meta name=\"twitter:data2\" content=\"4 minuti\" \/>\n<script type=\"application\/ld+json\" class=\"yoast-schema-graph\">{\"@context\":\"https:\/\/schema.org\",\"@graph\":[{\"@type\":\"Article\",\"@id\":\"https:\/\/www.nordestsanita.it\/?p=1371#article\",\"isPartOf\":{\"@id\":\"https:\/\/www.nordestsanita.it\/?p=1371\"},\"author\":{\"name\":\"Redazione\",\"@id\":\"https:\/\/www.nordestsanita.it\/#\/schema\/person\/e5a7dc6dca45cb55e67d4a127b0e969a\"},\"headline\":\"Al via la Settimana Nazionale del Mal di Testa\",\"datePublished\":\"2022-05-09T15:57:57+00:00\",\"dateModified\":\"2022-05-09T15:57:57+00:00\",\"mainEntityOfPage\":{\"@id\":\"https:\/\/www.nordestsanita.it\/?p=1371\"},\"wordCount\":835,\"publisher\":{\"@id\":\"https:\/\/www.nordestsanita.it\/#organization\"},\"keywords\":[\"cefalea\",\"emicrania\",\"mal di testa\"],\"articleSection\":[\"Attualit\u00e0\"],\"inLanguage\":\"it-IT\"},{\"@type\":\"WebPage\",\"@id\":\"https:\/\/www.nordestsanita.it\/?p=1371\",\"url\":\"https:\/\/www.nordestsanita.it\/?p=1371\",\"name\":\"Al via la Settimana Nazionale del Mal di Testa - NES\",\"isPartOf\":{\"@id\":\"https:\/\/www.nordestsanita.it\/#website\"},\"datePublished\":\"2022-05-09T15:57:57+00:00\",\"dateModified\":\"2022-05-09T15:57:57+00:00\",\"description\":\"Da oggi, 9 maggio, e fino a domenica 15 si celebra la Settimana Nazionale del Mal di Testa, promossa dalla SIN e dalla SISC.\",\"breadcrumb\":{\"@id\":\"https:\/\/www.nordestsanita.it\/?p=1371#breadcrumb\"},\"inLanguage\":\"it-IT\",\"potentialAction\":[{\"@type\":\"ReadAction\",\"target\":[\"https:\/\/www.nordestsanita.it\/?p=1371\"]}]},{\"@type\":\"BreadcrumbList\",\"@id\":\"https:\/\/www.nordestsanita.it\/?p=1371#breadcrumb\",\"itemListElement\":[{\"@type\":\"ListItem\",\"position\":1,\"name\":\"Home\",\"item\":\"https:\/\/www.nordestsanita.it\/\"},{\"@type\":\"ListItem\",\"position\":2,\"name\":\"Al via la Settimana Nazionale del Mal di Testa\"}]},{\"@type\":\"WebSite\",\"@id\":\"https:\/\/www.nordestsanita.it\/#website\",\"url\":\"https:\/\/www.nordestsanita.it\/\",\"name\":\"NES\",\"description\":\"Nord Est Sanit\u00e0\",\"publisher\":{\"@id\":\"https:\/\/www.nordestsanita.it\/#organization\"},\"potentialAction\":[{\"@type\":\"SearchAction\",\"target\":{\"@type\":\"EntryPoint\",\"urlTemplate\":\"https:\/\/www.nordestsanita.it\/?s={search_term_string}\"},\"query-input\":\"required name=search_term_string\"}],\"inLanguage\":\"it-IT\"},{\"@type\":\"Organization\",\"@id\":\"https:\/\/www.nordestsanita.it\/#organization\",\"name\":\"NES\",\"url\":\"https:\/\/www.nordestsanita.it\/\",\"logo\":{\"@type\":\"ImageObject\",\"inLanguage\":\"it-IT\",\"@id\":\"https:\/\/www.nordestsanita.it\/#\/schema\/logo\/image\/\",\"url\":\"https:\/\/www.nordestsanita.it\/wp-content\/uploads\/2021\/05\/NES-1280.png\",\"contentUrl\":\"https:\/\/www.nordestsanita.it\/wp-content\/uploads\/2021\/05\/NES-1280.png\",\"width\":1280,\"height\":458,\"caption\":\"NES\"},\"image\":{\"@id\":\"https:\/\/www.nordestsanita.it\/#\/schema\/logo\/image\/\"}},{\"@type\":\"Person\",\"@id\":\"https:\/\/www.nordestsanita.it\/#\/schema\/person\/e5a7dc6dca45cb55e67d4a127b0e969a\",\"name\":\"Redazione\",\"image\":{\"@type\":\"ImageObject\",\"inLanguage\":\"it-IT\",\"@id\":\"https:\/\/www.nordestsanita.it\/#\/schema\/person\/image\/\",\"url\":\"https:\/\/secure.gravatar.com\/avatar\/3f19a9b3d671ea36ec67c4badf3f961a?s=96&d=mm&r=g\",\"contentUrl\":\"https:\/\/secure.gravatar.com\/avatar\/3f19a9b3d671ea36ec67c4badf3f961a?s=96&d=mm&r=g\",\"caption\":\"Redazione\"},\"url\":\"https:\/\/www.nordestsanita.it\/?author=8\"}]}<\/script>\n<!-- \/ Yoast SEO plugin. -->","yoast_head_json":{"title":"Al via la Settimana Nazionale del Mal di Testa - NES","description":"Da oggi, 9 maggio, e fino a domenica 15 si celebra la Settimana Nazionale del Mal di Testa, promossa dalla SIN e dalla SISC.","robots":{"index":"index","follow":"follow","max-snippet":"max-snippet:-1","max-image-preview":"max-image-preview:large","max-video-preview":"max-video-preview:-1"},"canonical":"https:\/\/www.nordestsanita.it\/?p=1371","og_locale":"it_IT","og_type":"article","og_title":"Al via la Settimana Nazionale del Mal di Testa - NES","og_description":"Da oggi, 9 maggio, e fino a domenica 15 si celebra la Settimana Nazionale del Mal di Testa, promossa dalla SIN e dalla SISC.","og_url":"https:\/\/www.nordestsanita.it\/?p=1371","og_site_name":"NES","article_published_time":"2022-05-09T15:57:57+00:00","og_image":[{"width":1280,"height":717,"url":"https:\/\/www.nordestsanita.it\/wp-content\/uploads\/2022\/05\/Settimana-Mal-Di-Testa.jpg","type":"image\/jpeg"}],"author":"Redazione","twitter_card":"summary_large_image","twitter_misc":{"Scritto da":"Redazione","Tempo di lettura stimato":"4 minuti"},"schema":{"@context":"https:\/\/schema.org","@graph":[{"@type":"Article","@id":"https:\/\/www.nordestsanita.it\/?p=1371#article","isPartOf":{"@id":"https:\/\/www.nordestsanita.it\/?p=1371"},"author":{"name":"Redazione","@id":"https:\/\/www.nordestsanita.it\/#\/schema\/person\/e5a7dc6dca45cb55e67d4a127b0e969a"},"headline":"Al via la Settimana Nazionale del Mal di Testa","datePublished":"2022-05-09T15:57:57+00:00","dateModified":"2022-05-09T15:57:57+00:00","mainEntityOfPage":{"@id":"https:\/\/www.nordestsanita.it\/?p=1371"},"wordCount":835,"publisher":{"@id":"https:\/\/www.nordestsanita.it\/#organization"},"keywords":["cefalea","emicrania","mal di testa"],"articleSection":["Attualit\u00e0"],"inLanguage":"it-IT"},{"@type":"WebPage","@id":"https:\/\/www.nordestsanita.it\/?p=1371","url":"https:\/\/www.nordestsanita.it\/?p=1371","name":"Al via la Settimana Nazionale del Mal di Testa - NES","isPartOf":{"@id":"https:\/\/www.nordestsanita.it\/#website"},"datePublished":"2022-05-09T15:57:57+00:00","dateModified":"2022-05-09T15:57:57+00:00","description":"Da oggi, 9 maggio, e fino a domenica 15 si celebra la Settimana Nazionale del Mal di Testa, promossa dalla SIN e dalla SISC.","breadcrumb":{"@id":"https:\/\/www.nordestsanita.it\/?p=1371#breadcrumb"},"inLanguage":"it-IT","potentialAction":[{"@type":"ReadAction","target":["https:\/\/www.nordestsanita.it\/?p=1371"]}]},{"@type":"BreadcrumbList","@id":"https:\/\/www.nordestsanita.it\/?p=1371#breadcrumb","itemListElement":[{"@type":"ListItem","position":1,"name":"Home","item":"https:\/\/www.nordestsanita.it\/"},{"@type":"ListItem","position":2,"name":"Al via la Settimana Nazionale del Mal di Testa"}]},{"@type":"WebSite","@id":"https:\/\/www.nordestsanita.it\/#website","url":"https:\/\/www.nordestsanita.it\/","name":"NES","description":"Nord Est Sanit\u00e0","publisher":{"@id":"https:\/\/www.nordestsanita.it\/#organization"},"potentialAction":[{"@type":"SearchAction","target":{"@type":"EntryPoint","urlTemplate":"https:\/\/www.nordestsanita.it\/?s={search_term_string}"},"query-input":"required name=search_term_string"}],"inLanguage":"it-IT"},{"@type":"Organization","@id":"https:\/\/www.nordestsanita.it\/#organization","name":"NES","url":"https:\/\/www.nordestsanita.it\/","logo":{"@type":"ImageObject","inLanguage":"it-IT","@id":"https:\/\/www.nordestsanita.it\/#\/schema\/logo\/image\/","url":"https:\/\/www.nordestsanita.it\/wp-content\/uploads\/2021\/05\/NES-1280.png","contentUrl":"https:\/\/www.nordestsanita.it\/wp-content\/uploads\/2021\/05\/NES-1280.png","width":1280,"height":458,"caption":"NES"},"image":{"@id":"https:\/\/www.nordestsanita.it\/#\/schema\/logo\/image\/"}},{"@type":"Person","@id":"https:\/\/www.nordestsanita.it\/#\/schema\/person\/e5a7dc6dca45cb55e67d4a127b0e969a","name":"Redazione","image":{"@type":"ImageObject","inLanguage":"it-IT","@id":"https:\/\/www.nordestsanita.it\/#\/schema\/person\/image\/","url":"https:\/\/secure.gravatar.com\/avatar\/3f19a9b3d671ea36ec67c4badf3f961a?s=96&d=mm&r=g","contentUrl":"https:\/\/secure.gravatar.com\/avatar\/3f19a9b3d671ea36ec67c4badf3f961a?s=96&d=mm&r=g","caption":"Redazione"},"url":"https:\/\/www.nordestsanita.it\/?author=8"}]}},"jetpack_featured_media_url":"https:\/\/www.nordestsanita.it\/wp-content\/uploads\/2022\/05\/Settimana-Mal-Di-Testa.jpg","_links":{"self":[{"href":"https:\/\/www.nordestsanita.it\/index.php?rest_route=\/wp\/v2\/posts\/1371"}],"collection":[{"href":"https:\/\/www.nordestsanita.it\/index.php?rest_route=\/wp\/v2\/posts"}],"about":[{"href":"https:\/\/www.nordestsanita.it\/index.php?rest_route=\/wp\/v2\/types\/post"}],"author":[{"embeddable":true,"href":"https:\/\/www.nordestsanita.it\/index.php?rest_route=\/wp\/v2\/users\/8"}],"replies":[{"embeddable":true,"href":"https:\/\/www.nordestsanita.it\/index.php?rest_route=%2Fwp%2Fv2%2Fcomments&post=1371"}],"version-history":[{"count":1,"href":"https:\/\/www.nordestsanita.it\/index.php?rest_route=\/wp\/v2\/posts\/1371\/revisions"}],"predecessor-version":[{"id":1373,"href":"https:\/\/www.nordestsanita.it\/index.php?rest_route=\/wp\/v2\/posts\/1371\/revisions\/1373"}],"wp:featuredmedia":[{"embeddable":true,"href":"https:\/\/www.nordestsanita.it\/index.php?rest_route=\/wp\/v2\/media\/1372"}],"wp:attachment":[{"href":"https:\/\/www.nordestsanita.it\/index.php?rest_route=%2Fwp%2Fv2%2Fmedia&parent=1371"}],"wp:term":[{"taxonomy":"category","embeddable":true,"href":"https:\/\/www.nordestsanita.it\/index.php?rest_route=%2Fwp%2Fv2%2Fcategories&post=1371"},{"taxonomy":"post_tag","embeddable":true,"href":"https:\/\/www.nordestsanita.it\/index.php?rest_route=%2Fwp%2Fv2%2Ftags&post=1371"}],"curies":[{"name":"wp","href":"https:\/\/api.w.org\/{rel}","templated":true}]}}