{"id":1375,"date":"2022-05-11T17:32:54","date_gmt":"2022-05-11T15:32:54","guid":{"rendered":"https:\/\/www.nordestsanita.it\/?p=1375"},"modified":"2022-05-11T17:32:55","modified_gmt":"2022-05-11T15:32:55","slug":"neurosviluppo-oggi-la-prima-giornata-nazionale-per-la-sua-promozione","status":"publish","type":"post","link":"https:\/\/www.nordestsanita.it\/?p=1375","title":{"rendered":"Neurosviluppo, oggi la prima giornata nazionale per la sua promozione"},"content":{"rendered":"\n<p>SINPIA &#8211; Societ\u00e0 Italiana di Neuropsichiatria dell&#8217;Infanzia e dell&#8217;Adolescenza lancia per oggi, l\u201911 maggio, in occasione dei 50 anni dalla sua fondazione e nell\u2019ambito della Settimana Europea di Sensibilizzazione sulla Salute Mentale 2022, la Giornata Nazionale per la Promozione del Neurosviluppo. <\/p>\n\n\n\n<p>Obiettivo: promuovere la salute e la salvaguardia del Neurosviluppo, quel complesso periodo che fin dal concepimento ai primi 1000 giorni e poi fino alla giovane et\u00e0 adulta, \u00e8 cruciale nel determinare la buona salute fisica e mentale degli individui, cos\u00ec come lo \u00e8 nella genesi e nelle possibilit\u00e0 di cura dei disturbi neurologici, psichiatrici e neuropsicologici dell\u2019infanzia e dell\u2019adolescenza.<\/p>\n\n\n\n<!--more-->\n\n\n\n<p>Fattori di rischio comuni e componenti genetiche, neurobiologiche e ambientali trasversali ed et\u00e0 specifiche possono infatti interferire con il processo del Neurosviluppo, modificando lo sviluppo del cervello molto precocemente, compromettendo le reti neurali che sottendono alla maturazione delle funzioni adattive, motorie, comunicative, di apprendimento, alle emozioni e al comportamento. Gli effetti di tali modifiche possono essere evidenti fin dai primi anni di vita, comportando l\u2019insorgenza di disturbi come l\u2019autismo, i disturbi di linguaggio e apprendimento, il disturbo da deficit di attenzione e iperattivit\u00e0, l\u2019epilessia. Oppure rendersi evidenti in adolescenza, con disturbi psichiatrici come la schizofrenia e la depressione.<\/p>\n\n\n\n<p>\u201cServono interventi mirati e attenti per la promozione del Neurosviluppo &#8211; spiega la Prof.ssa Elisa Fazzi, Presidente della SINPIA e direttore della U.O. Neuropsichiatria dell\u2019Infanzia e dell\u2019Adolescenza ASST Spedali Civili e Universit\u00e0 di Brescia &#8211; per incrementare i fattori protettivi e diminuire l\u2019impatto dei fattori di rischio. Interventi direttamente a supporto di un armonico sviluppo emotivo, motorio, linguistico, cognitivo, sociale dalla nascita all\u2019adolescenza, e poi interventi a supporto delle situazioni di vulnerabilit\u00e0 familiare, maggiore attenzione in tutti gli ambienti e nei contesti di vita in cui i bambini ed i ragazzi crescono e molto altro. Serve infine garantire interventi mirati quando sono presenti segni di rischio di disturbi del Neurosviluppo. Sempre pi\u00f9 ricerche evidenziano infatti come un positivo Neurosviluppo, dal concepimento alla giovane et\u00e0 adulta, sia fondamentale nel determinare la buona salute fisica e mentale degli individui. Per celebrare la Giornata abbiamo scelto i colori dell\u2019arcobaleno, a rappresentare sia l\u2019incredibile variet\u00e0 degli aspetti coinvolti nel Neurosviluppo e nei disturbi ad esso connessi, sia la necessit\u00e0 di tutti i bambini di vivere in tempi di pace per poter sviluppare al massimo il proprio potenziale neuropsichico\u201d.<\/p>\n\n\n\n<p>Per celebrare la Giornata, stasera molti Comuni e istituzioni italiane illumineranno le proprie sedi o monumenti con i colori dell\u2019arcobaleno, tra cui la sede dell\u2019Istituto Superiore di Sanit\u00e0 a Roma e la Loggia a Brescia. Sempre in occasione della Giornata del Neurosviluppo i Servizi e le Unit\u00e0 operative di Neuro Psichiatria delle regioni italiane attiveranno iniziative locali per sensibilizzare la popolazione sul tema.<\/p>\n\n\n\n<p>A causa della Pandemia e del suo impatto sulla salute generale della popolazione, il benessere psichico dei minori \u00e8 diminuito oltre il 10% a livello mondiale, con il raddoppio dei bambini sotto la soglia del disagio, con un aumento di rabbia, noia, difficolt\u00e0 di concentrazione, senso di solitudine e di impotenza, stress, disturbi del sonno oltre che di patologie anche pi\u00f9 severe come disturbi del comportamento alimentare ed autolesionismo.<\/p>\n\n\n\n<p>In Italia i disturbi neuropsichici dell\u2019et\u00e0 evolutiva colpiscono quasi 2 milioni di bambini e ragazzi, tra il 10 e il 20% della popolazione infantile e adolescenziale tra i 0 e i 17 anni, con manifestazioni molto diverse tra loro per tipologia, decorso e prognosi. La loro incidenza \u00e8 in ascesa, in meno di dieci anni \u00e8 raddoppiato il numero di bambini e adolescenti seguiti nei servizi di Neuropsichiatria dell\u2019Infanzia e dell\u2019Adolescenza (NPIA).<\/p>\n\n\n\n<p>\u201cLa prevalenza raddoppiata dei disturbi neuropsichici \u00e8 certamente espressione di un trend gi\u00e0 presente nei 10 anni precedenti \u2013 spiega la Dott.ssa Antonella Costantino, Past President della SINPIA e Direttore dell&#8217;Unit\u00e0 Operativa di Neuropsichiatria dell&#8217;Infanzia e dell\u2019Adolescenza (UONPIA) della Fondazione IRCCS \u00abCa&#8217; Granda\u00bb Ospedale Maggiore Policlinico di Milano &#8211; la Pandemia ha per\u00f2 mostrato come una diminuzione delle attenzioni collettive ai bisogni neuropsichici di bambini e adolescenti possa avere conseguenze drammatiche sulla loro salute mentale e sul loro sviluppo complessivo, in particolare per coloro che gi\u00e0 presentavano vulnerabilit\u00e0. La crescita esponenziale delle richieste a cui stiamo assistendo riguarda tutti i disturbi del neurosviluppo, trasversalmente a tutte le fasce dell\u2019et\u00e0 evolutiva, e non \u00e8 limitata solo ai disturbi psichiatrici in adolescenza. Va affrontata di conseguenza, con uno sguardo di sistema, ben radicato nelle nuove conoscenze offerte dalle neuroscienze, nella consapevolezza che molto si pu\u00f2 e si deve fare per prevenire l\u2019emergere dei disturbi e che per la cura sono necessari modelli clinici e organizzativi in grado di adattarsi rapidamente al cambiamento dei bisogni senza cadere in facili riduzionismi\u201d.<\/p>\n\n\n\n<p>Infine, l\u2019impatto sempre pi\u00f9 prepotentemente negativo delle diseguaglianze economiche, sociali, e culturali, a loro volta aggravate da eventi ulteriormente destabilizzanti come pandemie e guerre, insieme all\u2019indifferenza, alla negazione, all\u2019incomprensione, all\u2019ostilit\u00e0 e allo stigma, ha una valenza dirompente nell\u2019incremento dei disturbi neuropsichiatrici.<\/p>\n\n\n\n<p>\u201cI problemi conseguenti ai disturbi neuropsichici dell\u2019et\u00e0 evolutiva sono ormai drammatici e tragicamente trascurati, sia in termini di messa in campo di adeguate strategie di prevenzione sia in termini di risorse per la cura \u2013 conclude la prof.ssa Elisa Fazzi &#8211; Occorrono risorse e risposte di sistema, integrate e coordinate tra educativo, sociale e sanitario, nell\u2019ambito di un cambiamento culturale profondo che apra all\u2019innovazione ed al futuro, perch\u00e9 tutti i bambini e ragazzi con disturbi del Neurosviluppo e le loro famiglie vedano finalmente riconosciuto il diritto a cure appropriate e tempestive e vedano garantito il loro massimo potenziale di sviluppo\u201d.<\/p>\n","protected":false},"excerpt":{"rendered":"<p>La Societ\u00e0 Italiana di Neuropsichiatria dell&#8217;Infanzia e dell&#8217;Adolescenza lancia la Giornata nazionale per la Promozione del Neurosviluppo<\/p>\n","protected":false},"author":8,"featured_media":1376,"comment_status":"closed","ping_status":"open","sticky":false,"template":"","format":"standard","meta":[],"categories":[24],"tags":[242,241],"yoast_head":"<!-- This site is optimized with the Yoast SEO plugin v20.2 - https:\/\/yoast.com\/wordpress\/plugins\/seo\/ -->\n<title>Neurosviluppo, oggi la prima giornata nazionale per la promozione - NES<\/title>\n<meta name=\"description\" content=\"La Societ\u00e0 Italiana di Neuropsichiatria dell&#039;Infanzia e dell&#039;Adolescenza lancia la Giornata nazionale per la Promozione del Neurosviluppo\" \/>\n<meta name=\"robots\" content=\"index, follow, max-snippet:-1, max-image-preview:large, max-video-preview:-1\" \/>\n<link rel=\"canonical\" href=\"https:\/\/www.nordestsanita.it\/?p=1375\" \/>\n<meta property=\"og:locale\" content=\"it_IT\" \/>\n<meta property=\"og:type\" content=\"article\" \/>\n<meta property=\"og:title\" content=\"Neurosviluppo, oggi la prima giornata nazionale per la promozione - NES\" \/>\n<meta property=\"og:description\" content=\"La Societ\u00e0 Italiana di Neuropsichiatria dell&#039;Infanzia e dell&#039;Adolescenza lancia la Giornata nazionale per la Promozione del Neurosviluppo\" \/>\n<meta property=\"og:url\" content=\"https:\/\/www.nordestsanita.it\/?p=1375\" \/>\n<meta property=\"og:site_name\" content=\"NES\" \/>\n<meta property=\"article:published_time\" content=\"2022-05-11T15:32:54+00:00\" \/>\n<meta property=\"article:modified_time\" content=\"2022-05-11T15:32:55+00:00\" \/>\n<meta property=\"og:image\" content=\"https:\/\/www.nordestsanita.it\/wp-content\/uploads\/2022\/05\/adolescenti1.jpg\" \/>\n\t<meta property=\"og:image:width\" content=\"800\" \/>\n\t<meta property=\"og:image:height\" content=\"535\" \/>\n\t<meta property=\"og:image:type\" content=\"image\/jpeg\" \/>\n<meta name=\"author\" content=\"Redazione\" \/>\n<meta name=\"twitter:card\" content=\"summary_large_image\" \/>\n<meta name=\"twitter:label1\" content=\"Scritto da\" \/>\n\t<meta name=\"twitter:data1\" content=\"Redazione\" \/>\n\t<meta name=\"twitter:label2\" content=\"Tempo di lettura stimato\" \/>\n\t<meta name=\"twitter:data2\" content=\"4 minuti\" \/>\n<script type=\"application\/ld+json\" class=\"yoast-schema-graph\">{\"@context\":\"https:\/\/schema.org\",\"@graph\":[{\"@type\":\"Article\",\"@id\":\"https:\/\/www.nordestsanita.it\/?p=1375#article\",\"isPartOf\":{\"@id\":\"https:\/\/www.nordestsanita.it\/?p=1375\"},\"author\":{\"name\":\"Redazione\",\"@id\":\"https:\/\/www.nordestsanita.it\/#\/schema\/person\/e5a7dc6dca45cb55e67d4a127b0e969a\"},\"headline\":\"Neurosviluppo, oggi la prima giornata nazionale per la sua promozione\",\"datePublished\":\"2022-05-11T15:32:54+00:00\",\"dateModified\":\"2022-05-11T15:32:55+00:00\",\"mainEntityOfPage\":{\"@id\":\"https:\/\/www.nordestsanita.it\/?p=1375\"},\"wordCount\":927,\"publisher\":{\"@id\":\"https:\/\/www.nordestsanita.it\/#organization\"},\"keywords\":[\"adolescenti\",\"neurosviluppo\"],\"articleSection\":[\"Attualit\u00e0\"],\"inLanguage\":\"it-IT\"},{\"@type\":\"WebPage\",\"@id\":\"https:\/\/www.nordestsanita.it\/?p=1375\",\"url\":\"https:\/\/www.nordestsanita.it\/?p=1375\",\"name\":\"Neurosviluppo, oggi la prima giornata nazionale per la promozione - NES\",\"isPartOf\":{\"@id\":\"https:\/\/www.nordestsanita.it\/#website\"},\"datePublished\":\"2022-05-11T15:32:54+00:00\",\"dateModified\":\"2022-05-11T15:32:55+00:00\",\"description\":\"La Societ\u00e0 Italiana di Neuropsichiatria dell'Infanzia e dell'Adolescenza lancia la Giornata nazionale per la Promozione del Neurosviluppo\",\"breadcrumb\":{\"@id\":\"https:\/\/www.nordestsanita.it\/?p=1375#breadcrumb\"},\"inLanguage\":\"it-IT\",\"potentialAction\":[{\"@type\":\"ReadAction\",\"target\":[\"https:\/\/www.nordestsanita.it\/?p=1375\"]}]},{\"@type\":\"BreadcrumbList\",\"@id\":\"https:\/\/www.nordestsanita.it\/?p=1375#breadcrumb\",\"itemListElement\":[{\"@type\":\"ListItem\",\"position\":1,\"name\":\"Home\",\"item\":\"https:\/\/www.nordestsanita.it\/\"},{\"@type\":\"ListItem\",\"position\":2,\"name\":\"Neurosviluppo, oggi la prima giornata nazionale per la sua promozione\"}]},{\"@type\":\"WebSite\",\"@id\":\"https:\/\/www.nordestsanita.it\/#website\",\"url\":\"https:\/\/www.nordestsanita.it\/\",\"name\":\"NES\",\"description\":\"Nord Est Sanit\u00e0\",\"publisher\":{\"@id\":\"https:\/\/www.nordestsanita.it\/#organization\"},\"potentialAction\":[{\"@type\":\"SearchAction\",\"target\":{\"@type\":\"EntryPoint\",\"urlTemplate\":\"https:\/\/www.nordestsanita.it\/?s={search_term_string}\"},\"query-input\":\"required name=search_term_string\"}],\"inLanguage\":\"it-IT\"},{\"@type\":\"Organization\",\"@id\":\"https:\/\/www.nordestsanita.it\/#organization\",\"name\":\"NES\",\"url\":\"https:\/\/www.nordestsanita.it\/\",\"logo\":{\"@type\":\"ImageObject\",\"inLanguage\":\"it-IT\",\"@id\":\"https:\/\/www.nordestsanita.it\/#\/schema\/logo\/image\/\",\"url\":\"https:\/\/www.nordestsanita.it\/wp-content\/uploads\/2021\/05\/NES-1280.png\",\"contentUrl\":\"https:\/\/www.nordestsanita.it\/wp-content\/uploads\/2021\/05\/NES-1280.png\",\"width\":1280,\"height\":458,\"caption\":\"NES\"},\"image\":{\"@id\":\"https:\/\/www.nordestsanita.it\/#\/schema\/logo\/image\/\"}},{\"@type\":\"Person\",\"@id\":\"https:\/\/www.nordestsanita.it\/#\/schema\/person\/e5a7dc6dca45cb55e67d4a127b0e969a\",\"name\":\"Redazione\",\"image\":{\"@type\":\"ImageObject\",\"inLanguage\":\"it-IT\",\"@id\":\"https:\/\/www.nordestsanita.it\/#\/schema\/person\/image\/\",\"url\":\"https:\/\/secure.gravatar.com\/avatar\/3f19a9b3d671ea36ec67c4badf3f961a?s=96&d=mm&r=g\",\"contentUrl\":\"https:\/\/secure.gravatar.com\/avatar\/3f19a9b3d671ea36ec67c4badf3f961a?s=96&d=mm&r=g\",\"caption\":\"Redazione\"},\"url\":\"https:\/\/www.nordestsanita.it\/?author=8\"}]}<\/script>\n<!-- \/ Yoast SEO plugin. -->","yoast_head_json":{"title":"Neurosviluppo, oggi la prima giornata nazionale per la promozione - NES","description":"La Societ\u00e0 Italiana di Neuropsichiatria dell'Infanzia e dell'Adolescenza lancia la Giornata nazionale per la Promozione del Neurosviluppo","robots":{"index":"index","follow":"follow","max-snippet":"max-snippet:-1","max-image-preview":"max-image-preview:large","max-video-preview":"max-video-preview:-1"},"canonical":"https:\/\/www.nordestsanita.it\/?p=1375","og_locale":"it_IT","og_type":"article","og_title":"Neurosviluppo, oggi la prima giornata nazionale per la promozione - NES","og_description":"La Societ\u00e0 Italiana di Neuropsichiatria dell'Infanzia e dell'Adolescenza lancia la Giornata nazionale per la Promozione del Neurosviluppo","og_url":"https:\/\/www.nordestsanita.it\/?p=1375","og_site_name":"NES","article_published_time":"2022-05-11T15:32:54+00:00","article_modified_time":"2022-05-11T15:32:55+00:00","og_image":[{"width":800,"height":535,"url":"https:\/\/www.nordestsanita.it\/wp-content\/uploads\/2022\/05\/adolescenti1.jpg","type":"image\/jpeg"}],"author":"Redazione","twitter_card":"summary_large_image","twitter_misc":{"Scritto da":"Redazione","Tempo di lettura stimato":"4 minuti"},"schema":{"@context":"https:\/\/schema.org","@graph":[{"@type":"Article","@id":"https:\/\/www.nordestsanita.it\/?p=1375#article","isPartOf":{"@id":"https:\/\/www.nordestsanita.it\/?p=1375"},"author":{"name":"Redazione","@id":"https:\/\/www.nordestsanita.it\/#\/schema\/person\/e5a7dc6dca45cb55e67d4a127b0e969a"},"headline":"Neurosviluppo, oggi la prima giornata nazionale per la sua promozione","datePublished":"2022-05-11T15:32:54+00:00","dateModified":"2022-05-11T15:32:55+00:00","mainEntityOfPage":{"@id":"https:\/\/www.nordestsanita.it\/?p=1375"},"wordCount":927,"publisher":{"@id":"https:\/\/www.nordestsanita.it\/#organization"},"keywords":["adolescenti","neurosviluppo"],"articleSection":["Attualit\u00e0"],"inLanguage":"it-IT"},{"@type":"WebPage","@id":"https:\/\/www.nordestsanita.it\/?p=1375","url":"https:\/\/www.nordestsanita.it\/?p=1375","name":"Neurosviluppo, oggi la prima giornata nazionale per la promozione - NES","isPartOf":{"@id":"https:\/\/www.nordestsanita.it\/#website"},"datePublished":"2022-05-11T15:32:54+00:00","dateModified":"2022-05-11T15:32:55+00:00","description":"La Societ\u00e0 Italiana di Neuropsichiatria dell'Infanzia e dell'Adolescenza lancia la Giornata nazionale per la Promozione del Neurosviluppo","breadcrumb":{"@id":"https:\/\/www.nordestsanita.it\/?p=1375#breadcrumb"},"inLanguage":"it-IT","potentialAction":[{"@type":"ReadAction","target":["https:\/\/www.nordestsanita.it\/?p=1375"]}]},{"@type":"BreadcrumbList","@id":"https:\/\/www.nordestsanita.it\/?p=1375#breadcrumb","itemListElement":[{"@type":"ListItem","position":1,"name":"Home","item":"https:\/\/www.nordestsanita.it\/"},{"@type":"ListItem","position":2,"name":"Neurosviluppo, oggi la prima giornata nazionale per la sua promozione"}]},{"@type":"WebSite","@id":"https:\/\/www.nordestsanita.it\/#website","url":"https:\/\/www.nordestsanita.it\/","name":"NES","description":"Nord Est Sanit\u00e0","publisher":{"@id":"https:\/\/www.nordestsanita.it\/#organization"},"potentialAction":[{"@type":"SearchAction","target":{"@type":"EntryPoint","urlTemplate":"https:\/\/www.nordestsanita.it\/?s={search_term_string}"},"query-input":"required name=search_term_string"}],"inLanguage":"it-IT"},{"@type":"Organization","@id":"https:\/\/www.nordestsanita.it\/#organization","name":"NES","url":"https:\/\/www.nordestsanita.it\/","logo":{"@type":"ImageObject","inLanguage":"it-IT","@id":"https:\/\/www.nordestsanita.it\/#\/schema\/logo\/image\/","url":"https:\/\/www.nordestsanita.it\/wp-content\/uploads\/2021\/05\/NES-1280.png","contentUrl":"https:\/\/www.nordestsanita.it\/wp-content\/uploads\/2021\/05\/NES-1280.png","width":1280,"height":458,"caption":"NES"},"image":{"@id":"https:\/\/www.nordestsanita.it\/#\/schema\/logo\/image\/"}},{"@type":"Person","@id":"https:\/\/www.nordestsanita.it\/#\/schema\/person\/e5a7dc6dca45cb55e67d4a127b0e969a","name":"Redazione","image":{"@type":"ImageObject","inLanguage":"it-IT","@id":"https:\/\/www.nordestsanita.it\/#\/schema\/person\/image\/","url":"https:\/\/secure.gravatar.com\/avatar\/3f19a9b3d671ea36ec67c4badf3f961a?s=96&d=mm&r=g","contentUrl":"https:\/\/secure.gravatar.com\/avatar\/3f19a9b3d671ea36ec67c4badf3f961a?s=96&d=mm&r=g","caption":"Redazione"},"url":"https:\/\/www.nordestsanita.it\/?author=8"}]}},"jetpack_featured_media_url":"https:\/\/www.nordestsanita.it\/wp-content\/uploads\/2022\/05\/adolescenti1.jpg","_links":{"self":[{"href":"https:\/\/www.nordestsanita.it\/index.php?rest_route=\/wp\/v2\/posts\/1375"}],"collection":[{"href":"https:\/\/www.nordestsanita.it\/index.php?rest_route=\/wp\/v2\/posts"}],"about":[{"href":"https:\/\/www.nordestsanita.it\/index.php?rest_route=\/wp\/v2\/types\/post"}],"author":[{"embeddable":true,"href":"https:\/\/www.nordestsanita.it\/index.php?rest_route=\/wp\/v2\/users\/8"}],"replies":[{"embeddable":true,"href":"https:\/\/www.nordestsanita.it\/index.php?rest_route=%2Fwp%2Fv2%2Fcomments&post=1375"}],"version-history":[{"count":1,"href":"https:\/\/www.nordestsanita.it\/index.php?rest_route=\/wp\/v2\/posts\/1375\/revisions"}],"predecessor-version":[{"id":1377,"href":"https:\/\/www.nordestsanita.it\/index.php?rest_route=\/wp\/v2\/posts\/1375\/revisions\/1377"}],"wp:featuredmedia":[{"embeddable":true,"href":"https:\/\/www.nordestsanita.it\/index.php?rest_route=\/wp\/v2\/media\/1376"}],"wp:attachment":[{"href":"https:\/\/www.nordestsanita.it\/index.php?rest_route=%2Fwp%2Fv2%2Fmedia&parent=1375"}],"wp:term":[{"taxonomy":"category","embeddable":true,"href":"https:\/\/www.nordestsanita.it\/index.php?rest_route=%2Fwp%2Fv2%2Fcategories&post=1375"},{"taxonomy":"post_tag","embeddable":true,"href":"https:\/\/www.nordestsanita.it\/index.php?rest_route=%2Fwp%2Fv2%2Ftags&post=1375"}],"curies":[{"name":"wp","href":"https:\/\/api.w.org\/{rel}","templated":true}]}}