{"id":1389,"date":"2022-06-09T17:55:38","date_gmt":"2022-06-09T15:55:38","guid":{"rendered":"https:\/\/www.nordestsanita.it\/?p=1389"},"modified":"2022-06-09T17:55:39","modified_gmt":"2022-06-09T15:55:39","slug":"parkinson-attivita-fisica-e-caffe-se-moderati-sono-fattori-protettivi","status":"publish","type":"post","link":"https:\/\/www.nordestsanita.it\/?p=1389","title":{"rendered":"Parkinson, attivit\u00e0 fisica e caff\u00e8 se moderati sono fattori protettivi"},"content":{"rendered":"\n<p>Sono da tempo oggetto di studio da parte dei neurologi della Societ\u00e0 Italiana di Neurologia (SIN) i fattori di rischio e\/o di protezione della malattia di Parkinson.<\/p>\n\n\n\n<!--more-->\n\n\n\n<p>In particolare il consumo di caff\u00e8 sembrerebbe avere carattere protettivo, dice il Presidente della Societ\u00e0 Italiana di Neurologia Professor Alfredo Berardelli della Sapienza di Roma, una delle Universit\u00e0 che hanno partecipato a un recente studio coordinato da uno dei pionieri italiani in questo tipo di ricerche: Giovanni Defazio dell\u2019Universit\u00e0 di Cagliari.<\/p>\n\n\n\n<p>Lo studio, a cui hanno partecipato anche le Universit\u00e0 di Bari, Catania e Verona, oltre all\u2019Albert Einstein College of Medicine di New York, al dipartimento di neurologia dell\u2019ASST Pavia-Voghera e all\u2019IRCCS Neuromed di Pozzilli, \u00e8 stato appena pubblicato su Parkinson\u2019s &amp; Related Disorders indicando come un pregresso consumo moderato di caff\u00e8 ritardi l\u2019et\u00e0 d\u2019esordio della malattia, inducendo comunque una sintomatologia meno grave.<\/p>\n\n\n\n<p>Simile effetto benefico ha anche una moderata attivit\u00e0 fisica quotidiana precedente all\u2019esordio della malattia con un miglioramento soprattutto sulla sintomatologia non motoria come dolore, incontinenza, ipotensione ortostatica, stipsi, disturbi del sonno, affaticamento, ansia, depressione, ecc.<\/p>\n\n\n\n<p>Anche un altro studio italiano pubblicato 2 anni fa su Neurobiology of disease aveva individuato fra 11 fattori di rischio e\/o protettivi potenzialmente in grado di influenzare lo sviluppo della malattia di Parkinson la caffeina e l&#8217;attivit\u00e0 fisica come capaci di migliorarne la progressione se presenti prima dell\u2019esordio dei sintomi.<\/p>\n\n\n\n<p>Il primo studio di Defazio fu presentato al convegno nazionale 2017 dell\u2019Accademia Limpe-Dismov per il parkinson e i disordini del movimento: una review su 797 studi da cui risultavano a carattere protettivo: attivit\u00e0 fisica, fumo, caff\u00e8.<\/p>\n\n\n\n<p>Un importante risultato di questa serie di studi, dice il Prof. Defazio, \u00e8 che la distribuzione dei vari possibili fattori di rischio individuati (ad es. familiarit\u00e0 per malattia di Parkinson, dispepsia, ecc.) non \u00e8 uniforme, ma questi possono variamente presentarsi, individuando cos\u00ec vari sottotipi eziologici.<br>Ci\u00f2 supporta la possibilit\u00e0 (spesso ventilata negli ultimi anni) che non esista una sola, ma diverse malattie di Parkinson con diverse eziologie e probabilmente diverse evoluzioni, ognuna delle quali risponde a diversi fattori di rischio e\/o di protezione.<\/p>\n\n\n\n<p>Un autore che ha molto studiato gli effetti della caffeina su questa malattia \u00e8 Ronald Postuma dell\u2019Universit\u00e0 di Montreal secondo il quale il caff\u00e8 non \u00e8 solo un fattore protettivo sullo sviluppo della malattia, ma agisce anche come farmaco potenzialmente in grado di ritardarne l\u2019evoluzione una volta che i sintomi si sono manifestati.<\/p>\n\n\n\n<p>Siamo ancora nell\u2019ambito delle forti probabilit\u00e0 \u2013 commenta Defazio &#8211; Dalle nostre ricerche emerge una plausibilit\u00e0 biologica evidente dal punto di vista epidemiologico secondo cui alcuni fattori, come ad esempio i pesticidi, sono a rischio, mentre altri, come l\u2019attivit\u00e0 fisica o il caff\u00e8, sono protettivi, ma sembrano esserlo anche il th\u00e8, la vitamina E o i FANS.<br>Va ancora capito come indirizzare l\u2019azione di ognuno di questi fattori per una migliore riduzione del rischio: gi\u00e0 altri Autori hanno visto, ad esempio, come non tutti i dosaggi di caffeina siano efficaci allo stesso modo.<br>Occorre soprattutto attenzione a non ricavare da questi studi l\u2019impressione che il caff\u00e8 sia una sorta di panacea neuro-protettiva, perch\u00e9 c\u2019\u00e8 ancora molto da studiare.<\/p>\n\n\n\n<p>Si pu\u00f2 dire che il caff\u00e8 non solo pu\u00f2 prevenire la malattia (come indicano nostri studi precedenti), ma anche ritardarne l\u2019et\u00e0 di esordio e, probabilmente, indure anche una pi\u00f9 lenta evoluzione della sintomatologia motoria.<\/p>\n","protected":false},"excerpt":{"rendered":"<p>Parkinson, l\u2019attivit\u00e0 fisica e il consumo di caff\u00e8 se moderato e costanti sembrerebbero essere fattori protettivi<\/p>\n","protected":false},"author":8,"featured_media":1390,"comment_status":"closed","ping_status":"open","sticky":false,"template":"","format":"standard","meta":[],"categories":[24],"tags":[244,245],"yoast_head":"<!-- This site is optimized with the Yoast SEO plugin v20.2 - https:\/\/yoast.com\/wordpress\/plugins\/seo\/ -->\n<title>Parkinson, attivit\u00e0 fisica e caff\u00e8 se moderati sono fattori protettivi - NES<\/title>\n<meta name=\"description\" content=\"Parkinson, l\u2019attivit\u00e0 fisica e il consumo di caff\u00e8 se moderato e costanti sembrerebbero essere fattori protettivi\" \/>\n<meta name=\"robots\" content=\"index, follow, max-snippet:-1, max-image-preview:large, max-video-preview:-1\" \/>\n<link rel=\"canonical\" href=\"https:\/\/www.nordestsanita.it\/?p=1389\" \/>\n<meta property=\"og:locale\" content=\"it_IT\" \/>\n<meta property=\"og:type\" content=\"article\" \/>\n<meta property=\"og:title\" content=\"Parkinson, attivit\u00e0 fisica e caff\u00e8 se moderati sono fattori protettivi - NES\" \/>\n<meta property=\"og:description\" content=\"Parkinson, l\u2019attivit\u00e0 fisica e il consumo di caff\u00e8 se moderato e costanti sembrerebbero essere fattori protettivi\" \/>\n<meta property=\"og:url\" content=\"https:\/\/www.nordestsanita.it\/?p=1389\" \/>\n<meta property=\"og:site_name\" content=\"NES\" \/>\n<meta property=\"article:published_time\" content=\"2022-06-09T15:55:38+00:00\" \/>\n<meta property=\"article:modified_time\" content=\"2022-06-09T15:55:39+00:00\" \/>\n<meta property=\"og:image\" content=\"https:\/\/www.nordestsanita.it\/wp-content\/uploads\/2022\/06\/coffee-1324126_640.jpg\" \/>\n\t<meta property=\"og:image:width\" content=\"640\" \/>\n\t<meta property=\"og:image:height\" content=\"426\" \/>\n\t<meta property=\"og:image:type\" content=\"image\/jpeg\" \/>\n<meta name=\"author\" content=\"Redazione\" \/>\n<meta name=\"twitter:card\" content=\"summary_large_image\" \/>\n<meta name=\"twitter:label1\" content=\"Scritto da\" \/>\n\t<meta name=\"twitter:data1\" content=\"Redazione\" \/>\n\t<meta name=\"twitter:label2\" content=\"Tempo di lettura stimato\" \/>\n\t<meta name=\"twitter:data2\" content=\"3 minuti\" \/>\n<script type=\"application\/ld+json\" class=\"yoast-schema-graph\">{\"@context\":\"https:\/\/schema.org\",\"@graph\":[{\"@type\":\"Article\",\"@id\":\"https:\/\/www.nordestsanita.it\/?p=1389#article\",\"isPartOf\":{\"@id\":\"https:\/\/www.nordestsanita.it\/?p=1389\"},\"author\":{\"name\":\"Redazione\",\"@id\":\"https:\/\/www.nordestsanita.it\/#\/schema\/person\/e5a7dc6dca45cb55e67d4a127b0e969a\"},\"headline\":\"Parkinson, attivit\u00e0 fisica e caff\u00e8 se moderati sono fattori protettivi\",\"datePublished\":\"2022-06-09T15:55:38+00:00\",\"dateModified\":\"2022-06-09T15:55:39+00:00\",\"mainEntityOfPage\":{\"@id\":\"https:\/\/www.nordestsanita.it\/?p=1389\"},\"wordCount\":569,\"publisher\":{\"@id\":\"https:\/\/www.nordestsanita.it\/#organization\"},\"keywords\":[\"caff\u00e8\",\"parkinson\"],\"articleSection\":[\"Attualit\u00e0\"],\"inLanguage\":\"it-IT\"},{\"@type\":\"WebPage\",\"@id\":\"https:\/\/www.nordestsanita.it\/?p=1389\",\"url\":\"https:\/\/www.nordestsanita.it\/?p=1389\",\"name\":\"Parkinson, attivit\u00e0 fisica e caff\u00e8 se moderati sono fattori protettivi - NES\",\"isPartOf\":{\"@id\":\"https:\/\/www.nordestsanita.it\/#website\"},\"datePublished\":\"2022-06-09T15:55:38+00:00\",\"dateModified\":\"2022-06-09T15:55:39+00:00\",\"description\":\"Parkinson, l\u2019attivit\u00e0 fisica e il consumo di caff\u00e8 se moderato e costanti sembrerebbero essere fattori protettivi\",\"breadcrumb\":{\"@id\":\"https:\/\/www.nordestsanita.it\/?p=1389#breadcrumb\"},\"inLanguage\":\"it-IT\",\"potentialAction\":[{\"@type\":\"ReadAction\",\"target\":[\"https:\/\/www.nordestsanita.it\/?p=1389\"]}]},{\"@type\":\"BreadcrumbList\",\"@id\":\"https:\/\/www.nordestsanita.it\/?p=1389#breadcrumb\",\"itemListElement\":[{\"@type\":\"ListItem\",\"position\":1,\"name\":\"Home\",\"item\":\"https:\/\/www.nordestsanita.it\/\"},{\"@type\":\"ListItem\",\"position\":2,\"name\":\"Parkinson, attivit\u00e0 fisica e caff\u00e8 se moderati sono fattori protettivi\"}]},{\"@type\":\"WebSite\",\"@id\":\"https:\/\/www.nordestsanita.it\/#website\",\"url\":\"https:\/\/www.nordestsanita.it\/\",\"name\":\"NES\",\"description\":\"Nord Est Sanit\u00e0\",\"publisher\":{\"@id\":\"https:\/\/www.nordestsanita.it\/#organization\"},\"potentialAction\":[{\"@type\":\"SearchAction\",\"target\":{\"@type\":\"EntryPoint\",\"urlTemplate\":\"https:\/\/www.nordestsanita.it\/?s={search_term_string}\"},\"query-input\":\"required name=search_term_string\"}],\"inLanguage\":\"it-IT\"},{\"@type\":\"Organization\",\"@id\":\"https:\/\/www.nordestsanita.it\/#organization\",\"name\":\"NES\",\"url\":\"https:\/\/www.nordestsanita.it\/\",\"logo\":{\"@type\":\"ImageObject\",\"inLanguage\":\"it-IT\",\"@id\":\"https:\/\/www.nordestsanita.it\/#\/schema\/logo\/image\/\",\"url\":\"https:\/\/www.nordestsanita.it\/wp-content\/uploads\/2021\/05\/NES-1280.png\",\"contentUrl\":\"https:\/\/www.nordestsanita.it\/wp-content\/uploads\/2021\/05\/NES-1280.png\",\"width\":1280,\"height\":458,\"caption\":\"NES\"},\"image\":{\"@id\":\"https:\/\/www.nordestsanita.it\/#\/schema\/logo\/image\/\"}},{\"@type\":\"Person\",\"@id\":\"https:\/\/www.nordestsanita.it\/#\/schema\/person\/e5a7dc6dca45cb55e67d4a127b0e969a\",\"name\":\"Redazione\",\"image\":{\"@type\":\"ImageObject\",\"inLanguage\":\"it-IT\",\"@id\":\"https:\/\/www.nordestsanita.it\/#\/schema\/person\/image\/\",\"url\":\"https:\/\/secure.gravatar.com\/avatar\/3f19a9b3d671ea36ec67c4badf3f961a?s=96&d=mm&r=g\",\"contentUrl\":\"https:\/\/secure.gravatar.com\/avatar\/3f19a9b3d671ea36ec67c4badf3f961a?s=96&d=mm&r=g\",\"caption\":\"Redazione\"},\"url\":\"https:\/\/www.nordestsanita.it\/?author=8\"}]}<\/script>\n<!-- \/ Yoast SEO plugin. -->","yoast_head_json":{"title":"Parkinson, attivit\u00e0 fisica e caff\u00e8 se moderati sono fattori protettivi - NES","description":"Parkinson, l\u2019attivit\u00e0 fisica e il consumo di caff\u00e8 se moderato e costanti sembrerebbero essere fattori protettivi","robots":{"index":"index","follow":"follow","max-snippet":"max-snippet:-1","max-image-preview":"max-image-preview:large","max-video-preview":"max-video-preview:-1"},"canonical":"https:\/\/www.nordestsanita.it\/?p=1389","og_locale":"it_IT","og_type":"article","og_title":"Parkinson, attivit\u00e0 fisica e caff\u00e8 se moderati sono fattori protettivi - NES","og_description":"Parkinson, l\u2019attivit\u00e0 fisica e il consumo di caff\u00e8 se moderato e costanti sembrerebbero essere fattori protettivi","og_url":"https:\/\/www.nordestsanita.it\/?p=1389","og_site_name":"NES","article_published_time":"2022-06-09T15:55:38+00:00","article_modified_time":"2022-06-09T15:55:39+00:00","og_image":[{"width":640,"height":426,"url":"https:\/\/www.nordestsanita.it\/wp-content\/uploads\/2022\/06\/coffee-1324126_640.jpg","type":"image\/jpeg"}],"author":"Redazione","twitter_card":"summary_large_image","twitter_misc":{"Scritto da":"Redazione","Tempo di lettura stimato":"3 minuti"},"schema":{"@context":"https:\/\/schema.org","@graph":[{"@type":"Article","@id":"https:\/\/www.nordestsanita.it\/?p=1389#article","isPartOf":{"@id":"https:\/\/www.nordestsanita.it\/?p=1389"},"author":{"name":"Redazione","@id":"https:\/\/www.nordestsanita.it\/#\/schema\/person\/e5a7dc6dca45cb55e67d4a127b0e969a"},"headline":"Parkinson, attivit\u00e0 fisica e caff\u00e8 se moderati sono fattori protettivi","datePublished":"2022-06-09T15:55:38+00:00","dateModified":"2022-06-09T15:55:39+00:00","mainEntityOfPage":{"@id":"https:\/\/www.nordestsanita.it\/?p=1389"},"wordCount":569,"publisher":{"@id":"https:\/\/www.nordestsanita.it\/#organization"},"keywords":["caff\u00e8","parkinson"],"articleSection":["Attualit\u00e0"],"inLanguage":"it-IT"},{"@type":"WebPage","@id":"https:\/\/www.nordestsanita.it\/?p=1389","url":"https:\/\/www.nordestsanita.it\/?p=1389","name":"Parkinson, attivit\u00e0 fisica e caff\u00e8 se moderati sono fattori protettivi - NES","isPartOf":{"@id":"https:\/\/www.nordestsanita.it\/#website"},"datePublished":"2022-06-09T15:55:38+00:00","dateModified":"2022-06-09T15:55:39+00:00","description":"Parkinson, l\u2019attivit\u00e0 fisica e il consumo di caff\u00e8 se moderato e costanti sembrerebbero essere fattori protettivi","breadcrumb":{"@id":"https:\/\/www.nordestsanita.it\/?p=1389#breadcrumb"},"inLanguage":"it-IT","potentialAction":[{"@type":"ReadAction","target":["https:\/\/www.nordestsanita.it\/?p=1389"]}]},{"@type":"BreadcrumbList","@id":"https:\/\/www.nordestsanita.it\/?p=1389#breadcrumb","itemListElement":[{"@type":"ListItem","position":1,"name":"Home","item":"https:\/\/www.nordestsanita.it\/"},{"@type":"ListItem","position":2,"name":"Parkinson, attivit\u00e0 fisica e caff\u00e8 se moderati sono fattori protettivi"}]},{"@type":"WebSite","@id":"https:\/\/www.nordestsanita.it\/#website","url":"https:\/\/www.nordestsanita.it\/","name":"NES","description":"Nord Est Sanit\u00e0","publisher":{"@id":"https:\/\/www.nordestsanita.it\/#organization"},"potentialAction":[{"@type":"SearchAction","target":{"@type":"EntryPoint","urlTemplate":"https:\/\/www.nordestsanita.it\/?s={search_term_string}"},"query-input":"required name=search_term_string"}],"inLanguage":"it-IT"},{"@type":"Organization","@id":"https:\/\/www.nordestsanita.it\/#organization","name":"NES","url":"https:\/\/www.nordestsanita.it\/","logo":{"@type":"ImageObject","inLanguage":"it-IT","@id":"https:\/\/www.nordestsanita.it\/#\/schema\/logo\/image\/","url":"https:\/\/www.nordestsanita.it\/wp-content\/uploads\/2021\/05\/NES-1280.png","contentUrl":"https:\/\/www.nordestsanita.it\/wp-content\/uploads\/2021\/05\/NES-1280.png","width":1280,"height":458,"caption":"NES"},"image":{"@id":"https:\/\/www.nordestsanita.it\/#\/schema\/logo\/image\/"}},{"@type":"Person","@id":"https:\/\/www.nordestsanita.it\/#\/schema\/person\/e5a7dc6dca45cb55e67d4a127b0e969a","name":"Redazione","image":{"@type":"ImageObject","inLanguage":"it-IT","@id":"https:\/\/www.nordestsanita.it\/#\/schema\/person\/image\/","url":"https:\/\/secure.gravatar.com\/avatar\/3f19a9b3d671ea36ec67c4badf3f961a?s=96&d=mm&r=g","contentUrl":"https:\/\/secure.gravatar.com\/avatar\/3f19a9b3d671ea36ec67c4badf3f961a?s=96&d=mm&r=g","caption":"Redazione"},"url":"https:\/\/www.nordestsanita.it\/?author=8"}]}},"jetpack_featured_media_url":"https:\/\/www.nordestsanita.it\/wp-content\/uploads\/2022\/06\/coffee-1324126_640.jpg","_links":{"self":[{"href":"https:\/\/www.nordestsanita.it\/index.php?rest_route=\/wp\/v2\/posts\/1389"}],"collection":[{"href":"https:\/\/www.nordestsanita.it\/index.php?rest_route=\/wp\/v2\/posts"}],"about":[{"href":"https:\/\/www.nordestsanita.it\/index.php?rest_route=\/wp\/v2\/types\/post"}],"author":[{"embeddable":true,"href":"https:\/\/www.nordestsanita.it\/index.php?rest_route=\/wp\/v2\/users\/8"}],"replies":[{"embeddable":true,"href":"https:\/\/www.nordestsanita.it\/index.php?rest_route=%2Fwp%2Fv2%2Fcomments&post=1389"}],"version-history":[{"count":1,"href":"https:\/\/www.nordestsanita.it\/index.php?rest_route=\/wp\/v2\/posts\/1389\/revisions"}],"predecessor-version":[{"id":1391,"href":"https:\/\/www.nordestsanita.it\/index.php?rest_route=\/wp\/v2\/posts\/1389\/revisions\/1391"}],"wp:featuredmedia":[{"embeddable":true,"href":"https:\/\/www.nordestsanita.it\/index.php?rest_route=\/wp\/v2\/media\/1390"}],"wp:attachment":[{"href":"https:\/\/www.nordestsanita.it\/index.php?rest_route=%2Fwp%2Fv2%2Fmedia&parent=1389"}],"wp:term":[{"taxonomy":"category","embeddable":true,"href":"https:\/\/www.nordestsanita.it\/index.php?rest_route=%2Fwp%2Fv2%2Fcategories&post=1389"},{"taxonomy":"post_tag","embeddable":true,"href":"https:\/\/www.nordestsanita.it\/index.php?rest_route=%2Fwp%2Fv2%2Ftags&post=1389"}],"curies":[{"name":"wp","href":"https:\/\/api.w.org\/{rel}","templated":true}]}}