{"id":1392,"date":"2022-06-15T11:54:39","date_gmt":"2022-06-15T09:54:39","guid":{"rendered":"https:\/\/www.nordestsanita.it\/?p=1392"},"modified":"2022-06-15T11:54:39","modified_gmt":"2022-06-15T09:54:39","slug":"suem-118-nelle-dolomiti-venete-due-gli-elicotteri-in-servizio","status":"publish","type":"post","link":"https:\/\/www.nordestsanita.it\/?p=1392","title":{"rendered":"Suem 118, nelle Dolomiti venete due gli elicotteri in servizio"},"content":{"rendered":"\n<p>Quest\u2019estate gli elicotteri del Suem 118 per il servizio di emergenza-urgenza nell\u2019area montana delle Dolomiti bellunesi e dell\u2019Ulss 1 Dolomiti saranno due. <\/p>\n\n\n\n<!--more-->\n\n\n\n<p>Oltre a \u201cFalco\u201d, basato a Pieve di Cadore, per i mesi di luglio e agosto un secondo velivolo, basato a Cortina d\u2019Ampezzo, sar\u00e0 a disposizione per intervenire in un periodo di grande afflusso turistico sulla montagna veneta.<\/p>\n\n\n\n<p>La novit\u00e0 \u00e8 stata resa possibile dalle sinergie tra ULSS 1 Dolomiti, Dolomiti Emergency, Soccorso Alpino e CREU regionale, a luglio e agosto, in via sperimentale. Il velivolo sar\u00e0 dotato di equipaggio sanitario, messo a disposizione da Dolomiti Emergency. La II delegazione Dolomiti Bellunesi del Soccorso Alpino garantir\u00e0 la presenza di un tecnico di elisoccorso. Il servizio per ora in regime di sperimentazione sar\u00e0 attivo tutti i giorni per 12 ore.<\/p>\n\n\n\n<p>\u201cE\u2019 un\u2019iniziativa significativa \u2013 dice il Presidente della Regione Veneto \u2013 che aggiunge qualit\u00e0 ai servizi che vogliamo offrire ai turisti nostri ospiti e che ritengo, una volta valutati gli esiti della sperimentazione, possa essere confermata in pianta stabile per quei mesi dell\u2019anno in cui l\u2019affollamento della montagna, spesso affrontata con poca prudenza da molti frequentatori, fa crescere a dismisura il rischio di incidenti\u201d.<\/p>\n\n\n\n<p>\u201cE\u2019 una novit\u00e0 \u2013 aggiunge \u2013 da guardare anche in ottica delle Olimpiadi invernali del 2026, quando nulla, ma proprio nulla, potr\u00e0 essere lasciato al caso\u201d.<\/p>\n\n\n\n<p>L\u2019elicottero sar\u00e0 attivato sempre dalla Centrale Operativa del SUEM 118, sulla base delle necessit\u00e0 e potr\u00e0 essere un valido supporto agli interventi in particolare nell\u2019alta provincia.<\/p>\n\n\n\n<p>Un lavoro ben fatto \u2013 conclude il Governatore \u2013 per il quale ringrazio la direttrice dell\u2019Ulss Dolomiti Maria Grazia Carraro, Dolomiti Emergency anche per l\u2019apporto economico, il Centro Regionale Emergenza Urgenza e l\u2019insostituibile Soccorso Alpino\u201d.<\/p>\n","protected":false},"excerpt":{"rendered":"<p>Quest\u2019estate gli elicotteri del Suem 118 per il servizio di emergenza-urgenza nell\u2019area montana delle Dolomiti bellunesi saranno due.<\/p>\n","protected":false},"author":8,"featured_media":1393,"comment_status":"closed","ping_status":"open","sticky":false,"template":"","format":"standard","meta":[],"categories":[24],"tags":[248,246,247,70],"yoast_head":"<!-- This site is optimized with the Yoast SEO plugin v20.2 - https:\/\/yoast.com\/wordpress\/plugins\/seo\/ -->\n<title>Suem 118, nelle Dolomiti venete due gli elicotteri in servizio - NES<\/title>\n<meta name=\"description\" content=\"Quest\u2019estate gli elicotteri del Suem 118 per il servizio di emergenza-urgenza nell\u2019area montana delle Dolomiti bellunesi saranno due.\" \/>\n<meta name=\"robots\" content=\"index, follow, max-snippet:-1, max-image-preview:large, max-video-preview:-1\" \/>\n<link rel=\"canonical\" href=\"https:\/\/www.nordestsanita.it\/?p=1392\" \/>\n<meta property=\"og:locale\" content=\"it_IT\" \/>\n<meta property=\"og:type\" content=\"article\" \/>\n<meta property=\"og:title\" content=\"Suem 118, nelle Dolomiti venete due gli elicotteri in servizio - NES\" \/>\n<meta property=\"og:description\" content=\"Quest\u2019estate gli elicotteri del Suem 118 per il servizio di emergenza-urgenza nell\u2019area montana delle Dolomiti bellunesi saranno due.\" \/>\n<meta property=\"og:url\" content=\"https:\/\/www.nordestsanita.it\/?p=1392\" \/>\n<meta property=\"og:site_name\" content=\"NES\" \/>\n<meta property=\"article:published_time\" content=\"2022-06-15T09:54:39+00:00\" \/>\n<meta property=\"og:image\" content=\"https:\/\/www.nordestsanita.it\/wp-content\/uploads\/2022\/06\/elisoccorso.jpg\" \/>\n\t<meta property=\"og:image:width\" content=\"640\" \/>\n\t<meta property=\"og:image:height\" content=\"427\" \/>\n\t<meta property=\"og:image:type\" content=\"image\/jpeg\" \/>\n<meta name=\"author\" content=\"Redazione\" \/>\n<meta name=\"twitter:card\" content=\"summary_large_image\" \/>\n<meta name=\"twitter:label1\" content=\"Scritto da\" \/>\n\t<meta name=\"twitter:data1\" content=\"Redazione\" \/>\n\t<meta name=\"twitter:label2\" content=\"Tempo di lettura stimato\" \/>\n\t<meta name=\"twitter:data2\" content=\"2 minuti\" \/>\n<script type=\"application\/ld+json\" class=\"yoast-schema-graph\">{\"@context\":\"https:\/\/schema.org\",\"@graph\":[{\"@type\":\"Article\",\"@id\":\"https:\/\/www.nordestsanita.it\/?p=1392#article\",\"isPartOf\":{\"@id\":\"https:\/\/www.nordestsanita.it\/?p=1392\"},\"author\":{\"name\":\"Redazione\",\"@id\":\"https:\/\/www.nordestsanita.it\/#\/schema\/person\/e5a7dc6dca45cb55e67d4a127b0e969a\"},\"headline\":\"Suem 118, nelle Dolomiti venete due gli elicotteri in servizio\",\"datePublished\":\"2022-06-15T09:54:39+00:00\",\"dateModified\":\"2022-06-15T09:54:39+00:00\",\"mainEntityOfPage\":{\"@id\":\"https:\/\/www.nordestsanita.it\/?p=1392\"},\"wordCount\":289,\"publisher\":{\"@id\":\"https:\/\/www.nordestsanita.it\/#organization\"},\"keywords\":[\"dolomiti\",\"elisoccorso\",\"suem 118\",\"Veneto\"],\"articleSection\":[\"Attualit\u00e0\"],\"inLanguage\":\"it-IT\"},{\"@type\":\"WebPage\",\"@id\":\"https:\/\/www.nordestsanita.it\/?p=1392\",\"url\":\"https:\/\/www.nordestsanita.it\/?p=1392\",\"name\":\"Suem 118, nelle Dolomiti venete due gli elicotteri in servizio - NES\",\"isPartOf\":{\"@id\":\"https:\/\/www.nordestsanita.it\/#website\"},\"datePublished\":\"2022-06-15T09:54:39+00:00\",\"dateModified\":\"2022-06-15T09:54:39+00:00\",\"description\":\"Quest\u2019estate gli elicotteri del Suem 118 per il servizio di emergenza-urgenza nell\u2019area montana delle Dolomiti bellunesi saranno due.\",\"breadcrumb\":{\"@id\":\"https:\/\/www.nordestsanita.it\/?p=1392#breadcrumb\"},\"inLanguage\":\"it-IT\",\"potentialAction\":[{\"@type\":\"ReadAction\",\"target\":[\"https:\/\/www.nordestsanita.it\/?p=1392\"]}]},{\"@type\":\"BreadcrumbList\",\"@id\":\"https:\/\/www.nordestsanita.it\/?p=1392#breadcrumb\",\"itemListElement\":[{\"@type\":\"ListItem\",\"position\":1,\"name\":\"Home\",\"item\":\"https:\/\/www.nordestsanita.it\/\"},{\"@type\":\"ListItem\",\"position\":2,\"name\":\"Suem 118, nelle Dolomiti venete due gli elicotteri in servizio\"}]},{\"@type\":\"WebSite\",\"@id\":\"https:\/\/www.nordestsanita.it\/#website\",\"url\":\"https:\/\/www.nordestsanita.it\/\",\"name\":\"NES\",\"description\":\"Nord Est Sanit\u00e0\",\"publisher\":{\"@id\":\"https:\/\/www.nordestsanita.it\/#organization\"},\"potentialAction\":[{\"@type\":\"SearchAction\",\"target\":{\"@type\":\"EntryPoint\",\"urlTemplate\":\"https:\/\/www.nordestsanita.it\/?s={search_term_string}\"},\"query-input\":\"required name=search_term_string\"}],\"inLanguage\":\"it-IT\"},{\"@type\":\"Organization\",\"@id\":\"https:\/\/www.nordestsanita.it\/#organization\",\"name\":\"NES\",\"url\":\"https:\/\/www.nordestsanita.it\/\",\"logo\":{\"@type\":\"ImageObject\",\"inLanguage\":\"it-IT\",\"@id\":\"https:\/\/www.nordestsanita.it\/#\/schema\/logo\/image\/\",\"url\":\"https:\/\/www.nordestsanita.it\/wp-content\/uploads\/2021\/05\/NES-1280.png\",\"contentUrl\":\"https:\/\/www.nordestsanita.it\/wp-content\/uploads\/2021\/05\/NES-1280.png\",\"width\":1280,\"height\":458,\"caption\":\"NES\"},\"image\":{\"@id\":\"https:\/\/www.nordestsanita.it\/#\/schema\/logo\/image\/\"}},{\"@type\":\"Person\",\"@id\":\"https:\/\/www.nordestsanita.it\/#\/schema\/person\/e5a7dc6dca45cb55e67d4a127b0e969a\",\"name\":\"Redazione\",\"image\":{\"@type\":\"ImageObject\",\"inLanguage\":\"it-IT\",\"@id\":\"https:\/\/www.nordestsanita.it\/#\/schema\/person\/image\/\",\"url\":\"https:\/\/secure.gravatar.com\/avatar\/3f19a9b3d671ea36ec67c4badf3f961a?s=96&d=mm&r=g\",\"contentUrl\":\"https:\/\/secure.gravatar.com\/avatar\/3f19a9b3d671ea36ec67c4badf3f961a?s=96&d=mm&r=g\",\"caption\":\"Redazione\"},\"url\":\"https:\/\/www.nordestsanita.it\/?author=8\"}]}<\/script>\n<!-- \/ Yoast SEO plugin. -->","yoast_head_json":{"title":"Suem 118, nelle Dolomiti venete due gli elicotteri in servizio - NES","description":"Quest\u2019estate gli elicotteri del Suem 118 per il servizio di emergenza-urgenza nell\u2019area montana delle Dolomiti bellunesi saranno due.","robots":{"index":"index","follow":"follow","max-snippet":"max-snippet:-1","max-image-preview":"max-image-preview:large","max-video-preview":"max-video-preview:-1"},"canonical":"https:\/\/www.nordestsanita.it\/?p=1392","og_locale":"it_IT","og_type":"article","og_title":"Suem 118, nelle Dolomiti venete due gli elicotteri in servizio - NES","og_description":"Quest\u2019estate gli elicotteri del Suem 118 per il servizio di emergenza-urgenza nell\u2019area montana delle Dolomiti bellunesi saranno due.","og_url":"https:\/\/www.nordestsanita.it\/?p=1392","og_site_name":"NES","article_published_time":"2022-06-15T09:54:39+00:00","og_image":[{"width":640,"height":427,"url":"https:\/\/www.nordestsanita.it\/wp-content\/uploads\/2022\/06\/elisoccorso.jpg","type":"image\/jpeg"}],"author":"Redazione","twitter_card":"summary_large_image","twitter_misc":{"Scritto da":"Redazione","Tempo di lettura stimato":"2 minuti"},"schema":{"@context":"https:\/\/schema.org","@graph":[{"@type":"Article","@id":"https:\/\/www.nordestsanita.it\/?p=1392#article","isPartOf":{"@id":"https:\/\/www.nordestsanita.it\/?p=1392"},"author":{"name":"Redazione","@id":"https:\/\/www.nordestsanita.it\/#\/schema\/person\/e5a7dc6dca45cb55e67d4a127b0e969a"},"headline":"Suem 118, nelle Dolomiti venete due gli elicotteri in servizio","datePublished":"2022-06-15T09:54:39+00:00","dateModified":"2022-06-15T09:54:39+00:00","mainEntityOfPage":{"@id":"https:\/\/www.nordestsanita.it\/?p=1392"},"wordCount":289,"publisher":{"@id":"https:\/\/www.nordestsanita.it\/#organization"},"keywords":["dolomiti","elisoccorso","suem 118","Veneto"],"articleSection":["Attualit\u00e0"],"inLanguage":"it-IT"},{"@type":"WebPage","@id":"https:\/\/www.nordestsanita.it\/?p=1392","url":"https:\/\/www.nordestsanita.it\/?p=1392","name":"Suem 118, nelle Dolomiti venete due gli elicotteri in servizio - NES","isPartOf":{"@id":"https:\/\/www.nordestsanita.it\/#website"},"datePublished":"2022-06-15T09:54:39+00:00","dateModified":"2022-06-15T09:54:39+00:00","description":"Quest\u2019estate gli elicotteri del Suem 118 per il servizio di emergenza-urgenza nell\u2019area montana delle Dolomiti bellunesi saranno due.","breadcrumb":{"@id":"https:\/\/www.nordestsanita.it\/?p=1392#breadcrumb"},"inLanguage":"it-IT","potentialAction":[{"@type":"ReadAction","target":["https:\/\/www.nordestsanita.it\/?p=1392"]}]},{"@type":"BreadcrumbList","@id":"https:\/\/www.nordestsanita.it\/?p=1392#breadcrumb","itemListElement":[{"@type":"ListItem","position":1,"name":"Home","item":"https:\/\/www.nordestsanita.it\/"},{"@type":"ListItem","position":2,"name":"Suem 118, nelle Dolomiti venete due gli elicotteri in servizio"}]},{"@type":"WebSite","@id":"https:\/\/www.nordestsanita.it\/#website","url":"https:\/\/www.nordestsanita.it\/","name":"NES","description":"Nord Est Sanit\u00e0","publisher":{"@id":"https:\/\/www.nordestsanita.it\/#organization"},"potentialAction":[{"@type":"SearchAction","target":{"@type":"EntryPoint","urlTemplate":"https:\/\/www.nordestsanita.it\/?s={search_term_string}"},"query-input":"required name=search_term_string"}],"inLanguage":"it-IT"},{"@type":"Organization","@id":"https:\/\/www.nordestsanita.it\/#organization","name":"NES","url":"https:\/\/www.nordestsanita.it\/","logo":{"@type":"ImageObject","inLanguage":"it-IT","@id":"https:\/\/www.nordestsanita.it\/#\/schema\/logo\/image\/","url":"https:\/\/www.nordestsanita.it\/wp-content\/uploads\/2021\/05\/NES-1280.png","contentUrl":"https:\/\/www.nordestsanita.it\/wp-content\/uploads\/2021\/05\/NES-1280.png","width":1280,"height":458,"caption":"NES"},"image":{"@id":"https:\/\/www.nordestsanita.it\/#\/schema\/logo\/image\/"}},{"@type":"Person","@id":"https:\/\/www.nordestsanita.it\/#\/schema\/person\/e5a7dc6dca45cb55e67d4a127b0e969a","name":"Redazione","image":{"@type":"ImageObject","inLanguage":"it-IT","@id":"https:\/\/www.nordestsanita.it\/#\/schema\/person\/image\/","url":"https:\/\/secure.gravatar.com\/avatar\/3f19a9b3d671ea36ec67c4badf3f961a?s=96&d=mm&r=g","contentUrl":"https:\/\/secure.gravatar.com\/avatar\/3f19a9b3d671ea36ec67c4badf3f961a?s=96&d=mm&r=g","caption":"Redazione"},"url":"https:\/\/www.nordestsanita.it\/?author=8"}]}},"jetpack_featured_media_url":"https:\/\/www.nordestsanita.it\/wp-content\/uploads\/2022\/06\/elisoccorso.jpg","_links":{"self":[{"href":"https:\/\/www.nordestsanita.it\/index.php?rest_route=\/wp\/v2\/posts\/1392"}],"collection":[{"href":"https:\/\/www.nordestsanita.it\/index.php?rest_route=\/wp\/v2\/posts"}],"about":[{"href":"https:\/\/www.nordestsanita.it\/index.php?rest_route=\/wp\/v2\/types\/post"}],"author":[{"embeddable":true,"href":"https:\/\/www.nordestsanita.it\/index.php?rest_route=\/wp\/v2\/users\/8"}],"replies":[{"embeddable":true,"href":"https:\/\/www.nordestsanita.it\/index.php?rest_route=%2Fwp%2Fv2%2Fcomments&post=1392"}],"version-history":[{"count":1,"href":"https:\/\/www.nordestsanita.it\/index.php?rest_route=\/wp\/v2\/posts\/1392\/revisions"}],"predecessor-version":[{"id":1394,"href":"https:\/\/www.nordestsanita.it\/index.php?rest_route=\/wp\/v2\/posts\/1392\/revisions\/1394"}],"wp:featuredmedia":[{"embeddable":true,"href":"https:\/\/www.nordestsanita.it\/index.php?rest_route=\/wp\/v2\/media\/1393"}],"wp:attachment":[{"href":"https:\/\/www.nordestsanita.it\/index.php?rest_route=%2Fwp%2Fv2%2Fmedia&parent=1392"}],"wp:term":[{"taxonomy":"category","embeddable":true,"href":"https:\/\/www.nordestsanita.it\/index.php?rest_route=%2Fwp%2Fv2%2Fcategories&post=1392"},{"taxonomy":"post_tag","embeddable":true,"href":"https:\/\/www.nordestsanita.it\/index.php?rest_route=%2Fwp%2Fv2%2Ftags&post=1392"}],"curies":[{"name":"wp","href":"https:\/\/api.w.org\/{rel}","templated":true}]}}