{"id":1444,"date":"2022-09-01T17:07:29","date_gmt":"2022-09-01T15:07:29","guid":{"rendered":"https:\/\/www.nordestsanita.it\/?p=1444"},"modified":"2022-09-01T17:07:50","modified_gmt":"2022-09-01T15:07:50","slug":"settembre-e-il-xi-mese-mondiale-dellalzheimer","status":"publish","type":"post","link":"https:\/\/www.nordestsanita.it\/?p=1444","title":{"rendered":"Settembre \u00e8 il XI mese mondiale dell\u2019Alzheimer"},"content":{"rendered":"\n<p>Con settembre prende il via il XI Mese Mondiale Alzheimer e la Federazione Alzheimer Italia si fa portavoce in Italia dell\u2019appello che il suo partner internazionale Alzheimer\u2019s Disease International (ADI) lancia a governi e organismi di sanit\u00e0 pubblica, oltre che all\u2019Organizzazione Mondiale della Sanit\u00e0, affinch\u00e9 si attivino tempestivamente per mettere in atto le misure necessarie a garantire il corretto supporto post-diagnostico a tutte le persone con demenza, in particolare alla luce dei nuovi dati con le stime di diffusione della malattia.<\/p>\n\n\n\n<!--more-->\n\n\n\n<p>Una ricerca dell\u2019Institute of Health Metrics and Evaluation dell\u2019Universit\u00e0 di Washington pubblicata sulla rivista Lancet stima infatti che in Italia ci siano attualmente 1.487.368 persone con demenza: un numero destinato ad aumentare del 56% entro il 2050, quando le persone con demenza saranno 2.316.951. Si tratta di cifre molto preoccupanti che comunque, secondo gli esperti, sottovalutano la vera portata del problema.<\/p>\n\n\n\n<p>Il Mese Mondiale dell\u2019Alzheimer \u00e8 una campagna annuale di sensibilizzazione che ha l\u2019obiettivo di aumentare la consapevolezza e combattere lo stigma che ancora colpisce le persone con demenza e i loro familiari. Il tema guida di questo XI Mese Mondiale Alzheimer \u00e8 \u201cConosci la demenza, conosci l\u2019Alzheimer\u201d e mette l\u2019accento sull\u2019importanza di diffondere la conoscenza della malattia, con particolare attenzione al trattamento post-diagnostico e al supporto per coloro che vivono con la demenza.<\/p>\n\n\n\n<p>\u201cL\u2019Italia \u00e8 stata uno dei primi paesi ad avere un Piano nazionale sulle demenze, che ha per\u00f2 ricevuto i primi fondi soltanto nel 2021 &#8211; dichiara Gabriella Porro, Presidente di Federazione Alzheimer Italia &#8211; \u00c8 stata anche definita la ripartizione di questi fondi tra le Regioni, ma tutto questo non basta: ancora oggi in Italia assistiamo a grandi disparit\u00e0 tra Regioni per quanto riguarda i servizi offerti. \u00c8 importante che la politica ne prenda atto: \u00e8 necessario accelerare i lavori per la creazione dei piani demenza regionali e rendere questi piani sostenibili attraverso un potenziamento dei finanziamenti destinati al Piano nazionale demenze, purtroppo ancora insufficienti. Solo cos\u00ec si potranno garantire a tutte le persone con demenza pari diritti e opportunit\u00e0 di accedere a servizi di assistenza e supporto post diagnostico\u201d.<\/p>\n\n\n\n<p>\u201cNel 2017, con il Piano Globale di Azione sulla Lotta alla Demenza, tutti i 194 Stati membri dell&#8217;OMS si sono impegnati ad attuare misure per raggiungere precisi obiettivi nell\u2019ambito della riduzione del rischio, della diagnosi e assistenza, ricerca e supporto a familiari e caregiver. Tuttavia, finora solo 39 Stati hanno mantenuto la loro promessa.\u201d &#8211; sottolinea Paola Barbarino, amministratore delegato di ADI. \u201cI dati e le previsioni sono ormai inequivocabili e i governi si trovano ora di fronte a due possibili scelte: agire rispettando l\u2019impegno preso o affrontare una delle pi\u00f9 grandi crisi di salute pubblica del nostro tempo.\u201d<\/p>\n\n\n\n<p>Per celebrare questo XI Mese Mondiale, luned\u00ec 19 settembre, presso l\u2019Istituto dei Ciechi di Milano e in contemporanea diretta streaming su Facebook, Federazione Alzheimer Italia organizza insieme ad Associazione Alzheimer Milano il convegno gratuito a carattere divulgativo \u201cLotta allo stigma, qualit\u00e0 della vita: la strada per l\u2019inclusione delle persone con demenza, giovani e anziane\u201d. L\u2019incontro \u00e8 l\u2019occasione per fare il punto su nuovi servizi, politiche e strumenti avviati in Italia per migliorare l\u2019assistenza alle persone con demenza, grazie alla partecipazione di alcuni professionisti che porteranno il loro contributo in campo sociale, medico e scientifico. Interverranno Stefano Govoni, ordinario di Farmacologia Universit\u00e0 degli Studi di Pavia; Paola Galetti, geriatra dell\u2019Istituto dei Ciechi di Milano; Antonio Guaita, geriatra e direttore della Fondazione Golgi Cenci di Abbiategrasso; Cristiano Gori, coordinatore del \u201cPatto per un nuovo welfare sulla non autosufficienza\u201d; per la Federazione Alzheimer Italia la presidente Gabriella Salvini Porro, il segretario generale Mario Possenti, la psicologa e psicoterapeuta Mariarosaria Liscio e la terapista occupazionale Bianca Petrucci.<\/p>\n","protected":false},"excerpt":{"rendered":"<p>Federazione Alzheimer Italia e Alzheimer\u2019s Disease International esortano governo, istituzioni e sanit\u00e0 pubblica ad arginare questa emergenza<\/p>\n","protected":false},"author":8,"featured_media":1413,"comment_status":"closed","ping_status":"open","sticky":false,"template":"","format":"standard","meta":[],"categories":[24,1],"tags":[124],"yoast_head":"<!-- This site is optimized with the Yoast SEO plugin v20.2 - https:\/\/yoast.com\/wordpress\/plugins\/seo\/ -->\n<title>Settembre \u00e8 il XI mese mondiale dell\u2019Alzheimer - NES<\/title>\n<meta name=\"description\" content=\"Federazione Alzheimer Italia e Alzheimer\u2019s Disease International esortano governo, istituzioni e sanit\u00e0 pubblica ad arginare questa emergenza\" \/>\n<meta name=\"robots\" content=\"index, follow, max-snippet:-1, max-image-preview:large, max-video-preview:-1\" \/>\n<link rel=\"canonical\" href=\"https:\/\/www.nordestsanita.it\/?p=1444\" \/>\n<meta property=\"og:locale\" content=\"it_IT\" \/>\n<meta property=\"og:type\" content=\"article\" \/>\n<meta property=\"og:title\" content=\"Settembre \u00e8 il XI mese mondiale dell\u2019Alzheimer - NES\" \/>\n<meta property=\"og:description\" content=\"Federazione Alzheimer Italia e Alzheimer\u2019s Disease International esortano governo, istituzioni e sanit\u00e0 pubblica ad arginare questa emergenza\" \/>\n<meta property=\"og:url\" content=\"https:\/\/www.nordestsanita.it\/?p=1444\" \/>\n<meta property=\"og:site_name\" content=\"NES\" \/>\n<meta property=\"article:published_time\" content=\"2022-09-01T15:07:29+00:00\" \/>\n<meta property=\"article:modified_time\" content=\"2022-09-01T15:07:50+00:00\" \/>\n<meta property=\"og:image\" content=\"https:\/\/www.nordestsanita.it\/wp-content\/uploads\/2022\/07\/old-peoples-home-63617_640.jpg\" \/>\n\t<meta property=\"og:image:width\" content=\"640\" \/>\n\t<meta property=\"og:image:height\" content=\"480\" \/>\n\t<meta property=\"og:image:type\" content=\"image\/jpeg\" \/>\n<meta name=\"author\" content=\"Redazione\" \/>\n<meta name=\"twitter:card\" content=\"summary_large_image\" \/>\n<meta name=\"twitter:label1\" content=\"Scritto da\" \/>\n\t<meta name=\"twitter:data1\" content=\"Redazione\" \/>\n\t<meta name=\"twitter:label2\" content=\"Tempo di lettura stimato\" \/>\n\t<meta name=\"twitter:data2\" content=\"3 minuti\" \/>\n<script type=\"application\/ld+json\" class=\"yoast-schema-graph\">{\"@context\":\"https:\/\/schema.org\",\"@graph\":[{\"@type\":\"Article\",\"@id\":\"https:\/\/www.nordestsanita.it\/?p=1444#article\",\"isPartOf\":{\"@id\":\"https:\/\/www.nordestsanita.it\/?p=1444\"},\"author\":{\"name\":\"Redazione\",\"@id\":\"https:\/\/www.nordestsanita.it\/#\/schema\/person\/e5a7dc6dca45cb55e67d4a127b0e969a\"},\"headline\":\"Settembre \u00e8 il XI mese mondiale dell\u2019Alzheimer\",\"datePublished\":\"2022-09-01T15:07:29+00:00\",\"dateModified\":\"2022-09-01T15:07:50+00:00\",\"mainEntityOfPage\":{\"@id\":\"https:\/\/www.nordestsanita.it\/?p=1444\"},\"wordCount\":617,\"publisher\":{\"@id\":\"https:\/\/www.nordestsanita.it\/#organization\"},\"keywords\":[\"alzheimer\"],\"articleSection\":[\"Attualit\u00e0\"],\"inLanguage\":\"it-IT\"},{\"@type\":\"WebPage\",\"@id\":\"https:\/\/www.nordestsanita.it\/?p=1444\",\"url\":\"https:\/\/www.nordestsanita.it\/?p=1444\",\"name\":\"Settembre \u00e8 il XI mese mondiale dell\u2019Alzheimer - NES\",\"isPartOf\":{\"@id\":\"https:\/\/www.nordestsanita.it\/#website\"},\"datePublished\":\"2022-09-01T15:07:29+00:00\",\"dateModified\":\"2022-09-01T15:07:50+00:00\",\"description\":\"Federazione Alzheimer Italia e Alzheimer\u2019s Disease International esortano governo, istituzioni e sanit\u00e0 pubblica ad arginare questa emergenza\",\"breadcrumb\":{\"@id\":\"https:\/\/www.nordestsanita.it\/?p=1444#breadcrumb\"},\"inLanguage\":\"it-IT\",\"potentialAction\":[{\"@type\":\"ReadAction\",\"target\":[\"https:\/\/www.nordestsanita.it\/?p=1444\"]}]},{\"@type\":\"BreadcrumbList\",\"@id\":\"https:\/\/www.nordestsanita.it\/?p=1444#breadcrumb\",\"itemListElement\":[{\"@type\":\"ListItem\",\"position\":1,\"name\":\"Home\",\"item\":\"https:\/\/www.nordestsanita.it\/\"},{\"@type\":\"ListItem\",\"position\":2,\"name\":\"Settembre \u00e8 il XI mese mondiale dell\u2019Alzheimer\"}]},{\"@type\":\"WebSite\",\"@id\":\"https:\/\/www.nordestsanita.it\/#website\",\"url\":\"https:\/\/www.nordestsanita.it\/\",\"name\":\"NES\",\"description\":\"Nord Est Sanit\u00e0\",\"publisher\":{\"@id\":\"https:\/\/www.nordestsanita.it\/#organization\"},\"potentialAction\":[{\"@type\":\"SearchAction\",\"target\":{\"@type\":\"EntryPoint\",\"urlTemplate\":\"https:\/\/www.nordestsanita.it\/?s={search_term_string}\"},\"query-input\":\"required name=search_term_string\"}],\"inLanguage\":\"it-IT\"},{\"@type\":\"Organization\",\"@id\":\"https:\/\/www.nordestsanita.it\/#organization\",\"name\":\"NES\",\"url\":\"https:\/\/www.nordestsanita.it\/\",\"logo\":{\"@type\":\"ImageObject\",\"inLanguage\":\"it-IT\",\"@id\":\"https:\/\/www.nordestsanita.it\/#\/schema\/logo\/image\/\",\"url\":\"https:\/\/www.nordestsanita.it\/wp-content\/uploads\/2021\/05\/NES-1280.png\",\"contentUrl\":\"https:\/\/www.nordestsanita.it\/wp-content\/uploads\/2021\/05\/NES-1280.png\",\"width\":1280,\"height\":458,\"caption\":\"NES\"},\"image\":{\"@id\":\"https:\/\/www.nordestsanita.it\/#\/schema\/logo\/image\/\"}},{\"@type\":\"Person\",\"@id\":\"https:\/\/www.nordestsanita.it\/#\/schema\/person\/e5a7dc6dca45cb55e67d4a127b0e969a\",\"name\":\"Redazione\",\"image\":{\"@type\":\"ImageObject\",\"inLanguage\":\"it-IT\",\"@id\":\"https:\/\/www.nordestsanita.it\/#\/schema\/person\/image\/\",\"url\":\"https:\/\/secure.gravatar.com\/avatar\/3f19a9b3d671ea36ec67c4badf3f961a?s=96&d=mm&r=g\",\"contentUrl\":\"https:\/\/secure.gravatar.com\/avatar\/3f19a9b3d671ea36ec67c4badf3f961a?s=96&d=mm&r=g\",\"caption\":\"Redazione\"},\"url\":\"https:\/\/www.nordestsanita.it\/?author=8\"}]}<\/script>\n<!-- \/ Yoast SEO plugin. -->","yoast_head_json":{"title":"Settembre \u00e8 il XI mese mondiale dell\u2019Alzheimer - NES","description":"Federazione Alzheimer Italia e Alzheimer\u2019s Disease International esortano governo, istituzioni e sanit\u00e0 pubblica ad arginare questa emergenza","robots":{"index":"index","follow":"follow","max-snippet":"max-snippet:-1","max-image-preview":"max-image-preview:large","max-video-preview":"max-video-preview:-1"},"canonical":"https:\/\/www.nordestsanita.it\/?p=1444","og_locale":"it_IT","og_type":"article","og_title":"Settembre \u00e8 il XI mese mondiale dell\u2019Alzheimer - NES","og_description":"Federazione Alzheimer Italia e Alzheimer\u2019s Disease International esortano governo, istituzioni e sanit\u00e0 pubblica ad arginare questa emergenza","og_url":"https:\/\/www.nordestsanita.it\/?p=1444","og_site_name":"NES","article_published_time":"2022-09-01T15:07:29+00:00","article_modified_time":"2022-09-01T15:07:50+00:00","og_image":[{"width":640,"height":480,"url":"https:\/\/www.nordestsanita.it\/wp-content\/uploads\/2022\/07\/old-peoples-home-63617_640.jpg","type":"image\/jpeg"}],"author":"Redazione","twitter_card":"summary_large_image","twitter_misc":{"Scritto da":"Redazione","Tempo di lettura stimato":"3 minuti"},"schema":{"@context":"https:\/\/schema.org","@graph":[{"@type":"Article","@id":"https:\/\/www.nordestsanita.it\/?p=1444#article","isPartOf":{"@id":"https:\/\/www.nordestsanita.it\/?p=1444"},"author":{"name":"Redazione","@id":"https:\/\/www.nordestsanita.it\/#\/schema\/person\/e5a7dc6dca45cb55e67d4a127b0e969a"},"headline":"Settembre \u00e8 il XI mese mondiale dell\u2019Alzheimer","datePublished":"2022-09-01T15:07:29+00:00","dateModified":"2022-09-01T15:07:50+00:00","mainEntityOfPage":{"@id":"https:\/\/www.nordestsanita.it\/?p=1444"},"wordCount":617,"publisher":{"@id":"https:\/\/www.nordestsanita.it\/#organization"},"keywords":["alzheimer"],"articleSection":["Attualit\u00e0"],"inLanguage":"it-IT"},{"@type":"WebPage","@id":"https:\/\/www.nordestsanita.it\/?p=1444","url":"https:\/\/www.nordestsanita.it\/?p=1444","name":"Settembre \u00e8 il XI mese mondiale dell\u2019Alzheimer - NES","isPartOf":{"@id":"https:\/\/www.nordestsanita.it\/#website"},"datePublished":"2022-09-01T15:07:29+00:00","dateModified":"2022-09-01T15:07:50+00:00","description":"Federazione Alzheimer Italia e Alzheimer\u2019s Disease International esortano governo, istituzioni e sanit\u00e0 pubblica ad arginare questa emergenza","breadcrumb":{"@id":"https:\/\/www.nordestsanita.it\/?p=1444#breadcrumb"},"inLanguage":"it-IT","potentialAction":[{"@type":"ReadAction","target":["https:\/\/www.nordestsanita.it\/?p=1444"]}]},{"@type":"BreadcrumbList","@id":"https:\/\/www.nordestsanita.it\/?p=1444#breadcrumb","itemListElement":[{"@type":"ListItem","position":1,"name":"Home","item":"https:\/\/www.nordestsanita.it\/"},{"@type":"ListItem","position":2,"name":"Settembre \u00e8 il XI mese mondiale dell\u2019Alzheimer"}]},{"@type":"WebSite","@id":"https:\/\/www.nordestsanita.it\/#website","url":"https:\/\/www.nordestsanita.it\/","name":"NES","description":"Nord Est Sanit\u00e0","publisher":{"@id":"https:\/\/www.nordestsanita.it\/#organization"},"potentialAction":[{"@type":"SearchAction","target":{"@type":"EntryPoint","urlTemplate":"https:\/\/www.nordestsanita.it\/?s={search_term_string}"},"query-input":"required name=search_term_string"}],"inLanguage":"it-IT"},{"@type":"Organization","@id":"https:\/\/www.nordestsanita.it\/#organization","name":"NES","url":"https:\/\/www.nordestsanita.it\/","logo":{"@type":"ImageObject","inLanguage":"it-IT","@id":"https:\/\/www.nordestsanita.it\/#\/schema\/logo\/image\/","url":"https:\/\/www.nordestsanita.it\/wp-content\/uploads\/2021\/05\/NES-1280.png","contentUrl":"https:\/\/www.nordestsanita.it\/wp-content\/uploads\/2021\/05\/NES-1280.png","width":1280,"height":458,"caption":"NES"},"image":{"@id":"https:\/\/www.nordestsanita.it\/#\/schema\/logo\/image\/"}},{"@type":"Person","@id":"https:\/\/www.nordestsanita.it\/#\/schema\/person\/e5a7dc6dca45cb55e67d4a127b0e969a","name":"Redazione","image":{"@type":"ImageObject","inLanguage":"it-IT","@id":"https:\/\/www.nordestsanita.it\/#\/schema\/person\/image\/","url":"https:\/\/secure.gravatar.com\/avatar\/3f19a9b3d671ea36ec67c4badf3f961a?s=96&d=mm&r=g","contentUrl":"https:\/\/secure.gravatar.com\/avatar\/3f19a9b3d671ea36ec67c4badf3f961a?s=96&d=mm&r=g","caption":"Redazione"},"url":"https:\/\/www.nordestsanita.it\/?author=8"}]}},"jetpack_featured_media_url":"https:\/\/www.nordestsanita.it\/wp-content\/uploads\/2022\/07\/old-peoples-home-63617_640.jpg","_links":{"self":[{"href":"https:\/\/www.nordestsanita.it\/index.php?rest_route=\/wp\/v2\/posts\/1444"}],"collection":[{"href":"https:\/\/www.nordestsanita.it\/index.php?rest_route=\/wp\/v2\/posts"}],"about":[{"href":"https:\/\/www.nordestsanita.it\/index.php?rest_route=\/wp\/v2\/types\/post"}],"author":[{"embeddable":true,"href":"https:\/\/www.nordestsanita.it\/index.php?rest_route=\/wp\/v2\/users\/8"}],"replies":[{"embeddable":true,"href":"https:\/\/www.nordestsanita.it\/index.php?rest_route=%2Fwp%2Fv2%2Fcomments&post=1444"}],"version-history":[{"count":1,"href":"https:\/\/www.nordestsanita.it\/index.php?rest_route=\/wp\/v2\/posts\/1444\/revisions"}],"predecessor-version":[{"id":1445,"href":"https:\/\/www.nordestsanita.it\/index.php?rest_route=\/wp\/v2\/posts\/1444\/revisions\/1445"}],"wp:featuredmedia":[{"embeddable":true,"href":"https:\/\/www.nordestsanita.it\/index.php?rest_route=\/wp\/v2\/media\/1413"}],"wp:attachment":[{"href":"https:\/\/www.nordestsanita.it\/index.php?rest_route=%2Fwp%2Fv2%2Fmedia&parent=1444"}],"wp:term":[{"taxonomy":"category","embeddable":true,"href":"https:\/\/www.nordestsanita.it\/index.php?rest_route=%2Fwp%2Fv2%2Fcategories&post=1444"},{"taxonomy":"post_tag","embeddable":true,"href":"https:\/\/www.nordestsanita.it\/index.php?rest_route=%2Fwp%2Fv2%2Ftags&post=1444"}],"curies":[{"name":"wp","href":"https:\/\/api.w.org\/{rel}","templated":true}]}}