{"id":1447,"date":"2022-09-08T18:41:47","date_gmt":"2022-09-08T16:41:47","guid":{"rendered":"https:\/\/www.nordestsanita.it\/?p=1447"},"modified":"2022-09-08T18:41:48","modified_gmt":"2022-09-08T16:41:48","slug":"universita-di-medicina-a-treviso-ok-a-schema-di-convenzione-con-unipd-e-ulss-2","status":"publish","type":"post","link":"https:\/\/www.nordestsanita.it\/?p=1447","title":{"rendered":"Universit\u00e0 di medicina a Treviso, ok a schema di convenzione con UNIPD e ULSS 2"},"content":{"rendered":"\n<p>E\u2019 stato approvato in Giunta regionale su proposta dell\u2019Assessore alla Sanit\u00e0, lo Schema di Convenzione tra Regione, Universit\u00e0 di Padova e Ulss 2 Marca Trevigiana per sostenere l\u2019attivazione e il funzionamento del corso di laurea magistrale a ciclo unico in Medicina e Chirurgia presso l\u2019Ulss 2.<\/p>\n\n\n\n<!--more-->\n\n\n\n<p>\u201cCome promesso \u2013 commenta il Governatore Zaia &#8211; il corso universitario completo di Medicina a Treviso decolla. Hanno tentato di metterci i bastoni tra le ruote in ogni modo, con un\u2019impugnativa del Governo e una sentenza della Corte Costituzionale. Leggi e sentenze si rispettano, ma noi abbiamo trovato lo stesso il modo di finanziare il tutto con fondi regionali, reperiti non dal Fondo Sanitario Nazionale (chiss\u00e0 perch\u00e9 non volevano), ma da economie ottenute nella gestione complessiva della sanit\u00e0 veneta. Un esempio lampante di autonomia virtuosa, con una piena assunzione di responsabilit\u00e0 per un obbiettivo che fin dal primo giorno abbiamo ritenuto fondamentale\u201d.<\/p>\n\n\n\n<p>\u201cUna battaglia vinta con determinazione e spirito di squadra tra i protagonisti \u2013 aggiunge il Governatore \u2013 che arricchisce significativamente l\u2019offerta di alta scuola in Veneto, che crea una sinergia virtuosa tra Treviso e Padova e che andr\u00e0 a tutto vantaggio dei nostri ragazzi\u201d.<\/p>\n\n\n\n<p>\u201cLa declaratoria di illegittimit\u00e0 costituzionale \u2013 ricorda l\u2019Assessore alla Sanit\u00e0 \u2013 non incide n\u00e9 sull\u2019attivazione del corso, n\u00e9 sulla sua prosecuzione, perch\u00e9 l\u2019Universit\u00e0 ha gi\u00e0 garantito, da parte sua, la copertura della docenza e degli oneri conseguenti. Da parte nostra, come Regione \u2013 aggiunge \u2013 abbiamo saputo valorizzare ci\u00f2 che il giudice costituzionale ha affermato con la sentenza 132\/2021, approvando la legge regionale 18 gennaio 2022 con la quale si dispone che i risparmi di spesa ottenuti nell\u2019erogazione dei Livelli Essenziali di Assistenza, gi\u00e0 adeguatamente garantiti, siano da considerare risparmi disponibili una volta accertati emersi dai bilanci di esercizio del Servizio Sanitario Regionale\u201d.<\/p>\n\n\n\n<p>La convenzione avr\u00e0 durata quindicennale per una spesa massima complessiva stimata pari a 28 milioni 543 mila euro.<\/p>\n\n\n\n<p>In sede di prima attivazione della convenzione, considerato che le attivit\u00e0 didattiche andranno a reg\u00ecme nei successivi anni accademici, gli oneri di questo atto sono quantificati in 600 mila euro per l\u2019esercizio 2023 e in un milione 600 mila euro per il 2024. Essi troveranno copertura nel capitolo di spesa del bilancio regionale \u201cazioni per l\u2019attivazione del corso di laurea in Medicina e Chirurgia da parte dell\u2019Universit\u00e0 di Padova presso l\u2019Azienda Ulss 2 Marca Trevigiana. Per gli anni successivi al 2024, e fino alla conclusione della Convenzione, la stima degli oneri e la loro copertura avverranno tramite decreti del Direttore regionale Area Sanit\u00e0 e Sociale.<\/p>\n","protected":false},"excerpt":{"rendered":"<p>E\u2019 stato approvato lo Schema di Convenzione tra Regione, Universit\u00e0 di Padova e Ulss 2 per attivare a Treviso la facolt\u00e0 di medicina.<\/p>\n","protected":false},"author":8,"featured_media":1448,"comment_status":"closed","ping_status":"open","sticky":false,"template":"","format":"standard","meta":[],"categories":[24],"tags":[258,217,257,259],"yoast_head":"<!-- This site is optimized with the Yoast SEO plugin v20.2 - https:\/\/yoast.com\/wordpress\/plugins\/seo\/ -->\n<title>Facolt\u00e0 di Medicina a Treviso, ok a convenzione tra UNIPD e ULSS2 - NES<\/title>\n<meta name=\"description\" content=\"E\u2019 stato approvato lo Schema di Convenzione tra Regione, Universit\u00e0 di Padova e Ulss 2 per attivare a Treviso la facolt\u00e0 di medicina.\" \/>\n<meta name=\"robots\" content=\"index, follow, max-snippet:-1, max-image-preview:large, max-video-preview:-1\" \/>\n<link rel=\"canonical\" href=\"https:\/\/www.nordestsanita.it\/?p=1447\" \/>\n<meta property=\"og:locale\" content=\"it_IT\" \/>\n<meta property=\"og:type\" content=\"article\" \/>\n<meta property=\"og:title\" content=\"Facolt\u00e0 di Medicina a Treviso, ok a convenzione tra UNIPD e ULSS2 - NES\" \/>\n<meta property=\"og:description\" content=\"E\u2019 stato approvato lo Schema di Convenzione tra Regione, Universit\u00e0 di Padova e Ulss 2 per attivare a Treviso la facolt\u00e0 di medicina.\" \/>\n<meta property=\"og:url\" content=\"https:\/\/www.nordestsanita.it\/?p=1447\" \/>\n<meta property=\"og:site_name\" content=\"NES\" \/>\n<meta property=\"article:published_time\" content=\"2022-09-08T16:41:47+00:00\" \/>\n<meta property=\"article:modified_time\" content=\"2022-09-08T16:41:48+00:00\" \/>\n<meta property=\"og:image\" content=\"https:\/\/www.nordestsanita.it\/wp-content\/uploads\/2022\/09\/studenti.jpg\" \/>\n\t<meta property=\"og:image:width\" content=\"640\" \/>\n\t<meta property=\"og:image:height\" content=\"427\" \/>\n\t<meta property=\"og:image:type\" content=\"image\/jpeg\" \/>\n<meta name=\"author\" content=\"Redazione\" \/>\n<meta name=\"twitter:card\" content=\"summary_large_image\" \/>\n<meta name=\"twitter:label1\" content=\"Scritto da\" \/>\n\t<meta name=\"twitter:data1\" content=\"Redazione\" \/>\n\t<meta name=\"twitter:label2\" content=\"Tempo di lettura stimato\" \/>\n\t<meta name=\"twitter:data2\" content=\"2 minuti\" \/>\n<script type=\"application\/ld+json\" class=\"yoast-schema-graph\">{\"@context\":\"https:\/\/schema.org\",\"@graph\":[{\"@type\":\"Article\",\"@id\":\"https:\/\/www.nordestsanita.it\/?p=1447#article\",\"isPartOf\":{\"@id\":\"https:\/\/www.nordestsanita.it\/?p=1447\"},\"author\":{\"name\":\"Redazione\",\"@id\":\"https:\/\/www.nordestsanita.it\/#\/schema\/person\/e5a7dc6dca45cb55e67d4a127b0e969a\"},\"headline\":\"Universit\u00e0 di medicina a Treviso, ok a schema di convenzione con UNIPD e ULSS 2\",\"datePublished\":\"2022-09-08T16:41:47+00:00\",\"dateModified\":\"2022-09-08T16:41:48+00:00\",\"mainEntityOfPage\":{\"@id\":\"https:\/\/www.nordestsanita.it\/?p=1447\"},\"wordCount\":426,\"publisher\":{\"@id\":\"https:\/\/www.nordestsanita.it\/#organization\"},\"keywords\":[\"Medicina\",\"treviso\",\"Ulss 2\",\"Unipd\"],\"articleSection\":[\"Attualit\u00e0\"],\"inLanguage\":\"it-IT\"},{\"@type\":\"WebPage\",\"@id\":\"https:\/\/www.nordestsanita.it\/?p=1447\",\"url\":\"https:\/\/www.nordestsanita.it\/?p=1447\",\"name\":\"Facolt\u00e0 di Medicina a Treviso, ok a convenzione tra UNIPD e ULSS2 - NES\",\"isPartOf\":{\"@id\":\"https:\/\/www.nordestsanita.it\/#website\"},\"datePublished\":\"2022-09-08T16:41:47+00:00\",\"dateModified\":\"2022-09-08T16:41:48+00:00\",\"description\":\"E\u2019 stato approvato lo Schema di Convenzione tra Regione, Universit\u00e0 di Padova e Ulss 2 per attivare a Treviso la facolt\u00e0 di medicina.\",\"breadcrumb\":{\"@id\":\"https:\/\/www.nordestsanita.it\/?p=1447#breadcrumb\"},\"inLanguage\":\"it-IT\",\"potentialAction\":[{\"@type\":\"ReadAction\",\"target\":[\"https:\/\/www.nordestsanita.it\/?p=1447\"]}]},{\"@type\":\"BreadcrumbList\",\"@id\":\"https:\/\/www.nordestsanita.it\/?p=1447#breadcrumb\",\"itemListElement\":[{\"@type\":\"ListItem\",\"position\":1,\"name\":\"Home\",\"item\":\"https:\/\/www.nordestsanita.it\/\"},{\"@type\":\"ListItem\",\"position\":2,\"name\":\"Universit\u00e0 di medicina a Treviso, ok a schema di convenzione con UNIPD e ULSS 2\"}]},{\"@type\":\"WebSite\",\"@id\":\"https:\/\/www.nordestsanita.it\/#website\",\"url\":\"https:\/\/www.nordestsanita.it\/\",\"name\":\"NES\",\"description\":\"Nord Est Sanit\u00e0\",\"publisher\":{\"@id\":\"https:\/\/www.nordestsanita.it\/#organization\"},\"potentialAction\":[{\"@type\":\"SearchAction\",\"target\":{\"@type\":\"EntryPoint\",\"urlTemplate\":\"https:\/\/www.nordestsanita.it\/?s={search_term_string}\"},\"query-input\":\"required name=search_term_string\"}],\"inLanguage\":\"it-IT\"},{\"@type\":\"Organization\",\"@id\":\"https:\/\/www.nordestsanita.it\/#organization\",\"name\":\"NES\",\"url\":\"https:\/\/www.nordestsanita.it\/\",\"logo\":{\"@type\":\"ImageObject\",\"inLanguage\":\"it-IT\",\"@id\":\"https:\/\/www.nordestsanita.it\/#\/schema\/logo\/image\/\",\"url\":\"https:\/\/www.nordestsanita.it\/wp-content\/uploads\/2021\/05\/NES-1280.png\",\"contentUrl\":\"https:\/\/www.nordestsanita.it\/wp-content\/uploads\/2021\/05\/NES-1280.png\",\"width\":1280,\"height\":458,\"caption\":\"NES\"},\"image\":{\"@id\":\"https:\/\/www.nordestsanita.it\/#\/schema\/logo\/image\/\"}},{\"@type\":\"Person\",\"@id\":\"https:\/\/www.nordestsanita.it\/#\/schema\/person\/e5a7dc6dca45cb55e67d4a127b0e969a\",\"name\":\"Redazione\",\"image\":{\"@type\":\"ImageObject\",\"inLanguage\":\"it-IT\",\"@id\":\"https:\/\/www.nordestsanita.it\/#\/schema\/person\/image\/\",\"url\":\"https:\/\/secure.gravatar.com\/avatar\/3f19a9b3d671ea36ec67c4badf3f961a?s=96&d=mm&r=g\",\"contentUrl\":\"https:\/\/secure.gravatar.com\/avatar\/3f19a9b3d671ea36ec67c4badf3f961a?s=96&d=mm&r=g\",\"caption\":\"Redazione\"},\"url\":\"https:\/\/www.nordestsanita.it\/?author=8\"}]}<\/script>\n<!-- \/ Yoast SEO plugin. -->","yoast_head_json":{"title":"Facolt\u00e0 di Medicina a Treviso, ok a convenzione tra UNIPD e ULSS2 - NES","description":"E\u2019 stato approvato lo Schema di Convenzione tra Regione, Universit\u00e0 di Padova e Ulss 2 per attivare a Treviso la facolt\u00e0 di medicina.","robots":{"index":"index","follow":"follow","max-snippet":"max-snippet:-1","max-image-preview":"max-image-preview:large","max-video-preview":"max-video-preview:-1"},"canonical":"https:\/\/www.nordestsanita.it\/?p=1447","og_locale":"it_IT","og_type":"article","og_title":"Facolt\u00e0 di Medicina a Treviso, ok a convenzione tra UNIPD e ULSS2 - NES","og_description":"E\u2019 stato approvato lo Schema di Convenzione tra Regione, Universit\u00e0 di Padova e Ulss 2 per attivare a Treviso la facolt\u00e0 di medicina.","og_url":"https:\/\/www.nordestsanita.it\/?p=1447","og_site_name":"NES","article_published_time":"2022-09-08T16:41:47+00:00","article_modified_time":"2022-09-08T16:41:48+00:00","og_image":[{"width":640,"height":427,"url":"https:\/\/www.nordestsanita.it\/wp-content\/uploads\/2022\/09\/studenti.jpg","type":"image\/jpeg"}],"author":"Redazione","twitter_card":"summary_large_image","twitter_misc":{"Scritto da":"Redazione","Tempo di lettura stimato":"2 minuti"},"schema":{"@context":"https:\/\/schema.org","@graph":[{"@type":"Article","@id":"https:\/\/www.nordestsanita.it\/?p=1447#article","isPartOf":{"@id":"https:\/\/www.nordestsanita.it\/?p=1447"},"author":{"name":"Redazione","@id":"https:\/\/www.nordestsanita.it\/#\/schema\/person\/e5a7dc6dca45cb55e67d4a127b0e969a"},"headline":"Universit\u00e0 di medicina a Treviso, ok a schema di convenzione con UNIPD e ULSS 2","datePublished":"2022-09-08T16:41:47+00:00","dateModified":"2022-09-08T16:41:48+00:00","mainEntityOfPage":{"@id":"https:\/\/www.nordestsanita.it\/?p=1447"},"wordCount":426,"publisher":{"@id":"https:\/\/www.nordestsanita.it\/#organization"},"keywords":["Medicina","treviso","Ulss 2","Unipd"],"articleSection":["Attualit\u00e0"],"inLanguage":"it-IT"},{"@type":"WebPage","@id":"https:\/\/www.nordestsanita.it\/?p=1447","url":"https:\/\/www.nordestsanita.it\/?p=1447","name":"Facolt\u00e0 di Medicina a Treviso, ok a convenzione tra UNIPD e ULSS2 - NES","isPartOf":{"@id":"https:\/\/www.nordestsanita.it\/#website"},"datePublished":"2022-09-08T16:41:47+00:00","dateModified":"2022-09-08T16:41:48+00:00","description":"E\u2019 stato approvato lo Schema di Convenzione tra Regione, Universit\u00e0 di Padova e Ulss 2 per attivare a Treviso la facolt\u00e0 di medicina.","breadcrumb":{"@id":"https:\/\/www.nordestsanita.it\/?p=1447#breadcrumb"},"inLanguage":"it-IT","potentialAction":[{"@type":"ReadAction","target":["https:\/\/www.nordestsanita.it\/?p=1447"]}]},{"@type":"BreadcrumbList","@id":"https:\/\/www.nordestsanita.it\/?p=1447#breadcrumb","itemListElement":[{"@type":"ListItem","position":1,"name":"Home","item":"https:\/\/www.nordestsanita.it\/"},{"@type":"ListItem","position":2,"name":"Universit\u00e0 di medicina a Treviso, ok a schema di convenzione con UNIPD e ULSS 2"}]},{"@type":"WebSite","@id":"https:\/\/www.nordestsanita.it\/#website","url":"https:\/\/www.nordestsanita.it\/","name":"NES","description":"Nord Est Sanit\u00e0","publisher":{"@id":"https:\/\/www.nordestsanita.it\/#organization"},"potentialAction":[{"@type":"SearchAction","target":{"@type":"EntryPoint","urlTemplate":"https:\/\/www.nordestsanita.it\/?s={search_term_string}"},"query-input":"required name=search_term_string"}],"inLanguage":"it-IT"},{"@type":"Organization","@id":"https:\/\/www.nordestsanita.it\/#organization","name":"NES","url":"https:\/\/www.nordestsanita.it\/","logo":{"@type":"ImageObject","inLanguage":"it-IT","@id":"https:\/\/www.nordestsanita.it\/#\/schema\/logo\/image\/","url":"https:\/\/www.nordestsanita.it\/wp-content\/uploads\/2021\/05\/NES-1280.png","contentUrl":"https:\/\/www.nordestsanita.it\/wp-content\/uploads\/2021\/05\/NES-1280.png","width":1280,"height":458,"caption":"NES"},"image":{"@id":"https:\/\/www.nordestsanita.it\/#\/schema\/logo\/image\/"}},{"@type":"Person","@id":"https:\/\/www.nordestsanita.it\/#\/schema\/person\/e5a7dc6dca45cb55e67d4a127b0e969a","name":"Redazione","image":{"@type":"ImageObject","inLanguage":"it-IT","@id":"https:\/\/www.nordestsanita.it\/#\/schema\/person\/image\/","url":"https:\/\/secure.gravatar.com\/avatar\/3f19a9b3d671ea36ec67c4badf3f961a?s=96&d=mm&r=g","contentUrl":"https:\/\/secure.gravatar.com\/avatar\/3f19a9b3d671ea36ec67c4badf3f961a?s=96&d=mm&r=g","caption":"Redazione"},"url":"https:\/\/www.nordestsanita.it\/?author=8"}]}},"jetpack_featured_media_url":"https:\/\/www.nordestsanita.it\/wp-content\/uploads\/2022\/09\/studenti.jpg","_links":{"self":[{"href":"https:\/\/www.nordestsanita.it\/index.php?rest_route=\/wp\/v2\/posts\/1447"}],"collection":[{"href":"https:\/\/www.nordestsanita.it\/index.php?rest_route=\/wp\/v2\/posts"}],"about":[{"href":"https:\/\/www.nordestsanita.it\/index.php?rest_route=\/wp\/v2\/types\/post"}],"author":[{"embeddable":true,"href":"https:\/\/www.nordestsanita.it\/index.php?rest_route=\/wp\/v2\/users\/8"}],"replies":[{"embeddable":true,"href":"https:\/\/www.nordestsanita.it\/index.php?rest_route=%2Fwp%2Fv2%2Fcomments&post=1447"}],"version-history":[{"count":1,"href":"https:\/\/www.nordestsanita.it\/index.php?rest_route=\/wp\/v2\/posts\/1447\/revisions"}],"predecessor-version":[{"id":1449,"href":"https:\/\/www.nordestsanita.it\/index.php?rest_route=\/wp\/v2\/posts\/1447\/revisions\/1449"}],"wp:featuredmedia":[{"embeddable":true,"href":"https:\/\/www.nordestsanita.it\/index.php?rest_route=\/wp\/v2\/media\/1448"}],"wp:attachment":[{"href":"https:\/\/www.nordestsanita.it\/index.php?rest_route=%2Fwp%2Fv2%2Fmedia&parent=1447"}],"wp:term":[{"taxonomy":"category","embeddable":true,"href":"https:\/\/www.nordestsanita.it\/index.php?rest_route=%2Fwp%2Fv2%2Fcategories&post=1447"},{"taxonomy":"post_tag","embeddable":true,"href":"https:\/\/www.nordestsanita.it\/index.php?rest_route=%2Fwp%2Fv2%2Ftags&post=1447"}],"curies":[{"name":"wp","href":"https:\/\/api.w.org\/{rel}","templated":true}]}}