{"id":1465,"date":"2022-09-23T17:19:25","date_gmt":"2022-09-23T15:19:25","guid":{"rendered":"https:\/\/www.nordestsanita.it\/?p=1465"},"modified":"2022-09-23T17:19:26","modified_gmt":"2022-09-23T15:19:26","slug":"lassessore-regionale-alla-protezione-civile-bottacin-nelle-marche","status":"publish","type":"post","link":"https:\/\/www.nordestsanita.it\/?p=1465","title":{"rendered":"L\u2019assessore regionale alla Protezione Civile Bottacin nelle Marche"},"content":{"rendered":"\n<p>\u201cHo avuto modo di incontrare prima il Sindaco e l\u2019Amministrazione comunale di Senigallia e poi moltissimi volontari partiti dalla nostra Regione, che sono arrivati qui con sette colonne mobili, una per provincia, e che stanno operando da alcuni giorni in un territorio gravemente ferito dall\u2019eccezionale maltempo&#8221;.<\/p>\n\n\n\n<p>Sono le parole dell\u2019Assessore della Protezione Civile del Veneto Gianpaolo Bottacin dopo il sopralluogo che ha tenuto nel comune di Senigallia.<\/p>\n\n\n\n<p>&#8220;Successivamente mi sono recato ad Ostra, altro comune che, nei giorni scorsi, ha vissuto il tremendo evento atmosferico. Ho apprezzato molto i ringraziamenti &#8211; prosegue l&#8217;Assessore &#8211; che il Sindaco di Senigallia ha rivolto ai volontari della Protezione Civile del Veneto: una regione, la nostra, in cui operano 511 organizzazioni che sono state, ancora una volta, magistralmente coordinate, garantendo una risposta concreta ai cittadini marchigiani che mi hanno fermato per strada ringraziando il Veneto e i loro volontari\u201d.\u00a0<\/p>\n\n\n\n<p>\u201cHo voluto essere oggi nelle Marche perch\u00e9, come Regione del Veneto, &#8211; ha ribadito Bottacin &#8211; desideravamo dare un segnale concreto della nostra vicinanza in un momento difficilissimo per questa terra e per i suoi abitanti. Per questo, quando \u00e8 accaduto il disastro, la Regione ha immediatamente manifestato la disponibilit\u00e0 del Veneto a mettere in campo uomini e mezzi della Protezione Civile. Come ho evidenziato alle autorit\u00e0 locali, il Veneto \u00e8 pronto a garantire ulteriori supporti nel caso ce ne fosse bisogno, come gi\u00e0 condiviso anche con il presidente Zaia\u201d.<\/p>\n\n\n\n<figure class=\"wp-block-image size-large\"><img data-attachment-id=\"1463\" data-permalink=\"https:\/\/www.nordestsanita.it\/?attachment_id=1463\" data-orig-file=\"https:\/\/www.nordestsanita.it\/wp-content\/uploads\/2022\/09\/C20C82B3-34E6-4CFB-89EA-2049BBE99BEF.jpeg\" data-orig-size=\"2000,1500\" data-comments-opened=\"0\" data-image-meta=\"{&quot;aperture&quot;:&quot;0&quot;,&quot;credit&quot;:&quot;&quot;,&quot;camera&quot;:&quot;&quot;,&quot;caption&quot;:&quot;&quot;,&quot;created_timestamp&quot;:&quot;0&quot;,&quot;copyright&quot;:&quot;&quot;,&quot;focal_length&quot;:&quot;0&quot;,&quot;iso&quot;:&quot;0&quot;,&quot;shutter_speed&quot;:&quot;0&quot;,&quot;title&quot;:&quot;&quot;,&quot;orientation&quot;:&quot;0&quot;}\" data-image-title=\"C20C82B3-34E6-4CFB-89EA-2049BBE99BEF\" data-image-description=\"\" data-image-caption=\"\" data-medium-file=\"https:\/\/www.nordestsanita.it\/wp-content\/uploads\/2022\/09\/C20C82B3-34E6-4CFB-89EA-2049BBE99BEF-300x225.jpeg\" data-large-file=\"https:\/\/www.nordestsanita.it\/wp-content\/uploads\/2022\/09\/C20C82B3-34E6-4CFB-89EA-2049BBE99BEF-1024x768.jpeg\" loading=\"lazy\" width=\"1024\" height=\"768\" src=\"https:\/\/www.nordestsanita.it\/wp-content\/uploads\/2022\/09\/C20C82B3-34E6-4CFB-89EA-2049BBE99BEF-1024x768.jpeg\" alt=\"\" class=\"wp-image-1463\" srcset=\"https:\/\/www.nordestsanita.it\/wp-content\/uploads\/2022\/09\/C20C82B3-34E6-4CFB-89EA-2049BBE99BEF-1024x768.jpeg 1024w, https:\/\/www.nordestsanita.it\/wp-content\/uploads\/2022\/09\/C20C82B3-34E6-4CFB-89EA-2049BBE99BEF-300x225.jpeg 300w, https:\/\/www.nordestsanita.it\/wp-content\/uploads\/2022\/09\/C20C82B3-34E6-4CFB-89EA-2049BBE99BEF-768x576.jpeg 768w, https:\/\/www.nordestsanita.it\/wp-content\/uploads\/2022\/09\/C20C82B3-34E6-4CFB-89EA-2049BBE99BEF-1536x1152.jpeg 1536w, https:\/\/www.nordestsanita.it\/wp-content\/uploads\/2022\/09\/C20C82B3-34E6-4CFB-89EA-2049BBE99BEF.jpeg 2000w\" sizes=\"(max-width: 1024px) 100vw, 1024px\" \/><\/figure>\n","protected":false},"excerpt":{"rendered":"<p>\u201cHo avuto modo di incontrare prima il Sindaco e l\u2019Amministrazione comunale di Senigallia e poi moltissimi volontari partiti dalla nostra Regione, che sono arrivati qui con sette colonne mobili, una per provincia, e che stanno operando da alcuni giorni in un territorio gravemente ferito dall\u2019eccezionale maltempo&#8221;. Sono le parole dell\u2019Assessore della Protezione Civile del Veneto Gianpaolo Bottacin dopo il sopralluogo che ha tenuto nel comune di Senigallia. &#8220;Successivamente mi sono recato ad Ostra, altro comune che, nei giorni scorsi, ha vissuto il tremendo evento atmosferico. Ho apprezzato molto i ringraziamenti &#8211; prosegue l&#8217;Assessore &#8211; che il Sindaco di Senigallia ha<\/p>\n","protected":false},"author":4,"featured_media":1464,"comment_status":"closed","ping_status":"open","sticky":false,"template":"","format":"standard","meta":[],"categories":[24],"tags":[207,266,265,212],"yoast_head":"<!-- This site is optimized with the Yoast SEO plugin v20.2 - https:\/\/yoast.com\/wordpress\/plugins\/seo\/ -->\n<title>L\u2019assessore regionale alla Protezione Civile Bottacin nelle Marche - NES<\/title>\n<meta name=\"robots\" content=\"index, follow, max-snippet:-1, max-image-preview:large, max-video-preview:-1\" \/>\n<link rel=\"canonical\" href=\"https:\/\/www.nordestsanita.it\/?p=1465\" \/>\n<meta property=\"og:locale\" content=\"it_IT\" \/>\n<meta property=\"og:type\" content=\"article\" \/>\n<meta property=\"og:title\" content=\"L\u2019assessore regionale alla Protezione Civile Bottacin nelle Marche - NES\" \/>\n<meta property=\"og:description\" content=\"\u201cHo avuto modo di incontrare prima il Sindaco e l\u2019Amministrazione comunale di Senigallia e poi moltissimi volontari partiti dalla nostra Regione, che sono arrivati qui con sette colonne mobili, una per provincia, e che stanno operando da alcuni giorni in un territorio gravemente ferito dall\u2019eccezionale maltempo&#8221;. Sono le parole dell\u2019Assessore della Protezione Civile del Veneto Gianpaolo Bottacin dopo il sopralluogo che ha tenuto nel comune di Senigallia. &#8220;Successivamente mi sono recato ad Ostra, altro comune che, nei giorni scorsi, ha vissuto il tremendo evento atmosferico. Ho apprezzato molto i ringraziamenti &#8211; prosegue l&#8217;Assessore &#8211; che il Sindaco di Senigallia ha\" \/>\n<meta property=\"og:url\" content=\"https:\/\/www.nordestsanita.it\/?p=1465\" \/>\n<meta property=\"og:site_name\" content=\"NES\" \/>\n<meta property=\"article:published_time\" content=\"2022-09-23T15:19:25+00:00\" \/>\n<meta property=\"article:modified_time\" content=\"2022-09-23T15:19:26+00:00\" \/>\n<meta property=\"og:image\" content=\"https:\/\/www.nordestsanita.it\/wp-content\/uploads\/2022\/09\/40A8D35C-15AF-4D00-A8DF-1BE8FB668ECE.jpeg\" \/>\n\t<meta property=\"og:image:width\" content=\"2048\" \/>\n\t<meta property=\"og:image:height\" content=\"1536\" \/>\n\t<meta property=\"og:image:type\" content=\"image\/jpeg\" \/>\n<meta name=\"author\" content=\"Giuliano Gargano\" \/>\n<meta name=\"twitter:card\" content=\"summary_large_image\" \/>\n<meta name=\"twitter:label1\" content=\"Scritto da\" \/>\n\t<meta name=\"twitter:data1\" content=\"Giuliano Gargano\" \/>\n\t<meta name=\"twitter:label2\" content=\"Tempo di lettura stimato\" \/>\n\t<meta name=\"twitter:data2\" content=\"2 minuti\" \/>\n<script type=\"application\/ld+json\" class=\"yoast-schema-graph\">{\"@context\":\"https:\/\/schema.org\",\"@graph\":[{\"@type\":\"Article\",\"@id\":\"https:\/\/www.nordestsanita.it\/?p=1465#article\",\"isPartOf\":{\"@id\":\"https:\/\/www.nordestsanita.it\/?p=1465\"},\"author\":{\"name\":\"Giuliano Gargano\",\"@id\":\"https:\/\/www.nordestsanita.it\/#\/schema\/person\/b4d794d64b96b99781f85e73d2f335e8\"},\"headline\":\"L\u2019assessore regionale alla Protezione Civile Bottacin nelle Marche\",\"datePublished\":\"2022-09-23T15:19:25+00:00\",\"dateModified\":\"2022-09-23T15:19:26+00:00\",\"mainEntityOfPage\":{\"@id\":\"https:\/\/www.nordestsanita.it\/?p=1465\"},\"wordCount\":244,\"publisher\":{\"@id\":\"https:\/\/www.nordestsanita.it\/#organization\"},\"keywords\":[\"bottacin\",\"marche\",\"nubifragio\",\"protezione civile\"],\"articleSection\":[\"Attualit\u00e0\"],\"inLanguage\":\"it-IT\"},{\"@type\":\"WebPage\",\"@id\":\"https:\/\/www.nordestsanita.it\/?p=1465\",\"url\":\"https:\/\/www.nordestsanita.it\/?p=1465\",\"name\":\"L\u2019assessore regionale alla Protezione Civile Bottacin nelle Marche - NES\",\"isPartOf\":{\"@id\":\"https:\/\/www.nordestsanita.it\/#website\"},\"datePublished\":\"2022-09-23T15:19:25+00:00\",\"dateModified\":\"2022-09-23T15:19:26+00:00\",\"breadcrumb\":{\"@id\":\"https:\/\/www.nordestsanita.it\/?p=1465#breadcrumb\"},\"inLanguage\":\"it-IT\",\"potentialAction\":[{\"@type\":\"ReadAction\",\"target\":[\"https:\/\/www.nordestsanita.it\/?p=1465\"]}]},{\"@type\":\"BreadcrumbList\",\"@id\":\"https:\/\/www.nordestsanita.it\/?p=1465#breadcrumb\",\"itemListElement\":[{\"@type\":\"ListItem\",\"position\":1,\"name\":\"Home\",\"item\":\"https:\/\/www.nordestsanita.it\/\"},{\"@type\":\"ListItem\",\"position\":2,\"name\":\"L\u2019assessore regionale alla Protezione Civile Bottacin nelle Marche\"}]},{\"@type\":\"WebSite\",\"@id\":\"https:\/\/www.nordestsanita.it\/#website\",\"url\":\"https:\/\/www.nordestsanita.it\/\",\"name\":\"NES\",\"description\":\"Nord Est Sanit\u00e0\",\"publisher\":{\"@id\":\"https:\/\/www.nordestsanita.it\/#organization\"},\"potentialAction\":[{\"@type\":\"SearchAction\",\"target\":{\"@type\":\"EntryPoint\",\"urlTemplate\":\"https:\/\/www.nordestsanita.it\/?s={search_term_string}\"},\"query-input\":\"required name=search_term_string\"}],\"inLanguage\":\"it-IT\"},{\"@type\":\"Organization\",\"@id\":\"https:\/\/www.nordestsanita.it\/#organization\",\"name\":\"NES\",\"url\":\"https:\/\/www.nordestsanita.it\/\",\"logo\":{\"@type\":\"ImageObject\",\"inLanguage\":\"it-IT\",\"@id\":\"https:\/\/www.nordestsanita.it\/#\/schema\/logo\/image\/\",\"url\":\"https:\/\/www.nordestsanita.it\/wp-content\/uploads\/2021\/05\/NES-1280.png\",\"contentUrl\":\"https:\/\/www.nordestsanita.it\/wp-content\/uploads\/2021\/05\/NES-1280.png\",\"width\":1280,\"height\":458,\"caption\":\"NES\"},\"image\":{\"@id\":\"https:\/\/www.nordestsanita.it\/#\/schema\/logo\/image\/\"}},{\"@type\":\"Person\",\"@id\":\"https:\/\/www.nordestsanita.it\/#\/schema\/person\/b4d794d64b96b99781f85e73d2f335e8\",\"name\":\"Giuliano Gargano\",\"image\":{\"@type\":\"ImageObject\",\"inLanguage\":\"it-IT\",\"@id\":\"https:\/\/www.nordestsanita.it\/#\/schema\/person\/image\/\",\"url\":\"https:\/\/secure.gravatar.com\/avatar\/2358b20e394b61d6f72d0ddb2a3df6b3?s=96&d=mm&r=g\",\"contentUrl\":\"https:\/\/secure.gravatar.com\/avatar\/2358b20e394b61d6f72d0ddb2a3df6b3?s=96&d=mm&r=g\",\"caption\":\"Giuliano Gargano\"},\"url\":\"https:\/\/www.nordestsanita.it\/?author=4\"}]}<\/script>\n<!-- \/ Yoast SEO plugin. -->","yoast_head_json":{"title":"L\u2019assessore regionale alla Protezione Civile Bottacin nelle Marche - NES","robots":{"index":"index","follow":"follow","max-snippet":"max-snippet:-1","max-image-preview":"max-image-preview:large","max-video-preview":"max-video-preview:-1"},"canonical":"https:\/\/www.nordestsanita.it\/?p=1465","og_locale":"it_IT","og_type":"article","og_title":"L\u2019assessore regionale alla Protezione Civile Bottacin nelle Marche - NES","og_description":"\u201cHo avuto modo di incontrare prima il Sindaco e l\u2019Amministrazione comunale di Senigallia e poi moltissimi volontari partiti dalla nostra Regione, che sono arrivati qui con sette colonne mobili, una per provincia, e che stanno operando da alcuni giorni in un territorio gravemente ferito dall\u2019eccezionale maltempo&#8221;. Sono le parole dell\u2019Assessore della Protezione Civile del Veneto Gianpaolo Bottacin dopo il sopralluogo che ha tenuto nel comune di Senigallia. &#8220;Successivamente mi sono recato ad Ostra, altro comune che, nei giorni scorsi, ha vissuto il tremendo evento atmosferico. Ho apprezzato molto i ringraziamenti &#8211; prosegue l&#8217;Assessore &#8211; che il Sindaco di Senigallia ha","og_url":"https:\/\/www.nordestsanita.it\/?p=1465","og_site_name":"NES","article_published_time":"2022-09-23T15:19:25+00:00","article_modified_time":"2022-09-23T15:19:26+00:00","og_image":[{"width":2048,"height":1536,"url":"https:\/\/www.nordestsanita.it\/wp-content\/uploads\/2022\/09\/40A8D35C-15AF-4D00-A8DF-1BE8FB668ECE.jpeg","type":"image\/jpeg"}],"author":"Giuliano Gargano","twitter_card":"summary_large_image","twitter_misc":{"Scritto da":"Giuliano Gargano","Tempo di lettura stimato":"2 minuti"},"schema":{"@context":"https:\/\/schema.org","@graph":[{"@type":"Article","@id":"https:\/\/www.nordestsanita.it\/?p=1465#article","isPartOf":{"@id":"https:\/\/www.nordestsanita.it\/?p=1465"},"author":{"name":"Giuliano Gargano","@id":"https:\/\/www.nordestsanita.it\/#\/schema\/person\/b4d794d64b96b99781f85e73d2f335e8"},"headline":"L\u2019assessore regionale alla Protezione Civile Bottacin nelle Marche","datePublished":"2022-09-23T15:19:25+00:00","dateModified":"2022-09-23T15:19:26+00:00","mainEntityOfPage":{"@id":"https:\/\/www.nordestsanita.it\/?p=1465"},"wordCount":244,"publisher":{"@id":"https:\/\/www.nordestsanita.it\/#organization"},"keywords":["bottacin","marche","nubifragio","protezione civile"],"articleSection":["Attualit\u00e0"],"inLanguage":"it-IT"},{"@type":"WebPage","@id":"https:\/\/www.nordestsanita.it\/?p=1465","url":"https:\/\/www.nordestsanita.it\/?p=1465","name":"L\u2019assessore regionale alla Protezione Civile Bottacin nelle Marche - NES","isPartOf":{"@id":"https:\/\/www.nordestsanita.it\/#website"},"datePublished":"2022-09-23T15:19:25+00:00","dateModified":"2022-09-23T15:19:26+00:00","breadcrumb":{"@id":"https:\/\/www.nordestsanita.it\/?p=1465#breadcrumb"},"inLanguage":"it-IT","potentialAction":[{"@type":"ReadAction","target":["https:\/\/www.nordestsanita.it\/?p=1465"]}]},{"@type":"BreadcrumbList","@id":"https:\/\/www.nordestsanita.it\/?p=1465#breadcrumb","itemListElement":[{"@type":"ListItem","position":1,"name":"Home","item":"https:\/\/www.nordestsanita.it\/"},{"@type":"ListItem","position":2,"name":"L\u2019assessore regionale alla Protezione Civile Bottacin nelle Marche"}]},{"@type":"WebSite","@id":"https:\/\/www.nordestsanita.it\/#website","url":"https:\/\/www.nordestsanita.it\/","name":"NES","description":"Nord Est Sanit\u00e0","publisher":{"@id":"https:\/\/www.nordestsanita.it\/#organization"},"potentialAction":[{"@type":"SearchAction","target":{"@type":"EntryPoint","urlTemplate":"https:\/\/www.nordestsanita.it\/?s={search_term_string}"},"query-input":"required name=search_term_string"}],"inLanguage":"it-IT"},{"@type":"Organization","@id":"https:\/\/www.nordestsanita.it\/#organization","name":"NES","url":"https:\/\/www.nordestsanita.it\/","logo":{"@type":"ImageObject","inLanguage":"it-IT","@id":"https:\/\/www.nordestsanita.it\/#\/schema\/logo\/image\/","url":"https:\/\/www.nordestsanita.it\/wp-content\/uploads\/2021\/05\/NES-1280.png","contentUrl":"https:\/\/www.nordestsanita.it\/wp-content\/uploads\/2021\/05\/NES-1280.png","width":1280,"height":458,"caption":"NES"},"image":{"@id":"https:\/\/www.nordestsanita.it\/#\/schema\/logo\/image\/"}},{"@type":"Person","@id":"https:\/\/www.nordestsanita.it\/#\/schema\/person\/b4d794d64b96b99781f85e73d2f335e8","name":"Giuliano Gargano","image":{"@type":"ImageObject","inLanguage":"it-IT","@id":"https:\/\/www.nordestsanita.it\/#\/schema\/person\/image\/","url":"https:\/\/secure.gravatar.com\/avatar\/2358b20e394b61d6f72d0ddb2a3df6b3?s=96&d=mm&r=g","contentUrl":"https:\/\/secure.gravatar.com\/avatar\/2358b20e394b61d6f72d0ddb2a3df6b3?s=96&d=mm&r=g","caption":"Giuliano Gargano"},"url":"https:\/\/www.nordestsanita.it\/?author=4"}]}},"jetpack_featured_media_url":"https:\/\/www.nordestsanita.it\/wp-content\/uploads\/2022\/09\/40A8D35C-15AF-4D00-A8DF-1BE8FB668ECE.jpeg","_links":{"self":[{"href":"https:\/\/www.nordestsanita.it\/index.php?rest_route=\/wp\/v2\/posts\/1465"}],"collection":[{"href":"https:\/\/www.nordestsanita.it\/index.php?rest_route=\/wp\/v2\/posts"}],"about":[{"href":"https:\/\/www.nordestsanita.it\/index.php?rest_route=\/wp\/v2\/types\/post"}],"author":[{"embeddable":true,"href":"https:\/\/www.nordestsanita.it\/index.php?rest_route=\/wp\/v2\/users\/4"}],"replies":[{"embeddable":true,"href":"https:\/\/www.nordestsanita.it\/index.php?rest_route=%2Fwp%2Fv2%2Fcomments&post=1465"}],"version-history":[{"count":1,"href":"https:\/\/www.nordestsanita.it\/index.php?rest_route=\/wp\/v2\/posts\/1465\/revisions"}],"predecessor-version":[{"id":1466,"href":"https:\/\/www.nordestsanita.it\/index.php?rest_route=\/wp\/v2\/posts\/1465\/revisions\/1466"}],"wp:featuredmedia":[{"embeddable":true,"href":"https:\/\/www.nordestsanita.it\/index.php?rest_route=\/wp\/v2\/media\/1464"}],"wp:attachment":[{"href":"https:\/\/www.nordestsanita.it\/index.php?rest_route=%2Fwp%2Fv2%2Fmedia&parent=1465"}],"wp:term":[{"taxonomy":"category","embeddable":true,"href":"https:\/\/www.nordestsanita.it\/index.php?rest_route=%2Fwp%2Fv2%2Fcategories&post=1465"},{"taxonomy":"post_tag","embeddable":true,"href":"https:\/\/www.nordestsanita.it\/index.php?rest_route=%2Fwp%2Fv2%2Ftags&post=1465"}],"curies":[{"name":"wp","href":"https:\/\/api.w.org\/{rel}","templated":true}]}}