{"id":1467,"date":"2022-09-26T15:42:49","date_gmt":"2022-09-26T13:42:49","guid":{"rendered":"https:\/\/www.nordestsanita.it\/?p=1467"},"modified":"2022-09-26T15:42:49","modified_gmt":"2022-09-26T13:42:49","slug":"covid-e-influenza-fondamentali-i-vaccini-ai-piu-fragili","status":"publish","type":"post","link":"https:\/\/www.nordestsanita.it\/?p=1467","title":{"rendered":"Covid e influenza, fondamentali i vaccini ai pi\u00f9 fragili"},"content":{"rendered":"\n<p>Una nuova ondata della pandemia e un ritorno violento dell\u2019influenza: ecco quanto previsto per la stagione invernale. <\/p>\n\n\n\n<!--more-->\n\n\n\n<p>Per questo le vaccinazioni saranno quindi determinanti, specialmente tra i soggetti fragili e gli anziani, maggiormente esposti alle infezioni, per evitare decessi e forme gravi di malattia. Questo l\u2019appello che parte dal Ministero della Salute con l\u2019incontro istituzionale \u201cLa sanit\u00e0 che vorrei. L\u2019importanza dei vaccini nella prevenzione. Covid-19, influenza e altre infezioni virali e batteriche\u201d, organizzato da Aristea. Promosso dalle societ\u00e0 scientifiche SIMIT, SIMG, SIGOT, SItI il convegno ha visto tra i presenti Adriana Ammassari, Dirigente dell&#8217;Ufficio Procedure Centralizzate AIFA; il Prof. Claudio Mastroianni \u2013 Presidente SIMIT; il Prof. Claudio Cricelli &#8211; Presidente SIMG; il Dott. Enrico Di Rosa, Coordinatore del Collegio Operatori SItI. La tavola rotonda \u201cSensibilizzazione sulla prevenzione e accesso diretto ai vaccini: un confronto tra politica, clinica e impresa\u201d ha visto la partecipazione della Sen. Paola Binetti, 12a Commissione Senato Igiene e Sanit\u00e0; Sen. Daniele Manca, 5a Commissione Senato Bilancio; Prof. Marco Falcone, Segretario SIMIT; Dott. Alessandro Rossi, Responsabile Area Malattie Infettive SIMG; Dott. Alberto Cella, Consigliere SIGOT; Dott. Roberto Messina, Presidente Federanziani; le conclusioni del Prof. Massimo Andreoni, Direttore Scientifico SIMIT. La moderazione \u00e8 stata del giornalista scientifico Daniel Della Seta.<\/p>\n\n\n\n<p>\u201cOggi nei reparti di terapia intensiva sono ricoverati circa 150 pazienti Covid \u2013 ha sottolineato il Sottosegretario Sileri nel suo indirizzo di saluto &#8211; e oltre il 99% delle persone che si infettano avverte sintomi lievi o risulta del tutto asintomatica. Alla fine di settembre cadr\u00e0 l\u2019obbligo delle mascherine sui mezzi pubblici, i ragazzi vanno a scuola senza restrizioni, la gente \u00e8 tornata senza paura allo stadio o ai concerti, le nostre citt\u00e0 d\u2019arte sono piene di turisti come non si vedeva da anni, Se la situazione \u00e8 tornata alla normalit\u00e0, e le restrizioni che abbiamo dovuto imporre nei mesi pi\u00f9 difficili della pandemia non torneranno, il merito \u00e8 in gran parte dei vaccini e della fiducia degli italiani nella scienza. Man mano che il virus cessa di essere un rischio straordinario per la salute pubblica e diventa una presenza endemica che dovremo fronteggiare con gli strumenti ordinari, \u00e8 importante fare in modo che i cittadini considerino la vaccinazione, contro il Covid e non solo, come una opportunit\u00e0 per proteggere la propria salute e quella delle persone care, specie se anziane e fragili\u201d.<\/p>\n\n\n\n<p>La campagna vaccinale contro il Covid-19 \u00e8 partita con una nuova fase, sebbene attualmente non vi sia ancora un ampio coinvolgimento, visto il basso numero di contagi delle ultime settimane e il limitato afflusso negli ospedali. \u201cCon questa nuova dose sar\u00e0 possibile stimolare l\u2019immunit\u00e0 contro le nuove varianti, soprattutto nei soggetti pi\u00f9 a rischio e in vista anche di una possibile nuova ondata nei mesi invernali \u2013 sottolinea il Prof. Claudio Cricelli \u2013 Le vaccinazioni contro il Covid sono state determinanti nell\u2019arginare la pandemia: secondo i dati dell\u2019Istituto Superiore di Sanit\u00e0, grazie ad esse sono state salvate 150 mila vite, senza contare la limitazione dei casi gravi. I due vaccini bivalenti recentemente approvati da AIFA proteggono dalla forma originaria di Sars-CoV-2 e dalla variante Omicron; rappresentano una dose booster, volta a rafforzare la protezione di chi ha gi\u00e0 effettuato il ciclo primario\u201d.<\/p>\n\n\n\n<p>Nei prossimi mesi si profila anche una forma influenzale potenzialmente grave e, visto il lieve impatto degli ultimi due anni, si teme che le protezioni non siano sufficienti. \u201cPer l\u2019influenza, l\u2019obiettivo minimo del 75% della popolazione anziana non \u00e8 mai stato raggiunto dal 1999 \u2013 ha evidenziato il geriatra Alberto Cella \u2013 Dopo un trend crescente dal 2015\/16 al 2020\/21 (arrivando ad una copertura vaccinale del 65%), nella stagione 2021\/22 la copertura negli anziani \u00e8 purtroppo diminuita del 7% rispetto alla stagione precedente. Eppure, considerando i dati osservati nell&#8217;emisfero australe (ad es. in Brasile e Argentina) dobbiamo prepararci ad una certa aggressivit\u00e0 del virus influenzale, visto che ha avuto il tempo di evolversi e le nostre difese immunitarie non sono state sollecitate nelle ultime due stagioni. Potenzialmente si prepara la tempesta perfetta per la prossima stagione influenzale\u201d.<\/p>\n\n\n\n<p>L\u2019attenzione ai vaccini con particolare riguardo alla popolazione sopra i 60 anni e nei soggetti immunodepressi va oltre il Covid e l\u2019influenza. Ci sono infatti alcune infezioni virali e batteriche che possono essere prevenute efficacemente. \u201cI vaccini contro pneumococco, antimeningococco e Herpes Zoster rappresentano una grande opportunit\u00e0 contro infezioni dalle gravi conseguenze \u2013 sottolinea il Prof. Claudio Mastroianni \u2013 Inoltre, intervenire nella limitazione di queste infezioni pu\u00f2 costituire un\u2019arma in pi\u00f9 nella lotta all\u2019antibiotico-resistenza, che rappresenta la minaccia pi\u00f9 significativa dei prossimi decenni. Inoltre, dobbiamo sollevare l\u2019attenzione su altre vaccinazioni verso infezioni emergenti o riemergenti, quali il monkeypox e la poliomielite. In conclusione, occorre favorire l\u2019implementazione di una cultura del vaccino, che coinvolga tutti i clinici, dai Medici di Medicina Generale agli infettivologi, passando per tutti quegli specialisti che seguono i malati fragili (oncologi, nefrologi, geriatri, ematologi, ecc.), a cui la vaccinazione pu\u00f2 salvare la vita\u201d.<\/p>\n\n\n\n<p>\u201cNell\u2019ottica della protezione dei fragili &#8211; aggiunge il dott. Enrico Di Rosa &#8211; riteniamo importante mettere in atto strategie vaccinali integrate che uniscano la vaccinazione anti-Covid con le altre, ovvero vaccinazione antinfluenzale, ma anche quelle anti-Herpes Zoster e anti-pneumococco, anche incentivando, ove possibile, la co-somministrazione. \u00c8 fondamentale approfittare dello sforzo che si \u00e8 fatto e si sta facendo per la vaccinazione Covid per garantire ai fragili le coperture adeguate su importanti patologie che potrebbero colpire questa fascia di popolazione&#8221;.<\/p>\n","protected":false},"excerpt":{"rendered":"<p>Una nuova ondata della pandemia e un ritorno violento dell\u2019influenza: ecco perch\u00e9 le  vaccinazioni saranno  determinanti per fragili e anziani.<\/p>\n","protected":false},"author":8,"featured_media":1468,"comment_status":"closed","ping_status":"open","sticky":false,"template":"","format":"standard","meta":[],"categories":[24],"tags":[267,92,268,96,68],"yoast_head":"<!-- This site is optimized with the Yoast SEO plugin v20.2 - https:\/\/yoast.com\/wordpress\/plugins\/seo\/ -->\n<title>Covid e influenza, fondamentali i vaccini ai pi\u00f9 fragili - NES<\/title>\n<meta name=\"description\" content=\"Una nuova ondata della pandemia e un ritorno violento dell\u2019influenza: ecco perch\u00e9 le vaccinazioni saranno determinanti per fragili e anziani.\" \/>\n<meta name=\"robots\" content=\"index, follow, max-snippet:-1, max-image-preview:large, max-video-preview:-1\" \/>\n<link rel=\"canonical\" href=\"https:\/\/www.nordestsanita.it\/?p=1467\" \/>\n<meta property=\"og:locale\" content=\"it_IT\" \/>\n<meta property=\"og:type\" content=\"article\" \/>\n<meta property=\"og:title\" content=\"Covid e influenza, fondamentali i vaccini ai pi\u00f9 fragili - NES\" \/>\n<meta property=\"og:description\" content=\"Una nuova ondata della pandemia e un ritorno violento dell\u2019influenza: ecco perch\u00e9 le vaccinazioni saranno determinanti per fragili e anziani.\" \/>\n<meta property=\"og:url\" content=\"https:\/\/www.nordestsanita.it\/?p=1467\" \/>\n<meta property=\"og:site_name\" content=\"NES\" \/>\n<meta property=\"article:published_time\" content=\"2022-09-26T13:42:49+00:00\" \/>\n<meta property=\"og:image\" content=\"https:\/\/www.nordestsanita.it\/wp-content\/uploads\/2022\/09\/flu-shot-1719334_640.jpg\" \/>\n\t<meta property=\"og:image:width\" content=\"640\" \/>\n\t<meta property=\"og:image:height\" content=\"427\" \/>\n\t<meta property=\"og:image:type\" content=\"image\/jpeg\" \/>\n<meta name=\"author\" content=\"Redazione\" \/>\n<meta name=\"twitter:card\" content=\"summary_large_image\" \/>\n<meta name=\"twitter:label1\" content=\"Scritto da\" \/>\n\t<meta name=\"twitter:data1\" content=\"Redazione\" \/>\n\t<meta name=\"twitter:label2\" content=\"Tempo di lettura stimato\" \/>\n\t<meta name=\"twitter:data2\" content=\"4 minuti\" \/>\n<script type=\"application\/ld+json\" class=\"yoast-schema-graph\">{\"@context\":\"https:\/\/schema.org\",\"@graph\":[{\"@type\":\"Article\",\"@id\":\"https:\/\/www.nordestsanita.it\/?p=1467#article\",\"isPartOf\":{\"@id\":\"https:\/\/www.nordestsanita.it\/?p=1467\"},\"author\":{\"name\":\"Redazione\",\"@id\":\"https:\/\/www.nordestsanita.it\/#\/schema\/person\/e5a7dc6dca45cb55e67d4a127b0e969a\"},\"headline\":\"Covid e influenza, fondamentali i vaccini ai pi\u00f9 fragili\",\"datePublished\":\"2022-09-26T13:42:49+00:00\",\"dateModified\":\"2022-09-26T13:42:49+00:00\",\"mainEntityOfPage\":{\"@id\":\"https:\/\/www.nordestsanita.it\/?p=1467\"},\"wordCount\":887,\"publisher\":{\"@id\":\"https:\/\/www.nordestsanita.it\/#organization\"},\"keywords\":[\"anziani\",\"covid\",\"fragili\",\"influenza\",\"vaccino\"],\"articleSection\":[\"Attualit\u00e0\"],\"inLanguage\":\"it-IT\"},{\"@type\":\"WebPage\",\"@id\":\"https:\/\/www.nordestsanita.it\/?p=1467\",\"url\":\"https:\/\/www.nordestsanita.it\/?p=1467\",\"name\":\"Covid e influenza, fondamentali i vaccini ai pi\u00f9 fragili - NES\",\"isPartOf\":{\"@id\":\"https:\/\/www.nordestsanita.it\/#website\"},\"datePublished\":\"2022-09-26T13:42:49+00:00\",\"dateModified\":\"2022-09-26T13:42:49+00:00\",\"description\":\"Una nuova ondata della pandemia e un ritorno violento dell\u2019influenza: ecco perch\u00e9 le vaccinazioni saranno determinanti per fragili e anziani.\",\"breadcrumb\":{\"@id\":\"https:\/\/www.nordestsanita.it\/?p=1467#breadcrumb\"},\"inLanguage\":\"it-IT\",\"potentialAction\":[{\"@type\":\"ReadAction\",\"target\":[\"https:\/\/www.nordestsanita.it\/?p=1467\"]}]},{\"@type\":\"BreadcrumbList\",\"@id\":\"https:\/\/www.nordestsanita.it\/?p=1467#breadcrumb\",\"itemListElement\":[{\"@type\":\"ListItem\",\"position\":1,\"name\":\"Home\",\"item\":\"https:\/\/www.nordestsanita.it\/\"},{\"@type\":\"ListItem\",\"position\":2,\"name\":\"Covid e influenza, fondamentali i vaccini ai pi\u00f9 fragili\"}]},{\"@type\":\"WebSite\",\"@id\":\"https:\/\/www.nordestsanita.it\/#website\",\"url\":\"https:\/\/www.nordestsanita.it\/\",\"name\":\"NES\",\"description\":\"Nord Est Sanit\u00e0\",\"publisher\":{\"@id\":\"https:\/\/www.nordestsanita.it\/#organization\"},\"potentialAction\":[{\"@type\":\"SearchAction\",\"target\":{\"@type\":\"EntryPoint\",\"urlTemplate\":\"https:\/\/www.nordestsanita.it\/?s={search_term_string}\"},\"query-input\":\"required name=search_term_string\"}],\"inLanguage\":\"it-IT\"},{\"@type\":\"Organization\",\"@id\":\"https:\/\/www.nordestsanita.it\/#organization\",\"name\":\"NES\",\"url\":\"https:\/\/www.nordestsanita.it\/\",\"logo\":{\"@type\":\"ImageObject\",\"inLanguage\":\"it-IT\",\"@id\":\"https:\/\/www.nordestsanita.it\/#\/schema\/logo\/image\/\",\"url\":\"https:\/\/www.nordestsanita.it\/wp-content\/uploads\/2021\/05\/NES-1280.png\",\"contentUrl\":\"https:\/\/www.nordestsanita.it\/wp-content\/uploads\/2021\/05\/NES-1280.png\",\"width\":1280,\"height\":458,\"caption\":\"NES\"},\"image\":{\"@id\":\"https:\/\/www.nordestsanita.it\/#\/schema\/logo\/image\/\"}},{\"@type\":\"Person\",\"@id\":\"https:\/\/www.nordestsanita.it\/#\/schema\/person\/e5a7dc6dca45cb55e67d4a127b0e969a\",\"name\":\"Redazione\",\"image\":{\"@type\":\"ImageObject\",\"inLanguage\":\"it-IT\",\"@id\":\"https:\/\/www.nordestsanita.it\/#\/schema\/person\/image\/\",\"url\":\"https:\/\/secure.gravatar.com\/avatar\/3f19a9b3d671ea36ec67c4badf3f961a?s=96&d=mm&r=g\",\"contentUrl\":\"https:\/\/secure.gravatar.com\/avatar\/3f19a9b3d671ea36ec67c4badf3f961a?s=96&d=mm&r=g\",\"caption\":\"Redazione\"},\"url\":\"https:\/\/www.nordestsanita.it\/?author=8\"}]}<\/script>\n<!-- \/ Yoast SEO plugin. -->","yoast_head_json":{"title":"Covid e influenza, fondamentali i vaccini ai pi\u00f9 fragili - NES","description":"Una nuova ondata della pandemia e un ritorno violento dell\u2019influenza: ecco perch\u00e9 le vaccinazioni saranno determinanti per fragili e anziani.","robots":{"index":"index","follow":"follow","max-snippet":"max-snippet:-1","max-image-preview":"max-image-preview:large","max-video-preview":"max-video-preview:-1"},"canonical":"https:\/\/www.nordestsanita.it\/?p=1467","og_locale":"it_IT","og_type":"article","og_title":"Covid e influenza, fondamentali i vaccini ai pi\u00f9 fragili - NES","og_description":"Una nuova ondata della pandemia e un ritorno violento dell\u2019influenza: ecco perch\u00e9 le vaccinazioni saranno determinanti per fragili e anziani.","og_url":"https:\/\/www.nordestsanita.it\/?p=1467","og_site_name":"NES","article_published_time":"2022-09-26T13:42:49+00:00","og_image":[{"width":640,"height":427,"url":"https:\/\/www.nordestsanita.it\/wp-content\/uploads\/2022\/09\/flu-shot-1719334_640.jpg","type":"image\/jpeg"}],"author":"Redazione","twitter_card":"summary_large_image","twitter_misc":{"Scritto da":"Redazione","Tempo di lettura stimato":"4 minuti"},"schema":{"@context":"https:\/\/schema.org","@graph":[{"@type":"Article","@id":"https:\/\/www.nordestsanita.it\/?p=1467#article","isPartOf":{"@id":"https:\/\/www.nordestsanita.it\/?p=1467"},"author":{"name":"Redazione","@id":"https:\/\/www.nordestsanita.it\/#\/schema\/person\/e5a7dc6dca45cb55e67d4a127b0e969a"},"headline":"Covid e influenza, fondamentali i vaccini ai pi\u00f9 fragili","datePublished":"2022-09-26T13:42:49+00:00","dateModified":"2022-09-26T13:42:49+00:00","mainEntityOfPage":{"@id":"https:\/\/www.nordestsanita.it\/?p=1467"},"wordCount":887,"publisher":{"@id":"https:\/\/www.nordestsanita.it\/#organization"},"keywords":["anziani","covid","fragili","influenza","vaccino"],"articleSection":["Attualit\u00e0"],"inLanguage":"it-IT"},{"@type":"WebPage","@id":"https:\/\/www.nordestsanita.it\/?p=1467","url":"https:\/\/www.nordestsanita.it\/?p=1467","name":"Covid e influenza, fondamentali i vaccini ai pi\u00f9 fragili - NES","isPartOf":{"@id":"https:\/\/www.nordestsanita.it\/#website"},"datePublished":"2022-09-26T13:42:49+00:00","dateModified":"2022-09-26T13:42:49+00:00","description":"Una nuova ondata della pandemia e un ritorno violento dell\u2019influenza: ecco perch\u00e9 le vaccinazioni saranno determinanti per fragili e anziani.","breadcrumb":{"@id":"https:\/\/www.nordestsanita.it\/?p=1467#breadcrumb"},"inLanguage":"it-IT","potentialAction":[{"@type":"ReadAction","target":["https:\/\/www.nordestsanita.it\/?p=1467"]}]},{"@type":"BreadcrumbList","@id":"https:\/\/www.nordestsanita.it\/?p=1467#breadcrumb","itemListElement":[{"@type":"ListItem","position":1,"name":"Home","item":"https:\/\/www.nordestsanita.it\/"},{"@type":"ListItem","position":2,"name":"Covid e influenza, fondamentali i vaccini ai pi\u00f9 fragili"}]},{"@type":"WebSite","@id":"https:\/\/www.nordestsanita.it\/#website","url":"https:\/\/www.nordestsanita.it\/","name":"NES","description":"Nord Est Sanit\u00e0","publisher":{"@id":"https:\/\/www.nordestsanita.it\/#organization"},"potentialAction":[{"@type":"SearchAction","target":{"@type":"EntryPoint","urlTemplate":"https:\/\/www.nordestsanita.it\/?s={search_term_string}"},"query-input":"required name=search_term_string"}],"inLanguage":"it-IT"},{"@type":"Organization","@id":"https:\/\/www.nordestsanita.it\/#organization","name":"NES","url":"https:\/\/www.nordestsanita.it\/","logo":{"@type":"ImageObject","inLanguage":"it-IT","@id":"https:\/\/www.nordestsanita.it\/#\/schema\/logo\/image\/","url":"https:\/\/www.nordestsanita.it\/wp-content\/uploads\/2021\/05\/NES-1280.png","contentUrl":"https:\/\/www.nordestsanita.it\/wp-content\/uploads\/2021\/05\/NES-1280.png","width":1280,"height":458,"caption":"NES"},"image":{"@id":"https:\/\/www.nordestsanita.it\/#\/schema\/logo\/image\/"}},{"@type":"Person","@id":"https:\/\/www.nordestsanita.it\/#\/schema\/person\/e5a7dc6dca45cb55e67d4a127b0e969a","name":"Redazione","image":{"@type":"ImageObject","inLanguage":"it-IT","@id":"https:\/\/www.nordestsanita.it\/#\/schema\/person\/image\/","url":"https:\/\/secure.gravatar.com\/avatar\/3f19a9b3d671ea36ec67c4badf3f961a?s=96&d=mm&r=g","contentUrl":"https:\/\/secure.gravatar.com\/avatar\/3f19a9b3d671ea36ec67c4badf3f961a?s=96&d=mm&r=g","caption":"Redazione"},"url":"https:\/\/www.nordestsanita.it\/?author=8"}]}},"jetpack_featured_media_url":"https:\/\/www.nordestsanita.it\/wp-content\/uploads\/2022\/09\/flu-shot-1719334_640.jpg","_links":{"self":[{"href":"https:\/\/www.nordestsanita.it\/index.php?rest_route=\/wp\/v2\/posts\/1467"}],"collection":[{"href":"https:\/\/www.nordestsanita.it\/index.php?rest_route=\/wp\/v2\/posts"}],"about":[{"href":"https:\/\/www.nordestsanita.it\/index.php?rest_route=\/wp\/v2\/types\/post"}],"author":[{"embeddable":true,"href":"https:\/\/www.nordestsanita.it\/index.php?rest_route=\/wp\/v2\/users\/8"}],"replies":[{"embeddable":true,"href":"https:\/\/www.nordestsanita.it\/index.php?rest_route=%2Fwp%2Fv2%2Fcomments&post=1467"}],"version-history":[{"count":1,"href":"https:\/\/www.nordestsanita.it\/index.php?rest_route=\/wp\/v2\/posts\/1467\/revisions"}],"predecessor-version":[{"id":1469,"href":"https:\/\/www.nordestsanita.it\/index.php?rest_route=\/wp\/v2\/posts\/1467\/revisions\/1469"}],"wp:featuredmedia":[{"embeddable":true,"href":"https:\/\/www.nordestsanita.it\/index.php?rest_route=\/wp\/v2\/media\/1468"}],"wp:attachment":[{"href":"https:\/\/www.nordestsanita.it\/index.php?rest_route=%2Fwp%2Fv2%2Fmedia&parent=1467"}],"wp:term":[{"taxonomy":"category","embeddable":true,"href":"https:\/\/www.nordestsanita.it\/index.php?rest_route=%2Fwp%2Fv2%2Fcategories&post=1467"},{"taxonomy":"post_tag","embeddable":true,"href":"https:\/\/www.nordestsanita.it\/index.php?rest_route=%2Fwp%2Fv2%2Ftags&post=1467"}],"curies":[{"name":"wp","href":"https:\/\/api.w.org\/{rel}","templated":true}]}}