{"id":1471,"date":"2022-09-27T17:38:35","date_gmt":"2022-09-27T15:38:35","guid":{"rendered":"https:\/\/www.nordestsanita.it\/?p=1471"},"modified":"2022-09-27T17:38:35","modified_gmt":"2022-09-27T15:38:35","slug":"h-open-day-salute-mentale-le-iniziative-dellulss-9","status":"publish","type":"post","link":"https:\/\/www.nordestsanita.it\/?p=1471","title":{"rendered":"(H)-Open Day Salute Mentale: le iniziative dell\u2019ULSS 9"},"content":{"rendered":"\n<p>Il 10 ottobre, in occasione della Giornata mondiale della Salute Mentale, l\u2019Azienda ULSS 9 Scaligera partecipa all\u2019(H)Open Day Salute Mentale organizzato da Fondazione Onda, Osservatorio nazionale sulla salute della donna e di genere.<\/p>\n\n\n\n<!--more-->\n\n\n\n<p> L\u2019iniziativa, giunta alla sua nona edizione, si pone l\u2019obiettivo di sensibilizzare la popolazione sull&#8217;importanza della diagnosi precoce e favorire l\u2019accesso alle cure, aiutando a superare pregiudizi, stigma e paure legati alle malattie psichiche.<\/p>\n\n\n\n<p>Secondo i dati del Rapporto salute mentale 2021 raccolti dal Sistema Informativo per la Salute Mentale (SISM) del Ministero della Salute, le persone con malattie psichiatriche assistite dai servizi specialistici nel corso del 2020 sono state 728.338, il 53,6% rappresentato da donne. Nel 2021 si stima, infatti, che in Italia fossero oltre 2 persone su 10 a presentare un disturbo mentale grave o lieve\/moderato.<\/p>\n\n\n\n<p>\u201cAnche quest\u2019anno, &#8211; commenta il Direttore Generale, Dott. Pietro Girardi &#8211; l\u2019ULSS 9 partecipa a questa importante iniziativa a favore della salute mentale dei cittadini. I disturbi mentali sono purtroppo molto diffusi e impattano fortemente sulla qualit\u00e0 della vita delle persone. Per questo siamo convinti dell\u2019importanza della prevenzione e dell\u2019informazione per affrontare il problema e migliorare le condizioni di vita di chi ne soffre\u201d.<\/p>\n\n\n\n<p>Luned\u00ec 10 ottobre, dalle ore 10:00 alle 12:00, all\u2019Ospedale Magalini di Villafranca e all\u2019Ospedale Orlandi di Bussolengo verranno allestiti due info-point per sensibilizzare la popolazione sul tema e fornire consigli e indicazioni utili.<\/p>\n\n\n\n<p>L\u2019Ospedale Fracastoro di San Bonifacio organizza, dalle ore 8:30 alle 13:00, visite gratuite presso l\u2019ambulatorio di Psicologia ospedaliera &#8211; 2\u00b0 piano c\/o Direzione Medica Ospedaliera, per valutare i livelli di ansia e stress e fornire consigli per recuperare benessere e serenit\u00e0. \u00c8 obbligatoria la prenotazione telefonando al numero 045 6138199, dal luned\u00ec al venerd\u00ec, dalle ore 9:00 alle ore 12:00.<\/p>\n\n\n\n<p>Dalle ore 11:00 alle 12:00, \u00e8 in programma il convegno virtuale dal titolo \u201cTempo di crisi e l&#8217;incertezza del futuro &#8211; strategie per ritrovare fiducia e speranza nel domani\u201d, che si terr\u00e0 su piattaforma Google Meet.<\/p>\n\n\n\n<p>Al Centro Salute mentale e Centro Diurno di Via Toti 6 a Verona, dove verr\u00e0 allestito un info-point sulle attivit\u00e0 del Centro, dalle ore 13:45 alle 16:30 \u00e8 in programma una visita guidata dei locali del Centro Diurno &#8220;La Galleria&#8221;. Con l\u2019occasione sar\u00e0 possibile avere informazioni sull\u2019attivit\u00e0 dei nuovi ambulatori specialistici dedicati ai disturbi da deficit di attenzione e iperattivit\u00e0 (ADHD) e alla perinatalit\u00e0.<\/p>\n\n\n\n<p>Nel pomeriggio del 10 ottobre, l\u2019UOC Dipendenze di Verona promuove varie attivit\u00e0 nella sede di Via Germania 20: dalle ore 16:30 alle 19:00 \u00e8 in programma uno screening sulle dipendenze per disturbo da gioco d&#8217;azzardo attraverso uno strumento di autovalutazione multimediale che permette di avere un esito immediato riguardo al rischio sui propri comportamenti di gioco. Qualora venisse riscontrata una condizione a rischio, sar\u00e0 possibile avere tutte le informazioni necessarie. Dalle ore 17:00 alle 17:30 verr\u00e0 proposta una breve dimostrazione di mind-fulness, contestualizzata all&#8217;interno degli interventi legati al gioco d&#8217;azzardo patologico, dalle ore 17:30 alle 18:00 verr\u00e0 proposto uno sportello di consulenza e orientamento ai famigliari che stanno vivendo situazioni problematiche legate alle dipendenze e alle persone in condizioni di vulnerabilit\u00e0, dalle ore 18:00 alle 18:30 verr\u00e0 presentato il programma di screening nell&#8217;ambito delle dipendenze da nicotina e il percorso previsto per chi vuole smettere di fumare e, dalle 18:30 alle 19:00, verr\u00e0 distribuito materiale informativo legato alle dipendenze da abuso di alcolici e verr\u00e0 proposta un&#8217;attivit\u00e0 di simulazione attraverso la quale sar\u00e0 possibile sperimentare gli effetti immediati del consumo di alcol sul sistema nervoso centrale.<\/p>\n\n\n\n<p>Tutti i servizi offerti, con indicazioni su date, orari e modalit\u00e0 di prenotazione sono consultabili sul sito dell\u2019ULSS 9 Scaligera.<\/p>\n","protected":false},"excerpt":{"rendered":"<p>Il 10 ottobre, in occasione della Giornata mondiale della Salute Mentale, l\u2019Azienda ULSS 9 Scaligera partecipa all\u2019(H)Open Day Salute Mentale<\/p>\n","protected":false},"author":8,"featured_media":1472,"comment_status":"closed","ping_status":"open","sticky":false,"template":"","format":"standard","meta":[],"categories":[25,23],"tags":[62,164,146],"yoast_head":"<!-- This site is optimized with the Yoast SEO plugin v20.2 - https:\/\/yoast.com\/wordpress\/plugins\/seo\/ -->\n<title>(H)-Open Day Salute Mentale: le iniziative dell\u2019ULSS 9 - NES<\/title>\n<meta name=\"description\" content=\"Il 10 ottobre, in occasione della Giornata mondiale della Salute Mentale, l\u2019Azienda ULSS 9 Scaligera partecipa all\u2019(H)Open Day Salute Mentale\" \/>\n<meta name=\"robots\" content=\"index, follow, max-snippet:-1, max-image-preview:large, max-video-preview:-1\" \/>\n<link rel=\"canonical\" href=\"https:\/\/www.nordestsanita.it\/?p=1471\" \/>\n<meta property=\"og:locale\" content=\"it_IT\" \/>\n<meta property=\"og:type\" content=\"article\" \/>\n<meta property=\"og:title\" content=\"(H)-Open Day Salute Mentale: le iniziative dell\u2019ULSS 9 - NES\" \/>\n<meta property=\"og:description\" content=\"Il 10 ottobre, in occasione della Giornata mondiale della Salute Mentale, l\u2019Azienda ULSS 9 Scaligera partecipa all\u2019(H)Open Day Salute Mentale\" \/>\n<meta property=\"og:url\" content=\"https:\/\/www.nordestsanita.it\/?p=1471\" \/>\n<meta property=\"og:site_name\" content=\"NES\" \/>\n<meta property=\"article:published_time\" content=\"2022-09-27T15:38:35+00:00\" \/>\n<meta property=\"og:image\" content=\"https:\/\/www.nordestsanita.it\/wp-content\/uploads\/2022\/09\/testa.jpg\" \/>\n\t<meta property=\"og:image:width\" content=\"640\" \/>\n\t<meta property=\"og:image:height\" content=\"427\" \/>\n\t<meta property=\"og:image:type\" content=\"image\/jpeg\" \/>\n<meta name=\"author\" content=\"Redazione\" \/>\n<meta name=\"twitter:card\" content=\"summary_large_image\" \/>\n<meta name=\"twitter:label1\" content=\"Scritto da\" \/>\n\t<meta name=\"twitter:data1\" content=\"Redazione\" \/>\n\t<meta name=\"twitter:label2\" content=\"Tempo di lettura stimato\" \/>\n\t<meta name=\"twitter:data2\" content=\"3 minuti\" \/>\n<script type=\"application\/ld+json\" class=\"yoast-schema-graph\">{\"@context\":\"https:\/\/schema.org\",\"@graph\":[{\"@type\":\"Article\",\"@id\":\"https:\/\/www.nordestsanita.it\/?p=1471#article\",\"isPartOf\":{\"@id\":\"https:\/\/www.nordestsanita.it\/?p=1471\"},\"author\":{\"name\":\"Redazione\",\"@id\":\"https:\/\/www.nordestsanita.it\/#\/schema\/person\/e5a7dc6dca45cb55e67d4a127b0e969a\"},\"headline\":\"(H)-Open Day Salute Mentale: le iniziative dell\u2019ULSS 9\",\"datePublished\":\"2022-09-27T15:38:35+00:00\",\"dateModified\":\"2022-09-27T15:38:35+00:00\",\"mainEntityOfPage\":{\"@id\":\"https:\/\/www.nordestsanita.it\/?p=1471\"},\"wordCount\":580,\"publisher\":{\"@id\":\"https:\/\/www.nordestsanita.it\/#organization\"},\"keywords\":[\"salute mentale\",\"ulss 9\",\"verona\"],\"articleSection\":[\"Sanit\u00e0\",\"Ulss\"],\"inLanguage\":\"it-IT\"},{\"@type\":\"WebPage\",\"@id\":\"https:\/\/www.nordestsanita.it\/?p=1471\",\"url\":\"https:\/\/www.nordestsanita.it\/?p=1471\",\"name\":\"(H)-Open Day Salute Mentale: le iniziative dell\u2019ULSS 9 - NES\",\"isPartOf\":{\"@id\":\"https:\/\/www.nordestsanita.it\/#website\"},\"datePublished\":\"2022-09-27T15:38:35+00:00\",\"dateModified\":\"2022-09-27T15:38:35+00:00\",\"description\":\"Il 10 ottobre, in occasione della Giornata mondiale della Salute Mentale, l\u2019Azienda ULSS 9 Scaligera partecipa all\u2019(H)Open Day Salute Mentale\",\"breadcrumb\":{\"@id\":\"https:\/\/www.nordestsanita.it\/?p=1471#breadcrumb\"},\"inLanguage\":\"it-IT\",\"potentialAction\":[{\"@type\":\"ReadAction\",\"target\":[\"https:\/\/www.nordestsanita.it\/?p=1471\"]}]},{\"@type\":\"BreadcrumbList\",\"@id\":\"https:\/\/www.nordestsanita.it\/?p=1471#breadcrumb\",\"itemListElement\":[{\"@type\":\"ListItem\",\"position\":1,\"name\":\"Home\",\"item\":\"https:\/\/www.nordestsanita.it\/\"},{\"@type\":\"ListItem\",\"position\":2,\"name\":\"(H)-Open Day Salute Mentale: le iniziative dell\u2019ULSS 9\"}]},{\"@type\":\"WebSite\",\"@id\":\"https:\/\/www.nordestsanita.it\/#website\",\"url\":\"https:\/\/www.nordestsanita.it\/\",\"name\":\"NES\",\"description\":\"Nord Est Sanit\u00e0\",\"publisher\":{\"@id\":\"https:\/\/www.nordestsanita.it\/#organization\"},\"potentialAction\":[{\"@type\":\"SearchAction\",\"target\":{\"@type\":\"EntryPoint\",\"urlTemplate\":\"https:\/\/www.nordestsanita.it\/?s={search_term_string}\"},\"query-input\":\"required name=search_term_string\"}],\"inLanguage\":\"it-IT\"},{\"@type\":\"Organization\",\"@id\":\"https:\/\/www.nordestsanita.it\/#organization\",\"name\":\"NES\",\"url\":\"https:\/\/www.nordestsanita.it\/\",\"logo\":{\"@type\":\"ImageObject\",\"inLanguage\":\"it-IT\",\"@id\":\"https:\/\/www.nordestsanita.it\/#\/schema\/logo\/image\/\",\"url\":\"https:\/\/www.nordestsanita.it\/wp-content\/uploads\/2021\/05\/NES-1280.png\",\"contentUrl\":\"https:\/\/www.nordestsanita.it\/wp-content\/uploads\/2021\/05\/NES-1280.png\",\"width\":1280,\"height\":458,\"caption\":\"NES\"},\"image\":{\"@id\":\"https:\/\/www.nordestsanita.it\/#\/schema\/logo\/image\/\"}},{\"@type\":\"Person\",\"@id\":\"https:\/\/www.nordestsanita.it\/#\/schema\/person\/e5a7dc6dca45cb55e67d4a127b0e969a\",\"name\":\"Redazione\",\"image\":{\"@type\":\"ImageObject\",\"inLanguage\":\"it-IT\",\"@id\":\"https:\/\/www.nordestsanita.it\/#\/schema\/person\/image\/\",\"url\":\"https:\/\/secure.gravatar.com\/avatar\/3f19a9b3d671ea36ec67c4badf3f961a?s=96&d=mm&r=g\",\"contentUrl\":\"https:\/\/secure.gravatar.com\/avatar\/3f19a9b3d671ea36ec67c4badf3f961a?s=96&d=mm&r=g\",\"caption\":\"Redazione\"},\"url\":\"https:\/\/www.nordestsanita.it\/?author=8\"}]}<\/script>\n<!-- \/ Yoast SEO plugin. -->","yoast_head_json":{"title":"(H)-Open Day Salute Mentale: le iniziative dell\u2019ULSS 9 - NES","description":"Il 10 ottobre, in occasione della Giornata mondiale della Salute Mentale, l\u2019Azienda ULSS 9 Scaligera partecipa all\u2019(H)Open Day Salute Mentale","robots":{"index":"index","follow":"follow","max-snippet":"max-snippet:-1","max-image-preview":"max-image-preview:large","max-video-preview":"max-video-preview:-1"},"canonical":"https:\/\/www.nordestsanita.it\/?p=1471","og_locale":"it_IT","og_type":"article","og_title":"(H)-Open Day Salute Mentale: le iniziative dell\u2019ULSS 9 - NES","og_description":"Il 10 ottobre, in occasione della Giornata mondiale della Salute Mentale, l\u2019Azienda ULSS 9 Scaligera partecipa all\u2019(H)Open Day Salute Mentale","og_url":"https:\/\/www.nordestsanita.it\/?p=1471","og_site_name":"NES","article_published_time":"2022-09-27T15:38:35+00:00","og_image":[{"width":640,"height":427,"url":"https:\/\/www.nordestsanita.it\/wp-content\/uploads\/2022\/09\/testa.jpg","type":"image\/jpeg"}],"author":"Redazione","twitter_card":"summary_large_image","twitter_misc":{"Scritto da":"Redazione","Tempo di lettura stimato":"3 minuti"},"schema":{"@context":"https:\/\/schema.org","@graph":[{"@type":"Article","@id":"https:\/\/www.nordestsanita.it\/?p=1471#article","isPartOf":{"@id":"https:\/\/www.nordestsanita.it\/?p=1471"},"author":{"name":"Redazione","@id":"https:\/\/www.nordestsanita.it\/#\/schema\/person\/e5a7dc6dca45cb55e67d4a127b0e969a"},"headline":"(H)-Open Day Salute Mentale: le iniziative dell\u2019ULSS 9","datePublished":"2022-09-27T15:38:35+00:00","dateModified":"2022-09-27T15:38:35+00:00","mainEntityOfPage":{"@id":"https:\/\/www.nordestsanita.it\/?p=1471"},"wordCount":580,"publisher":{"@id":"https:\/\/www.nordestsanita.it\/#organization"},"keywords":["salute mentale","ulss 9","verona"],"articleSection":["Sanit\u00e0","Ulss"],"inLanguage":"it-IT"},{"@type":"WebPage","@id":"https:\/\/www.nordestsanita.it\/?p=1471","url":"https:\/\/www.nordestsanita.it\/?p=1471","name":"(H)-Open Day Salute Mentale: le iniziative dell\u2019ULSS 9 - NES","isPartOf":{"@id":"https:\/\/www.nordestsanita.it\/#website"},"datePublished":"2022-09-27T15:38:35+00:00","dateModified":"2022-09-27T15:38:35+00:00","description":"Il 10 ottobre, in occasione della Giornata mondiale della Salute Mentale, l\u2019Azienda ULSS 9 Scaligera partecipa all\u2019(H)Open Day Salute Mentale","breadcrumb":{"@id":"https:\/\/www.nordestsanita.it\/?p=1471#breadcrumb"},"inLanguage":"it-IT","potentialAction":[{"@type":"ReadAction","target":["https:\/\/www.nordestsanita.it\/?p=1471"]}]},{"@type":"BreadcrumbList","@id":"https:\/\/www.nordestsanita.it\/?p=1471#breadcrumb","itemListElement":[{"@type":"ListItem","position":1,"name":"Home","item":"https:\/\/www.nordestsanita.it\/"},{"@type":"ListItem","position":2,"name":"(H)-Open Day Salute Mentale: le iniziative dell\u2019ULSS 9"}]},{"@type":"WebSite","@id":"https:\/\/www.nordestsanita.it\/#website","url":"https:\/\/www.nordestsanita.it\/","name":"NES","description":"Nord Est Sanit\u00e0","publisher":{"@id":"https:\/\/www.nordestsanita.it\/#organization"},"potentialAction":[{"@type":"SearchAction","target":{"@type":"EntryPoint","urlTemplate":"https:\/\/www.nordestsanita.it\/?s={search_term_string}"},"query-input":"required name=search_term_string"}],"inLanguage":"it-IT"},{"@type":"Organization","@id":"https:\/\/www.nordestsanita.it\/#organization","name":"NES","url":"https:\/\/www.nordestsanita.it\/","logo":{"@type":"ImageObject","inLanguage":"it-IT","@id":"https:\/\/www.nordestsanita.it\/#\/schema\/logo\/image\/","url":"https:\/\/www.nordestsanita.it\/wp-content\/uploads\/2021\/05\/NES-1280.png","contentUrl":"https:\/\/www.nordestsanita.it\/wp-content\/uploads\/2021\/05\/NES-1280.png","width":1280,"height":458,"caption":"NES"},"image":{"@id":"https:\/\/www.nordestsanita.it\/#\/schema\/logo\/image\/"}},{"@type":"Person","@id":"https:\/\/www.nordestsanita.it\/#\/schema\/person\/e5a7dc6dca45cb55e67d4a127b0e969a","name":"Redazione","image":{"@type":"ImageObject","inLanguage":"it-IT","@id":"https:\/\/www.nordestsanita.it\/#\/schema\/person\/image\/","url":"https:\/\/secure.gravatar.com\/avatar\/3f19a9b3d671ea36ec67c4badf3f961a?s=96&d=mm&r=g","contentUrl":"https:\/\/secure.gravatar.com\/avatar\/3f19a9b3d671ea36ec67c4badf3f961a?s=96&d=mm&r=g","caption":"Redazione"},"url":"https:\/\/www.nordestsanita.it\/?author=8"}]}},"jetpack_featured_media_url":"https:\/\/www.nordestsanita.it\/wp-content\/uploads\/2022\/09\/testa.jpg","_links":{"self":[{"href":"https:\/\/www.nordestsanita.it\/index.php?rest_route=\/wp\/v2\/posts\/1471"}],"collection":[{"href":"https:\/\/www.nordestsanita.it\/index.php?rest_route=\/wp\/v2\/posts"}],"about":[{"href":"https:\/\/www.nordestsanita.it\/index.php?rest_route=\/wp\/v2\/types\/post"}],"author":[{"embeddable":true,"href":"https:\/\/www.nordestsanita.it\/index.php?rest_route=\/wp\/v2\/users\/8"}],"replies":[{"embeddable":true,"href":"https:\/\/www.nordestsanita.it\/index.php?rest_route=%2Fwp%2Fv2%2Fcomments&post=1471"}],"version-history":[{"count":1,"href":"https:\/\/www.nordestsanita.it\/index.php?rest_route=\/wp\/v2\/posts\/1471\/revisions"}],"predecessor-version":[{"id":1473,"href":"https:\/\/www.nordestsanita.it\/index.php?rest_route=\/wp\/v2\/posts\/1471\/revisions\/1473"}],"wp:featuredmedia":[{"embeddable":true,"href":"https:\/\/www.nordestsanita.it\/index.php?rest_route=\/wp\/v2\/media\/1472"}],"wp:attachment":[{"href":"https:\/\/www.nordestsanita.it\/index.php?rest_route=%2Fwp%2Fv2%2Fmedia&parent=1471"}],"wp:term":[{"taxonomy":"category","embeddable":true,"href":"https:\/\/www.nordestsanita.it\/index.php?rest_route=%2Fwp%2Fv2%2Fcategories&post=1471"},{"taxonomy":"post_tag","embeddable":true,"href":"https:\/\/www.nordestsanita.it\/index.php?rest_route=%2Fwp%2Fv2%2Ftags&post=1471"}],"curies":[{"name":"wp","href":"https:\/\/api.w.org\/{rel}","templated":true}]}}