{"id":1487,"date":"2022-10-11T17:20:54","date_gmt":"2022-10-11T15:20:54","guid":{"rendered":"https:\/\/www.nordestsanita.it\/?p=1487"},"modified":"2022-10-11T17:20:54","modified_gmt":"2022-10-11T15:20:54","slug":"malattie-reumatologiche-il-12-ottobre-e-la-giornata-mondiale","status":"publish","type":"post","link":"https:\/\/www.nordestsanita.it\/?p=1487","title":{"rendered":"Malattie reumatologiche, il 12 ottobre \u00e8 la giornata mondiale"},"content":{"rendered":"\n<p>Nella Giornata Mondiale delle Malattie Reumatologiche, che si celebra il 12 ottobre, FIRA (Fondazione Italiana per la Ricerca sull\u2019Artrite), l\u2019unica Fondazione che sostiene la ricerca scientifica italiana nel campo della diagnosi e della cura delle malattie reumatologiche, ricorda che la ricerca scientifica in reumatologia \u00e8 essenziale alla progressione della qualit\u00e0 delle cure, la comprensione dei complessi meccanismi che portano alla malattia \u00e8 la base per riuscire a curarle.<\/p>\n\n\n\n<!--more-->\n\n\n\n<p>\u201cGrazie ai decisi progressi della scienza stiamo passando dal trattamento dei sintomi a cure sempre pi\u00f9 efficaci della malattia, e in un futuro non remoto potremo arrivare anche alla prevenzione di alcune malattie reumatologiche, con la definizione di interventi, farmacologici e non, per i soggetti a rischio, in modo tale da evitare lo sviluppo della malattia. Solo dieci anni fa questo era impensabile, ora invece diventa probabile\u201d, sottolinea il Prof. Carlomaurizio Montecucco, presidente di FIRA, Ordinario di Reumatologia, Direttore del Dipartimento di Medicina Interna e Terapia Medica dell\u2019Universit\u00e0 di Pavia, direttore Struttura Complessa di Reumatologia al Policlinico S. Matteo.<\/p>\n\n\n\n<p>Le malattie reumatologiche, che in Italia coinvolgono 15 milioni di persone, sono patologie croniche, come artriti, artrite psoriasica, lupus, connettiviti e sclerosi sistemica, che possono avere pesanti riflessi sulla qualit\u00e0 di vita dei malati.<\/p>\n\n\n\n<p>\u201cFino a vent\u2019anni fa se ne curavano solo i sintomi, con cortisone e analgesici, negli ultimi anni si sono fatti avanzamenti molto importanti grazie a farmaci in grado di colpire selettivamente solo le sostanze coinvolte nello sviluppo della malattia, farmaci intelligenti, come anticorpi monoclonali o falsi recettori, che possono essere estremamente efficaci. La cura delle artriti, ma anche delle connettiviti sistemiche, \u00e8 cambiata in modo straordinario, basti pensare che fino a qualche tempo fa, in caso di malattie come lupus o vasculite, una gravidanza era impensabile e sconsigliata, ora invece si riesce a portarla a buon termine nella maggioranza dei casi. Ma le prospettive della ricerca sono ancora pi\u00f9 incoraggianti\u201d aggiunge il prof. Montecucco.<\/p>\n\n\n\n<p>Si sta studiando, per esempio, il ruolo del microbioma orale, intestinale e vaginale, per capire se ha una correlazione con la maggiore incidenza nello sviluppo di malattie reumatologiche nelle donne. Se, come si crede, questo legame sar\u00e0 dimostrato e se ne comprender\u00e0 il meccanismo, si potr\u00e0 intervenire in modo mirato, anche secondo i principi pi\u00f9 recenti della medicina di genere.<\/p>\n\n\n\n<p>Lo studio ancora pi\u00f9 approfondito degli auto-anticorpi, ossia quelli diretti contro le strutture del nostro organismo invece che contro gli agenti patogeni, e dei meccanismi di disregolazione del sistema immunitario, potr\u00e0 consentire di tentare di resettare il malfunzionamento e riportare il sistema alla sua efficienza. Finora invece si \u00e8 intervenuti per deprimere tutto il sistema immunitario, causando per\u00f2 problemi di immunodepressione.<\/p>\n\n\n\n<p>Per la cura dell\u2019artrite reumatoide, si \u00e8 compreso che fattori di rischio come obesit\u00e0 e fumo di sigaretta insistono su un terreno genetico e immunologico predisponente alla malattia. Se riusciremo a comprendere meglio quali sono le condizioni di pre-artrite reumatoide si potr\u00e0 trovare il modo per prevenire lo sviluppo della malattia, dilazionarla o sospenderla. Lo stesso meccanismo si pu\u00f2 applicare alle malattie metaboliche come la gotta o ad altre malattie autoimmuni, come le connettiviti, nelle quali vediamo che gli auto-anticorpi compaiono prima dei sintomi. Bisogna affinare quindi la capacit\u00e0 di predizione e saper valutare la gravit\u00e0 del rischio di malattia, cos\u00ec da capire quando trattare in modo preventivo.<\/p>\n\n\n\n<p>Inoltre, sta facendo passi avanti la medicina rigenerativa, con l\u2019obiettivo, non semplice, di ricostruire la cartilagine articolare, soprattutto per la cura dell\u2019artrosi, o dell\u2019osso, per l\u2019osteoporosi.<\/p>\n\n\n\n<p>\u201cLa ricerca scientifica dedicata alla reumatologia necessita di programmi, competenze, metodologie e strumentazioni estremamente sofisticati, che richiedono importanti investimenti ma possono portare grandi benefici. In Italia c\u2019\u00e8 la necessit\u00e0 di stimolare e sostenere la ricerca scientifica indipendente, che spesso ha prodotto le scoperte pi\u00f9 straordinarie, cos\u00ec da renderla competitiva con quella svolta nei grandi laboratori delle industrie farmaceutiche o nei centri universitari anglosassoni e tedeschi. Ecco perch\u00e9 l\u2019impegno di FIRA si sta intensificando, sperando di trovare sostegno per le nostre iniziative, e abbiamo ambizioni importanti per il prossimo futuro\u201d annuncia Montecucco.<\/p>\n","protected":false},"excerpt":{"rendered":"<p>Nella Giornata Mondiale delle Malattie Reumatologiche, che si celebra il 12 ottobre, FIRA ricorda che la ricerca scientifica \u00e8 fondamentale.<\/p>\n","protected":false},"author":8,"featured_media":1488,"comment_status":"closed","ping_status":"open","sticky":false,"template":"","format":"standard","meta":[],"categories":[24],"tags":[271,98],"yoast_head":"<!-- This site is optimized with the Yoast SEO plugin v20.2 - https:\/\/yoast.com\/wordpress\/plugins\/seo\/ -->\n<title>Malattie reumatologiche, il 12 ottobre \u00e8 la giornata mondiale - NES<\/title>\n<meta name=\"description\" content=\"Nella Giornata Mondiale delle Malattie Reumatologiche, che si celebra il 12 ottobre, FIRA ricorda che la ricerca scientifica \u00e8 fondamentale.\" \/>\n<meta name=\"robots\" content=\"index, follow, max-snippet:-1, max-image-preview:large, max-video-preview:-1\" \/>\n<link rel=\"canonical\" href=\"https:\/\/www.nordestsanita.it\/?p=1487\" \/>\n<meta property=\"og:locale\" content=\"it_IT\" \/>\n<meta property=\"og:type\" content=\"article\" \/>\n<meta property=\"og:title\" content=\"Malattie reumatologiche, il 12 ottobre \u00e8 la giornata mondiale - NES\" \/>\n<meta property=\"og:description\" content=\"Nella Giornata Mondiale delle Malattie Reumatologiche, che si celebra il 12 ottobre, FIRA ricorda che la ricerca scientifica \u00e8 fondamentale.\" \/>\n<meta property=\"og:url\" content=\"https:\/\/www.nordestsanita.it\/?p=1487\" \/>\n<meta property=\"og:site_name\" content=\"NES\" \/>\n<meta property=\"article:published_time\" content=\"2022-10-11T15:20:54+00:00\" \/>\n<meta property=\"og:image\" content=\"https:\/\/www.nordestsanita.it\/wp-content\/uploads\/2022\/10\/Foto-Prof-Montecucco-FIRA.jpg\" \/>\n\t<meta property=\"og:image:width\" content=\"1342\" \/>\n\t<meta property=\"og:image:height\" content=\"1048\" \/>\n\t<meta property=\"og:image:type\" content=\"image\/jpeg\" \/>\n<meta name=\"author\" content=\"Redazione\" \/>\n<meta name=\"twitter:card\" content=\"summary_large_image\" \/>\n<meta name=\"twitter:label1\" content=\"Scritto da\" \/>\n\t<meta name=\"twitter:data1\" content=\"Redazione\" \/>\n\t<meta name=\"twitter:label2\" content=\"Tempo di lettura stimato\" \/>\n\t<meta name=\"twitter:data2\" content=\"3 minuti\" \/>\n<script type=\"application\/ld+json\" class=\"yoast-schema-graph\">{\"@context\":\"https:\/\/schema.org\",\"@graph\":[{\"@type\":\"Article\",\"@id\":\"https:\/\/www.nordestsanita.it\/?p=1487#article\",\"isPartOf\":{\"@id\":\"https:\/\/www.nordestsanita.it\/?p=1487\"},\"author\":{\"name\":\"Redazione\",\"@id\":\"https:\/\/www.nordestsanita.it\/#\/schema\/person\/e5a7dc6dca45cb55e67d4a127b0e969a\"},\"headline\":\"Malattie reumatologiche, il 12 ottobre \u00e8 la giornata mondiale\",\"datePublished\":\"2022-10-11T15:20:54+00:00\",\"dateModified\":\"2022-10-11T15:20:54+00:00\",\"mainEntityOfPage\":{\"@id\":\"https:\/\/www.nordestsanita.it\/?p=1487\"},\"wordCount\":671,\"publisher\":{\"@id\":\"https:\/\/www.nordestsanita.it\/#organization\"},\"keywords\":[\"malattie reumatologiche\",\"ricerca\"],\"articleSection\":[\"Attualit\u00e0\"],\"inLanguage\":\"it-IT\"},{\"@type\":\"WebPage\",\"@id\":\"https:\/\/www.nordestsanita.it\/?p=1487\",\"url\":\"https:\/\/www.nordestsanita.it\/?p=1487\",\"name\":\"Malattie reumatologiche, il 12 ottobre \u00e8 la giornata mondiale - NES\",\"isPartOf\":{\"@id\":\"https:\/\/www.nordestsanita.it\/#website\"},\"datePublished\":\"2022-10-11T15:20:54+00:00\",\"dateModified\":\"2022-10-11T15:20:54+00:00\",\"description\":\"Nella Giornata Mondiale delle Malattie Reumatologiche, che si celebra il 12 ottobre, FIRA ricorda che la ricerca scientifica \u00e8 fondamentale.\",\"breadcrumb\":{\"@id\":\"https:\/\/www.nordestsanita.it\/?p=1487#breadcrumb\"},\"inLanguage\":\"it-IT\",\"potentialAction\":[{\"@type\":\"ReadAction\",\"target\":[\"https:\/\/www.nordestsanita.it\/?p=1487\"]}]},{\"@type\":\"BreadcrumbList\",\"@id\":\"https:\/\/www.nordestsanita.it\/?p=1487#breadcrumb\",\"itemListElement\":[{\"@type\":\"ListItem\",\"position\":1,\"name\":\"Home\",\"item\":\"https:\/\/www.nordestsanita.it\/\"},{\"@type\":\"ListItem\",\"position\":2,\"name\":\"Malattie reumatologiche, il 12 ottobre \u00e8 la giornata mondiale\"}]},{\"@type\":\"WebSite\",\"@id\":\"https:\/\/www.nordestsanita.it\/#website\",\"url\":\"https:\/\/www.nordestsanita.it\/\",\"name\":\"NES\",\"description\":\"Nord Est Sanit\u00e0\",\"publisher\":{\"@id\":\"https:\/\/www.nordestsanita.it\/#organization\"},\"potentialAction\":[{\"@type\":\"SearchAction\",\"target\":{\"@type\":\"EntryPoint\",\"urlTemplate\":\"https:\/\/www.nordestsanita.it\/?s={search_term_string}\"},\"query-input\":\"required name=search_term_string\"}],\"inLanguage\":\"it-IT\"},{\"@type\":\"Organization\",\"@id\":\"https:\/\/www.nordestsanita.it\/#organization\",\"name\":\"NES\",\"url\":\"https:\/\/www.nordestsanita.it\/\",\"logo\":{\"@type\":\"ImageObject\",\"inLanguage\":\"it-IT\",\"@id\":\"https:\/\/www.nordestsanita.it\/#\/schema\/logo\/image\/\",\"url\":\"https:\/\/www.nordestsanita.it\/wp-content\/uploads\/2021\/05\/NES-1280.png\",\"contentUrl\":\"https:\/\/www.nordestsanita.it\/wp-content\/uploads\/2021\/05\/NES-1280.png\",\"width\":1280,\"height\":458,\"caption\":\"NES\"},\"image\":{\"@id\":\"https:\/\/www.nordestsanita.it\/#\/schema\/logo\/image\/\"}},{\"@type\":\"Person\",\"@id\":\"https:\/\/www.nordestsanita.it\/#\/schema\/person\/e5a7dc6dca45cb55e67d4a127b0e969a\",\"name\":\"Redazione\",\"image\":{\"@type\":\"ImageObject\",\"inLanguage\":\"it-IT\",\"@id\":\"https:\/\/www.nordestsanita.it\/#\/schema\/person\/image\/\",\"url\":\"https:\/\/secure.gravatar.com\/avatar\/3f19a9b3d671ea36ec67c4badf3f961a?s=96&d=mm&r=g\",\"contentUrl\":\"https:\/\/secure.gravatar.com\/avatar\/3f19a9b3d671ea36ec67c4badf3f961a?s=96&d=mm&r=g\",\"caption\":\"Redazione\"},\"url\":\"https:\/\/www.nordestsanita.it\/?author=8\"}]}<\/script>\n<!-- \/ Yoast SEO plugin. -->","yoast_head_json":{"title":"Malattie reumatologiche, il 12 ottobre \u00e8 la giornata mondiale - NES","description":"Nella Giornata Mondiale delle Malattie Reumatologiche, che si celebra il 12 ottobre, FIRA ricorda che la ricerca scientifica \u00e8 fondamentale.","robots":{"index":"index","follow":"follow","max-snippet":"max-snippet:-1","max-image-preview":"max-image-preview:large","max-video-preview":"max-video-preview:-1"},"canonical":"https:\/\/www.nordestsanita.it\/?p=1487","og_locale":"it_IT","og_type":"article","og_title":"Malattie reumatologiche, il 12 ottobre \u00e8 la giornata mondiale - NES","og_description":"Nella Giornata Mondiale delle Malattie Reumatologiche, che si celebra il 12 ottobre, FIRA ricorda che la ricerca scientifica \u00e8 fondamentale.","og_url":"https:\/\/www.nordestsanita.it\/?p=1487","og_site_name":"NES","article_published_time":"2022-10-11T15:20:54+00:00","og_image":[{"width":1342,"height":1048,"url":"https:\/\/www.nordestsanita.it\/wp-content\/uploads\/2022\/10\/Foto-Prof-Montecucco-FIRA.jpg","type":"image\/jpeg"}],"author":"Redazione","twitter_card":"summary_large_image","twitter_misc":{"Scritto da":"Redazione","Tempo di lettura stimato":"3 minuti"},"schema":{"@context":"https:\/\/schema.org","@graph":[{"@type":"Article","@id":"https:\/\/www.nordestsanita.it\/?p=1487#article","isPartOf":{"@id":"https:\/\/www.nordestsanita.it\/?p=1487"},"author":{"name":"Redazione","@id":"https:\/\/www.nordestsanita.it\/#\/schema\/person\/e5a7dc6dca45cb55e67d4a127b0e969a"},"headline":"Malattie reumatologiche, il 12 ottobre \u00e8 la giornata mondiale","datePublished":"2022-10-11T15:20:54+00:00","dateModified":"2022-10-11T15:20:54+00:00","mainEntityOfPage":{"@id":"https:\/\/www.nordestsanita.it\/?p=1487"},"wordCount":671,"publisher":{"@id":"https:\/\/www.nordestsanita.it\/#organization"},"keywords":["malattie reumatologiche","ricerca"],"articleSection":["Attualit\u00e0"],"inLanguage":"it-IT"},{"@type":"WebPage","@id":"https:\/\/www.nordestsanita.it\/?p=1487","url":"https:\/\/www.nordestsanita.it\/?p=1487","name":"Malattie reumatologiche, il 12 ottobre \u00e8 la giornata mondiale - NES","isPartOf":{"@id":"https:\/\/www.nordestsanita.it\/#website"},"datePublished":"2022-10-11T15:20:54+00:00","dateModified":"2022-10-11T15:20:54+00:00","description":"Nella Giornata Mondiale delle Malattie Reumatologiche, che si celebra il 12 ottobre, FIRA ricorda che la ricerca scientifica \u00e8 fondamentale.","breadcrumb":{"@id":"https:\/\/www.nordestsanita.it\/?p=1487#breadcrumb"},"inLanguage":"it-IT","potentialAction":[{"@type":"ReadAction","target":["https:\/\/www.nordestsanita.it\/?p=1487"]}]},{"@type":"BreadcrumbList","@id":"https:\/\/www.nordestsanita.it\/?p=1487#breadcrumb","itemListElement":[{"@type":"ListItem","position":1,"name":"Home","item":"https:\/\/www.nordestsanita.it\/"},{"@type":"ListItem","position":2,"name":"Malattie reumatologiche, il 12 ottobre \u00e8 la giornata mondiale"}]},{"@type":"WebSite","@id":"https:\/\/www.nordestsanita.it\/#website","url":"https:\/\/www.nordestsanita.it\/","name":"NES","description":"Nord Est Sanit\u00e0","publisher":{"@id":"https:\/\/www.nordestsanita.it\/#organization"},"potentialAction":[{"@type":"SearchAction","target":{"@type":"EntryPoint","urlTemplate":"https:\/\/www.nordestsanita.it\/?s={search_term_string}"},"query-input":"required name=search_term_string"}],"inLanguage":"it-IT"},{"@type":"Organization","@id":"https:\/\/www.nordestsanita.it\/#organization","name":"NES","url":"https:\/\/www.nordestsanita.it\/","logo":{"@type":"ImageObject","inLanguage":"it-IT","@id":"https:\/\/www.nordestsanita.it\/#\/schema\/logo\/image\/","url":"https:\/\/www.nordestsanita.it\/wp-content\/uploads\/2021\/05\/NES-1280.png","contentUrl":"https:\/\/www.nordestsanita.it\/wp-content\/uploads\/2021\/05\/NES-1280.png","width":1280,"height":458,"caption":"NES"},"image":{"@id":"https:\/\/www.nordestsanita.it\/#\/schema\/logo\/image\/"}},{"@type":"Person","@id":"https:\/\/www.nordestsanita.it\/#\/schema\/person\/e5a7dc6dca45cb55e67d4a127b0e969a","name":"Redazione","image":{"@type":"ImageObject","inLanguage":"it-IT","@id":"https:\/\/www.nordestsanita.it\/#\/schema\/person\/image\/","url":"https:\/\/secure.gravatar.com\/avatar\/3f19a9b3d671ea36ec67c4badf3f961a?s=96&d=mm&r=g","contentUrl":"https:\/\/secure.gravatar.com\/avatar\/3f19a9b3d671ea36ec67c4badf3f961a?s=96&d=mm&r=g","caption":"Redazione"},"url":"https:\/\/www.nordestsanita.it\/?author=8"}]}},"jetpack_featured_media_url":"https:\/\/www.nordestsanita.it\/wp-content\/uploads\/2022\/10\/Foto-Prof-Montecucco-FIRA.jpg","_links":{"self":[{"href":"https:\/\/www.nordestsanita.it\/index.php?rest_route=\/wp\/v2\/posts\/1487"}],"collection":[{"href":"https:\/\/www.nordestsanita.it\/index.php?rest_route=\/wp\/v2\/posts"}],"about":[{"href":"https:\/\/www.nordestsanita.it\/index.php?rest_route=\/wp\/v2\/types\/post"}],"author":[{"embeddable":true,"href":"https:\/\/www.nordestsanita.it\/index.php?rest_route=\/wp\/v2\/users\/8"}],"replies":[{"embeddable":true,"href":"https:\/\/www.nordestsanita.it\/index.php?rest_route=%2Fwp%2Fv2%2Fcomments&post=1487"}],"version-history":[{"count":1,"href":"https:\/\/www.nordestsanita.it\/index.php?rest_route=\/wp\/v2\/posts\/1487\/revisions"}],"predecessor-version":[{"id":1489,"href":"https:\/\/www.nordestsanita.it\/index.php?rest_route=\/wp\/v2\/posts\/1487\/revisions\/1489"}],"wp:featuredmedia":[{"embeddable":true,"href":"https:\/\/www.nordestsanita.it\/index.php?rest_route=\/wp\/v2\/media\/1488"}],"wp:attachment":[{"href":"https:\/\/www.nordestsanita.it\/index.php?rest_route=%2Fwp%2Fv2%2Fmedia&parent=1487"}],"wp:term":[{"taxonomy":"category","embeddable":true,"href":"https:\/\/www.nordestsanita.it\/index.php?rest_route=%2Fwp%2Fv2%2Fcategories&post=1487"},{"taxonomy":"post_tag","embeddable":true,"href":"https:\/\/www.nordestsanita.it\/index.php?rest_route=%2Fwp%2Fv2%2Ftags&post=1487"}],"curies":[{"name":"wp","href":"https:\/\/api.w.org\/{rel}","templated":true}]}}