{"id":1511,"date":"2022-10-21T16:45:36","date_gmt":"2022-10-21T14:45:36","guid":{"rendered":"https:\/\/www.nordestsanita.it\/?p=1511"},"modified":"2022-10-21T16:46:47","modified_gmt":"2022-10-21T14:46:47","slug":"vaccino-anti-covid-19-la-direzione-regionale-prevenzione-raccomanda-il-richiamo-con-i-bivalenti","status":"publish","type":"post","link":"https:\/\/www.nordestsanita.it\/?p=1511","title":{"rendered":"Covid-19, la Direzione Regionale Prevenzione raccomanda il richiamo con i vaccini bivalenti"},"content":{"rendered":"\n<p>In relazione ai richiami autunnali del vaccino anti Covid, la direzione Regionale Prevenzione comunica quanto segue.<\/p>\n\n\n\n<!--more-->\n\n\n\n<p>\u201cL&#8217;attuale andamento epidemiologico dei casi di Covid-19 richiede di rafforzare l\u2019adesione ai richiami vaccinali anti-COVID19 in vista del periodo autunnale al fine di continuare a proteggere la salute, in particolare delle persone pi\u00f9 fragili per et\u00e0 o per condizioni di malattie croniche. Il Ministero della Salute, con la circolare del 17 ottobre 2022, ha aggiornato le indicazioni per i richiami con i nuovi vaccini bivalenti che garantiscono una migliore protezione rispetto alle varianti circolanti.<\/p>\n\n\n\n<p>Ad oggi \u00e8 quindi indicata la programmazione di:<\/p>\n\n\n\n<p>un\u2019ulteriore dose di richiamo per tutte le persone con et\u00e0 uguale o superiore ai 60 anni e per gli ospiti delle Case di Riposo che hanno gi\u00e0 eseguito il primo o il secondo richiamo (con il vaccino monovalente) ma per i quali sono gi\u00e0 passati 120 giorni,<br>il completamento del ciclo previsto, incluso il primo e il secondo richiamo, per tutte le persone con et\u00e0 uguale o superiore ai 12 anni.<\/p>\n\n\n\n<p>Per i soggetti che hanno avuto una infezione recente \u00e8 comunque raccomandato il richiamo, ma devono essere trascorsi almeno 120 giorni dal test positivo.<\/p>\n\n\n\n<p>Il richiamo \u00e8 fortemente raccomandato soprattutto per i soggetti fragili con malattie croniche. La raccomandazione \u00e8 comunque rivolta a tutti in vista &nbsp;&nbsp;dei mesi pi\u00f9 freddi in cui si star\u00e0 di pi\u00f9 negli ambienti chiusi insieme ad altre persone. Il vaccino anti-COVID e il vaccino anti-influenzale possono essere somministrati in sicurezza nello stesso appuntamento per proteggersi da subito contro entrambi i virus circolanti.\u201d<\/p>\n\n\n\n<p>Se si \u00e8 affetti da una condizione che altera la funzione del sistema immunitario (es. neoplasie, malattie reumatologiche autoimmuni, chemioterapie, terapia protratta con cortisone ad alte dosi, etc.)&nbsp; \u00e8 importante consultare il proprio medico per valutare la situazione vaccinale specifica. In questi casi potrebbero essere indicati cicli vaccinali mirati.<\/p>\n\n\n\n<p>Il richiamo pu\u00f2 essere prenotato con le consuete modalit\u00e0 accedendo alla piattaforma regionale di prenotazione (https:\/\/vaccinicovid.regione.veneto.it\/) o rivolgendosi al proprio medico curante e alle Farmacie aderenti\u201d.<\/p>\n","protected":false},"excerpt":{"rendered":"<p>Covid-19, la Direzione Regionale Prevenzione raccomanda il richiamo autunnale con i nuovi vaccini bivalenti<\/p>\n","protected":false},"author":8,"featured_media":1403,"comment_status":"closed","ping_status":"open","sticky":false,"template":"","format":"standard","meta":[],"categories":[29,25],"tags":[39,71,68],"yoast_head":"<!-- This site is optimized with the Yoast SEO plugin v20.2 - https:\/\/yoast.com\/wordpress\/plugins\/seo\/ -->\n<title>Covid-19, la Direzione Regionale Prevenzione raccomanda il richiamo con i vaccini bivalenti<\/title>\n<meta name=\"description\" content=\"Covid-19, la Direzione Regionale Prevenzione raccomanda il richiamo autunnale con i nuovi vaccini bivalenti\" \/>\n<meta name=\"robots\" content=\"index, follow, max-snippet:-1, max-image-preview:large, max-video-preview:-1\" \/>\n<link rel=\"canonical\" href=\"https:\/\/www.nordestsanita.it\/?p=1511\" \/>\n<meta property=\"og:locale\" content=\"it_IT\" \/>\n<meta property=\"og:type\" content=\"article\" \/>\n<meta property=\"og:title\" content=\"Covid-19, la Direzione Regionale Prevenzione raccomanda il richiamo con i vaccini bivalenti\" \/>\n<meta property=\"og:description\" content=\"Covid-19, la Direzione Regionale Prevenzione raccomanda il richiamo autunnale con i nuovi vaccini bivalenti\" \/>\n<meta property=\"og:url\" content=\"https:\/\/www.nordestsanita.it\/?p=1511\" \/>\n<meta property=\"og:site_name\" content=\"NES\" \/>\n<meta property=\"article:published_time\" content=\"2022-10-21T14:45:36+00:00\" \/>\n<meta property=\"article:modified_time\" content=\"2022-10-21T14:46:47+00:00\" \/>\n<meta property=\"og:image\" content=\"https:\/\/www.nordestsanita.it\/wp-content\/uploads\/2022\/06\/vaccine-5897391_640.jpg\" \/>\n\t<meta property=\"og:image:width\" content=\"640\" \/>\n\t<meta property=\"og:image:height\" content=\"453\" \/>\n\t<meta property=\"og:image:type\" content=\"image\/jpeg\" \/>\n<meta name=\"author\" content=\"Redazione\" \/>\n<meta name=\"twitter:card\" content=\"summary_large_image\" \/>\n<meta name=\"twitter:label1\" content=\"Scritto da\" \/>\n\t<meta name=\"twitter:data1\" content=\"Redazione\" \/>\n\t<meta name=\"twitter:label2\" content=\"Tempo di lettura stimato\" \/>\n\t<meta name=\"twitter:data2\" content=\"2 minuti\" \/>\n<script type=\"application\/ld+json\" class=\"yoast-schema-graph\">{\"@context\":\"https:\/\/schema.org\",\"@graph\":[{\"@type\":\"Article\",\"@id\":\"https:\/\/www.nordestsanita.it\/?p=1511#article\",\"isPartOf\":{\"@id\":\"https:\/\/www.nordestsanita.it\/?p=1511\"},\"author\":{\"name\":\"Redazione\",\"@id\":\"https:\/\/www.nordestsanita.it\/#\/schema\/person\/e5a7dc6dca45cb55e67d4a127b0e969a\"},\"headline\":\"Covid-19, la Direzione Regionale Prevenzione raccomanda il richiamo con i vaccini bivalenti\",\"datePublished\":\"2022-10-21T14:45:36+00:00\",\"dateModified\":\"2022-10-21T14:46:47+00:00\",\"mainEntityOfPage\":{\"@id\":\"https:\/\/www.nordestsanita.it\/?p=1511\"},\"wordCount\":340,\"publisher\":{\"@id\":\"https:\/\/www.nordestsanita.it\/#organization\"},\"keywords\":[\"Covid-19\",\"Regione Veneto\",\"vaccino\"],\"articleSection\":[\"Covid\",\"Sanit\u00e0\"],\"inLanguage\":\"it-IT\"},{\"@type\":\"WebPage\",\"@id\":\"https:\/\/www.nordestsanita.it\/?p=1511\",\"url\":\"https:\/\/www.nordestsanita.it\/?p=1511\",\"name\":\"Covid-19, la Direzione Regionale Prevenzione raccomanda il richiamo con i vaccini bivalenti\",\"isPartOf\":{\"@id\":\"https:\/\/www.nordestsanita.it\/#website\"},\"datePublished\":\"2022-10-21T14:45:36+00:00\",\"dateModified\":\"2022-10-21T14:46:47+00:00\",\"description\":\"Covid-19, la Direzione Regionale Prevenzione raccomanda il richiamo autunnale con i nuovi vaccini bivalenti\",\"breadcrumb\":{\"@id\":\"https:\/\/www.nordestsanita.it\/?p=1511#breadcrumb\"},\"inLanguage\":\"it-IT\",\"potentialAction\":[{\"@type\":\"ReadAction\",\"target\":[\"https:\/\/www.nordestsanita.it\/?p=1511\"]}]},{\"@type\":\"BreadcrumbList\",\"@id\":\"https:\/\/www.nordestsanita.it\/?p=1511#breadcrumb\",\"itemListElement\":[{\"@type\":\"ListItem\",\"position\":1,\"name\":\"Home\",\"item\":\"https:\/\/www.nordestsanita.it\/\"},{\"@type\":\"ListItem\",\"position\":2,\"name\":\"Covid-19, la Direzione Regionale Prevenzione raccomanda il richiamo con i vaccini bivalenti\"}]},{\"@type\":\"WebSite\",\"@id\":\"https:\/\/www.nordestsanita.it\/#website\",\"url\":\"https:\/\/www.nordestsanita.it\/\",\"name\":\"NES\",\"description\":\"Nord Est Sanit\u00e0\",\"publisher\":{\"@id\":\"https:\/\/www.nordestsanita.it\/#organization\"},\"potentialAction\":[{\"@type\":\"SearchAction\",\"target\":{\"@type\":\"EntryPoint\",\"urlTemplate\":\"https:\/\/www.nordestsanita.it\/?s={search_term_string}\"},\"query-input\":\"required name=search_term_string\"}],\"inLanguage\":\"it-IT\"},{\"@type\":\"Organization\",\"@id\":\"https:\/\/www.nordestsanita.it\/#organization\",\"name\":\"NES\",\"url\":\"https:\/\/www.nordestsanita.it\/\",\"logo\":{\"@type\":\"ImageObject\",\"inLanguage\":\"it-IT\",\"@id\":\"https:\/\/www.nordestsanita.it\/#\/schema\/logo\/image\/\",\"url\":\"https:\/\/www.nordestsanita.it\/wp-content\/uploads\/2021\/05\/NES-1280.png\",\"contentUrl\":\"https:\/\/www.nordestsanita.it\/wp-content\/uploads\/2021\/05\/NES-1280.png\",\"width\":1280,\"height\":458,\"caption\":\"NES\"},\"image\":{\"@id\":\"https:\/\/www.nordestsanita.it\/#\/schema\/logo\/image\/\"}},{\"@type\":\"Person\",\"@id\":\"https:\/\/www.nordestsanita.it\/#\/schema\/person\/e5a7dc6dca45cb55e67d4a127b0e969a\",\"name\":\"Redazione\",\"image\":{\"@type\":\"ImageObject\",\"inLanguage\":\"it-IT\",\"@id\":\"https:\/\/www.nordestsanita.it\/#\/schema\/person\/image\/\",\"url\":\"https:\/\/secure.gravatar.com\/avatar\/3f19a9b3d671ea36ec67c4badf3f961a?s=96&d=mm&r=g\",\"contentUrl\":\"https:\/\/secure.gravatar.com\/avatar\/3f19a9b3d671ea36ec67c4badf3f961a?s=96&d=mm&r=g\",\"caption\":\"Redazione\"},\"url\":\"https:\/\/www.nordestsanita.it\/?author=8\"}]}<\/script>\n<!-- \/ Yoast SEO plugin. -->","yoast_head_json":{"title":"Covid-19, la Direzione Regionale Prevenzione raccomanda il richiamo con i vaccini bivalenti","description":"Covid-19, la Direzione Regionale Prevenzione raccomanda il richiamo autunnale con i nuovi vaccini bivalenti","robots":{"index":"index","follow":"follow","max-snippet":"max-snippet:-1","max-image-preview":"max-image-preview:large","max-video-preview":"max-video-preview:-1"},"canonical":"https:\/\/www.nordestsanita.it\/?p=1511","og_locale":"it_IT","og_type":"article","og_title":"Covid-19, la Direzione Regionale Prevenzione raccomanda il richiamo con i vaccini bivalenti","og_description":"Covid-19, la Direzione Regionale Prevenzione raccomanda il richiamo autunnale con i nuovi vaccini bivalenti","og_url":"https:\/\/www.nordestsanita.it\/?p=1511","og_site_name":"NES","article_published_time":"2022-10-21T14:45:36+00:00","article_modified_time":"2022-10-21T14:46:47+00:00","og_image":[{"width":640,"height":453,"url":"https:\/\/www.nordestsanita.it\/wp-content\/uploads\/2022\/06\/vaccine-5897391_640.jpg","type":"image\/jpeg"}],"author":"Redazione","twitter_card":"summary_large_image","twitter_misc":{"Scritto da":"Redazione","Tempo di lettura stimato":"2 minuti"},"schema":{"@context":"https:\/\/schema.org","@graph":[{"@type":"Article","@id":"https:\/\/www.nordestsanita.it\/?p=1511#article","isPartOf":{"@id":"https:\/\/www.nordestsanita.it\/?p=1511"},"author":{"name":"Redazione","@id":"https:\/\/www.nordestsanita.it\/#\/schema\/person\/e5a7dc6dca45cb55e67d4a127b0e969a"},"headline":"Covid-19, la Direzione Regionale Prevenzione raccomanda il richiamo con i vaccini bivalenti","datePublished":"2022-10-21T14:45:36+00:00","dateModified":"2022-10-21T14:46:47+00:00","mainEntityOfPage":{"@id":"https:\/\/www.nordestsanita.it\/?p=1511"},"wordCount":340,"publisher":{"@id":"https:\/\/www.nordestsanita.it\/#organization"},"keywords":["Covid-19","Regione Veneto","vaccino"],"articleSection":["Covid","Sanit\u00e0"],"inLanguage":"it-IT"},{"@type":"WebPage","@id":"https:\/\/www.nordestsanita.it\/?p=1511","url":"https:\/\/www.nordestsanita.it\/?p=1511","name":"Covid-19, la Direzione Regionale Prevenzione raccomanda il richiamo con i vaccini bivalenti","isPartOf":{"@id":"https:\/\/www.nordestsanita.it\/#website"},"datePublished":"2022-10-21T14:45:36+00:00","dateModified":"2022-10-21T14:46:47+00:00","description":"Covid-19, la Direzione Regionale Prevenzione raccomanda il richiamo autunnale con i nuovi vaccini bivalenti","breadcrumb":{"@id":"https:\/\/www.nordestsanita.it\/?p=1511#breadcrumb"},"inLanguage":"it-IT","potentialAction":[{"@type":"ReadAction","target":["https:\/\/www.nordestsanita.it\/?p=1511"]}]},{"@type":"BreadcrumbList","@id":"https:\/\/www.nordestsanita.it\/?p=1511#breadcrumb","itemListElement":[{"@type":"ListItem","position":1,"name":"Home","item":"https:\/\/www.nordestsanita.it\/"},{"@type":"ListItem","position":2,"name":"Covid-19, la Direzione Regionale Prevenzione raccomanda il richiamo con i vaccini bivalenti"}]},{"@type":"WebSite","@id":"https:\/\/www.nordestsanita.it\/#website","url":"https:\/\/www.nordestsanita.it\/","name":"NES","description":"Nord Est Sanit\u00e0","publisher":{"@id":"https:\/\/www.nordestsanita.it\/#organization"},"potentialAction":[{"@type":"SearchAction","target":{"@type":"EntryPoint","urlTemplate":"https:\/\/www.nordestsanita.it\/?s={search_term_string}"},"query-input":"required name=search_term_string"}],"inLanguage":"it-IT"},{"@type":"Organization","@id":"https:\/\/www.nordestsanita.it\/#organization","name":"NES","url":"https:\/\/www.nordestsanita.it\/","logo":{"@type":"ImageObject","inLanguage":"it-IT","@id":"https:\/\/www.nordestsanita.it\/#\/schema\/logo\/image\/","url":"https:\/\/www.nordestsanita.it\/wp-content\/uploads\/2021\/05\/NES-1280.png","contentUrl":"https:\/\/www.nordestsanita.it\/wp-content\/uploads\/2021\/05\/NES-1280.png","width":1280,"height":458,"caption":"NES"},"image":{"@id":"https:\/\/www.nordestsanita.it\/#\/schema\/logo\/image\/"}},{"@type":"Person","@id":"https:\/\/www.nordestsanita.it\/#\/schema\/person\/e5a7dc6dca45cb55e67d4a127b0e969a","name":"Redazione","image":{"@type":"ImageObject","inLanguage":"it-IT","@id":"https:\/\/www.nordestsanita.it\/#\/schema\/person\/image\/","url":"https:\/\/secure.gravatar.com\/avatar\/3f19a9b3d671ea36ec67c4badf3f961a?s=96&d=mm&r=g","contentUrl":"https:\/\/secure.gravatar.com\/avatar\/3f19a9b3d671ea36ec67c4badf3f961a?s=96&d=mm&r=g","caption":"Redazione"},"url":"https:\/\/www.nordestsanita.it\/?author=8"}]}},"jetpack_featured_media_url":"https:\/\/www.nordestsanita.it\/wp-content\/uploads\/2022\/06\/vaccine-5897391_640.jpg","_links":{"self":[{"href":"https:\/\/www.nordestsanita.it\/index.php?rest_route=\/wp\/v2\/posts\/1511"}],"collection":[{"href":"https:\/\/www.nordestsanita.it\/index.php?rest_route=\/wp\/v2\/posts"}],"about":[{"href":"https:\/\/www.nordestsanita.it\/index.php?rest_route=\/wp\/v2\/types\/post"}],"author":[{"embeddable":true,"href":"https:\/\/www.nordestsanita.it\/index.php?rest_route=\/wp\/v2\/users\/8"}],"replies":[{"embeddable":true,"href":"https:\/\/www.nordestsanita.it\/index.php?rest_route=%2Fwp%2Fv2%2Fcomments&post=1511"}],"version-history":[{"count":3,"href":"https:\/\/www.nordestsanita.it\/index.php?rest_route=\/wp\/v2\/posts\/1511\/revisions"}],"predecessor-version":[{"id":1514,"href":"https:\/\/www.nordestsanita.it\/index.php?rest_route=\/wp\/v2\/posts\/1511\/revisions\/1514"}],"wp:featuredmedia":[{"embeddable":true,"href":"https:\/\/www.nordestsanita.it\/index.php?rest_route=\/wp\/v2\/media\/1403"}],"wp:attachment":[{"href":"https:\/\/www.nordestsanita.it\/index.php?rest_route=%2Fwp%2Fv2%2Fmedia&parent=1511"}],"wp:term":[{"taxonomy":"category","embeddable":true,"href":"https:\/\/www.nordestsanita.it\/index.php?rest_route=%2Fwp%2Fv2%2Fcategories&post=1511"},{"taxonomy":"post_tag","embeddable":true,"href":"https:\/\/www.nordestsanita.it\/index.php?rest_route=%2Fwp%2Fv2%2Ftags&post=1511"}],"curies":[{"name":"wp","href":"https:\/\/api.w.org\/{rel}","templated":true}]}}