{"id":1531,"date":"2022-11-08T18:29:39","date_gmt":"2022-11-08T17:29:39","guid":{"rendered":"https:\/\/www.nordestsanita.it\/?p=1531"},"modified":"2022-11-08T18:30:23","modified_gmt":"2022-11-08T17:30:23","slug":"lattanti-critici-la-proposta-tin-allargate-anche-ai-primi-mesi","status":"publish","type":"post","link":"https:\/\/www.nordestsanita.it\/?p=1531","title":{"rendered":"Lattanti critici, la proposta: TIN allargate anche ai primi mesi"},"content":{"rendered":"\n<p>In occasione del XXVIII Congresso Nazionale della Societ\u00e0 Italiana di Neonatologia (SIN), svoltosi nei giorni scorsi a Firenze, \u00e8 emersa la proposta che le Terapie Intensive Neonatali (TIN) potrebbero garantire assistenza anche per i trattamenti intensivi pediatrici dei primi mesi, in modo da sopperire alla mancanza di Terapie Intensive Pediatriche (TIP).<\/p>\n\n\n\n<!--more-->\n\n\n\n<p>In Italia, infatti, i reparti di Terapia Intensiva Pediatrica sono pochi e con una disomogenea distribuzione geografica, a favore delle regioni del Nord e frequentemente i bambini vengono ricoverati nelle terapie intensive degli adulti, come riportato in un recente articolo dell\u2019European Journal of Paediatrics di Nicola Pozzi ed il Gruppo di Studio di Terapia Intensiva della Prima Infanzia della Societ\u00e0 Italiana di Neonatologia.<\/p>\n\n\n\n<p>Nel nostro Paese \u00e8 difficile individuare il numero di posti letto di TIP, perch\u00e9 manca il codice disciplina che lo identifica, al contrario, invece, di ci\u00f2 che succede per le altre branche della medicina perinatale (per esempio la Terapia Intensiva Neonatale \u00e8 identificata col codice 73, mentre la neonatologia col codice 62). L\u2019ultimo dato disponibile risale al 2014 ed \u00e8 del Network italiano delle Terapie Intensive Pediatriche (TIPNet), un registro italiano su base volontaria, che ne ha individuate solo 23 (11 al Nord, 8 al Centro e 4 per il Sud\/isole) ipotizzando un numero complessivo di 202 posti, con un rapporto posti letto\/bambini molto basso in Italia (1:75.000) rispetto ad altri paesi come l\u2019UK (1:25.000) o l\u2019USA (1:18.000).<\/p>\n\n\n\n<p>Eppure, le TIP sono molto importanti, come d\u2019altra parte lo sono le TIN. Negli ultimi anni, una serie di studi hanno dimostrato che i bambini criticamente malati, ricoverati nei reparti di Terapia Intensiva Pediatrica (TIP), ricevono qualit\u00e0 di cure pi\u00f9 elevate, hanno esiti migliori e una mortalit\u00e0 pi\u00f9 bassa rispetto a quelli ricoverati nei reparti intensivi degli adulti.<\/p>\n\n\n\n<p>La proposta della SIN delle TIN \u201callargate\u201d consentirebbe a tanti bambini di ricevere cure pi\u00f9 appropriate. Secondo gli ultimi dati della Societ\u00e0 Italiana di Neonatologia si contano 118 Terapie Intensive Neonatali, con una distribuzione omogenea su tutto il territorio nazionale, inoltre, alcune TIN hanno gi\u00e0 iniziato a gestire anche bambini oltre i canonici 30 giorni di vita. Infatti, da una survey condotta dal Gruppo di Studio della Terapia Intensiva della Prima Infanzia della SIN, riferita all\u2019anno solare 2019 e a cui hanno risposto l\u201986% delle TIN intervistate, emerge che il 79% delle TIN ricovera o gestisce bambini oltre i 30 giorni di vita e\/o le 44 settimane di et\u00e0 post-concezionale, anche se la maggior parte delle strutture con volumi di attivit\u00e0 molto bassi.<\/p>\n\n\n\n<p>In aree geografiche con limitati o assenti posti di TIP, si potrebbero allestire una o pi\u00f9 TIN \u201callargate\u201d al fine di gestire questi lattanti e bambini, che non troverebbero posto se non nei reparti intensivi degli adulti, che non sono i pi\u00f9 idonei e attrezzati per questa tipologia di pazienti e di patologie, considerando, inoltre, che i lattanti e i bambini piccoli rappresentano circa il 30% dei ricoveri in TIP.<\/p>\n\n\n\n<p>\u201cPensiamo che questo modello assistenziale possa avere numerosi vantaggi, perch\u00e9 molte patologie di cui sono affetti i lattanti e piccoli bambini, che necessitano del ricovero in TIP, sono state contratte durante il periodo perinatale (basti pensare ai lattanti e bambini con conseguenze della prematurit\u00e0, dell\u2019asfissia perinatale, con disordini congeniti e sindromi, etc) e pertanto i neonatologi sono pi\u00f9 predisposti alle cure di questa tipologia di bambini rispetto agli intensivisti in generale. Inoltre, anche in caso di una nuova ondata di pandemia da COVID-19, questo modello assistenziale potrebbe essere di beneficio nella gestione dei piccoli bambini laddove c\u2019\u00e8 scarsit\u00e0 di posti intensivi\u201d, spiega il presidente della SIN Luigi Orfeo.<\/p>\n\n\n\n<p>L\u2019allargamento della TIN richiederebbe comunque un percorso formativo ad hoc degli operatori sanitari (neonatologi e infermieri) alle cure intensive pediatriche, mediante percorsi specifici strutturati, sia accademici, sia da parte delle societ\u00e0 scientifiche che, come la SIN, devono essere in prima linea su questo specifico aspetto educativo-formativo.<br>Inoltre, le TIN allargate devono essere strutturalmente e tecnologicamente adeguate a gestire i bambini pi\u00f9 grandi, acquisendo presidi specifici, come per la ventilazione invasiva e non, gli accessi vascolari eco-guidati, il monitoraggio invasivo e non, etc. La SIN in tal senso dovrebbe collaborare con gli organi istituzionali del nostro paese nel redigere degli standard minimi organizzativi da far adottare alle TIN allargate.<\/p>\n\n\n\n<p>Questo modello di cure miste, in cui a reparti esclusivi di TIP e di TIN, si affiancano reparti misti di TIN allargate \u00e8 gi\u00e0 presente in paesi come la Germania, la Francia e la Spagna, che hanno una territorialit\u00e0 e una popolazione simile alla nostra. Altri Paesi, invece, come Olanda, Svizzera e Israele, hanno adottato una organizzazione sanitaria diversa con una netta separazione tra reparti di TIP e di TIN.<\/p>\n","protected":false},"excerpt":{"rendered":"<p>Le Terapie Intensive Neonatali (TIN) potrebbero garantire assistenza anche per i trattamenti intensivi pediatrici dei primi mesi.<\/p>\n","protected":false},"author":8,"featured_media":1532,"comment_status":"closed","ping_status":"open","sticky":false,"template":"","format":"standard","meta":[],"categories":[24],"tags":[156,280],"yoast_head":"<!-- This site is optimized with the Yoast SEO plugin v20.2 - https:\/\/yoast.com\/wordpress\/plugins\/seo\/ -->\n<title>Lattanti critici, la proposta: TIN allargate anche ai primi mesi - NES<\/title>\n<meta name=\"description\" content=\"Le Terapie Intensive Neonatali (TIN) potrebbero garantire assistenza anche per i trattamenti intensivi pediatrici dei primi mesi.\" \/>\n<meta name=\"robots\" content=\"index, follow, max-snippet:-1, max-image-preview:large, max-video-preview:-1\" \/>\n<link rel=\"canonical\" href=\"https:\/\/www.nordestsanita.it\/?p=1531\" \/>\n<meta property=\"og:locale\" content=\"it_IT\" \/>\n<meta property=\"og:type\" content=\"article\" \/>\n<meta property=\"og:title\" content=\"Lattanti critici, la proposta: TIN allargate anche ai primi mesi - NES\" \/>\n<meta property=\"og:description\" content=\"Le Terapie Intensive Neonatali (TIN) potrebbero garantire assistenza anche per i trattamenti intensivi pediatrici dei primi mesi.\" \/>\n<meta property=\"og:url\" content=\"https:\/\/www.nordestsanita.it\/?p=1531\" \/>\n<meta property=\"og:site_name\" content=\"NES\" \/>\n<meta property=\"article:published_time\" content=\"2022-11-08T17:29:39+00:00\" \/>\n<meta property=\"article:modified_time\" content=\"2022-11-08T17:30:23+00:00\" \/>\n<meta property=\"og:image\" content=\"https:\/\/www.nordestsanita.it\/wp-content\/uploads\/2022\/11\/baby-256857_640.jpg\" \/>\n\t<meta property=\"og:image:width\" content=\"640\" \/>\n\t<meta property=\"og:image:height\" content=\"427\" \/>\n\t<meta property=\"og:image:type\" content=\"image\/jpeg\" \/>\n<meta name=\"author\" content=\"Redazione\" \/>\n<meta name=\"twitter:card\" content=\"summary_large_image\" \/>\n<meta name=\"twitter:label1\" content=\"Scritto da\" \/>\n\t<meta name=\"twitter:data1\" content=\"Redazione\" \/>\n\t<meta name=\"twitter:label2\" content=\"Tempo di lettura stimato\" \/>\n\t<meta name=\"twitter:data2\" content=\"4 minuti\" \/>\n<script type=\"application\/ld+json\" class=\"yoast-schema-graph\">{\"@context\":\"https:\/\/schema.org\",\"@graph\":[{\"@type\":\"Article\",\"@id\":\"https:\/\/www.nordestsanita.it\/?p=1531#article\",\"isPartOf\":{\"@id\":\"https:\/\/www.nordestsanita.it\/?p=1531\"},\"author\":{\"name\":\"Redazione\",\"@id\":\"https:\/\/www.nordestsanita.it\/#\/schema\/person\/e5a7dc6dca45cb55e67d4a127b0e969a\"},\"headline\":\"Lattanti critici, la proposta: TIN allargate anche ai primi mesi\",\"datePublished\":\"2022-11-08T17:29:39+00:00\",\"dateModified\":\"2022-11-08T17:30:23+00:00\",\"mainEntityOfPage\":{\"@id\":\"https:\/\/www.nordestsanita.it\/?p=1531\"},\"wordCount\":767,\"publisher\":{\"@id\":\"https:\/\/www.nordestsanita.it\/#organization\"},\"keywords\":[\"neonati\",\"SIN\"],\"articleSection\":[\"Attualit\u00e0\"],\"inLanguage\":\"it-IT\"},{\"@type\":\"WebPage\",\"@id\":\"https:\/\/www.nordestsanita.it\/?p=1531\",\"url\":\"https:\/\/www.nordestsanita.it\/?p=1531\",\"name\":\"Lattanti critici, la proposta: TIN allargate anche ai primi mesi - NES\",\"isPartOf\":{\"@id\":\"https:\/\/www.nordestsanita.it\/#website\"},\"datePublished\":\"2022-11-08T17:29:39+00:00\",\"dateModified\":\"2022-11-08T17:30:23+00:00\",\"description\":\"Le Terapie Intensive Neonatali (TIN) potrebbero garantire assistenza anche per i trattamenti intensivi pediatrici dei primi mesi.\",\"breadcrumb\":{\"@id\":\"https:\/\/www.nordestsanita.it\/?p=1531#breadcrumb\"},\"inLanguage\":\"it-IT\",\"potentialAction\":[{\"@type\":\"ReadAction\",\"target\":[\"https:\/\/www.nordestsanita.it\/?p=1531\"]}]},{\"@type\":\"BreadcrumbList\",\"@id\":\"https:\/\/www.nordestsanita.it\/?p=1531#breadcrumb\",\"itemListElement\":[{\"@type\":\"ListItem\",\"position\":1,\"name\":\"Home\",\"item\":\"https:\/\/www.nordestsanita.it\/\"},{\"@type\":\"ListItem\",\"position\":2,\"name\":\"Lattanti critici, la proposta: TIN allargate anche ai primi mesi\"}]},{\"@type\":\"WebSite\",\"@id\":\"https:\/\/www.nordestsanita.it\/#website\",\"url\":\"https:\/\/www.nordestsanita.it\/\",\"name\":\"NES\",\"description\":\"Nord Est Sanit\u00e0\",\"publisher\":{\"@id\":\"https:\/\/www.nordestsanita.it\/#organization\"},\"potentialAction\":[{\"@type\":\"SearchAction\",\"target\":{\"@type\":\"EntryPoint\",\"urlTemplate\":\"https:\/\/www.nordestsanita.it\/?s={search_term_string}\"},\"query-input\":\"required name=search_term_string\"}],\"inLanguage\":\"it-IT\"},{\"@type\":\"Organization\",\"@id\":\"https:\/\/www.nordestsanita.it\/#organization\",\"name\":\"NES\",\"url\":\"https:\/\/www.nordestsanita.it\/\",\"logo\":{\"@type\":\"ImageObject\",\"inLanguage\":\"it-IT\",\"@id\":\"https:\/\/www.nordestsanita.it\/#\/schema\/logo\/image\/\",\"url\":\"https:\/\/www.nordestsanita.it\/wp-content\/uploads\/2021\/05\/NES-1280.png\",\"contentUrl\":\"https:\/\/www.nordestsanita.it\/wp-content\/uploads\/2021\/05\/NES-1280.png\",\"width\":1280,\"height\":458,\"caption\":\"NES\"},\"image\":{\"@id\":\"https:\/\/www.nordestsanita.it\/#\/schema\/logo\/image\/\"}},{\"@type\":\"Person\",\"@id\":\"https:\/\/www.nordestsanita.it\/#\/schema\/person\/e5a7dc6dca45cb55e67d4a127b0e969a\",\"name\":\"Redazione\",\"image\":{\"@type\":\"ImageObject\",\"inLanguage\":\"it-IT\",\"@id\":\"https:\/\/www.nordestsanita.it\/#\/schema\/person\/image\/\",\"url\":\"https:\/\/secure.gravatar.com\/avatar\/3f19a9b3d671ea36ec67c4badf3f961a?s=96&d=mm&r=g\",\"contentUrl\":\"https:\/\/secure.gravatar.com\/avatar\/3f19a9b3d671ea36ec67c4badf3f961a?s=96&d=mm&r=g\",\"caption\":\"Redazione\"},\"url\":\"https:\/\/www.nordestsanita.it\/?author=8\"}]}<\/script>\n<!-- \/ Yoast SEO plugin. -->","yoast_head_json":{"title":"Lattanti critici, la proposta: TIN allargate anche ai primi mesi - NES","description":"Le Terapie Intensive Neonatali (TIN) potrebbero garantire assistenza anche per i trattamenti intensivi pediatrici dei primi mesi.","robots":{"index":"index","follow":"follow","max-snippet":"max-snippet:-1","max-image-preview":"max-image-preview:large","max-video-preview":"max-video-preview:-1"},"canonical":"https:\/\/www.nordestsanita.it\/?p=1531","og_locale":"it_IT","og_type":"article","og_title":"Lattanti critici, la proposta: TIN allargate anche ai primi mesi - NES","og_description":"Le Terapie Intensive Neonatali (TIN) potrebbero garantire assistenza anche per i trattamenti intensivi pediatrici dei primi mesi.","og_url":"https:\/\/www.nordestsanita.it\/?p=1531","og_site_name":"NES","article_published_time":"2022-11-08T17:29:39+00:00","article_modified_time":"2022-11-08T17:30:23+00:00","og_image":[{"width":640,"height":427,"url":"https:\/\/www.nordestsanita.it\/wp-content\/uploads\/2022\/11\/baby-256857_640.jpg","type":"image\/jpeg"}],"author":"Redazione","twitter_card":"summary_large_image","twitter_misc":{"Scritto da":"Redazione","Tempo di lettura stimato":"4 minuti"},"schema":{"@context":"https:\/\/schema.org","@graph":[{"@type":"Article","@id":"https:\/\/www.nordestsanita.it\/?p=1531#article","isPartOf":{"@id":"https:\/\/www.nordestsanita.it\/?p=1531"},"author":{"name":"Redazione","@id":"https:\/\/www.nordestsanita.it\/#\/schema\/person\/e5a7dc6dca45cb55e67d4a127b0e969a"},"headline":"Lattanti critici, la proposta: TIN allargate anche ai primi mesi","datePublished":"2022-11-08T17:29:39+00:00","dateModified":"2022-11-08T17:30:23+00:00","mainEntityOfPage":{"@id":"https:\/\/www.nordestsanita.it\/?p=1531"},"wordCount":767,"publisher":{"@id":"https:\/\/www.nordestsanita.it\/#organization"},"keywords":["neonati","SIN"],"articleSection":["Attualit\u00e0"],"inLanguage":"it-IT"},{"@type":"WebPage","@id":"https:\/\/www.nordestsanita.it\/?p=1531","url":"https:\/\/www.nordestsanita.it\/?p=1531","name":"Lattanti critici, la proposta: TIN allargate anche ai primi mesi - NES","isPartOf":{"@id":"https:\/\/www.nordestsanita.it\/#website"},"datePublished":"2022-11-08T17:29:39+00:00","dateModified":"2022-11-08T17:30:23+00:00","description":"Le Terapie Intensive Neonatali (TIN) potrebbero garantire assistenza anche per i trattamenti intensivi pediatrici dei primi mesi.","breadcrumb":{"@id":"https:\/\/www.nordestsanita.it\/?p=1531#breadcrumb"},"inLanguage":"it-IT","potentialAction":[{"@type":"ReadAction","target":["https:\/\/www.nordestsanita.it\/?p=1531"]}]},{"@type":"BreadcrumbList","@id":"https:\/\/www.nordestsanita.it\/?p=1531#breadcrumb","itemListElement":[{"@type":"ListItem","position":1,"name":"Home","item":"https:\/\/www.nordestsanita.it\/"},{"@type":"ListItem","position":2,"name":"Lattanti critici, la proposta: TIN allargate anche ai primi mesi"}]},{"@type":"WebSite","@id":"https:\/\/www.nordestsanita.it\/#website","url":"https:\/\/www.nordestsanita.it\/","name":"NES","description":"Nord Est Sanit\u00e0","publisher":{"@id":"https:\/\/www.nordestsanita.it\/#organization"},"potentialAction":[{"@type":"SearchAction","target":{"@type":"EntryPoint","urlTemplate":"https:\/\/www.nordestsanita.it\/?s={search_term_string}"},"query-input":"required name=search_term_string"}],"inLanguage":"it-IT"},{"@type":"Organization","@id":"https:\/\/www.nordestsanita.it\/#organization","name":"NES","url":"https:\/\/www.nordestsanita.it\/","logo":{"@type":"ImageObject","inLanguage":"it-IT","@id":"https:\/\/www.nordestsanita.it\/#\/schema\/logo\/image\/","url":"https:\/\/www.nordestsanita.it\/wp-content\/uploads\/2021\/05\/NES-1280.png","contentUrl":"https:\/\/www.nordestsanita.it\/wp-content\/uploads\/2021\/05\/NES-1280.png","width":1280,"height":458,"caption":"NES"},"image":{"@id":"https:\/\/www.nordestsanita.it\/#\/schema\/logo\/image\/"}},{"@type":"Person","@id":"https:\/\/www.nordestsanita.it\/#\/schema\/person\/e5a7dc6dca45cb55e67d4a127b0e969a","name":"Redazione","image":{"@type":"ImageObject","inLanguage":"it-IT","@id":"https:\/\/www.nordestsanita.it\/#\/schema\/person\/image\/","url":"https:\/\/secure.gravatar.com\/avatar\/3f19a9b3d671ea36ec67c4badf3f961a?s=96&d=mm&r=g","contentUrl":"https:\/\/secure.gravatar.com\/avatar\/3f19a9b3d671ea36ec67c4badf3f961a?s=96&d=mm&r=g","caption":"Redazione"},"url":"https:\/\/www.nordestsanita.it\/?author=8"}]}},"jetpack_featured_media_url":"https:\/\/www.nordestsanita.it\/wp-content\/uploads\/2022\/11\/baby-256857_640.jpg","_links":{"self":[{"href":"https:\/\/www.nordestsanita.it\/index.php?rest_route=\/wp\/v2\/posts\/1531"}],"collection":[{"href":"https:\/\/www.nordestsanita.it\/index.php?rest_route=\/wp\/v2\/posts"}],"about":[{"href":"https:\/\/www.nordestsanita.it\/index.php?rest_route=\/wp\/v2\/types\/post"}],"author":[{"embeddable":true,"href":"https:\/\/www.nordestsanita.it\/index.php?rest_route=\/wp\/v2\/users\/8"}],"replies":[{"embeddable":true,"href":"https:\/\/www.nordestsanita.it\/index.php?rest_route=%2Fwp%2Fv2%2Fcomments&post=1531"}],"version-history":[{"count":1,"href":"https:\/\/www.nordestsanita.it\/index.php?rest_route=\/wp\/v2\/posts\/1531\/revisions"}],"predecessor-version":[{"id":1533,"href":"https:\/\/www.nordestsanita.it\/index.php?rest_route=\/wp\/v2\/posts\/1531\/revisions\/1533"}],"wp:featuredmedia":[{"embeddable":true,"href":"https:\/\/www.nordestsanita.it\/index.php?rest_route=\/wp\/v2\/media\/1532"}],"wp:attachment":[{"href":"https:\/\/www.nordestsanita.it\/index.php?rest_route=%2Fwp%2Fv2%2Fmedia&parent=1531"}],"wp:term":[{"taxonomy":"category","embeddable":true,"href":"https:\/\/www.nordestsanita.it\/index.php?rest_route=%2Fwp%2Fv2%2Fcategories&post=1531"},{"taxonomy":"post_tag","embeddable":true,"href":"https:\/\/www.nordestsanita.it\/index.php?rest_route=%2Fwp%2Fv2%2Ftags&post=1531"}],"curies":[{"name":"wp","href":"https:\/\/api.w.org\/{rel}","templated":true}]}}