{"id":1537,"date":"2022-11-17T17:36:42","date_gmt":"2022-11-17T16:36:42","guid":{"rendered":"https:\/\/www.nordestsanita.it\/?p=1537"},"modified":"2022-11-17T17:36:43","modified_gmt":"2022-11-17T16:36:43","slug":"veneto-presentato-il-pdta-2022-del-tumore-alla-prostata","status":"publish","type":"post","link":"https:\/\/www.nordestsanita.it\/?p=1537","title":{"rendered":"Veneto, presentato il PDTA 2022 del tumore alla prostata"},"content":{"rendered":"\n<p>Si \u00e8 tenuto oggi il Convegno \u2018Tumore della prostata: presentazione PDTA 2022 della Regione del Veneto\u2019, organizzato da OVER Group e che ha visto confrontarsi i massimi esperti del comparto sanitario italiano sulla patologia del tumore della prostata. Obiettivo: presentare i risultati dell\u2019attivit\u00e0 svolta nel 2022 da un gruppo di lavoro multidisciplinare sull\u2019aggiornamento del PDTA sul tumore della prostata cui la Regione Veneto \u00e8 dotata dal 2017.<\/p>\n\n\n\n<!--more-->\n\n\n\n<p>\u201cIl tumore alla prostata rappresenta la prima neoplasia nel sesso maschile, e anche in Veneto vi sono oggi circa 40 mila soggetti affetti. Questa patologia pu\u00f2 essere diagnosticata grazie all\u2019impiego di indagini sofisticate come la risonanza magnetica multiparametrica o la PET. La cura utilizza armi farmacologiche, chirurgiche e radioterapiche sempre pi\u00f9 evolute e spesso usate in combinazione. Per far ci\u00f2 diversi specialisti si dedicano a questa patologia: urologi, oncologi, radioterapisti, radiologi, medici nucleari, anatomo-patologi, fisiatri, genetisti, psicologi e nutrizionisti e altri ancora; infatti, lavorano in team ponendo il paziente al centro. Chiaramente, a ci\u00f2 corrisponde un grande impegno delle risorse del sistema sanitario. \u00c8 per questo che serve il PDTA, percorso diagnostico terapeutico assistenziale, per razionalizzare l\u2019iter seguito dai pazienti con una data patologia. Questo PDTA ha coinvolto 30 professionisti che, attraverso diverse riunioni, hanno ridefinito quale debba essere il percorso ottimale del paziente con tumore prostatico. Oggi verr\u00e0 presentato il lavoro svolto negli ultimi mesi e si raccoglieranno le opinioni dei tanti sanitari che parteciperanno alla discussione in aula. Poi la versione finale del testo sar\u00e0 depositata in Regione per essere resa a tutti disponibile: siamo certi che questo PDTA migliorer\u00e0 la qualit\u00e0 delle cure del tumore prostatico in Veneto\u201d, ha spiegato Alessandro Antonelli, Professore Ordinario di Urologia &#8216;Universit\u00e0 degli Studi di Verona e Presidente Unit\u00e0 Urologia Azienda Ospedaliera Universitaria di Verona.<\/p>\n\n\n\n<p>\u201cLa nuova versione del PDTA, che segue quella di oltre 7 anni fa, ha determinato una notevole innovazione in tutti gli ambiti di cura, grazie alle novit\u00e0 terapeutiche degli ultimi anni. Sono stati coinvolti specialisti di vari settori, che rappresentano tutte le realt\u00e0 della Regione Veneto, permettendo di realizzare un PDTA innovativo e condiviso tra gli specialisti del Veneto che si occupano del trattamento dei tumori della prostata. Con la presentazione di oggi ci auguriamo di estendere ulteriormente questa condivisione finalizzata a definire un PDTA per il malato di tumore che sia omogeneo in tutta la Regione Veneto\u201d, ha dichiarato Vittorina Zagonel, Direttore Unit\u00e0 Operativa Oncologia e Direttore Dipartimento Oncologia Istituto Oncologico Veneto IRCCS Padova.<\/p>\n","protected":false},"excerpt":{"rendered":"<p>Si \u00e8 tenuto il 17 novembre il Convegno \u2018Tumore della prostata: presentazione PDTA 2022 della Regione del Veneto\u2019.<\/p>\n","protected":false},"author":8,"featured_media":1538,"comment_status":"closed","ping_status":"open","sticky":false,"template":"","format":"standard","meta":[],"categories":[24],"tags":[71,281],"yoast_head":"<!-- This site is optimized with the Yoast SEO plugin v20.2 - https:\/\/yoast.com\/wordpress\/plugins\/seo\/ -->\n<title>Veneto, presentato il PDTA 2022 del tumore alla prostata - NES<\/title>\n<meta name=\"description\" content=\"Si \u00e8 tenuto il 17 novembre il Convegno \u2018Tumore della prostata: presentazione PDTA 2022 della Regione del Veneto\u2019.\" \/>\n<meta name=\"robots\" content=\"index, follow, max-snippet:-1, max-image-preview:large, max-video-preview:-1\" \/>\n<link rel=\"canonical\" href=\"https:\/\/www.nordestsanita.it\/?p=1537\" \/>\n<meta property=\"og:locale\" content=\"it_IT\" \/>\n<meta property=\"og:type\" content=\"article\" \/>\n<meta property=\"og:title\" content=\"Veneto, presentato il PDTA 2022 del tumore alla prostata - NES\" \/>\n<meta property=\"og:description\" content=\"Si \u00e8 tenuto il 17 novembre il Convegno \u2018Tumore della prostata: presentazione PDTA 2022 della Regione del Veneto\u2019.\" \/>\n<meta property=\"og:url\" content=\"https:\/\/www.nordestsanita.it\/?p=1537\" \/>\n<meta property=\"og:site_name\" content=\"NES\" \/>\n<meta property=\"article:published_time\" content=\"2022-11-17T16:36:42+00:00\" \/>\n<meta property=\"article:modified_time\" content=\"2022-11-17T16:36:43+00:00\" \/>\n<meta property=\"og:image\" content=\"https:\/\/www.nordestsanita.it\/wp-content\/uploads\/2022\/11\/hemorrhoids-2790200_640.jpg\" \/>\n\t<meta property=\"og:image:width\" content=\"640\" \/>\n\t<meta property=\"og:image:height\" content=\"427\" \/>\n\t<meta property=\"og:image:type\" content=\"image\/jpeg\" \/>\n<meta name=\"author\" content=\"Redazione\" \/>\n<meta name=\"twitter:card\" content=\"summary_large_image\" \/>\n<meta name=\"twitter:label1\" content=\"Scritto da\" \/>\n\t<meta name=\"twitter:data1\" content=\"Redazione\" \/>\n\t<meta name=\"twitter:label2\" content=\"Tempo di lettura stimato\" \/>\n\t<meta name=\"twitter:data2\" content=\"2 minuti\" \/>\n<script type=\"application\/ld+json\" class=\"yoast-schema-graph\">{\"@context\":\"https:\/\/schema.org\",\"@graph\":[{\"@type\":\"Article\",\"@id\":\"https:\/\/www.nordestsanita.it\/?p=1537#article\",\"isPartOf\":{\"@id\":\"https:\/\/www.nordestsanita.it\/?p=1537\"},\"author\":{\"name\":\"Redazione\",\"@id\":\"https:\/\/www.nordestsanita.it\/#\/schema\/person\/e5a7dc6dca45cb55e67d4a127b0e969a\"},\"headline\":\"Veneto, presentato il PDTA 2022 del tumore alla prostata\",\"datePublished\":\"2022-11-17T16:36:42+00:00\",\"dateModified\":\"2022-11-17T16:36:43+00:00\",\"mainEntityOfPage\":{\"@id\":\"https:\/\/www.nordestsanita.it\/?p=1537\"},\"wordCount\":408,\"publisher\":{\"@id\":\"https:\/\/www.nordestsanita.it\/#organization\"},\"keywords\":[\"Regione Veneto\",\"tumore prostata\"],\"articleSection\":[\"Attualit\u00e0\"],\"inLanguage\":\"it-IT\"},{\"@type\":\"WebPage\",\"@id\":\"https:\/\/www.nordestsanita.it\/?p=1537\",\"url\":\"https:\/\/www.nordestsanita.it\/?p=1537\",\"name\":\"Veneto, presentato il PDTA 2022 del tumore alla prostata - NES\",\"isPartOf\":{\"@id\":\"https:\/\/www.nordestsanita.it\/#website\"},\"datePublished\":\"2022-11-17T16:36:42+00:00\",\"dateModified\":\"2022-11-17T16:36:43+00:00\",\"description\":\"Si \u00e8 tenuto il 17 novembre il Convegno \u2018Tumore della prostata: presentazione PDTA 2022 della Regione del Veneto\u2019.\",\"breadcrumb\":{\"@id\":\"https:\/\/www.nordestsanita.it\/?p=1537#breadcrumb\"},\"inLanguage\":\"it-IT\",\"potentialAction\":[{\"@type\":\"ReadAction\",\"target\":[\"https:\/\/www.nordestsanita.it\/?p=1537\"]}]},{\"@type\":\"BreadcrumbList\",\"@id\":\"https:\/\/www.nordestsanita.it\/?p=1537#breadcrumb\",\"itemListElement\":[{\"@type\":\"ListItem\",\"position\":1,\"name\":\"Home\",\"item\":\"https:\/\/www.nordestsanita.it\/\"},{\"@type\":\"ListItem\",\"position\":2,\"name\":\"Veneto, presentato il PDTA 2022 del tumore alla prostata\"}]},{\"@type\":\"WebSite\",\"@id\":\"https:\/\/www.nordestsanita.it\/#website\",\"url\":\"https:\/\/www.nordestsanita.it\/\",\"name\":\"NES\",\"description\":\"Nord Est Sanit\u00e0\",\"publisher\":{\"@id\":\"https:\/\/www.nordestsanita.it\/#organization\"},\"potentialAction\":[{\"@type\":\"SearchAction\",\"target\":{\"@type\":\"EntryPoint\",\"urlTemplate\":\"https:\/\/www.nordestsanita.it\/?s={search_term_string}\"},\"query-input\":\"required name=search_term_string\"}],\"inLanguage\":\"it-IT\"},{\"@type\":\"Organization\",\"@id\":\"https:\/\/www.nordestsanita.it\/#organization\",\"name\":\"NES\",\"url\":\"https:\/\/www.nordestsanita.it\/\",\"logo\":{\"@type\":\"ImageObject\",\"inLanguage\":\"it-IT\",\"@id\":\"https:\/\/www.nordestsanita.it\/#\/schema\/logo\/image\/\",\"url\":\"https:\/\/www.nordestsanita.it\/wp-content\/uploads\/2021\/05\/NES-1280.png\",\"contentUrl\":\"https:\/\/www.nordestsanita.it\/wp-content\/uploads\/2021\/05\/NES-1280.png\",\"width\":1280,\"height\":458,\"caption\":\"NES\"},\"image\":{\"@id\":\"https:\/\/www.nordestsanita.it\/#\/schema\/logo\/image\/\"}},{\"@type\":\"Person\",\"@id\":\"https:\/\/www.nordestsanita.it\/#\/schema\/person\/e5a7dc6dca45cb55e67d4a127b0e969a\",\"name\":\"Redazione\",\"image\":{\"@type\":\"ImageObject\",\"inLanguage\":\"it-IT\",\"@id\":\"https:\/\/www.nordestsanita.it\/#\/schema\/person\/image\/\",\"url\":\"https:\/\/secure.gravatar.com\/avatar\/3f19a9b3d671ea36ec67c4badf3f961a?s=96&d=mm&r=g\",\"contentUrl\":\"https:\/\/secure.gravatar.com\/avatar\/3f19a9b3d671ea36ec67c4badf3f961a?s=96&d=mm&r=g\",\"caption\":\"Redazione\"},\"url\":\"https:\/\/www.nordestsanita.it\/?author=8\"}]}<\/script>\n<!-- \/ Yoast SEO plugin. -->","yoast_head_json":{"title":"Veneto, presentato il PDTA 2022 del tumore alla prostata - NES","description":"Si \u00e8 tenuto il 17 novembre il Convegno \u2018Tumore della prostata: presentazione PDTA 2022 della Regione del Veneto\u2019.","robots":{"index":"index","follow":"follow","max-snippet":"max-snippet:-1","max-image-preview":"max-image-preview:large","max-video-preview":"max-video-preview:-1"},"canonical":"https:\/\/www.nordestsanita.it\/?p=1537","og_locale":"it_IT","og_type":"article","og_title":"Veneto, presentato il PDTA 2022 del tumore alla prostata - NES","og_description":"Si \u00e8 tenuto il 17 novembre il Convegno \u2018Tumore della prostata: presentazione PDTA 2022 della Regione del Veneto\u2019.","og_url":"https:\/\/www.nordestsanita.it\/?p=1537","og_site_name":"NES","article_published_time":"2022-11-17T16:36:42+00:00","article_modified_time":"2022-11-17T16:36:43+00:00","og_image":[{"width":640,"height":427,"url":"https:\/\/www.nordestsanita.it\/wp-content\/uploads\/2022\/11\/hemorrhoids-2790200_640.jpg","type":"image\/jpeg"}],"author":"Redazione","twitter_card":"summary_large_image","twitter_misc":{"Scritto da":"Redazione","Tempo di lettura stimato":"2 minuti"},"schema":{"@context":"https:\/\/schema.org","@graph":[{"@type":"Article","@id":"https:\/\/www.nordestsanita.it\/?p=1537#article","isPartOf":{"@id":"https:\/\/www.nordestsanita.it\/?p=1537"},"author":{"name":"Redazione","@id":"https:\/\/www.nordestsanita.it\/#\/schema\/person\/e5a7dc6dca45cb55e67d4a127b0e969a"},"headline":"Veneto, presentato il PDTA 2022 del tumore alla prostata","datePublished":"2022-11-17T16:36:42+00:00","dateModified":"2022-11-17T16:36:43+00:00","mainEntityOfPage":{"@id":"https:\/\/www.nordestsanita.it\/?p=1537"},"wordCount":408,"publisher":{"@id":"https:\/\/www.nordestsanita.it\/#organization"},"keywords":["Regione Veneto","tumore prostata"],"articleSection":["Attualit\u00e0"],"inLanguage":"it-IT"},{"@type":"WebPage","@id":"https:\/\/www.nordestsanita.it\/?p=1537","url":"https:\/\/www.nordestsanita.it\/?p=1537","name":"Veneto, presentato il PDTA 2022 del tumore alla prostata - NES","isPartOf":{"@id":"https:\/\/www.nordestsanita.it\/#website"},"datePublished":"2022-11-17T16:36:42+00:00","dateModified":"2022-11-17T16:36:43+00:00","description":"Si \u00e8 tenuto il 17 novembre il Convegno \u2018Tumore della prostata: presentazione PDTA 2022 della Regione del Veneto\u2019.","breadcrumb":{"@id":"https:\/\/www.nordestsanita.it\/?p=1537#breadcrumb"},"inLanguage":"it-IT","potentialAction":[{"@type":"ReadAction","target":["https:\/\/www.nordestsanita.it\/?p=1537"]}]},{"@type":"BreadcrumbList","@id":"https:\/\/www.nordestsanita.it\/?p=1537#breadcrumb","itemListElement":[{"@type":"ListItem","position":1,"name":"Home","item":"https:\/\/www.nordestsanita.it\/"},{"@type":"ListItem","position":2,"name":"Veneto, presentato il PDTA 2022 del tumore alla prostata"}]},{"@type":"WebSite","@id":"https:\/\/www.nordestsanita.it\/#website","url":"https:\/\/www.nordestsanita.it\/","name":"NES","description":"Nord Est Sanit\u00e0","publisher":{"@id":"https:\/\/www.nordestsanita.it\/#organization"},"potentialAction":[{"@type":"SearchAction","target":{"@type":"EntryPoint","urlTemplate":"https:\/\/www.nordestsanita.it\/?s={search_term_string}"},"query-input":"required name=search_term_string"}],"inLanguage":"it-IT"},{"@type":"Organization","@id":"https:\/\/www.nordestsanita.it\/#organization","name":"NES","url":"https:\/\/www.nordestsanita.it\/","logo":{"@type":"ImageObject","inLanguage":"it-IT","@id":"https:\/\/www.nordestsanita.it\/#\/schema\/logo\/image\/","url":"https:\/\/www.nordestsanita.it\/wp-content\/uploads\/2021\/05\/NES-1280.png","contentUrl":"https:\/\/www.nordestsanita.it\/wp-content\/uploads\/2021\/05\/NES-1280.png","width":1280,"height":458,"caption":"NES"},"image":{"@id":"https:\/\/www.nordestsanita.it\/#\/schema\/logo\/image\/"}},{"@type":"Person","@id":"https:\/\/www.nordestsanita.it\/#\/schema\/person\/e5a7dc6dca45cb55e67d4a127b0e969a","name":"Redazione","image":{"@type":"ImageObject","inLanguage":"it-IT","@id":"https:\/\/www.nordestsanita.it\/#\/schema\/person\/image\/","url":"https:\/\/secure.gravatar.com\/avatar\/3f19a9b3d671ea36ec67c4badf3f961a?s=96&d=mm&r=g","contentUrl":"https:\/\/secure.gravatar.com\/avatar\/3f19a9b3d671ea36ec67c4badf3f961a?s=96&d=mm&r=g","caption":"Redazione"},"url":"https:\/\/www.nordestsanita.it\/?author=8"}]}},"jetpack_featured_media_url":"https:\/\/www.nordestsanita.it\/wp-content\/uploads\/2022\/11\/hemorrhoids-2790200_640.jpg","_links":{"self":[{"href":"https:\/\/www.nordestsanita.it\/index.php?rest_route=\/wp\/v2\/posts\/1537"}],"collection":[{"href":"https:\/\/www.nordestsanita.it\/index.php?rest_route=\/wp\/v2\/posts"}],"about":[{"href":"https:\/\/www.nordestsanita.it\/index.php?rest_route=\/wp\/v2\/types\/post"}],"author":[{"embeddable":true,"href":"https:\/\/www.nordestsanita.it\/index.php?rest_route=\/wp\/v2\/users\/8"}],"replies":[{"embeddable":true,"href":"https:\/\/www.nordestsanita.it\/index.php?rest_route=%2Fwp%2Fv2%2Fcomments&post=1537"}],"version-history":[{"count":1,"href":"https:\/\/www.nordestsanita.it\/index.php?rest_route=\/wp\/v2\/posts\/1537\/revisions"}],"predecessor-version":[{"id":1539,"href":"https:\/\/www.nordestsanita.it\/index.php?rest_route=\/wp\/v2\/posts\/1537\/revisions\/1539"}],"wp:featuredmedia":[{"embeddable":true,"href":"https:\/\/www.nordestsanita.it\/index.php?rest_route=\/wp\/v2\/media\/1538"}],"wp:attachment":[{"href":"https:\/\/www.nordestsanita.it\/index.php?rest_route=%2Fwp%2Fv2%2Fmedia&parent=1537"}],"wp:term":[{"taxonomy":"category","embeddable":true,"href":"https:\/\/www.nordestsanita.it\/index.php?rest_route=%2Fwp%2Fv2%2Fcategories&post=1537"},{"taxonomy":"post_tag","embeddable":true,"href":"https:\/\/www.nordestsanita.it\/index.php?rest_route=%2Fwp%2Fv2%2Ftags&post=1537"}],"curies":[{"name":"wp","href":"https:\/\/api.w.org\/{rel}","templated":true}]}}