{"id":1547,"date":"2022-11-29T17:35:07","date_gmt":"2022-11-29T16:35:07","guid":{"rendered":"https:\/\/www.nordestsanita.it\/?p=1547"},"modified":"2022-11-29T17:35:08","modified_gmt":"2022-11-29T16:35:08","slug":"covid-approvato-in-veneto-nuovo-piano-di-sanita-pubblica","status":"publish","type":"post","link":"https:\/\/www.nordestsanita.it\/?p=1547","title":{"rendered":"Covid, approvato in Veneto nuovo Piano di Sanit\u00e0 Pubblica"},"content":{"rendered":"\n<p>Su proposta dell\u2019Assessore alla Sanit\u00e0 Manuela Lanzarin, la Giunta regionale ha approvato un ulteriore aggiornamento del proprio Piano di Sanit\u00e0 Pubblica dal titolo \u201cAggiornamento e Rimodulazione delle Strategie di Gestione e Controllo della Pandemia Covid-19\u201d.<\/p>\n\n\n\n<!--more-->\n\n\n\n<p>Il documento parte dalla premessa che \u201cl\u2019attuale scenario epidemiologico \u00e8 caratterizzato da un aumento dei casi di Sars-Cov-2, con l\u2019occupazione dei posti letto che mostra un leggero aumento, senza peraltro evidenziare allo stato attuale particolari criticit\u00e0. In questo momento si sta anche registrando un rapido aumento dei virus respiratori influenzali.<\/p>\n\n\n\n<p>Si tratta di una fase epidemiologica in evoluzione, che richiede quindi un attento monitoraggio anche per anticipare la comparsa o circolazione di possibili varianti pi\u00f9 pericolose. \u201cE\u2019 quindi importante e raccomandato \u2013 scrivono i tecnici della Prevenzione regionale \u2013 utilizzare la mascherina nelle occasioni di assembramento e nei luoghi chiusi per proteggersi dai virus circolanti\u201d.<\/p>\n\n\n\n<p>\u201cCome negli scorsi due anni \u2013 fa notare la Lanzarin \u2013 per essere sempre al passo con l\u2019evoluzione della situazione \u2013 aggiorniamo la nostra pianificazione, rendendola rispondente al massimo possibile alla situazione contingente. Si tratta di un lavoro soprattutto di prevenzione, attuato attraverso comportamenti coscienziosi, consigliati alla gente comune, e un\u2019organizzazione di screening in ospedali e case di riposo\u201d.<\/p>\n\n\n\n<p>Per le strutture ospedaliere \u00e8 previsto il rafforzamento dello screening e sorveglianza degli operatori sanitari: almeno un test ogni 10 giorni per gli operatori che svolgono attivit\u00e0 nei contesti a maggior rischio; raccomandato un test ogni 5 giorni per gli operatori che svolgono assistenza diretta al paziente nei reparti nei quali \u00e8 stata riscontrata positivit\u00e0 nel personale negli ultimi 10 giorni; almeno un test ogni 20 giorni per gli operatori che svolgono attivit\u00e0 di assistenza diretta in reparti o servizi NON Covid 19.<\/p>\n\n\n\n<p>Per le Strutture Residenziali per Anziani \u00e8 previsto un test ogni 10 giorni per gli operatori che svolgono assistenza diretta agli ospiti; un testo ogni 10 giorni viene eseguito anche per gli ospiti.<\/p>\n\n\n\n<p>E\u2019 inoltre prevista un\u2019ulteriore attenzione alla sfera affettiva da parte delle strutture, con la possibilit\u00e0 di coinvolgere i famigliari nelle attivit\u00e0 di supporto all\u2019ospite e di garantire, in vista delle feste, l\u2019uscita temporanea per i rientri in famiglia. Al rientro dell\u2019ospite, verranno eseguiti due test antigenici, di cui uno al rientro e uno dopo 2-4 giorni.<\/p>\n\n\n\n<p>Il nuovo Piano, infine, mantiene anche per la stagione in corso una sorveglianza epidemiologica specifica in alcune scuole, in collaborazione con la Scuola di Igiene dell\u2019Universit\u00e0 di Padova, per monitorare questo contesto con particolare attenzione.<\/p>\n","protected":false},"excerpt":{"rendered":"<p>Approvato in Veneto il Piano di Sanit\u00e0 Pubblica Aggiornamento e Rimodulazione delle Strategie di Gestione e Controllo della Pandemia Covid-19<\/p>\n","protected":false},"author":8,"featured_media":1417,"comment_status":"closed","ping_status":"open","sticky":false,"template":"","format":"standard","meta":[],"categories":[29,25],"tags":[39,71,33],"yoast_head":"<!-- This site is optimized with the Yoast SEO plugin v20.2 - https:\/\/yoast.com\/wordpress\/plugins\/seo\/ -->\n<title>Covid, approvato in Veneto nuovo Piano di Sanit\u00e0 Pubblica - NES<\/title>\n<meta name=\"description\" content=\"Approvato in Veneto il Piano di Sanit\u00e0 Pubblica Aggiornamento e Rimodulazione delle Strategie di Gestione e Controllo della Pandemia Covid-19\" \/>\n<meta name=\"robots\" content=\"index, follow, max-snippet:-1, max-image-preview:large, max-video-preview:-1\" \/>\n<link rel=\"canonical\" href=\"https:\/\/www.nordestsanita.it\/?p=1547\" \/>\n<meta property=\"og:locale\" content=\"it_IT\" \/>\n<meta property=\"og:type\" content=\"article\" \/>\n<meta property=\"og:title\" content=\"Covid, approvato in Veneto nuovo Piano di Sanit\u00e0 Pubblica - NES\" \/>\n<meta property=\"og:description\" content=\"Approvato in Veneto il Piano di Sanit\u00e0 Pubblica Aggiornamento e Rimodulazione delle Strategie di Gestione e Controllo della Pandemia Covid-19\" \/>\n<meta property=\"og:url\" content=\"https:\/\/www.nordestsanita.it\/?p=1547\" \/>\n<meta property=\"og:site_name\" content=\"NES\" \/>\n<meta property=\"article:published_time\" content=\"2022-11-29T16:35:07+00:00\" \/>\n<meta property=\"article:modified_time\" content=\"2022-11-29T16:35:08+00:00\" \/>\n<meta property=\"og:image\" content=\"https:\/\/www.nordestsanita.it\/wp-content\/uploads\/2022\/07\/covid-bimbi.jpg\" \/>\n\t<meta property=\"og:image:width\" content=\"640\" \/>\n\t<meta property=\"og:image:height\" content=\"380\" \/>\n\t<meta property=\"og:image:type\" content=\"image\/jpeg\" \/>\n<meta name=\"author\" content=\"Redazione\" \/>\n<meta name=\"twitter:card\" content=\"summary_large_image\" \/>\n<meta name=\"twitter:label1\" content=\"Scritto da\" \/>\n\t<meta name=\"twitter:data1\" content=\"Redazione\" \/>\n\t<meta name=\"twitter:label2\" content=\"Tempo di lettura stimato\" \/>\n\t<meta name=\"twitter:data2\" content=\"2 minuti\" \/>\n<script type=\"application\/ld+json\" class=\"yoast-schema-graph\">{\"@context\":\"https:\/\/schema.org\",\"@graph\":[{\"@type\":\"Article\",\"@id\":\"https:\/\/www.nordestsanita.it\/?p=1547#article\",\"isPartOf\":{\"@id\":\"https:\/\/www.nordestsanita.it\/?p=1547\"},\"author\":{\"name\":\"Redazione\",\"@id\":\"https:\/\/www.nordestsanita.it\/#\/schema\/person\/e5a7dc6dca45cb55e67d4a127b0e969a\"},\"headline\":\"Covid, approvato in Veneto nuovo Piano di Sanit\u00e0 Pubblica\",\"datePublished\":\"2022-11-29T16:35:07+00:00\",\"dateModified\":\"2022-11-29T16:35:08+00:00\",\"mainEntityOfPage\":{\"@id\":\"https:\/\/www.nordestsanita.it\/?p=1547\"},\"wordCount\":409,\"publisher\":{\"@id\":\"https:\/\/www.nordestsanita.it\/#organization\"},\"keywords\":[\"Covid-19\",\"Regione Veneto\",\"sanit\u00e0\"],\"articleSection\":[\"Covid\",\"Sanit\u00e0\"],\"inLanguage\":\"it-IT\"},{\"@type\":\"WebPage\",\"@id\":\"https:\/\/www.nordestsanita.it\/?p=1547\",\"url\":\"https:\/\/www.nordestsanita.it\/?p=1547\",\"name\":\"Covid, approvato in Veneto nuovo Piano di Sanit\u00e0 Pubblica - NES\",\"isPartOf\":{\"@id\":\"https:\/\/www.nordestsanita.it\/#website\"},\"datePublished\":\"2022-11-29T16:35:07+00:00\",\"dateModified\":\"2022-11-29T16:35:08+00:00\",\"description\":\"Approvato in Veneto il Piano di Sanit\u00e0 Pubblica Aggiornamento e Rimodulazione delle Strategie di Gestione e Controllo della Pandemia Covid-19\",\"breadcrumb\":{\"@id\":\"https:\/\/www.nordestsanita.it\/?p=1547#breadcrumb\"},\"inLanguage\":\"it-IT\",\"potentialAction\":[{\"@type\":\"ReadAction\",\"target\":[\"https:\/\/www.nordestsanita.it\/?p=1547\"]}]},{\"@type\":\"BreadcrumbList\",\"@id\":\"https:\/\/www.nordestsanita.it\/?p=1547#breadcrumb\",\"itemListElement\":[{\"@type\":\"ListItem\",\"position\":1,\"name\":\"Home\",\"item\":\"https:\/\/www.nordestsanita.it\/\"},{\"@type\":\"ListItem\",\"position\":2,\"name\":\"Covid, approvato in Veneto nuovo Piano di Sanit\u00e0 Pubblica\"}]},{\"@type\":\"WebSite\",\"@id\":\"https:\/\/www.nordestsanita.it\/#website\",\"url\":\"https:\/\/www.nordestsanita.it\/\",\"name\":\"NES\",\"description\":\"Nord Est Sanit\u00e0\",\"publisher\":{\"@id\":\"https:\/\/www.nordestsanita.it\/#organization\"},\"potentialAction\":[{\"@type\":\"SearchAction\",\"target\":{\"@type\":\"EntryPoint\",\"urlTemplate\":\"https:\/\/www.nordestsanita.it\/?s={search_term_string}\"},\"query-input\":\"required name=search_term_string\"}],\"inLanguage\":\"it-IT\"},{\"@type\":\"Organization\",\"@id\":\"https:\/\/www.nordestsanita.it\/#organization\",\"name\":\"NES\",\"url\":\"https:\/\/www.nordestsanita.it\/\",\"logo\":{\"@type\":\"ImageObject\",\"inLanguage\":\"it-IT\",\"@id\":\"https:\/\/www.nordestsanita.it\/#\/schema\/logo\/image\/\",\"url\":\"https:\/\/www.nordestsanita.it\/wp-content\/uploads\/2021\/05\/NES-1280.png\",\"contentUrl\":\"https:\/\/www.nordestsanita.it\/wp-content\/uploads\/2021\/05\/NES-1280.png\",\"width\":1280,\"height\":458,\"caption\":\"NES\"},\"image\":{\"@id\":\"https:\/\/www.nordestsanita.it\/#\/schema\/logo\/image\/\"}},{\"@type\":\"Person\",\"@id\":\"https:\/\/www.nordestsanita.it\/#\/schema\/person\/e5a7dc6dca45cb55e67d4a127b0e969a\",\"name\":\"Redazione\",\"image\":{\"@type\":\"ImageObject\",\"inLanguage\":\"it-IT\",\"@id\":\"https:\/\/www.nordestsanita.it\/#\/schema\/person\/image\/\",\"url\":\"https:\/\/secure.gravatar.com\/avatar\/3f19a9b3d671ea36ec67c4badf3f961a?s=96&d=mm&r=g\",\"contentUrl\":\"https:\/\/secure.gravatar.com\/avatar\/3f19a9b3d671ea36ec67c4badf3f961a?s=96&d=mm&r=g\",\"caption\":\"Redazione\"},\"url\":\"https:\/\/www.nordestsanita.it\/?author=8\"}]}<\/script>\n<!-- \/ Yoast SEO plugin. -->","yoast_head_json":{"title":"Covid, approvato in Veneto nuovo Piano di Sanit\u00e0 Pubblica - NES","description":"Approvato in Veneto il Piano di Sanit\u00e0 Pubblica Aggiornamento e Rimodulazione delle Strategie di Gestione e Controllo della Pandemia Covid-19","robots":{"index":"index","follow":"follow","max-snippet":"max-snippet:-1","max-image-preview":"max-image-preview:large","max-video-preview":"max-video-preview:-1"},"canonical":"https:\/\/www.nordestsanita.it\/?p=1547","og_locale":"it_IT","og_type":"article","og_title":"Covid, approvato in Veneto nuovo Piano di Sanit\u00e0 Pubblica - NES","og_description":"Approvato in Veneto il Piano di Sanit\u00e0 Pubblica Aggiornamento e Rimodulazione delle Strategie di Gestione e Controllo della Pandemia Covid-19","og_url":"https:\/\/www.nordestsanita.it\/?p=1547","og_site_name":"NES","article_published_time":"2022-11-29T16:35:07+00:00","article_modified_time":"2022-11-29T16:35:08+00:00","og_image":[{"width":640,"height":380,"url":"https:\/\/www.nordestsanita.it\/wp-content\/uploads\/2022\/07\/covid-bimbi.jpg","type":"image\/jpeg"}],"author":"Redazione","twitter_card":"summary_large_image","twitter_misc":{"Scritto da":"Redazione","Tempo di lettura stimato":"2 minuti"},"schema":{"@context":"https:\/\/schema.org","@graph":[{"@type":"Article","@id":"https:\/\/www.nordestsanita.it\/?p=1547#article","isPartOf":{"@id":"https:\/\/www.nordestsanita.it\/?p=1547"},"author":{"name":"Redazione","@id":"https:\/\/www.nordestsanita.it\/#\/schema\/person\/e5a7dc6dca45cb55e67d4a127b0e969a"},"headline":"Covid, approvato in Veneto nuovo Piano di Sanit\u00e0 Pubblica","datePublished":"2022-11-29T16:35:07+00:00","dateModified":"2022-11-29T16:35:08+00:00","mainEntityOfPage":{"@id":"https:\/\/www.nordestsanita.it\/?p=1547"},"wordCount":409,"publisher":{"@id":"https:\/\/www.nordestsanita.it\/#organization"},"keywords":["Covid-19","Regione Veneto","sanit\u00e0"],"articleSection":["Covid","Sanit\u00e0"],"inLanguage":"it-IT"},{"@type":"WebPage","@id":"https:\/\/www.nordestsanita.it\/?p=1547","url":"https:\/\/www.nordestsanita.it\/?p=1547","name":"Covid, approvato in Veneto nuovo Piano di Sanit\u00e0 Pubblica - NES","isPartOf":{"@id":"https:\/\/www.nordestsanita.it\/#website"},"datePublished":"2022-11-29T16:35:07+00:00","dateModified":"2022-11-29T16:35:08+00:00","description":"Approvato in Veneto il Piano di Sanit\u00e0 Pubblica Aggiornamento e Rimodulazione delle Strategie di Gestione e Controllo della Pandemia Covid-19","breadcrumb":{"@id":"https:\/\/www.nordestsanita.it\/?p=1547#breadcrumb"},"inLanguage":"it-IT","potentialAction":[{"@type":"ReadAction","target":["https:\/\/www.nordestsanita.it\/?p=1547"]}]},{"@type":"BreadcrumbList","@id":"https:\/\/www.nordestsanita.it\/?p=1547#breadcrumb","itemListElement":[{"@type":"ListItem","position":1,"name":"Home","item":"https:\/\/www.nordestsanita.it\/"},{"@type":"ListItem","position":2,"name":"Covid, approvato in Veneto nuovo Piano di Sanit\u00e0 Pubblica"}]},{"@type":"WebSite","@id":"https:\/\/www.nordestsanita.it\/#website","url":"https:\/\/www.nordestsanita.it\/","name":"NES","description":"Nord Est Sanit\u00e0","publisher":{"@id":"https:\/\/www.nordestsanita.it\/#organization"},"potentialAction":[{"@type":"SearchAction","target":{"@type":"EntryPoint","urlTemplate":"https:\/\/www.nordestsanita.it\/?s={search_term_string}"},"query-input":"required name=search_term_string"}],"inLanguage":"it-IT"},{"@type":"Organization","@id":"https:\/\/www.nordestsanita.it\/#organization","name":"NES","url":"https:\/\/www.nordestsanita.it\/","logo":{"@type":"ImageObject","inLanguage":"it-IT","@id":"https:\/\/www.nordestsanita.it\/#\/schema\/logo\/image\/","url":"https:\/\/www.nordestsanita.it\/wp-content\/uploads\/2021\/05\/NES-1280.png","contentUrl":"https:\/\/www.nordestsanita.it\/wp-content\/uploads\/2021\/05\/NES-1280.png","width":1280,"height":458,"caption":"NES"},"image":{"@id":"https:\/\/www.nordestsanita.it\/#\/schema\/logo\/image\/"}},{"@type":"Person","@id":"https:\/\/www.nordestsanita.it\/#\/schema\/person\/e5a7dc6dca45cb55e67d4a127b0e969a","name":"Redazione","image":{"@type":"ImageObject","inLanguage":"it-IT","@id":"https:\/\/www.nordestsanita.it\/#\/schema\/person\/image\/","url":"https:\/\/secure.gravatar.com\/avatar\/3f19a9b3d671ea36ec67c4badf3f961a?s=96&d=mm&r=g","contentUrl":"https:\/\/secure.gravatar.com\/avatar\/3f19a9b3d671ea36ec67c4badf3f961a?s=96&d=mm&r=g","caption":"Redazione"},"url":"https:\/\/www.nordestsanita.it\/?author=8"}]}},"jetpack_featured_media_url":"https:\/\/www.nordestsanita.it\/wp-content\/uploads\/2022\/07\/covid-bimbi.jpg","_links":{"self":[{"href":"https:\/\/www.nordestsanita.it\/index.php?rest_route=\/wp\/v2\/posts\/1547"}],"collection":[{"href":"https:\/\/www.nordestsanita.it\/index.php?rest_route=\/wp\/v2\/posts"}],"about":[{"href":"https:\/\/www.nordestsanita.it\/index.php?rest_route=\/wp\/v2\/types\/post"}],"author":[{"embeddable":true,"href":"https:\/\/www.nordestsanita.it\/index.php?rest_route=\/wp\/v2\/users\/8"}],"replies":[{"embeddable":true,"href":"https:\/\/www.nordestsanita.it\/index.php?rest_route=%2Fwp%2Fv2%2Fcomments&post=1547"}],"version-history":[{"count":1,"href":"https:\/\/www.nordestsanita.it\/index.php?rest_route=\/wp\/v2\/posts\/1547\/revisions"}],"predecessor-version":[{"id":1548,"href":"https:\/\/www.nordestsanita.it\/index.php?rest_route=\/wp\/v2\/posts\/1547\/revisions\/1548"}],"wp:featuredmedia":[{"embeddable":true,"href":"https:\/\/www.nordestsanita.it\/index.php?rest_route=\/wp\/v2\/media\/1417"}],"wp:attachment":[{"href":"https:\/\/www.nordestsanita.it\/index.php?rest_route=%2Fwp%2Fv2%2Fmedia&parent=1547"}],"wp:term":[{"taxonomy":"category","embeddable":true,"href":"https:\/\/www.nordestsanita.it\/index.php?rest_route=%2Fwp%2Fv2%2Fcategories&post=1547"},{"taxonomy":"post_tag","embeddable":true,"href":"https:\/\/www.nordestsanita.it\/index.php?rest_route=%2Fwp%2Fv2%2Ftags&post=1547"}],"curies":[{"name":"wp","href":"https:\/\/api.w.org\/{rel}","templated":true}]}}