{"id":1552,"date":"2022-12-13T16:53:38","date_gmt":"2022-12-13T15:53:38","guid":{"rendered":"https:\/\/www.nordestsanita.it\/?p=1552"},"modified":"2022-12-13T16:53:39","modified_gmt":"2022-12-13T15:53:39","slug":"sanita-siglato-accordo-tra-regione-e-sindacati-dirigenza","status":"publish","type":"post","link":"https:\/\/www.nordestsanita.it\/?p=1552","title":{"rendered":"Sanit\u00e0, siglato accordo tra Regione e sindacati dirigenza"},"content":{"rendered":"\n<p>E\u2019 stato firmato ieri a Venezia un Protocollo di Intesa fra la Regione Veneto e i Sindacati della dirigenza dell\u2019area sanit\u00e0 che individua alcune azioni strategiche e condivise volte al miglioramento del clima aziendale, nonch\u00e8 all\u2019avvio e al completamento della contrattazione integrativa aziendale.<\/p>\n\n\n\n<!--more-->\n\n\n\n<p>Il documento, sollecitato dalle parti sindacali e gi\u00e0 condiviso dall\u2019Assessore Lanzarin, rappresenta uno strumento di natura politico \u2013 sindacale per rispondere ad un crescente disagio contestuale e lavorativo e contrastare il fenomeno delle dimissioni \u201cinattese\u201d.<\/p>\n\n\n\n<p>\u201cIl Protocollo \u2013 fa notare la Lanzarin &#8211; mira, in primis, al monitoraggio e al miglioramento del clima aziendale, perch\u00e9 \u00e8 importante intervenire per capire le motivazioni dello spostamento di sanitari dal pubblico al privato\u201d. La Regione ha assunto l\u2019impegno di presentare alle OOSS i dati che emergeranno dall\u2019indagine di clima avviata nel mese di dicembre, in collaborazione con la Scuola S. Anna di Pisa, e di individuare, sulla base degli esiti, tre azioni specifiche migliorative in capo ai Direttori Generali.<\/p>\n\n\n\n<p>La Regione si \u00e8 impegnata, inoltre, a condividere annualmente, a decorrere dal 31. 3. 2023, il report sul livello del rischio clinico e di sicurezza sul lavoro, utilizzando la banca dati regionale, con indagini specifiche sul livello di sinistrosit\u00e0, verificando se questo ambito sia sufficientemente presidiato a livello aziendale e regionale.<\/p>\n\n\n\n<p>Il documento condiviso raccoglie, poi, l\u2019impegno regionale a stimolare l\u2019attuazione della contrattazione integrativa aziendale, non sempre avviata e conclusa dalle aziende pur a 3 anni dalla sottoscrizione del contratto nazionale, affinch\u00e8 si definisca, auspicabilmente, entro il 31 marzo 2023.<\/p>\n\n\n\n<p>Infine, la regione e le parti sindacali hanno assunto l\u2019impegno di dare attuazione al patto della salute 2019 \u2013 2021, per consentire alle Regioni di incrementare le risorse a favore della contrattazione integrativa.<\/p>\n\n\n\n<p>L\u2019ultimo punto attiene all\u2019impegno regionale per favorire l\u2019incremento delle prestazioni aggiuntive a 100 euro l\u2019ora anche in ambiti diversi dai Pronti Soccorsi, dove la sperimentazione \u00e8 gi\u00e0 stata attivata dall\u2019estate. Tale impegno potr\u00e0 essere sostenuto o a livello di contrattazione nazionale, o a livello di legge di bilancio o attraverso un nuovo intervento normativo.<\/p>\n\n\n\n<p>Le parti, sottoscrivendo il Protocollo, hanno sottolineato l\u2019importanza del documento, da loro fortemente voluto, che nasce dalla volont\u00e0 condivisa di trovare un minimo comune denominatore per un confronto costruttivo, che, pur nella diversit\u00e0 dei ruoli, impegni regione e parti sindacali a far fronte a un contesto nazionale ormai molto difficile.<\/p>\n\n\n\n<p>Da parte sindacale, pur chiedendo alla regione la massima attenzione per verificare gli adempimenti aziendali, \u00e8 stato comunque dato atto che il Protocollo rappresenta un punto di partenza promettente per un confronto in un clima di responsabilit\u00e0 costruttiva, oltre a rappresentare un esempio concreto da perseguire a livello nazionale, a cui probabilmente si ispireranno altre realt\u00e0.<\/p>\n\n\n\n<p>Il direttore generale della sanit\u00e0 regionale, Luciano Flor, nel concludere la riunione, si \u00e8 detto soddisfatto del protocollo, che verr\u00e0 trasmesso a tutte le Aziende ed ha auspicato che, all\u2019interno delle stesse, venga data puntuale attuazione a quanto indicato nel documento, anche con la creazione di tavoli dedicati. L\u2019assessore, nell\u2019esprimere la sua soddisfazione, ha altres\u00ec auspicato che con oggi si dia inizio ad un nuovo modello di confronto costruttivo tra le parti.<\/p>\n","protected":false},"excerpt":{"rendered":"<p>E\u2019 stato firmato ieri a Venezia un Protocollo di Intesa fra la Regione Veneto e i Sindacati della dirigenza dell\u2019area sanit\u00e0.<\/p>\n","protected":false},"author":8,"featured_media":1553,"comment_status":"closed","ping_status":"open","sticky":false,"template":"","format":"standard","meta":[],"categories":[25],"tags":[71,33],"yoast_head":"<!-- This site is optimized with the Yoast SEO plugin v20.2 - https:\/\/yoast.com\/wordpress\/plugins\/seo\/ -->\n<title>Sanit\u00e0, siglato accordo tra Regione e sindacati dirigenza - NES<\/title>\n<meta name=\"description\" content=\"E\u2019 stato firmato ieri a Venezia un Protocollo di Intesa fra la Regione Veneto e i Sindacati della dirigenza dell\u2019area sanit\u00e0.\" \/>\n<meta name=\"robots\" content=\"index, follow, max-snippet:-1, max-image-preview:large, max-video-preview:-1\" \/>\n<link rel=\"canonical\" href=\"https:\/\/www.nordestsanita.it\/?p=1552\" \/>\n<meta property=\"og:locale\" content=\"it_IT\" \/>\n<meta property=\"og:type\" content=\"article\" \/>\n<meta property=\"og:title\" content=\"Sanit\u00e0, siglato accordo tra Regione e sindacati dirigenza - NES\" \/>\n<meta property=\"og:description\" content=\"E\u2019 stato firmato ieri a Venezia un Protocollo di Intesa fra la Regione Veneto e i Sindacati della dirigenza dell\u2019area sanit\u00e0.\" \/>\n<meta property=\"og:url\" content=\"https:\/\/www.nordestsanita.it\/?p=1552\" \/>\n<meta property=\"og:site_name\" content=\"NES\" \/>\n<meta property=\"article:published_time\" content=\"2022-12-13T15:53:38+00:00\" \/>\n<meta property=\"article:modified_time\" content=\"2022-12-13T15:53:39+00:00\" \/>\n<meta property=\"og:image\" content=\"https:\/\/www.nordestsanita.it\/wp-content\/uploads\/2022\/12\/blood-pressure-1584223_640.jpg\" \/>\n\t<meta property=\"og:image:width\" content=\"640\" \/>\n\t<meta property=\"og:image:height\" content=\"480\" \/>\n\t<meta property=\"og:image:type\" content=\"image\/jpeg\" \/>\n<meta name=\"author\" content=\"Redazione\" \/>\n<meta name=\"twitter:card\" content=\"summary_large_image\" \/>\n<meta name=\"twitter:label1\" content=\"Scritto da\" \/>\n\t<meta name=\"twitter:data1\" content=\"Redazione\" \/>\n\t<meta name=\"twitter:label2\" content=\"Tempo di lettura stimato\" \/>\n\t<meta name=\"twitter:data2\" content=\"3 minuti\" \/>\n<script type=\"application\/ld+json\" class=\"yoast-schema-graph\">{\"@context\":\"https:\/\/schema.org\",\"@graph\":[{\"@type\":\"Article\",\"@id\":\"https:\/\/www.nordestsanita.it\/?p=1552#article\",\"isPartOf\":{\"@id\":\"https:\/\/www.nordestsanita.it\/?p=1552\"},\"author\":{\"name\":\"Redazione\",\"@id\":\"https:\/\/www.nordestsanita.it\/#\/schema\/person\/e5a7dc6dca45cb55e67d4a127b0e969a\"},\"headline\":\"Sanit\u00e0, siglato accordo tra Regione e sindacati dirigenza\",\"datePublished\":\"2022-12-13T15:53:38+00:00\",\"dateModified\":\"2022-12-13T15:53:39+00:00\",\"mainEntityOfPage\":{\"@id\":\"https:\/\/www.nordestsanita.it\/?p=1552\"},\"wordCount\":522,\"publisher\":{\"@id\":\"https:\/\/www.nordestsanita.it\/#organization\"},\"keywords\":[\"Regione Veneto\",\"sanit\u00e0\"],\"articleSection\":[\"Sanit\u00e0\"],\"inLanguage\":\"it-IT\"},{\"@type\":\"WebPage\",\"@id\":\"https:\/\/www.nordestsanita.it\/?p=1552\",\"url\":\"https:\/\/www.nordestsanita.it\/?p=1552\",\"name\":\"Sanit\u00e0, siglato accordo tra Regione e sindacati dirigenza - NES\",\"isPartOf\":{\"@id\":\"https:\/\/www.nordestsanita.it\/#website\"},\"datePublished\":\"2022-12-13T15:53:38+00:00\",\"dateModified\":\"2022-12-13T15:53:39+00:00\",\"description\":\"E\u2019 stato firmato ieri a Venezia un Protocollo di Intesa fra la Regione Veneto e i Sindacati della dirigenza dell\u2019area sanit\u00e0.\",\"breadcrumb\":{\"@id\":\"https:\/\/www.nordestsanita.it\/?p=1552#breadcrumb\"},\"inLanguage\":\"it-IT\",\"potentialAction\":[{\"@type\":\"ReadAction\",\"target\":[\"https:\/\/www.nordestsanita.it\/?p=1552\"]}]},{\"@type\":\"BreadcrumbList\",\"@id\":\"https:\/\/www.nordestsanita.it\/?p=1552#breadcrumb\",\"itemListElement\":[{\"@type\":\"ListItem\",\"position\":1,\"name\":\"Home\",\"item\":\"https:\/\/www.nordestsanita.it\/\"},{\"@type\":\"ListItem\",\"position\":2,\"name\":\"Sanit\u00e0, siglato accordo tra Regione e sindacati dirigenza\"}]},{\"@type\":\"WebSite\",\"@id\":\"https:\/\/www.nordestsanita.it\/#website\",\"url\":\"https:\/\/www.nordestsanita.it\/\",\"name\":\"NES\",\"description\":\"Nord Est Sanit\u00e0\",\"publisher\":{\"@id\":\"https:\/\/www.nordestsanita.it\/#organization\"},\"potentialAction\":[{\"@type\":\"SearchAction\",\"target\":{\"@type\":\"EntryPoint\",\"urlTemplate\":\"https:\/\/www.nordestsanita.it\/?s={search_term_string}\"},\"query-input\":\"required name=search_term_string\"}],\"inLanguage\":\"it-IT\"},{\"@type\":\"Organization\",\"@id\":\"https:\/\/www.nordestsanita.it\/#organization\",\"name\":\"NES\",\"url\":\"https:\/\/www.nordestsanita.it\/\",\"logo\":{\"@type\":\"ImageObject\",\"inLanguage\":\"it-IT\",\"@id\":\"https:\/\/www.nordestsanita.it\/#\/schema\/logo\/image\/\",\"url\":\"https:\/\/www.nordestsanita.it\/wp-content\/uploads\/2021\/05\/NES-1280.png\",\"contentUrl\":\"https:\/\/www.nordestsanita.it\/wp-content\/uploads\/2021\/05\/NES-1280.png\",\"width\":1280,\"height\":458,\"caption\":\"NES\"},\"image\":{\"@id\":\"https:\/\/www.nordestsanita.it\/#\/schema\/logo\/image\/\"}},{\"@type\":\"Person\",\"@id\":\"https:\/\/www.nordestsanita.it\/#\/schema\/person\/e5a7dc6dca45cb55e67d4a127b0e969a\",\"name\":\"Redazione\",\"image\":{\"@type\":\"ImageObject\",\"inLanguage\":\"it-IT\",\"@id\":\"https:\/\/www.nordestsanita.it\/#\/schema\/person\/image\/\",\"url\":\"https:\/\/secure.gravatar.com\/avatar\/3f19a9b3d671ea36ec67c4badf3f961a?s=96&d=mm&r=g\",\"contentUrl\":\"https:\/\/secure.gravatar.com\/avatar\/3f19a9b3d671ea36ec67c4badf3f961a?s=96&d=mm&r=g\",\"caption\":\"Redazione\"},\"url\":\"https:\/\/www.nordestsanita.it\/?author=8\"}]}<\/script>\n<!-- \/ Yoast SEO plugin. -->","yoast_head_json":{"title":"Sanit\u00e0, siglato accordo tra Regione e sindacati dirigenza - NES","description":"E\u2019 stato firmato ieri a Venezia un Protocollo di Intesa fra la Regione Veneto e i Sindacati della dirigenza dell\u2019area sanit\u00e0.","robots":{"index":"index","follow":"follow","max-snippet":"max-snippet:-1","max-image-preview":"max-image-preview:large","max-video-preview":"max-video-preview:-1"},"canonical":"https:\/\/www.nordestsanita.it\/?p=1552","og_locale":"it_IT","og_type":"article","og_title":"Sanit\u00e0, siglato accordo tra Regione e sindacati dirigenza - NES","og_description":"E\u2019 stato firmato ieri a Venezia un Protocollo di Intesa fra la Regione Veneto e i Sindacati della dirigenza dell\u2019area sanit\u00e0.","og_url":"https:\/\/www.nordestsanita.it\/?p=1552","og_site_name":"NES","article_published_time":"2022-12-13T15:53:38+00:00","article_modified_time":"2022-12-13T15:53:39+00:00","og_image":[{"width":640,"height":480,"url":"https:\/\/www.nordestsanita.it\/wp-content\/uploads\/2022\/12\/blood-pressure-1584223_640.jpg","type":"image\/jpeg"}],"author":"Redazione","twitter_card":"summary_large_image","twitter_misc":{"Scritto da":"Redazione","Tempo di lettura stimato":"3 minuti"},"schema":{"@context":"https:\/\/schema.org","@graph":[{"@type":"Article","@id":"https:\/\/www.nordestsanita.it\/?p=1552#article","isPartOf":{"@id":"https:\/\/www.nordestsanita.it\/?p=1552"},"author":{"name":"Redazione","@id":"https:\/\/www.nordestsanita.it\/#\/schema\/person\/e5a7dc6dca45cb55e67d4a127b0e969a"},"headline":"Sanit\u00e0, siglato accordo tra Regione e sindacati dirigenza","datePublished":"2022-12-13T15:53:38+00:00","dateModified":"2022-12-13T15:53:39+00:00","mainEntityOfPage":{"@id":"https:\/\/www.nordestsanita.it\/?p=1552"},"wordCount":522,"publisher":{"@id":"https:\/\/www.nordestsanita.it\/#organization"},"keywords":["Regione Veneto","sanit\u00e0"],"articleSection":["Sanit\u00e0"],"inLanguage":"it-IT"},{"@type":"WebPage","@id":"https:\/\/www.nordestsanita.it\/?p=1552","url":"https:\/\/www.nordestsanita.it\/?p=1552","name":"Sanit\u00e0, siglato accordo tra Regione e sindacati dirigenza - NES","isPartOf":{"@id":"https:\/\/www.nordestsanita.it\/#website"},"datePublished":"2022-12-13T15:53:38+00:00","dateModified":"2022-12-13T15:53:39+00:00","description":"E\u2019 stato firmato ieri a Venezia un Protocollo di Intesa fra la Regione Veneto e i Sindacati della dirigenza dell\u2019area sanit\u00e0.","breadcrumb":{"@id":"https:\/\/www.nordestsanita.it\/?p=1552#breadcrumb"},"inLanguage":"it-IT","potentialAction":[{"@type":"ReadAction","target":["https:\/\/www.nordestsanita.it\/?p=1552"]}]},{"@type":"BreadcrumbList","@id":"https:\/\/www.nordestsanita.it\/?p=1552#breadcrumb","itemListElement":[{"@type":"ListItem","position":1,"name":"Home","item":"https:\/\/www.nordestsanita.it\/"},{"@type":"ListItem","position":2,"name":"Sanit\u00e0, siglato accordo tra Regione e sindacati dirigenza"}]},{"@type":"WebSite","@id":"https:\/\/www.nordestsanita.it\/#website","url":"https:\/\/www.nordestsanita.it\/","name":"NES","description":"Nord Est Sanit\u00e0","publisher":{"@id":"https:\/\/www.nordestsanita.it\/#organization"},"potentialAction":[{"@type":"SearchAction","target":{"@type":"EntryPoint","urlTemplate":"https:\/\/www.nordestsanita.it\/?s={search_term_string}"},"query-input":"required name=search_term_string"}],"inLanguage":"it-IT"},{"@type":"Organization","@id":"https:\/\/www.nordestsanita.it\/#organization","name":"NES","url":"https:\/\/www.nordestsanita.it\/","logo":{"@type":"ImageObject","inLanguage":"it-IT","@id":"https:\/\/www.nordestsanita.it\/#\/schema\/logo\/image\/","url":"https:\/\/www.nordestsanita.it\/wp-content\/uploads\/2021\/05\/NES-1280.png","contentUrl":"https:\/\/www.nordestsanita.it\/wp-content\/uploads\/2021\/05\/NES-1280.png","width":1280,"height":458,"caption":"NES"},"image":{"@id":"https:\/\/www.nordestsanita.it\/#\/schema\/logo\/image\/"}},{"@type":"Person","@id":"https:\/\/www.nordestsanita.it\/#\/schema\/person\/e5a7dc6dca45cb55e67d4a127b0e969a","name":"Redazione","image":{"@type":"ImageObject","inLanguage":"it-IT","@id":"https:\/\/www.nordestsanita.it\/#\/schema\/person\/image\/","url":"https:\/\/secure.gravatar.com\/avatar\/3f19a9b3d671ea36ec67c4badf3f961a?s=96&d=mm&r=g","contentUrl":"https:\/\/secure.gravatar.com\/avatar\/3f19a9b3d671ea36ec67c4badf3f961a?s=96&d=mm&r=g","caption":"Redazione"},"url":"https:\/\/www.nordestsanita.it\/?author=8"}]}},"jetpack_featured_media_url":"https:\/\/www.nordestsanita.it\/wp-content\/uploads\/2022\/12\/blood-pressure-1584223_640.jpg","_links":{"self":[{"href":"https:\/\/www.nordestsanita.it\/index.php?rest_route=\/wp\/v2\/posts\/1552"}],"collection":[{"href":"https:\/\/www.nordestsanita.it\/index.php?rest_route=\/wp\/v2\/posts"}],"about":[{"href":"https:\/\/www.nordestsanita.it\/index.php?rest_route=\/wp\/v2\/types\/post"}],"author":[{"embeddable":true,"href":"https:\/\/www.nordestsanita.it\/index.php?rest_route=\/wp\/v2\/users\/8"}],"replies":[{"embeddable":true,"href":"https:\/\/www.nordestsanita.it\/index.php?rest_route=%2Fwp%2Fv2%2Fcomments&post=1552"}],"version-history":[{"count":1,"href":"https:\/\/www.nordestsanita.it\/index.php?rest_route=\/wp\/v2\/posts\/1552\/revisions"}],"predecessor-version":[{"id":1554,"href":"https:\/\/www.nordestsanita.it\/index.php?rest_route=\/wp\/v2\/posts\/1552\/revisions\/1554"}],"wp:featuredmedia":[{"embeddable":true,"href":"https:\/\/www.nordestsanita.it\/index.php?rest_route=\/wp\/v2\/media\/1553"}],"wp:attachment":[{"href":"https:\/\/www.nordestsanita.it\/index.php?rest_route=%2Fwp%2Fv2%2Fmedia&parent=1552"}],"wp:term":[{"taxonomy":"category","embeddable":true,"href":"https:\/\/www.nordestsanita.it\/index.php?rest_route=%2Fwp%2Fv2%2Fcategories&post=1552"},{"taxonomy":"post_tag","embeddable":true,"href":"https:\/\/www.nordestsanita.it\/index.php?rest_route=%2Fwp%2Fv2%2Ftags&post=1552"}],"curies":[{"name":"wp","href":"https:\/\/api.w.org\/{rel}","templated":true}]}}