{"id":1559,"date":"2022-12-21T15:40:18","date_gmt":"2022-12-21T14:40:18","guid":{"rendered":"https:\/\/www.nordestsanita.it\/?p=1559"},"modified":"2022-12-21T15:40:19","modified_gmt":"2022-12-21T14:40:19","slug":"veneto-un-accordo-per-potenziare-la-sanita-in-montagna","status":"publish","type":"post","link":"https:\/\/www.nordestsanita.it\/?p=1559","title":{"rendered":"Veneto, un accordo per potenziare la sanit\u00e0 in montagna"},"content":{"rendered":"\n<p>E\u2019 stato siglato dall\u2019Ulss Dolomiti e dall\u2019Universit\u00e0 di Padova un importante protocollo, unico nel suo genere, per rafforzare la collaborazione nell\u2019ambito della formazione sanitaria tra le Dolomiti, per lo sviluppo della salute in montagna.<\/p>\n\n\n\n<!--more-->\n\n\n\n<p> Il protocollo impegna l\u2019Universit\u00e0 ad aumentare il numero dei medici in formazione specialistica che completeranno il percorso di studi nelle Dolomiti, e l\u2019Azienda sanitaria ad offrire loro supporto logistico attraverso la messa a disposizione di una soluzione abitativa. Di fatto, il protocollo sancisce una collaborazione che gi\u00e0 si \u00e8 rafforzata, nei fatti, negli ultimi mesi, dopo la disponibilit\u00e0 dell\u2019alloggio per gli specializzandi realizzato dall\u2019Ulss Dolomiti in centro a Belluno e quello donato da Unifarco a Sedico.<\/p>\n\n\n\n<p>\u201cUn progetto innovativo e concreto, non solo per questa Azienda. E\u2019 un ulteriore tassello nel rafforzare quelle che sono le reti dei nostri ospedali. Mettere a disposizione un supporto logistico per giovani medici specializzandi che scelgono di venire in questi territori diventa fondamentale.\u00a0\u2013 sottolinea l\u2019Assessore regionale alla Sanit\u00e0 Manuela Lanzarin \u2013 Noi oggi dobbiamo investire su questo percorso, ampliare la rete formativa e far s\u00ec che gli specializzandi delle nostre universit\u00e0, Padova e Verona, possano formarsi in tutto il territorio Veneto, non solo nei principali ospedali dove ci sono i centri regionali, ma anche negli ospedali pi\u00f9 di periferia, perch\u00e9 qui possono anche avere un\u2019esperienza viva, che li arricchisce anche dal punto di vista umano. E\u2019 un progetto che dobbiamo esportare e sostenere per far s\u00ec\u00a0 che la formazione dei medici del futuro sia pi\u00f9 completa e che anche le aree pi\u00f9 complesse, come la montagna ad esempio, possano diventare poli di attrazione\u201d.<\/p>\n\n\n\n<p>Il Progetto \u00e8 scaturito da una fattiva sinergia tra Regione Veneto, Universit\u00e0 di Padova e Ulss 1 Dolomiti.<\/p>\n\n\n\n<p>Attraverso il protocollo, l\u2019Universit\u00e0 e l\u2019Azienda si impegnano a collaborare per avviare concrete azioni di sostegno a favore di studenti, specializzandi, docenti e figure analoghe provenienti dall\u2019Universit\u00e0, che svolgano percorsi formativi o altre attivit\u00e0 nel territorio dell\u2019Azienda, individuando i diversi contesti di riferimento e condividendo iniziative utili a rendere attrattive le attivit\u00e0 in presenza, anche nella prospettiva di uno spostamento verso il territorio delle Dolomiti.<\/p>\n\n\n\n<p>&nbsp;Il protocollo prevede, inoltre, lo sviluppo di attivit\u00e0 didattiche e di ricerca specifiche legate, anche coinvolgendo il territorio, sui temi inerenti alla salute, alla medicina dello sport e dell\u2019esercizio, alla medicina del benessere, all\u2019emergenza e urgenza, alla prevenzione e alla telemedicina collegate all\u2019 ambiente montano e ai grandi eventi che attendono le Dolomiti nei prossimi anni. In particolare, l\u2019Ulss Dolomiti si impegna a supportare gli specializzandi nella logistica mettendo a disposizione le foresterie aziendali, appena rinnovate negli arredi, accessibili a prezzi calmierati, e altre soluzioni abitative dedicate proposte dagli stakeholders del territorio.<\/p>\n\n\n\n<p>Non solo. L\u2019Azienda intende promuovere un\u2019esperienza di formazione a tutto tondo, in cui i medici specializzandi siano accompagnati nelle attivit\u00e0 con attenzione e cura, promuovendo esperienze professionalizzanti sotto la diretta assistenza di professionisti di comprovata esperienza e competenza. L\u2019ulss si impegna anche ad organizzare eventi scientifici e attivit\u00e0 scientifiche sulla salute in montagna, in condivisione con l\u2019Universit\u00e0, promuovendo il confronto tra esperti, tesi e ricerche sul tema e a favorire lo sviluppo di ulteriori progettualit\u00e0, anche con il coinvolgimento del territorio, sui temi inerenti alla salute, alla medicina dello sport e dell\u2019esercizio, alla medicina del benessere, all\u2019emergenza e urgenza, alla prevenzione e alla telemedicina collegante all\u2019 ambiente montano e ai grandi eventi.<\/p>\n\n\n\n<p>L\u2019Universit\u00e0 degli Studi di Padova si impegna ad ampliare il numero di medici specializzandi presenti sul territorio per le discipline di cui \u00e8 stato rilevato il maggiore fabbisogno di specialisti, predisponendo piani formativi che includano la frequenza delle strutture sanitarie del territorio dell\u2019Azienda; ad incentivare, in presenza di specifiche competenze, il coinvolgimento dei professionisti sanitari del territorio ULSS1 affinch\u00e9 partecipino alle procedure per l\u2019affidamento di incarichi di docenza nei Master e nei Corsi di perfezionamento, con particolare riguardo a quelli che trattano tematiche legate all\u2019ambiente montano; a garantire un posto riservato all\u2019anno per l\u2019iscrizione al Corso di Perfezionamento in Medicina di Montagna, per i Medici ed il personale infermieristico dipendente dell\u2019ULSS 1 Dolomiti e a sviluppare il progetto \u201cMontagna e salute\u201d, anche in vista delle Olimpiadi.<\/p>\n","protected":false},"excerpt":{"rendered":"<p>E\u2019 stato siglato dall\u2019Ulss Dolomiti e dall\u2019Universit\u00e0 di Padova un importante protocollo, unico nel suo genere, per rafforzare la collaborazione nell\u2019ambito della formazione sanitaria tra le Dolomiti, per lo sviluppo della salute in montagna.<\/p>\n","protected":false},"author":8,"featured_media":1560,"comment_status":"closed","ping_status":"open","sticky":false,"template":"","format":"standard","meta":[],"categories":[25],"tags":[248,284,135,71,33],"yoast_head":"<!-- This site is optimized with the Yoast SEO plugin v20.2 - https:\/\/yoast.com\/wordpress\/plugins\/seo\/ -->\n<title>Veneto, un accordo per potenziare la sanit\u00e0 in montagna - NES<\/title>\n<meta name=\"robots\" content=\"index, follow, max-snippet:-1, max-image-preview:large, max-video-preview:-1\" \/>\n<link rel=\"canonical\" href=\"https:\/\/www.nordestsanita.it\/?p=1559\" \/>\n<meta property=\"og:locale\" content=\"it_IT\" \/>\n<meta property=\"og:type\" content=\"article\" \/>\n<meta property=\"og:title\" content=\"Veneto, un accordo per potenziare la sanit\u00e0 in montagna - NES\" \/>\n<meta property=\"og:description\" content=\"E\u2019 stato siglato dall\u2019Ulss Dolomiti e dall\u2019Universit\u00e0 di Padova un importante protocollo, unico nel suo genere, per rafforzare la collaborazione nell\u2019ambito della formazione sanitaria tra le Dolomiti, per lo sviluppo della salute in montagna.\" \/>\n<meta property=\"og:url\" content=\"https:\/\/www.nordestsanita.it\/?p=1559\" \/>\n<meta property=\"og:site_name\" content=\"NES\" \/>\n<meta property=\"article:published_time\" content=\"2022-12-21T14:40:18+00:00\" \/>\n<meta property=\"article:modified_time\" content=\"2022-12-21T14:40:19+00:00\" \/>\n<meta property=\"og:image\" content=\"https:\/\/www.nordestsanita.it\/wp-content\/uploads\/2022\/12\/civetta-mount-1801928_640.jpg\" \/>\n\t<meta property=\"og:image:width\" content=\"640\" \/>\n\t<meta property=\"og:image:height\" content=\"427\" \/>\n\t<meta property=\"og:image:type\" content=\"image\/jpeg\" \/>\n<meta name=\"author\" content=\"Redazione\" \/>\n<meta name=\"twitter:card\" content=\"summary_large_image\" \/>\n<meta name=\"twitter:label1\" content=\"Scritto da\" \/>\n\t<meta name=\"twitter:data1\" content=\"Redazione\" \/>\n\t<meta name=\"twitter:label2\" content=\"Tempo di lettura stimato\" \/>\n\t<meta name=\"twitter:data2\" content=\"3 minuti\" \/>\n<script type=\"application\/ld+json\" class=\"yoast-schema-graph\">{\"@context\":\"https:\/\/schema.org\",\"@graph\":[{\"@type\":\"Article\",\"@id\":\"https:\/\/www.nordestsanita.it\/?p=1559#article\",\"isPartOf\":{\"@id\":\"https:\/\/www.nordestsanita.it\/?p=1559\"},\"author\":{\"name\":\"Redazione\",\"@id\":\"https:\/\/www.nordestsanita.it\/#\/schema\/person\/e5a7dc6dca45cb55e67d4a127b0e969a\"},\"headline\":\"Veneto, un accordo per potenziare la sanit\u00e0 in montagna\",\"datePublished\":\"2022-12-21T14:40:18+00:00\",\"dateModified\":\"2022-12-21T14:40:19+00:00\",\"mainEntityOfPage\":{\"@id\":\"https:\/\/www.nordestsanita.it\/?p=1559\"},\"wordCount\":709,\"publisher\":{\"@id\":\"https:\/\/www.nordestsanita.it\/#organization\"},\"keywords\":[\"dolomiti\",\"montagna\",\"Olimpiadi\",\"Regione Veneto\",\"sanit\u00e0\"],\"articleSection\":[\"Sanit\u00e0\"],\"inLanguage\":\"it-IT\"},{\"@type\":\"WebPage\",\"@id\":\"https:\/\/www.nordestsanita.it\/?p=1559\",\"url\":\"https:\/\/www.nordestsanita.it\/?p=1559\",\"name\":\"Veneto, un accordo per potenziare la sanit\u00e0 in montagna - NES\",\"isPartOf\":{\"@id\":\"https:\/\/www.nordestsanita.it\/#website\"},\"datePublished\":\"2022-12-21T14:40:18+00:00\",\"dateModified\":\"2022-12-21T14:40:19+00:00\",\"breadcrumb\":{\"@id\":\"https:\/\/www.nordestsanita.it\/?p=1559#breadcrumb\"},\"inLanguage\":\"it-IT\",\"potentialAction\":[{\"@type\":\"ReadAction\",\"target\":[\"https:\/\/www.nordestsanita.it\/?p=1559\"]}]},{\"@type\":\"BreadcrumbList\",\"@id\":\"https:\/\/www.nordestsanita.it\/?p=1559#breadcrumb\",\"itemListElement\":[{\"@type\":\"ListItem\",\"position\":1,\"name\":\"Home\",\"item\":\"https:\/\/www.nordestsanita.it\/\"},{\"@type\":\"ListItem\",\"position\":2,\"name\":\"Veneto, un accordo per potenziare la sanit\u00e0 in montagna\"}]},{\"@type\":\"WebSite\",\"@id\":\"https:\/\/www.nordestsanita.it\/#website\",\"url\":\"https:\/\/www.nordestsanita.it\/\",\"name\":\"NES\",\"description\":\"Nord Est Sanit\u00e0\",\"publisher\":{\"@id\":\"https:\/\/www.nordestsanita.it\/#organization\"},\"potentialAction\":[{\"@type\":\"SearchAction\",\"target\":{\"@type\":\"EntryPoint\",\"urlTemplate\":\"https:\/\/www.nordestsanita.it\/?s={search_term_string}\"},\"query-input\":\"required name=search_term_string\"}],\"inLanguage\":\"it-IT\"},{\"@type\":\"Organization\",\"@id\":\"https:\/\/www.nordestsanita.it\/#organization\",\"name\":\"NES\",\"url\":\"https:\/\/www.nordestsanita.it\/\",\"logo\":{\"@type\":\"ImageObject\",\"inLanguage\":\"it-IT\",\"@id\":\"https:\/\/www.nordestsanita.it\/#\/schema\/logo\/image\/\",\"url\":\"https:\/\/www.nordestsanita.it\/wp-content\/uploads\/2021\/05\/NES-1280.png\",\"contentUrl\":\"https:\/\/www.nordestsanita.it\/wp-content\/uploads\/2021\/05\/NES-1280.png\",\"width\":1280,\"height\":458,\"caption\":\"NES\"},\"image\":{\"@id\":\"https:\/\/www.nordestsanita.it\/#\/schema\/logo\/image\/\"}},{\"@type\":\"Person\",\"@id\":\"https:\/\/www.nordestsanita.it\/#\/schema\/person\/e5a7dc6dca45cb55e67d4a127b0e969a\",\"name\":\"Redazione\",\"image\":{\"@type\":\"ImageObject\",\"inLanguage\":\"it-IT\",\"@id\":\"https:\/\/www.nordestsanita.it\/#\/schema\/person\/image\/\",\"url\":\"https:\/\/secure.gravatar.com\/avatar\/3f19a9b3d671ea36ec67c4badf3f961a?s=96&d=mm&r=g\",\"contentUrl\":\"https:\/\/secure.gravatar.com\/avatar\/3f19a9b3d671ea36ec67c4badf3f961a?s=96&d=mm&r=g\",\"caption\":\"Redazione\"},\"url\":\"https:\/\/www.nordestsanita.it\/?author=8\"}]}<\/script>\n<!-- \/ Yoast SEO plugin. -->","yoast_head_json":{"title":"Veneto, un accordo per potenziare la sanit\u00e0 in montagna - NES","robots":{"index":"index","follow":"follow","max-snippet":"max-snippet:-1","max-image-preview":"max-image-preview:large","max-video-preview":"max-video-preview:-1"},"canonical":"https:\/\/www.nordestsanita.it\/?p=1559","og_locale":"it_IT","og_type":"article","og_title":"Veneto, un accordo per potenziare la sanit\u00e0 in montagna - NES","og_description":"E\u2019 stato siglato dall\u2019Ulss Dolomiti e dall\u2019Universit\u00e0 di Padova un importante protocollo, unico nel suo genere, per rafforzare la collaborazione nell\u2019ambito della formazione sanitaria tra le Dolomiti, per lo sviluppo della salute in montagna.","og_url":"https:\/\/www.nordestsanita.it\/?p=1559","og_site_name":"NES","article_published_time":"2022-12-21T14:40:18+00:00","article_modified_time":"2022-12-21T14:40:19+00:00","og_image":[{"width":640,"height":427,"url":"https:\/\/www.nordestsanita.it\/wp-content\/uploads\/2022\/12\/civetta-mount-1801928_640.jpg","type":"image\/jpeg"}],"author":"Redazione","twitter_card":"summary_large_image","twitter_misc":{"Scritto da":"Redazione","Tempo di lettura stimato":"3 minuti"},"schema":{"@context":"https:\/\/schema.org","@graph":[{"@type":"Article","@id":"https:\/\/www.nordestsanita.it\/?p=1559#article","isPartOf":{"@id":"https:\/\/www.nordestsanita.it\/?p=1559"},"author":{"name":"Redazione","@id":"https:\/\/www.nordestsanita.it\/#\/schema\/person\/e5a7dc6dca45cb55e67d4a127b0e969a"},"headline":"Veneto, un accordo per potenziare la sanit\u00e0 in montagna","datePublished":"2022-12-21T14:40:18+00:00","dateModified":"2022-12-21T14:40:19+00:00","mainEntityOfPage":{"@id":"https:\/\/www.nordestsanita.it\/?p=1559"},"wordCount":709,"publisher":{"@id":"https:\/\/www.nordestsanita.it\/#organization"},"keywords":["dolomiti","montagna","Olimpiadi","Regione Veneto","sanit\u00e0"],"articleSection":["Sanit\u00e0"],"inLanguage":"it-IT"},{"@type":"WebPage","@id":"https:\/\/www.nordestsanita.it\/?p=1559","url":"https:\/\/www.nordestsanita.it\/?p=1559","name":"Veneto, un accordo per potenziare la sanit\u00e0 in montagna - NES","isPartOf":{"@id":"https:\/\/www.nordestsanita.it\/#website"},"datePublished":"2022-12-21T14:40:18+00:00","dateModified":"2022-12-21T14:40:19+00:00","breadcrumb":{"@id":"https:\/\/www.nordestsanita.it\/?p=1559#breadcrumb"},"inLanguage":"it-IT","potentialAction":[{"@type":"ReadAction","target":["https:\/\/www.nordestsanita.it\/?p=1559"]}]},{"@type":"BreadcrumbList","@id":"https:\/\/www.nordestsanita.it\/?p=1559#breadcrumb","itemListElement":[{"@type":"ListItem","position":1,"name":"Home","item":"https:\/\/www.nordestsanita.it\/"},{"@type":"ListItem","position":2,"name":"Veneto, un accordo per potenziare la sanit\u00e0 in montagna"}]},{"@type":"WebSite","@id":"https:\/\/www.nordestsanita.it\/#website","url":"https:\/\/www.nordestsanita.it\/","name":"NES","description":"Nord Est Sanit\u00e0","publisher":{"@id":"https:\/\/www.nordestsanita.it\/#organization"},"potentialAction":[{"@type":"SearchAction","target":{"@type":"EntryPoint","urlTemplate":"https:\/\/www.nordestsanita.it\/?s={search_term_string}"},"query-input":"required name=search_term_string"}],"inLanguage":"it-IT"},{"@type":"Organization","@id":"https:\/\/www.nordestsanita.it\/#organization","name":"NES","url":"https:\/\/www.nordestsanita.it\/","logo":{"@type":"ImageObject","inLanguage":"it-IT","@id":"https:\/\/www.nordestsanita.it\/#\/schema\/logo\/image\/","url":"https:\/\/www.nordestsanita.it\/wp-content\/uploads\/2021\/05\/NES-1280.png","contentUrl":"https:\/\/www.nordestsanita.it\/wp-content\/uploads\/2021\/05\/NES-1280.png","width":1280,"height":458,"caption":"NES"},"image":{"@id":"https:\/\/www.nordestsanita.it\/#\/schema\/logo\/image\/"}},{"@type":"Person","@id":"https:\/\/www.nordestsanita.it\/#\/schema\/person\/e5a7dc6dca45cb55e67d4a127b0e969a","name":"Redazione","image":{"@type":"ImageObject","inLanguage":"it-IT","@id":"https:\/\/www.nordestsanita.it\/#\/schema\/person\/image\/","url":"https:\/\/secure.gravatar.com\/avatar\/3f19a9b3d671ea36ec67c4badf3f961a?s=96&d=mm&r=g","contentUrl":"https:\/\/secure.gravatar.com\/avatar\/3f19a9b3d671ea36ec67c4badf3f961a?s=96&d=mm&r=g","caption":"Redazione"},"url":"https:\/\/www.nordestsanita.it\/?author=8"}]}},"jetpack_featured_media_url":"https:\/\/www.nordestsanita.it\/wp-content\/uploads\/2022\/12\/civetta-mount-1801928_640.jpg","_links":{"self":[{"href":"https:\/\/www.nordestsanita.it\/index.php?rest_route=\/wp\/v2\/posts\/1559"}],"collection":[{"href":"https:\/\/www.nordestsanita.it\/index.php?rest_route=\/wp\/v2\/posts"}],"about":[{"href":"https:\/\/www.nordestsanita.it\/index.php?rest_route=\/wp\/v2\/types\/post"}],"author":[{"embeddable":true,"href":"https:\/\/www.nordestsanita.it\/index.php?rest_route=\/wp\/v2\/users\/8"}],"replies":[{"embeddable":true,"href":"https:\/\/www.nordestsanita.it\/index.php?rest_route=%2Fwp%2Fv2%2Fcomments&post=1559"}],"version-history":[{"count":1,"href":"https:\/\/www.nordestsanita.it\/index.php?rest_route=\/wp\/v2\/posts\/1559\/revisions"}],"predecessor-version":[{"id":1561,"href":"https:\/\/www.nordestsanita.it\/index.php?rest_route=\/wp\/v2\/posts\/1559\/revisions\/1561"}],"wp:featuredmedia":[{"embeddable":true,"href":"https:\/\/www.nordestsanita.it\/index.php?rest_route=\/wp\/v2\/media\/1560"}],"wp:attachment":[{"href":"https:\/\/www.nordestsanita.it\/index.php?rest_route=%2Fwp%2Fv2%2Fmedia&parent=1559"}],"wp:term":[{"taxonomy":"category","embeddable":true,"href":"https:\/\/www.nordestsanita.it\/index.php?rest_route=%2Fwp%2Fv2%2Fcategories&post=1559"},{"taxonomy":"post_tag","embeddable":true,"href":"https:\/\/www.nordestsanita.it\/index.php?rest_route=%2Fwp%2Fv2%2Ftags&post=1559"}],"curies":[{"name":"wp","href":"https:\/\/api.w.org\/{rel}","templated":true}]}}