{"id":1586,"date":"2023-01-03T08:01:51","date_gmt":"2023-01-03T07:01:51","guid":{"rendered":"https:\/\/www.nordestsanita.it\/?p=1586"},"modified":"2023-01-03T08:01:55","modified_gmt":"2023-01-03T07:01:55","slug":"zaia-crisanti-guerra-totale","status":"publish","type":"post","link":"https:\/\/www.nordestsanita.it\/?p=1586","title":{"rendered":"Zaia-Crisanti, guerra totale"},"content":{"rendered":"\n<p>E&#8217; scontro totale tra il microbiologo Andrea&nbsp;Crisanti&nbsp;e il presidente della Regione Veneto Luca Zaia. Tutto nasce dalla diffusione da parte di &#8216;Report&#8217; di ieri sera di una telefonata intercettata nell&#8217;ambito di un&#8217;inchiesta sui tamponi rapidi in Veneto, in cui il governatore avrebbe parlato di portare&nbsp;Crisanti&nbsp;&#8220;allo schianto&#8221;. La polemica si lega alle prese di posizione di&nbsp;Crisanti&nbsp;sulla gestione della pandemia e in particolare sui tamponi. Immediata la replica del microbiologo che ha parlato di &#8220;dichiarazioni di una gravita&#8217; senza precedenti&#8221;.<br>&#8220;Lo inseguo fino alla fine del mondo per inchiodarlo su qualsiasi responsabilita&#8217; che ha nei miei confronti. Questo regime di intimidazione in questa Regione deve finire&#8221;, ha replicato&nbsp;Crisanti&nbsp;intervistato in esclusiva su MOW.&nbsp;Crisanti&nbsp;definisce invece &#8220;ininfluente&#8221; la candidatura politica nel Pd: \u201dqui e&#8217; un problema di etica, non e&#8217; un problema politico&#8221;.<\/p>\n\n\n\n<p>Il ricorso diffuso da parte del Veneto ai test antigenici negli ospedali e nelle rsa per anziani torna ad essere terreno di scontro tra il Presidente del Veneto, Luca Zaia, gli attuali vertici della sanit\u00e0 regionale e Andrea&nbsp;Crisanti, ora senatore del Pd e sino alla fine dello scorso anno professore di Microbiologia dell&#8217;Universit\u00e0 di Padova: il 31 dicembre ha infatti annunciato le dimissioni dall\u2019Ateneo patavino.<br>L&#8217;occasione \u00e8 la trasmissione Report di Rai 3, nella quale si \u00e8 parlato, tra l&#8217;altro, delle intercettazioni effettuate dalla Procura di Padova che ha indagato Roberto Rigoli, ex direttore del laboratorio di microbiologia di Treviso, e Patrizia Simionato, dg di Azienda Zero sulla base di un esposto partito dallo stesso&nbsp;Crisanti.<br>I due devono rispondere di falso ideologico e di turbata libert\u00e0 di scelta del contraente. La prossima udienza \u00e8 fissata per il 6 febbraio. Secondo l&#8217;accusa, in sostanza, Rigoli, incaricato di confermare l&#8217;idoneit\u00e0 clinico-scientifica dei tamponi, non avrebbe svolto correttamente il compito assegnatogli. Per&nbsp;Crisanti&nbsp;i test antigenici Abott acquistati dalla Regione Veneto nell&#8217;estate del 2020, tra la prima e la seconda ondata, sarebbero stati poco affidabili, circa al 70%,mentre per Rigoli la corrispondenza &#8220;\u00e8 sovrapponibile nella totalit\u00e0 dei campioni esaminati&#8221;. Ad acquistare i test rapidi non \u00e8 stato solo il Veneto ( con una maxi commessa da 148 milioni di euro) ma anche altre cinque regioni.<br>La trasmissione ha documentato, attraverso le intercettazioni, il livello progressivo del deterioramento dei rapporti tra Zaia e&nbsp;Crisanti, a partire dalla paternit\u00e0 sui test effettuati su tutta la popolazione di Vo&#8217; Euganeo.<br><br><strong>La replica della Regione Veneto<\/strong><\/p>\n\n\n\n<p>\u201cRiteniamo necessario, doveroso, stabilire una serie di punti fermi a difesa di chi ha lottato con il Covid per lunghi anni, prendendo decisioni che anche i pi\u00f9 autorevoli organi a livello nazionale e internazionale hanno decretato corrette, a tutela dei professionisti della sanit\u00e0 e del mondo accademico che li ha affiancati. Lo facciamo dal punto di vista scientifico, senza entrare nel merito della comunicazione politica, ma dicendo con chiarezza che quanto espresso anche quest\u2019oggi dal Senatore Crisanti non rappresenta la realt\u00e0 delle cose\u201d, rende noto la sanit\u00e0 della Regione Veneto, per voce del dott. Gianluigi Masullo, direttore generale (facente funzioni, dopo il pensionamento di Luciano Flor) della sanit\u00e0 regionale.&nbsp;<\/p>\n\n\n\n<p>\u201cLa strategia della Regione del Veneto, tesa al perseguimento dell\u2019obiettivo ultimo di prevenire il pi\u00f9 possibile contagi, ricoveri e decessi, si \u00e8 sempre fondata, fin dalle prime fasi dell\u2019emergenza pandemica, su indicazioni tecnico-scientifiche di livello internazionale e nazionale.&nbsp;<strong>Il cardine della strategia regionale \u00e8 sempre stato l\u2019individuazione precoce di tutti i possibili soggetti positivi al SARS-CoV-2, anche asintomatici, per l\u2019adozione tempestiva delle misure di sanit\u00e0 pubblica.<\/strong>\u201d, prosegue Masullo, sentita la direttrice del Dipartimento di Prevenzione, la dott.ssa Francesca Russo.&nbsp;<\/p>\n\n\n\n<p>\u00c8 bene ricordare che nei periodi pi\u00f9 critici della pandemia&nbsp;la massima capacit\u00e0 dei test molecolari era di 23 mila unit\u00e0 al giorno<strong>.<\/strong>&nbsp;A fronte di una richiesta di prestazioni che arrivava ad oltre 170 mila tamponi al giorno: considerati 30 mila ospiti case di riposo, 54 mila ai dipendenti della sanit\u00e0, cui si aggiungevano tutti i ricoveri e gli accessi nei Pronto Soccorso. E, ovviamente, quelli richiesti dal resto dei cittadini veneti. Prendendo ad esempio il 15 gennaio del 2022 sono stati effettuati 24.832 test molecolari e 164.189 test antigenici. Con un numero di positivi di 13.094 persone, la maggioranza dei quali emersi proprio dai test rapidi. Cosa sarebbe accaduto se non fossero stati effettuati?<\/p>\n\n\n\n<p>\u201cNegli scenari pi\u00f9 impegnativi, \u00e8 stato possibile estendere la protezione della popolazione rafforzando l&#8217;attivit\u00e0 di contact tracing, grazie alla contestuale introduzione,&nbsp;accanto ai test molecolari e non in loro sostituzione,&nbsp;dei test antigenici rapidi, che sono stati utilizzati nel rigoroso rispetto delle indicazioni di utilizzo internazionali e nazionali. Una scelta basata su precise indicazioni non certo regionali, ma dell\u2019Istituto Superiore di Sanit\u00e0, del Ministero della Salute e adottata anche a tutti i livelli delle principali istituzioni internazionali, a partire dell\u2019Organizzazione Mondiale della Sanit\u00e0. Tamponi utilizzati da tutto il mondo, autorizzati dall\u2019AIFA a seguito anche di trial scientifici pubblicati dal Lancet\u201d, proseguono i dirigenti, che specificano, \u201cl\u2019unica decisione adottata in piena autonomia avvenne il 21 febbraio 2020, quando il Presidente Regionale in totale autonomia, contro i pareri del mondo scientifico, decise di effettuare i tamponi all\u2019intera cittadinanza di V\u00f2 Euganeo, decretando l\u2019istituzione della zona rossa\u201d.<\/p>\n\n\n\n<p>\u201cVoler far passare il concetto che i test antigenici hanno addirittura favorito la mortalit\u00e0 e che non siano stati utili nel completamento degli screening appare davvero un vilipendio alla professionalit\u00e0 dei tanti autorevoli esperti che hanno impegnato tutte le loro energie e le loro conoscenze per assicurare le miglior tutela possibile alla popolazione del Veneto. E lo stesso Senatore &#8211; che ricordiamo essere a tutt\u2019oggi membro del Comitato Scientifico Regionale istituito con funzioni di indirizzo per i provvedimenti di sanit\u00e0 pubblica riguardanti il Covid, del quale il citato dott. Roberto Rigoli non \u00e8 mai stato membro \u2013 potrebbe trovare molte risposte nella letteratura scientifica che ha studiato lungamente quanto fatto in Veneto\u201d, si aggiunge.&nbsp;<\/p>\n\n\n\n<p>\u201cRisulta utile in tale senso citare, a ulteriore conferma dell\u2019efficacia della strategia regionale, che in marzo 2022 \u00e8 stato pubblicato, sulla&nbsp;prestigiosa rivista scientifica internazionale Lancet,&nbsp;uno studio che ha analizzato l\u2019eccesso di mortalit\u00e0 durante l\u2019intero periodo della pandemia da COVID-19 nei diversi paesi del mondo, dal titolo \u201cCOVID-19 Excess Mortality Collaborators.&nbsp;Estimating excess mortality due\u201d to the COVID-19 pandemic: a systematic analysis of COVID-19-related mortality, 2020-21.&nbsp;Tra le altre cose, infatti, lo studio, per il contesto italiano, riporta il dato di ogni singola Regione\/Provincia Autonoma. Per l\u2019Italia \u00e8 stato calcolato un eccesso di mortalit\u00e0 pari a 227,4 (212,0 &#8211; 242,5) ogni 100mila abitanti mentre&nbsp;per il Veneto pari a 177.5 (164.0 &#8211; 190.7), tra i valori pi\u00f9 bassi tra tutte le Regioni.&nbsp;Tale dato, congiuntamente con il rapporto tra eccesso di mortalit\u00e0 per tutte le cause e i decessi attribuiti a COVID-19,&nbsp;evidenzia chiaramente come la capacit\u00e0 di testing ha consentito di individuare ed identificare un numero elevato di casi contribuendo a contrastare la diffusione e limitare il contagio e conseguentemente anche i decessi che \u2013 come anticipato &#8211; sono tra i pi\u00f9 bassi tra tutte le regioni italiane\u201d.&nbsp;La sanit\u00e0 del Veneto ha sempre notificato all\u2019organo giudiziario i principali studi e letteratura sulla pandemia.&nbsp;<\/p>\n\n\n\n<p>\u201cSe il linguaggio politico vede talvolta trascendere nei toni, il nostro mondo, quello della scienza e dei professionisti della sanit\u00e0 non pu\u00f2 accettare di essere strumento di contesa. Ne va dalla credibilit\u00e0 di chi continua a lavorare con il camice e vuol far sentire la propria voce contro quello che potrebbe apparire un vilipendio dell\u2019istituzione regionale\u201d, terminano i dirigenti della sanit\u00e0 del Veneto.&nbsp;<\/p>\n\n\n\n<hr class=\"wp-block-separator has-alpha-channel-opacity\"\/>\n\n\n\n<p><\/p>\n\n\n\n<p><\/p>\n","protected":false},"excerpt":{"rendered":"<p>E&#8217; scontro totale tra il microbiologo Andrea&nbsp;Crisanti&nbsp;e il presidente della Regione Veneto Luca Zaia. Tutto nasce dalla diffusione da parte di &#8216;Report&#8217; di ieri sera di una telefonata intercettata nell&#8217;ambito di un&#8217;inchiesta sui tamponi rapidi in Veneto, in cui il governatore avrebbe parlato di portare&nbsp;Crisanti&nbsp;&#8220;allo schianto&#8221;. La polemica si lega alle prese di posizione di&nbsp;Crisanti&nbsp;sulla gestione della pandemia e in particolare sui tamponi. Immediata la replica del microbiologo che ha parlato di &#8220;dichiarazioni di una gravita&#8217; senza precedenti&#8221;.&#8220;Lo inseguo fino alla fine del mondo per inchiodarlo su qualsiasi responsabilita&#8217; che ha nei miei confronti. Questo regime di intimidazione in questa<\/p>\n","protected":false},"author":4,"featured_media":1587,"comment_status":"closed","ping_status":"open","sticky":false,"template":"","format":"standard","meta":[],"categories":[24,29],"tags":[39,290,291,33,87],"yoast_head":"<!-- This site is optimized with the Yoast SEO plugin v20.2 - https:\/\/yoast.com\/wordpress\/plugins\/seo\/ -->\n<title>Zaia-Crisanti, guerra totale - NES<\/title>\n<meta name=\"robots\" content=\"index, follow, max-snippet:-1, max-image-preview:large, max-video-preview:-1\" \/>\n<link rel=\"canonical\" href=\"https:\/\/www.nordestsanita.it\/?p=1586\" \/>\n<meta property=\"og:locale\" content=\"it_IT\" \/>\n<meta property=\"og:type\" content=\"article\" \/>\n<meta property=\"og:title\" content=\"Zaia-Crisanti, guerra totale - NES\" \/>\n<meta property=\"og:description\" content=\"E&#8217; scontro totale tra il microbiologo Andrea&nbsp;Crisanti&nbsp;e il presidente della Regione Veneto Luca Zaia. Tutto nasce dalla diffusione da parte di &#8216;Report&#8217; di ieri sera di una telefonata intercettata nell&#8217;ambito di un&#8217;inchiesta sui tamponi rapidi in Veneto, in cui il governatore avrebbe parlato di portare&nbsp;Crisanti&nbsp;&#8220;allo schianto&#8221;. La polemica si lega alle prese di posizione di&nbsp;Crisanti&nbsp;sulla gestione della pandemia e in particolare sui tamponi. Immediata la replica del microbiologo che ha parlato di &#8220;dichiarazioni di una gravita&#8217; senza precedenti&#8221;.&#8220;Lo inseguo fino alla fine del mondo per inchiodarlo su qualsiasi responsabilita&#8217; che ha nei miei confronti. Questo regime di intimidazione in questa\" \/>\n<meta property=\"og:url\" content=\"https:\/\/www.nordestsanita.it\/?p=1586\" \/>\n<meta property=\"og:site_name\" content=\"NES\" \/>\n<meta property=\"article:published_time\" content=\"2023-01-03T07:01:51+00:00\" \/>\n<meta property=\"article:modified_time\" content=\"2023-01-03T07:01:55+00:00\" \/>\n<meta property=\"og:image\" content=\"https:\/\/www.nordestsanita.it\/wp-content\/uploads\/2023\/01\/8F34172F-E001-482D-83CE-B36F697BC10B.jpeg\" \/>\n\t<meta property=\"og:image:width\" content=\"1958\" \/>\n\t<meta property=\"og:image:height\" content=\"1074\" \/>\n\t<meta property=\"og:image:type\" content=\"image\/jpeg\" \/>\n<meta name=\"author\" content=\"Giuliano Gargano\" \/>\n<meta name=\"twitter:card\" content=\"summary_large_image\" \/>\n<meta name=\"twitter:label1\" content=\"Scritto da\" \/>\n\t<meta name=\"twitter:data1\" content=\"Giuliano Gargano\" \/>\n\t<meta name=\"twitter:label2\" content=\"Tempo di lettura stimato\" \/>\n\t<meta name=\"twitter:data2\" content=\"6 minuti\" \/>\n<script type=\"application\/ld+json\" class=\"yoast-schema-graph\">{\"@context\":\"https:\/\/schema.org\",\"@graph\":[{\"@type\":\"Article\",\"@id\":\"https:\/\/www.nordestsanita.it\/?p=1586#article\",\"isPartOf\":{\"@id\":\"https:\/\/www.nordestsanita.it\/?p=1586\"},\"author\":{\"name\":\"Giuliano Gargano\",\"@id\":\"https:\/\/www.nordestsanita.it\/#\/schema\/person\/b4d794d64b96b99781f85e73d2f335e8\"},\"headline\":\"Zaia-Crisanti, guerra totale\",\"datePublished\":\"2023-01-03T07:01:51+00:00\",\"dateModified\":\"2023-01-03T07:01:55+00:00\",\"mainEntityOfPage\":{\"@id\":\"https:\/\/www.nordestsanita.it\/?p=1586\"},\"wordCount\":1250,\"publisher\":{\"@id\":\"https:\/\/www.nordestsanita.it\/#organization\"},\"keywords\":[\"Covid-19\",\"crisanti\",\"Report\",\"sanit\u00e0\",\"zaia\"],\"articleSection\":[\"Attualit\u00e0\",\"Covid\"],\"inLanguage\":\"it-IT\"},{\"@type\":\"WebPage\",\"@id\":\"https:\/\/www.nordestsanita.it\/?p=1586\",\"url\":\"https:\/\/www.nordestsanita.it\/?p=1586\",\"name\":\"Zaia-Crisanti, guerra totale - NES\",\"isPartOf\":{\"@id\":\"https:\/\/www.nordestsanita.it\/#website\"},\"datePublished\":\"2023-01-03T07:01:51+00:00\",\"dateModified\":\"2023-01-03T07:01:55+00:00\",\"breadcrumb\":{\"@id\":\"https:\/\/www.nordestsanita.it\/?p=1586#breadcrumb\"},\"inLanguage\":\"it-IT\",\"potentialAction\":[{\"@type\":\"ReadAction\",\"target\":[\"https:\/\/www.nordestsanita.it\/?p=1586\"]}]},{\"@type\":\"BreadcrumbList\",\"@id\":\"https:\/\/www.nordestsanita.it\/?p=1586#breadcrumb\",\"itemListElement\":[{\"@type\":\"ListItem\",\"position\":1,\"name\":\"Home\",\"item\":\"https:\/\/www.nordestsanita.it\/\"},{\"@type\":\"ListItem\",\"position\":2,\"name\":\"Zaia-Crisanti, guerra totale\"}]},{\"@type\":\"WebSite\",\"@id\":\"https:\/\/www.nordestsanita.it\/#website\",\"url\":\"https:\/\/www.nordestsanita.it\/\",\"name\":\"NES\",\"description\":\"Nord Est Sanit\u00e0\",\"publisher\":{\"@id\":\"https:\/\/www.nordestsanita.it\/#organization\"},\"potentialAction\":[{\"@type\":\"SearchAction\",\"target\":{\"@type\":\"EntryPoint\",\"urlTemplate\":\"https:\/\/www.nordestsanita.it\/?s={search_term_string}\"},\"query-input\":\"required name=search_term_string\"}],\"inLanguage\":\"it-IT\"},{\"@type\":\"Organization\",\"@id\":\"https:\/\/www.nordestsanita.it\/#organization\",\"name\":\"NES\",\"url\":\"https:\/\/www.nordestsanita.it\/\",\"logo\":{\"@type\":\"ImageObject\",\"inLanguage\":\"it-IT\",\"@id\":\"https:\/\/www.nordestsanita.it\/#\/schema\/logo\/image\/\",\"url\":\"https:\/\/www.nordestsanita.it\/wp-content\/uploads\/2021\/05\/NES-1280.png\",\"contentUrl\":\"https:\/\/www.nordestsanita.it\/wp-content\/uploads\/2021\/05\/NES-1280.png\",\"width\":1280,\"height\":458,\"caption\":\"NES\"},\"image\":{\"@id\":\"https:\/\/www.nordestsanita.it\/#\/schema\/logo\/image\/\"}},{\"@type\":\"Person\",\"@id\":\"https:\/\/www.nordestsanita.it\/#\/schema\/person\/b4d794d64b96b99781f85e73d2f335e8\",\"name\":\"Giuliano Gargano\",\"image\":{\"@type\":\"ImageObject\",\"inLanguage\":\"it-IT\",\"@id\":\"https:\/\/www.nordestsanita.it\/#\/schema\/person\/image\/\",\"url\":\"https:\/\/secure.gravatar.com\/avatar\/2358b20e394b61d6f72d0ddb2a3df6b3?s=96&d=mm&r=g\",\"contentUrl\":\"https:\/\/secure.gravatar.com\/avatar\/2358b20e394b61d6f72d0ddb2a3df6b3?s=96&d=mm&r=g\",\"caption\":\"Giuliano Gargano\"},\"url\":\"https:\/\/www.nordestsanita.it\/?author=4\"}]}<\/script>\n<!-- \/ Yoast SEO plugin. -->","yoast_head_json":{"title":"Zaia-Crisanti, guerra totale - NES","robots":{"index":"index","follow":"follow","max-snippet":"max-snippet:-1","max-image-preview":"max-image-preview:large","max-video-preview":"max-video-preview:-1"},"canonical":"https:\/\/www.nordestsanita.it\/?p=1586","og_locale":"it_IT","og_type":"article","og_title":"Zaia-Crisanti, guerra totale - NES","og_description":"E&#8217; scontro totale tra il microbiologo Andrea&nbsp;Crisanti&nbsp;e il presidente della Regione Veneto Luca Zaia. Tutto nasce dalla diffusione da parte di &#8216;Report&#8217; di ieri sera di una telefonata intercettata nell&#8217;ambito di un&#8217;inchiesta sui tamponi rapidi in Veneto, in cui il governatore avrebbe parlato di portare&nbsp;Crisanti&nbsp;&#8220;allo schianto&#8221;. La polemica si lega alle prese di posizione di&nbsp;Crisanti&nbsp;sulla gestione della pandemia e in particolare sui tamponi. Immediata la replica del microbiologo che ha parlato di &#8220;dichiarazioni di una gravita&#8217; senza precedenti&#8221;.&#8220;Lo inseguo fino alla fine del mondo per inchiodarlo su qualsiasi responsabilita&#8217; che ha nei miei confronti. Questo regime di intimidazione in questa","og_url":"https:\/\/www.nordestsanita.it\/?p=1586","og_site_name":"NES","article_published_time":"2023-01-03T07:01:51+00:00","article_modified_time":"2023-01-03T07:01:55+00:00","og_image":[{"width":1958,"height":1074,"url":"https:\/\/www.nordestsanita.it\/wp-content\/uploads\/2023\/01\/8F34172F-E001-482D-83CE-B36F697BC10B.jpeg","type":"image\/jpeg"}],"author":"Giuliano Gargano","twitter_card":"summary_large_image","twitter_misc":{"Scritto da":"Giuliano Gargano","Tempo di lettura stimato":"6 minuti"},"schema":{"@context":"https:\/\/schema.org","@graph":[{"@type":"Article","@id":"https:\/\/www.nordestsanita.it\/?p=1586#article","isPartOf":{"@id":"https:\/\/www.nordestsanita.it\/?p=1586"},"author":{"name":"Giuliano Gargano","@id":"https:\/\/www.nordestsanita.it\/#\/schema\/person\/b4d794d64b96b99781f85e73d2f335e8"},"headline":"Zaia-Crisanti, guerra totale","datePublished":"2023-01-03T07:01:51+00:00","dateModified":"2023-01-03T07:01:55+00:00","mainEntityOfPage":{"@id":"https:\/\/www.nordestsanita.it\/?p=1586"},"wordCount":1250,"publisher":{"@id":"https:\/\/www.nordestsanita.it\/#organization"},"keywords":["Covid-19","crisanti","Report","sanit\u00e0","zaia"],"articleSection":["Attualit\u00e0","Covid"],"inLanguage":"it-IT"},{"@type":"WebPage","@id":"https:\/\/www.nordestsanita.it\/?p=1586","url":"https:\/\/www.nordestsanita.it\/?p=1586","name":"Zaia-Crisanti, guerra totale - NES","isPartOf":{"@id":"https:\/\/www.nordestsanita.it\/#website"},"datePublished":"2023-01-03T07:01:51+00:00","dateModified":"2023-01-03T07:01:55+00:00","breadcrumb":{"@id":"https:\/\/www.nordestsanita.it\/?p=1586#breadcrumb"},"inLanguage":"it-IT","potentialAction":[{"@type":"ReadAction","target":["https:\/\/www.nordestsanita.it\/?p=1586"]}]},{"@type":"BreadcrumbList","@id":"https:\/\/www.nordestsanita.it\/?p=1586#breadcrumb","itemListElement":[{"@type":"ListItem","position":1,"name":"Home","item":"https:\/\/www.nordestsanita.it\/"},{"@type":"ListItem","position":2,"name":"Zaia-Crisanti, guerra totale"}]},{"@type":"WebSite","@id":"https:\/\/www.nordestsanita.it\/#website","url":"https:\/\/www.nordestsanita.it\/","name":"NES","description":"Nord Est Sanit\u00e0","publisher":{"@id":"https:\/\/www.nordestsanita.it\/#organization"},"potentialAction":[{"@type":"SearchAction","target":{"@type":"EntryPoint","urlTemplate":"https:\/\/www.nordestsanita.it\/?s={search_term_string}"},"query-input":"required name=search_term_string"}],"inLanguage":"it-IT"},{"@type":"Organization","@id":"https:\/\/www.nordestsanita.it\/#organization","name":"NES","url":"https:\/\/www.nordestsanita.it\/","logo":{"@type":"ImageObject","inLanguage":"it-IT","@id":"https:\/\/www.nordestsanita.it\/#\/schema\/logo\/image\/","url":"https:\/\/www.nordestsanita.it\/wp-content\/uploads\/2021\/05\/NES-1280.png","contentUrl":"https:\/\/www.nordestsanita.it\/wp-content\/uploads\/2021\/05\/NES-1280.png","width":1280,"height":458,"caption":"NES"},"image":{"@id":"https:\/\/www.nordestsanita.it\/#\/schema\/logo\/image\/"}},{"@type":"Person","@id":"https:\/\/www.nordestsanita.it\/#\/schema\/person\/b4d794d64b96b99781f85e73d2f335e8","name":"Giuliano Gargano","image":{"@type":"ImageObject","inLanguage":"it-IT","@id":"https:\/\/www.nordestsanita.it\/#\/schema\/person\/image\/","url":"https:\/\/secure.gravatar.com\/avatar\/2358b20e394b61d6f72d0ddb2a3df6b3?s=96&d=mm&r=g","contentUrl":"https:\/\/secure.gravatar.com\/avatar\/2358b20e394b61d6f72d0ddb2a3df6b3?s=96&d=mm&r=g","caption":"Giuliano Gargano"},"url":"https:\/\/www.nordestsanita.it\/?author=4"}]}},"jetpack_featured_media_url":"https:\/\/www.nordestsanita.it\/wp-content\/uploads\/2023\/01\/8F34172F-E001-482D-83CE-B36F697BC10B.jpeg","_links":{"self":[{"href":"https:\/\/www.nordestsanita.it\/index.php?rest_route=\/wp\/v2\/posts\/1586"}],"collection":[{"href":"https:\/\/www.nordestsanita.it\/index.php?rest_route=\/wp\/v2\/posts"}],"about":[{"href":"https:\/\/www.nordestsanita.it\/index.php?rest_route=\/wp\/v2\/types\/post"}],"author":[{"embeddable":true,"href":"https:\/\/www.nordestsanita.it\/index.php?rest_route=\/wp\/v2\/users\/4"}],"replies":[{"embeddable":true,"href":"https:\/\/www.nordestsanita.it\/index.php?rest_route=%2Fwp%2Fv2%2Fcomments&post=1586"}],"version-history":[{"count":1,"href":"https:\/\/www.nordestsanita.it\/index.php?rest_route=\/wp\/v2\/posts\/1586\/revisions"}],"predecessor-version":[{"id":1588,"href":"https:\/\/www.nordestsanita.it\/index.php?rest_route=\/wp\/v2\/posts\/1586\/revisions\/1588"}],"wp:featuredmedia":[{"embeddable":true,"href":"https:\/\/www.nordestsanita.it\/index.php?rest_route=\/wp\/v2\/media\/1587"}],"wp:attachment":[{"href":"https:\/\/www.nordestsanita.it\/index.php?rest_route=%2Fwp%2Fv2%2Fmedia&parent=1586"}],"wp:term":[{"taxonomy":"category","embeddable":true,"href":"https:\/\/www.nordestsanita.it\/index.php?rest_route=%2Fwp%2Fv2%2Fcategories&post=1586"},{"taxonomy":"post_tag","embeddable":true,"href":"https:\/\/www.nordestsanita.it\/index.php?rest_route=%2Fwp%2Fv2%2Ftags&post=1586"}],"curies":[{"name":"wp","href":"https:\/\/api.w.org\/{rel}","templated":true}]}}