{"id":1594,"date":"2023-01-12T15:10:18","date_gmt":"2023-01-12T14:10:18","guid":{"rendered":"https:\/\/www.nordestsanita.it\/?p=1594"},"modified":"2023-01-12T15:10:19","modified_gmt":"2023-01-12T14:10:19","slug":"numero-chiuso-a-medicina-si-cambia","status":"publish","type":"post","link":"https:\/\/www.nordestsanita.it\/?p=1594","title":{"rendered":"Numero chiuso a Medicina, si cambia?"},"content":{"rendered":"\n<p>Numero chiuso per l&#8217;accesso alla facolt\u00e0 di Medicina, si cambia? Forse s\u00ec: dipender\u00e0 dai lavori della commissione per studiare l\u2019eliminazione dell\u2019accesso programmato alle facolt\u00e0 di Medicina e Chirurgia , istituita da parte del Governo con il ministro per l\u2019Universit\u00e0, Annamaria Bernini.<\/p>\n\n\n\n<p>\u201cNon \u00e8 da ieri ma da molti anni che continuo a denunciare i problemi causati dal numero chiuso per l\u2019acceso alla facolt\u00e0 di Medicina&#8221;, commenta il presidente della Regione del Veneto Luca Zaia. &#8220;Questo Governo, finalmente, d\u00e0 un segnale concreto che interrompe il nulla di fatto. Spero che tutti prendano coscienza che un bravo chirurgo si seleziona sul campo dopo averlo portato in sala operatoria o che un bravo internista deve dimostrare il suo valore in corsia con il paziente. Di certo non a 19 anni con test di selezione con domande a eliminazione e risposte a crocette\u201d.<\/p>\n\n\n\n<p>\u201cLa limitatezza degli accessi ai corsi di laurea \u2013 aggiunge Zaia \u2013 ha progressivamente contrassegnato in negativo l\u2019ultimo decennio. Questa carenza ha condizionato anche gli ingressi dopo la laurea a tante Scuole di specializzazione come pediatria, anestesia, traumatologia o chirurgia, il cui diploma \u00e8 requisito essenziale per accedere alle strutture del servizio sanitario regionale. \u00c8 indispensabile intervenire tempestivamente anche rilanciando l\u2019attrattivit\u00e0 di alcune specializzazioni sui neolaureati ma iniziando senza dubbio dal superamento di un sistema che con una selezione tanto prematura rischia non solo di negare il fabbisogno di professionisti indispensabili alla nostra sanit\u00e0 ma anche di escludere giovani che potrebbero rivelarsi clinici o chirurghi di grande talento\u201d.<\/p>\n","protected":false},"excerpt":{"rendered":"<p>Numero chiuso per l&#8217;accesso alla facolt\u00e0 di Medicina, si cambia? Forse s\u00ec: dipender\u00e0 dai lavori della commissione per studiare l\u2019eliminazione dell\u2019accesso programmato alle facolt\u00e0 di Medicina e Chirurgia , istituita da parte del Governo con il ministro per l\u2019Universit\u00e0, Annamaria Bernini. \u201cNon \u00e8 da ieri ma da molti anni che continuo a denunciare i problemi causati dal numero chiuso per l\u2019acceso alla facolt\u00e0 di Medicina&#8221;, commenta il presidente della Regione del Veneto Luca Zaia. &#8220;Questo Governo, finalmente, d\u00e0 un segnale concreto che interrompe il nulla di fatto. Spero che tutti prendano coscienza che un bravo chirurgo si seleziona sul campo<\/p>\n","protected":false},"author":4,"featured_media":1595,"comment_status":"closed","ping_status":"open","sticky":false,"template":"","format":"standard","meta":[],"categories":[24],"tags":[295,258,294,293],"yoast_head":"<!-- This site is optimized with the Yoast SEO plugin v20.2 - https:\/\/yoast.com\/wordpress\/plugins\/seo\/ -->\n<title>Numero chiuso a Medicina, si cambia? - NES<\/title>\n<meta name=\"description\" content=\"Numero chiuso per l&#039;accesso alla facolt\u00e0 di Medicina, si cambia? Forse s\u00ec: dipender\u00e0 dai lavori della commissione per studiare l\u2019eliminazione dell\u2019accesso programmato alle facolt\u00e0 di Medicina e Chirurgia\" \/>\n<meta name=\"robots\" content=\"index, follow, max-snippet:-1, max-image-preview:large, max-video-preview:-1\" \/>\n<link rel=\"canonical\" href=\"https:\/\/www.nordestsanita.it\/?p=1594\" \/>\n<meta property=\"og:locale\" content=\"it_IT\" \/>\n<meta property=\"og:type\" content=\"article\" \/>\n<meta property=\"og:title\" content=\"Numero chiuso a Medicina, si cambia? - NES\" \/>\n<meta property=\"og:description\" content=\"Numero chiuso per l&#039;accesso alla facolt\u00e0 di Medicina, si cambia? Forse s\u00ec: dipender\u00e0 dai lavori della commissione per studiare l\u2019eliminazione dell\u2019accesso programmato alle facolt\u00e0 di Medicina e Chirurgia\" \/>\n<meta property=\"og:url\" content=\"https:\/\/www.nordestsanita.it\/?p=1594\" \/>\n<meta property=\"og:site_name\" content=\"NES\" \/>\n<meta property=\"article:published_time\" content=\"2023-01-12T14:10:18+00:00\" \/>\n<meta property=\"article:modified_time\" content=\"2023-01-12T14:10:19+00:00\" \/>\n<meta property=\"og:image\" content=\"https:\/\/www.nordestsanita.it\/wp-content\/uploads\/2023\/01\/kansai-university-84363_960_720.jpg\" \/>\n\t<meta property=\"og:image:width\" content=\"960\" \/>\n\t<meta property=\"og:image:height\" content=\"720\" \/>\n\t<meta property=\"og:image:type\" content=\"image\/jpeg\" \/>\n<meta name=\"author\" content=\"Giuliano Gargano\" \/>\n<meta name=\"twitter:card\" content=\"summary_large_image\" \/>\n<meta name=\"twitter:label1\" content=\"Scritto da\" \/>\n\t<meta name=\"twitter:data1\" content=\"Giuliano Gargano\" \/>\n\t<meta name=\"twitter:label2\" content=\"Tempo di lettura stimato\" \/>\n\t<meta name=\"twitter:data2\" content=\"2 minuti\" \/>\n<script type=\"application\/ld+json\" class=\"yoast-schema-graph\">{\"@context\":\"https:\/\/schema.org\",\"@graph\":[{\"@type\":\"Article\",\"@id\":\"https:\/\/www.nordestsanita.it\/?p=1594#article\",\"isPartOf\":{\"@id\":\"https:\/\/www.nordestsanita.it\/?p=1594\"},\"author\":{\"name\":\"Giuliano Gargano\",\"@id\":\"https:\/\/www.nordestsanita.it\/#\/schema\/person\/b4d794d64b96b99781f85e73d2f335e8\"},\"headline\":\"Numero chiuso a Medicina, si cambia?\",\"datePublished\":\"2023-01-12T14:10:18+00:00\",\"dateModified\":\"2023-01-12T14:10:19+00:00\",\"mainEntityOfPage\":{\"@id\":\"https:\/\/www.nordestsanita.it\/?p=1594\"},\"wordCount\":252,\"publisher\":{\"@id\":\"https:\/\/www.nordestsanita.it\/#organization\"},\"keywords\":[\"commissione\",\"Medicina\",\"numero chiuso\",\"universit\u00e0\"],\"articleSection\":[\"Attualit\u00e0\"],\"inLanguage\":\"it-IT\"},{\"@type\":\"WebPage\",\"@id\":\"https:\/\/www.nordestsanita.it\/?p=1594\",\"url\":\"https:\/\/www.nordestsanita.it\/?p=1594\",\"name\":\"Numero chiuso a Medicina, si cambia? - NES\",\"isPartOf\":{\"@id\":\"https:\/\/www.nordestsanita.it\/#website\"},\"datePublished\":\"2023-01-12T14:10:18+00:00\",\"dateModified\":\"2023-01-12T14:10:19+00:00\",\"description\":\"Numero chiuso per l'accesso alla facolt\u00e0 di Medicina, si cambia? Forse s\u00ec: dipender\u00e0 dai lavori della commissione per studiare l\u2019eliminazione dell\u2019accesso programmato alle facolt\u00e0 di Medicina e Chirurgia\",\"breadcrumb\":{\"@id\":\"https:\/\/www.nordestsanita.it\/?p=1594#breadcrumb\"},\"inLanguage\":\"it-IT\",\"potentialAction\":[{\"@type\":\"ReadAction\",\"target\":[\"https:\/\/www.nordestsanita.it\/?p=1594\"]}]},{\"@type\":\"BreadcrumbList\",\"@id\":\"https:\/\/www.nordestsanita.it\/?p=1594#breadcrumb\",\"itemListElement\":[{\"@type\":\"ListItem\",\"position\":1,\"name\":\"Home\",\"item\":\"https:\/\/www.nordestsanita.it\/\"},{\"@type\":\"ListItem\",\"position\":2,\"name\":\"Numero chiuso a Medicina, si cambia?\"}]},{\"@type\":\"WebSite\",\"@id\":\"https:\/\/www.nordestsanita.it\/#website\",\"url\":\"https:\/\/www.nordestsanita.it\/\",\"name\":\"NES\",\"description\":\"Nord Est Sanit\u00e0\",\"publisher\":{\"@id\":\"https:\/\/www.nordestsanita.it\/#organization\"},\"potentialAction\":[{\"@type\":\"SearchAction\",\"target\":{\"@type\":\"EntryPoint\",\"urlTemplate\":\"https:\/\/www.nordestsanita.it\/?s={search_term_string}\"},\"query-input\":\"required name=search_term_string\"}],\"inLanguage\":\"it-IT\"},{\"@type\":\"Organization\",\"@id\":\"https:\/\/www.nordestsanita.it\/#organization\",\"name\":\"NES\",\"url\":\"https:\/\/www.nordestsanita.it\/\",\"logo\":{\"@type\":\"ImageObject\",\"inLanguage\":\"it-IT\",\"@id\":\"https:\/\/www.nordestsanita.it\/#\/schema\/logo\/image\/\",\"url\":\"https:\/\/www.nordestsanita.it\/wp-content\/uploads\/2021\/05\/NES-1280.png\",\"contentUrl\":\"https:\/\/www.nordestsanita.it\/wp-content\/uploads\/2021\/05\/NES-1280.png\",\"width\":1280,\"height\":458,\"caption\":\"NES\"},\"image\":{\"@id\":\"https:\/\/www.nordestsanita.it\/#\/schema\/logo\/image\/\"}},{\"@type\":\"Person\",\"@id\":\"https:\/\/www.nordestsanita.it\/#\/schema\/person\/b4d794d64b96b99781f85e73d2f335e8\",\"name\":\"Giuliano Gargano\",\"image\":{\"@type\":\"ImageObject\",\"inLanguage\":\"it-IT\",\"@id\":\"https:\/\/www.nordestsanita.it\/#\/schema\/person\/image\/\",\"url\":\"https:\/\/secure.gravatar.com\/avatar\/2358b20e394b61d6f72d0ddb2a3df6b3?s=96&d=mm&r=g\",\"contentUrl\":\"https:\/\/secure.gravatar.com\/avatar\/2358b20e394b61d6f72d0ddb2a3df6b3?s=96&d=mm&r=g\",\"caption\":\"Giuliano Gargano\"},\"url\":\"https:\/\/www.nordestsanita.it\/?author=4\"}]}<\/script>\n<!-- \/ Yoast SEO plugin. -->","yoast_head_json":{"title":"Numero chiuso a Medicina, si cambia? - NES","description":"Numero chiuso per l'accesso alla facolt\u00e0 di Medicina, si cambia? Forse s\u00ec: dipender\u00e0 dai lavori della commissione per studiare l\u2019eliminazione dell\u2019accesso programmato alle facolt\u00e0 di Medicina e Chirurgia","robots":{"index":"index","follow":"follow","max-snippet":"max-snippet:-1","max-image-preview":"max-image-preview:large","max-video-preview":"max-video-preview:-1"},"canonical":"https:\/\/www.nordestsanita.it\/?p=1594","og_locale":"it_IT","og_type":"article","og_title":"Numero chiuso a Medicina, si cambia? - NES","og_description":"Numero chiuso per l'accesso alla facolt\u00e0 di Medicina, si cambia? Forse s\u00ec: dipender\u00e0 dai lavori della commissione per studiare l\u2019eliminazione dell\u2019accesso programmato alle facolt\u00e0 di Medicina e Chirurgia","og_url":"https:\/\/www.nordestsanita.it\/?p=1594","og_site_name":"NES","article_published_time":"2023-01-12T14:10:18+00:00","article_modified_time":"2023-01-12T14:10:19+00:00","og_image":[{"width":960,"height":720,"url":"https:\/\/www.nordestsanita.it\/wp-content\/uploads\/2023\/01\/kansai-university-84363_960_720.jpg","type":"image\/jpeg"}],"author":"Giuliano Gargano","twitter_card":"summary_large_image","twitter_misc":{"Scritto da":"Giuliano Gargano","Tempo di lettura stimato":"2 minuti"},"schema":{"@context":"https:\/\/schema.org","@graph":[{"@type":"Article","@id":"https:\/\/www.nordestsanita.it\/?p=1594#article","isPartOf":{"@id":"https:\/\/www.nordestsanita.it\/?p=1594"},"author":{"name":"Giuliano Gargano","@id":"https:\/\/www.nordestsanita.it\/#\/schema\/person\/b4d794d64b96b99781f85e73d2f335e8"},"headline":"Numero chiuso a Medicina, si cambia?","datePublished":"2023-01-12T14:10:18+00:00","dateModified":"2023-01-12T14:10:19+00:00","mainEntityOfPage":{"@id":"https:\/\/www.nordestsanita.it\/?p=1594"},"wordCount":252,"publisher":{"@id":"https:\/\/www.nordestsanita.it\/#organization"},"keywords":["commissione","Medicina","numero chiuso","universit\u00e0"],"articleSection":["Attualit\u00e0"],"inLanguage":"it-IT"},{"@type":"WebPage","@id":"https:\/\/www.nordestsanita.it\/?p=1594","url":"https:\/\/www.nordestsanita.it\/?p=1594","name":"Numero chiuso a Medicina, si cambia? - NES","isPartOf":{"@id":"https:\/\/www.nordestsanita.it\/#website"},"datePublished":"2023-01-12T14:10:18+00:00","dateModified":"2023-01-12T14:10:19+00:00","description":"Numero chiuso per l'accesso alla facolt\u00e0 di Medicina, si cambia? Forse s\u00ec: dipender\u00e0 dai lavori della commissione per studiare l\u2019eliminazione dell\u2019accesso programmato alle facolt\u00e0 di Medicina e Chirurgia","breadcrumb":{"@id":"https:\/\/www.nordestsanita.it\/?p=1594#breadcrumb"},"inLanguage":"it-IT","potentialAction":[{"@type":"ReadAction","target":["https:\/\/www.nordestsanita.it\/?p=1594"]}]},{"@type":"BreadcrumbList","@id":"https:\/\/www.nordestsanita.it\/?p=1594#breadcrumb","itemListElement":[{"@type":"ListItem","position":1,"name":"Home","item":"https:\/\/www.nordestsanita.it\/"},{"@type":"ListItem","position":2,"name":"Numero chiuso a Medicina, si cambia?"}]},{"@type":"WebSite","@id":"https:\/\/www.nordestsanita.it\/#website","url":"https:\/\/www.nordestsanita.it\/","name":"NES","description":"Nord Est Sanit\u00e0","publisher":{"@id":"https:\/\/www.nordestsanita.it\/#organization"},"potentialAction":[{"@type":"SearchAction","target":{"@type":"EntryPoint","urlTemplate":"https:\/\/www.nordestsanita.it\/?s={search_term_string}"},"query-input":"required name=search_term_string"}],"inLanguage":"it-IT"},{"@type":"Organization","@id":"https:\/\/www.nordestsanita.it\/#organization","name":"NES","url":"https:\/\/www.nordestsanita.it\/","logo":{"@type":"ImageObject","inLanguage":"it-IT","@id":"https:\/\/www.nordestsanita.it\/#\/schema\/logo\/image\/","url":"https:\/\/www.nordestsanita.it\/wp-content\/uploads\/2021\/05\/NES-1280.png","contentUrl":"https:\/\/www.nordestsanita.it\/wp-content\/uploads\/2021\/05\/NES-1280.png","width":1280,"height":458,"caption":"NES"},"image":{"@id":"https:\/\/www.nordestsanita.it\/#\/schema\/logo\/image\/"}},{"@type":"Person","@id":"https:\/\/www.nordestsanita.it\/#\/schema\/person\/b4d794d64b96b99781f85e73d2f335e8","name":"Giuliano Gargano","image":{"@type":"ImageObject","inLanguage":"it-IT","@id":"https:\/\/www.nordestsanita.it\/#\/schema\/person\/image\/","url":"https:\/\/secure.gravatar.com\/avatar\/2358b20e394b61d6f72d0ddb2a3df6b3?s=96&d=mm&r=g","contentUrl":"https:\/\/secure.gravatar.com\/avatar\/2358b20e394b61d6f72d0ddb2a3df6b3?s=96&d=mm&r=g","caption":"Giuliano Gargano"},"url":"https:\/\/www.nordestsanita.it\/?author=4"}]}},"jetpack_featured_media_url":"https:\/\/www.nordestsanita.it\/wp-content\/uploads\/2023\/01\/kansai-university-84363_960_720.jpg","_links":{"self":[{"href":"https:\/\/www.nordestsanita.it\/index.php?rest_route=\/wp\/v2\/posts\/1594"}],"collection":[{"href":"https:\/\/www.nordestsanita.it\/index.php?rest_route=\/wp\/v2\/posts"}],"about":[{"href":"https:\/\/www.nordestsanita.it\/index.php?rest_route=\/wp\/v2\/types\/post"}],"author":[{"embeddable":true,"href":"https:\/\/www.nordestsanita.it\/index.php?rest_route=\/wp\/v2\/users\/4"}],"replies":[{"embeddable":true,"href":"https:\/\/www.nordestsanita.it\/index.php?rest_route=%2Fwp%2Fv2%2Fcomments&post=1594"}],"version-history":[{"count":1,"href":"https:\/\/www.nordestsanita.it\/index.php?rest_route=\/wp\/v2\/posts\/1594\/revisions"}],"predecessor-version":[{"id":1596,"href":"https:\/\/www.nordestsanita.it\/index.php?rest_route=\/wp\/v2\/posts\/1594\/revisions\/1596"}],"wp:featuredmedia":[{"embeddable":true,"href":"https:\/\/www.nordestsanita.it\/index.php?rest_route=\/wp\/v2\/media\/1595"}],"wp:attachment":[{"href":"https:\/\/www.nordestsanita.it\/index.php?rest_route=%2Fwp%2Fv2%2Fmedia&parent=1594"}],"wp:term":[{"taxonomy":"category","embeddable":true,"href":"https:\/\/www.nordestsanita.it\/index.php?rest_route=%2Fwp%2Fv2%2Fcategories&post=1594"},{"taxonomy":"post_tag","embeddable":true,"href":"https:\/\/www.nordestsanita.it\/index.php?rest_route=%2Fwp%2Fv2%2Ftags&post=1594"}],"curies":[{"name":"wp","href":"https:\/\/api.w.org\/{rel}","templated":true}]}}