{"id":1599,"date":"2023-01-13T11:02:35","date_gmt":"2023-01-13T10:02:35","guid":{"rendered":"https:\/\/www.nordestsanita.it\/?p=1599"},"modified":"2023-01-13T11:05:02","modified_gmt":"2023-01-13T10:05:02","slug":"influenza-calo-dei-casi-stimati","status":"publish","type":"post","link":"https:\/\/www.nordestsanita.it\/?p=1599","title":{"rendered":"Influenza, calo dei casi stimati"},"content":{"rendered":"\n<p>In attesa dei cosiddetti &#8220;giorni della merla&#8221;, tradizionalmente i pi\u00f9 freddi dell&#8217;inverno, si registra un piccolo calo nei casi di influenza stagionale.<\/p>\n\n\n\n<p>Nell\u2019ultima settimana in Veneto sono 42.769 (contro i 48.449 della scorsa) i casi stimati, per un totale complessivo da inizio stagione di 567.403. Il dato \u00e8 riportato nel <a href=\"https:\/\/www.nordestsanita.it\/wp-content\/uploads\/2023\/01\/Rapporto_influnet_Veneto-2.pdf\" target=\"_blank\" rel=\"noreferrer noopener\"><strong>report<\/strong><\/a> del sistema di sorveglianza epidemiologica del contagio nell\u2019ambito della rete Influnet. L\u2019incidenza generale \u00e8 pari a 8,81 casi per mille abitanti, contro i 9,98 casi per mille abitanti della scorsa settimana.<\/p>\n\n\n\n<p>La fascia di et\u00e0 pi\u00f9 colpita \u00e8 quella dei bambini da 0 a 4 anni con 19,3 casi per mille (contro 29,82 della scorsa rilevazione), seguita da quella tra i 5 e i 14 anni con 6,54 casi per mille (contro 10,04 della scorsa settimana). Incidenza in leggerissima crescita tra i cittadini tra i 15 e i 64 anni che fanno registrare 9,85 casi per mille (9,74 la precedente), inferiore in quelli con pi\u00f9 di 65 anni con 4,47 contro 5,38 della scorsa settimana.<\/p>\n\n\n\n<p>La sintomatologia si manifesta con febbre, brivido, tosse, mal di gola, cefalea, dolori muscolari, astenia, naso chiuso e\/o naso che cola. Il virus influenzale pu\u00f2 indebolire temporaneamente il sistema immunitario, anche in soggetti giovani e sani, e pu\u00f2 favorire la comparsa, insieme all\u2019influenza, anche di infezioni batteriche contemporanee quali bronchiti, otiti, polmoniti e sinusiti.<\/p>\n","protected":false},"excerpt":{"rendered":"<p>In attesa dei cosiddetti &#8220;giorni della merla&#8221;, tradizionalmente i pi\u00f9 freddi dell&#8217;inverno, si registra un piccolo calo nei casi di influenza stagionale. Nell\u2019ultima settimana in Veneto sono 42.769 (contro i 48.449 della scorsa) i casi stimati, per un totale complessivo da inizio stagione di 567.403. Il dato \u00e8 riportato nel report del sistema di sorveglianza epidemiologica del contagio nell\u2019ambito della rete Influnet. L\u2019incidenza generale \u00e8 pari a 8,81 casi per mille abitanti, contro i 9,98 casi per mille abitanti della scorsa settimana. La fascia di et\u00e0 pi\u00f9 colpita \u00e8 quella dei bambini da 0 a 4 anni con 19,3 casi<\/p>\n","protected":false},"author":4,"featured_media":1598,"comment_status":"closed","ping_status":"open","sticky":false,"template":"","format":"standard","meta":[],"categories":[25],"tags":[96],"yoast_head":"<!-- This site is optimized with the Yoast SEO plugin v20.2 - https:\/\/yoast.com\/wordpress\/plugins\/seo\/ -->\n<title>Influenza, calo dei casi stimati - NES<\/title>\n<meta name=\"robots\" content=\"index, follow, max-snippet:-1, max-image-preview:large, max-video-preview:-1\" \/>\n<link rel=\"canonical\" href=\"https:\/\/www.nordestsanita.it\/?p=1599\" \/>\n<meta property=\"og:locale\" content=\"it_IT\" \/>\n<meta property=\"og:type\" content=\"article\" \/>\n<meta property=\"og:title\" content=\"Influenza, calo dei casi stimati - NES\" \/>\n<meta property=\"og:description\" content=\"In attesa dei cosiddetti &#8220;giorni della merla&#8221;, tradizionalmente i pi\u00f9 freddi dell&#8217;inverno, si registra un piccolo calo nei casi di influenza stagionale. Nell\u2019ultima settimana in Veneto sono 42.769 (contro i 48.449 della scorsa) i casi stimati, per un totale complessivo da inizio stagione di 567.403. Il dato \u00e8 riportato nel report del sistema di sorveglianza epidemiologica del contagio nell\u2019ambito della rete Influnet. L\u2019incidenza generale \u00e8 pari a 8,81 casi per mille abitanti, contro i 9,98 casi per mille abitanti della scorsa settimana. La fascia di et\u00e0 pi\u00f9 colpita \u00e8 quella dei bambini da 0 a 4 anni con 19,3 casi\" \/>\n<meta property=\"og:url\" content=\"https:\/\/www.nordestsanita.it\/?p=1599\" \/>\n<meta property=\"og:site_name\" content=\"NES\" \/>\n<meta property=\"article:published_time\" content=\"2023-01-13T10:02:35+00:00\" \/>\n<meta property=\"article:modified_time\" content=\"2023-01-13T10:05:02+00:00\" \/>\n<meta property=\"og:image\" content=\"https:\/\/www.nordestsanita.it\/wp-content\/uploads\/2023\/01\/influenza-156098_960_720.png\" \/>\n\t<meta property=\"og:image:width\" content=\"960\" \/>\n\t<meta property=\"og:image:height\" content=\"551\" \/>\n\t<meta property=\"og:image:type\" content=\"image\/png\" \/>\n<meta name=\"author\" content=\"Giuliano Gargano\" \/>\n<meta name=\"twitter:card\" content=\"summary_large_image\" \/>\n<meta name=\"twitter:label1\" content=\"Scritto da\" \/>\n\t<meta name=\"twitter:data1\" content=\"Giuliano Gargano\" \/>\n\t<meta name=\"twitter:label2\" content=\"Tempo di lettura stimato\" \/>\n\t<meta name=\"twitter:data2\" content=\"1 minuto\" \/>\n<script type=\"application\/ld+json\" class=\"yoast-schema-graph\">{\"@context\":\"https:\/\/schema.org\",\"@graph\":[{\"@type\":\"Article\",\"@id\":\"https:\/\/www.nordestsanita.it\/?p=1599#article\",\"isPartOf\":{\"@id\":\"https:\/\/www.nordestsanita.it\/?p=1599\"},\"author\":{\"name\":\"Giuliano Gargano\",\"@id\":\"https:\/\/www.nordestsanita.it\/#\/schema\/person\/b4d794d64b96b99781f85e73d2f335e8\"},\"headline\":\"Influenza, calo dei casi stimati\",\"datePublished\":\"2023-01-13T10:02:35+00:00\",\"dateModified\":\"2023-01-13T10:05:02+00:00\",\"mainEntityOfPage\":{\"@id\":\"https:\/\/www.nordestsanita.it\/?p=1599\"},\"wordCount\":207,\"publisher\":{\"@id\":\"https:\/\/www.nordestsanita.it\/#organization\"},\"keywords\":[\"influenza\"],\"articleSection\":[\"Sanit\u00e0\"],\"inLanguage\":\"it-IT\"},{\"@type\":\"WebPage\",\"@id\":\"https:\/\/www.nordestsanita.it\/?p=1599\",\"url\":\"https:\/\/www.nordestsanita.it\/?p=1599\",\"name\":\"Influenza, calo dei casi stimati - NES\",\"isPartOf\":{\"@id\":\"https:\/\/www.nordestsanita.it\/#website\"},\"datePublished\":\"2023-01-13T10:02:35+00:00\",\"dateModified\":\"2023-01-13T10:05:02+00:00\",\"breadcrumb\":{\"@id\":\"https:\/\/www.nordestsanita.it\/?p=1599#breadcrumb\"},\"inLanguage\":\"it-IT\",\"potentialAction\":[{\"@type\":\"ReadAction\",\"target\":[\"https:\/\/www.nordestsanita.it\/?p=1599\"]}]},{\"@type\":\"BreadcrumbList\",\"@id\":\"https:\/\/www.nordestsanita.it\/?p=1599#breadcrumb\",\"itemListElement\":[{\"@type\":\"ListItem\",\"position\":1,\"name\":\"Home\",\"item\":\"https:\/\/www.nordestsanita.it\/\"},{\"@type\":\"ListItem\",\"position\":2,\"name\":\"Influenza, calo dei casi stimati\"}]},{\"@type\":\"WebSite\",\"@id\":\"https:\/\/www.nordestsanita.it\/#website\",\"url\":\"https:\/\/www.nordestsanita.it\/\",\"name\":\"NES\",\"description\":\"Nord Est Sanit\u00e0\",\"publisher\":{\"@id\":\"https:\/\/www.nordestsanita.it\/#organization\"},\"potentialAction\":[{\"@type\":\"SearchAction\",\"target\":{\"@type\":\"EntryPoint\",\"urlTemplate\":\"https:\/\/www.nordestsanita.it\/?s={search_term_string}\"},\"query-input\":\"required name=search_term_string\"}],\"inLanguage\":\"it-IT\"},{\"@type\":\"Organization\",\"@id\":\"https:\/\/www.nordestsanita.it\/#organization\",\"name\":\"NES\",\"url\":\"https:\/\/www.nordestsanita.it\/\",\"logo\":{\"@type\":\"ImageObject\",\"inLanguage\":\"it-IT\",\"@id\":\"https:\/\/www.nordestsanita.it\/#\/schema\/logo\/image\/\",\"url\":\"https:\/\/www.nordestsanita.it\/wp-content\/uploads\/2021\/05\/NES-1280.png\",\"contentUrl\":\"https:\/\/www.nordestsanita.it\/wp-content\/uploads\/2021\/05\/NES-1280.png\",\"width\":1280,\"height\":458,\"caption\":\"NES\"},\"image\":{\"@id\":\"https:\/\/www.nordestsanita.it\/#\/schema\/logo\/image\/\"}},{\"@type\":\"Person\",\"@id\":\"https:\/\/www.nordestsanita.it\/#\/schema\/person\/b4d794d64b96b99781f85e73d2f335e8\",\"name\":\"Giuliano Gargano\",\"image\":{\"@type\":\"ImageObject\",\"inLanguage\":\"it-IT\",\"@id\":\"https:\/\/www.nordestsanita.it\/#\/schema\/person\/image\/\",\"url\":\"https:\/\/secure.gravatar.com\/avatar\/2358b20e394b61d6f72d0ddb2a3df6b3?s=96&d=mm&r=g\",\"contentUrl\":\"https:\/\/secure.gravatar.com\/avatar\/2358b20e394b61d6f72d0ddb2a3df6b3?s=96&d=mm&r=g\",\"caption\":\"Giuliano Gargano\"},\"url\":\"https:\/\/www.nordestsanita.it\/?author=4\"}]}<\/script>\n<!-- \/ Yoast SEO plugin. -->","yoast_head_json":{"title":"Influenza, calo dei casi stimati - NES","robots":{"index":"index","follow":"follow","max-snippet":"max-snippet:-1","max-image-preview":"max-image-preview:large","max-video-preview":"max-video-preview:-1"},"canonical":"https:\/\/www.nordestsanita.it\/?p=1599","og_locale":"it_IT","og_type":"article","og_title":"Influenza, calo dei casi stimati - NES","og_description":"In attesa dei cosiddetti &#8220;giorni della merla&#8221;, tradizionalmente i pi\u00f9 freddi dell&#8217;inverno, si registra un piccolo calo nei casi di influenza stagionale. Nell\u2019ultima settimana in Veneto sono 42.769 (contro i 48.449 della scorsa) i casi stimati, per un totale complessivo da inizio stagione di 567.403. Il dato \u00e8 riportato nel report del sistema di sorveglianza epidemiologica del contagio nell\u2019ambito della rete Influnet. L\u2019incidenza generale \u00e8 pari a 8,81 casi per mille abitanti, contro i 9,98 casi per mille abitanti della scorsa settimana. La fascia di et\u00e0 pi\u00f9 colpita \u00e8 quella dei bambini da 0 a 4 anni con 19,3 casi","og_url":"https:\/\/www.nordestsanita.it\/?p=1599","og_site_name":"NES","article_published_time":"2023-01-13T10:02:35+00:00","article_modified_time":"2023-01-13T10:05:02+00:00","og_image":[{"width":960,"height":551,"url":"https:\/\/www.nordestsanita.it\/wp-content\/uploads\/2023\/01\/influenza-156098_960_720.png","type":"image\/png"}],"author":"Giuliano Gargano","twitter_card":"summary_large_image","twitter_misc":{"Scritto da":"Giuliano Gargano","Tempo di lettura stimato":"1 minuto"},"schema":{"@context":"https:\/\/schema.org","@graph":[{"@type":"Article","@id":"https:\/\/www.nordestsanita.it\/?p=1599#article","isPartOf":{"@id":"https:\/\/www.nordestsanita.it\/?p=1599"},"author":{"name":"Giuliano Gargano","@id":"https:\/\/www.nordestsanita.it\/#\/schema\/person\/b4d794d64b96b99781f85e73d2f335e8"},"headline":"Influenza, calo dei casi stimati","datePublished":"2023-01-13T10:02:35+00:00","dateModified":"2023-01-13T10:05:02+00:00","mainEntityOfPage":{"@id":"https:\/\/www.nordestsanita.it\/?p=1599"},"wordCount":207,"publisher":{"@id":"https:\/\/www.nordestsanita.it\/#organization"},"keywords":["influenza"],"articleSection":["Sanit\u00e0"],"inLanguage":"it-IT"},{"@type":"WebPage","@id":"https:\/\/www.nordestsanita.it\/?p=1599","url":"https:\/\/www.nordestsanita.it\/?p=1599","name":"Influenza, calo dei casi stimati - NES","isPartOf":{"@id":"https:\/\/www.nordestsanita.it\/#website"},"datePublished":"2023-01-13T10:02:35+00:00","dateModified":"2023-01-13T10:05:02+00:00","breadcrumb":{"@id":"https:\/\/www.nordestsanita.it\/?p=1599#breadcrumb"},"inLanguage":"it-IT","potentialAction":[{"@type":"ReadAction","target":["https:\/\/www.nordestsanita.it\/?p=1599"]}]},{"@type":"BreadcrumbList","@id":"https:\/\/www.nordestsanita.it\/?p=1599#breadcrumb","itemListElement":[{"@type":"ListItem","position":1,"name":"Home","item":"https:\/\/www.nordestsanita.it\/"},{"@type":"ListItem","position":2,"name":"Influenza, calo dei casi stimati"}]},{"@type":"WebSite","@id":"https:\/\/www.nordestsanita.it\/#website","url":"https:\/\/www.nordestsanita.it\/","name":"NES","description":"Nord Est Sanit\u00e0","publisher":{"@id":"https:\/\/www.nordestsanita.it\/#organization"},"potentialAction":[{"@type":"SearchAction","target":{"@type":"EntryPoint","urlTemplate":"https:\/\/www.nordestsanita.it\/?s={search_term_string}"},"query-input":"required name=search_term_string"}],"inLanguage":"it-IT"},{"@type":"Organization","@id":"https:\/\/www.nordestsanita.it\/#organization","name":"NES","url":"https:\/\/www.nordestsanita.it\/","logo":{"@type":"ImageObject","inLanguage":"it-IT","@id":"https:\/\/www.nordestsanita.it\/#\/schema\/logo\/image\/","url":"https:\/\/www.nordestsanita.it\/wp-content\/uploads\/2021\/05\/NES-1280.png","contentUrl":"https:\/\/www.nordestsanita.it\/wp-content\/uploads\/2021\/05\/NES-1280.png","width":1280,"height":458,"caption":"NES"},"image":{"@id":"https:\/\/www.nordestsanita.it\/#\/schema\/logo\/image\/"}},{"@type":"Person","@id":"https:\/\/www.nordestsanita.it\/#\/schema\/person\/b4d794d64b96b99781f85e73d2f335e8","name":"Giuliano Gargano","image":{"@type":"ImageObject","inLanguage":"it-IT","@id":"https:\/\/www.nordestsanita.it\/#\/schema\/person\/image\/","url":"https:\/\/secure.gravatar.com\/avatar\/2358b20e394b61d6f72d0ddb2a3df6b3?s=96&d=mm&r=g","contentUrl":"https:\/\/secure.gravatar.com\/avatar\/2358b20e394b61d6f72d0ddb2a3df6b3?s=96&d=mm&r=g","caption":"Giuliano Gargano"},"url":"https:\/\/www.nordestsanita.it\/?author=4"}]}},"jetpack_featured_media_url":"https:\/\/www.nordestsanita.it\/wp-content\/uploads\/2023\/01\/influenza-156098_960_720.png","_links":{"self":[{"href":"https:\/\/www.nordestsanita.it\/index.php?rest_route=\/wp\/v2\/posts\/1599"}],"collection":[{"href":"https:\/\/www.nordestsanita.it\/index.php?rest_route=\/wp\/v2\/posts"}],"about":[{"href":"https:\/\/www.nordestsanita.it\/index.php?rest_route=\/wp\/v2\/types\/post"}],"author":[{"embeddable":true,"href":"https:\/\/www.nordestsanita.it\/index.php?rest_route=\/wp\/v2\/users\/4"}],"replies":[{"embeddable":true,"href":"https:\/\/www.nordestsanita.it\/index.php?rest_route=%2Fwp%2Fv2%2Fcomments&post=1599"}],"version-history":[{"count":2,"href":"https:\/\/www.nordestsanita.it\/index.php?rest_route=\/wp\/v2\/posts\/1599\/revisions"}],"predecessor-version":[{"id":1602,"href":"https:\/\/www.nordestsanita.it\/index.php?rest_route=\/wp\/v2\/posts\/1599\/revisions\/1602"}],"wp:featuredmedia":[{"embeddable":true,"href":"https:\/\/www.nordestsanita.it\/index.php?rest_route=\/wp\/v2\/media\/1598"}],"wp:attachment":[{"href":"https:\/\/www.nordestsanita.it\/index.php?rest_route=%2Fwp%2Fv2%2Fmedia&parent=1599"}],"wp:term":[{"taxonomy":"category","embeddable":true,"href":"https:\/\/www.nordestsanita.it\/index.php?rest_route=%2Fwp%2Fv2%2Fcategories&post=1599"},{"taxonomy":"post_tag","embeddable":true,"href":"https:\/\/www.nordestsanita.it\/index.php?rest_route=%2Fwp%2Fv2%2Ftags&post=1599"}],"curies":[{"name":"wp","href":"https:\/\/api.w.org\/{rel}","templated":true}]}}