{"id":1603,"date":"2023-01-17T17:27:20","date_gmt":"2023-01-17T16:27:20","guid":{"rendered":"https:\/\/www.nordestsanita.it\/?p=1603"},"modified":"2023-01-17T17:27:21","modified_gmt":"2023-01-17T16:27:21","slug":"20-anni-dalla-legge-antifumo-il-veneto-tra-le-regioni-con-meno-fumatori","status":"publish","type":"post","link":"https:\/\/www.nordestsanita.it\/?p=1603","title":{"rendered":"20 anni dalla legge antifumo, il Veneto tra le regioni con meno fumatori"},"content":{"rendered":"\n<p>Ricorreva ieri il ventennale della legge del 16 gennaio 2003, passata alle cronache con il nome del ministro Sirchia, che ha esteso l\u2019obbligo di non fumare nei luoghi chiusi accessibili al pubblico, in tutti i luoghi di lavoro, negli esercizi commerciali, di ristorazione, di svago e sportivi.<\/p>\n\n\n\n<!--more-->\n\n\n\n<p>Nello spirito della normativa nel Veneto \u00e8 stato fatto molto, non solo per mettere a norma i luoghi di lavoro. In particolare con l\u2019iniziativa \u201cVerso ospedali e servizi sanitari liberi dal fumo\u201d si \u00e8 puntato a creare modelli organizzativi e operativi per disporre di strutture sanitarie totalmente libere dal fumo. Ma si \u00e8 puntato l\u2019interesse anche sugli spazi all\u2019aperto, con un progetto destinato a divenire un modello. Nel 2014, infatti, Bibione \u00e8 stata la prima spiaggia libera dal fumo in Italia. Ad oggi questa iniziativa si \u00e8 estesa e ha coinvolto diverse spiagge, anche del litorale veneto e molti comuni su questa scia hanno iniziato ad estendere il divieto di fumo anche nei parchi pubblici.<\/p>\n\n\n\n<p>\u201cIl Veneto \u2013 commenta il Governatore Luca Zaia &#8211; \u00e8 una delle regioni italiane con il numero minore di fumatori. \u00c8 il frutto di un impegno che da molti anni vede protagonista la nostra regione nella promozione di stili di vita e condizioni che consentano ambienti liberi dal fumo, contrastando il fenomeno del tabagismo con azioni di prevenzione dell\u2019iniziazione al fumo nelle nuove generazioni, con la protezione dal fumo passivo e con il sostegno dei fumatori per raggiungere una vita libera dal fumo. L\u2019obbiettivo \u00e8 sempre quello di consentire le migliori condizioni di salute per i cittadini. \u00c8 anche per questo che viviamo come un traguardo collettivo i venti anni dalla legge che ha esteso il divieto di fumare in tutti i locali chiusi\u201d.<\/p>\n\n\n\n<p>\u201cDopo vent\u2019anni dall\u2019uscita di una legge cos\u00ec importante per la salute \u2013 sottolinea il Governatore \u2013 i fatti confermano che moltissimi sono stati i passi in avanti fatti dalla regione per rendere gli ambienti di vita favorevoli alla salute delle persone. Ancora tanto per\u00f2 pu\u00f2 essere fatto nei prossimi anni augurandoci di ridurre ancora la percentuale di fumatori. \u00c8 un\u2019azione importante per la salute non solo del singolo ma di tutta la collettivit\u00e0\u201d.<\/p>\n\n\n\n<p>I dati raccolti dal Sistema di Sorveglianza PASSI aggiornati al 2021 evidenziano che, in Veneto, i fumatori sono il 22% della popolazione (723.000 persone circa &#8211; popolazione 18-69 anni), percentuale da anni tra le pi\u00f9 basse in Italia. L\u2019abitudine al fumo \u00e8 maggiormente diffusa fra i pi\u00f9 giovani (tra i 25 e i 34 anni) e si riduce con l\u2019et\u00e0. Da sempre fumano di pi\u00f9 gli uomini (26%), rispetto alle donne (19%). Significativa, poi, la percentuale dei fumatori in condizioni economicamente pi\u00f9 svantaggiate (33,5%). Un dato positivo viene dal fatto che, rispetto al 2008, la prevalenza dei fumatori tra i 18 e i 69 anni si \u00e8 ridotta, passando dal 26% al 22%.<\/p>\n\n\n\n<p>Si evidenzia, inoltre, che nel Veneto il 94% degli adulti riferisce che il divieto di fumo \u00e8 \u201csempre\u201d o \u201cquasi sempre\u201d rispettato nei locali pubblici da loro frequentati nei trenta giorni precedenti l\u2019intervista e il 96% nel luogo di lavoro. Tali percentuali di rispetto sono da sempre tra le pi\u00f9 alte in Italia. Anche l\u2019esposizione al fumo passivo in ambito domestico \u00e8 in Veneto molto ridotta: soltanto 6 intervistati su 100 dichiarano che nella propria abitazione \u00e8 ammesso fumare (15 su 100 il dato nazionale), come effetto culturale che, a partire dalla legge sul divieto nei luoghi pubblici e dal messaggio veicolato anche dal personale sanitario, conduce, attraverso una maggiore consapevolezza dei danni del fumo passivo, all\u2019astensione dal fumo negli ambienti di vita privati.<\/p>\n\n\n\n<p>\u201cAll&#8217;interno della Prevenzione \u2013 sottolinea l\u2019assessore alla Sanit\u00e0, Manuela Lanzarin &#8211; abbiamo un\u2019area specifica dedicata al Trattamento del Tabagismo, che ha come obiettivo di salute quello di garantire ed aumentare le offerte terapeutiche per smettere di fumare e supportare coloro che hanno deciso di intraprendere questo percorso. La campagna di comunicazione \u2018Vivobene\u2019, inserita nel nuovo Piano regionale di Prevenzione, fa della lotta al fumo uno dei suoi capisaldi sia con interventi mirati e con il programma di Peer Education che \u00e8 molto sviluppato e coinvolge tantissimi giovani. La lotta al fumo si vince su diversi piani, abbiamo dimostrato quanto sia stato importante rendere liberi dal fumo aree come i parchi, le zone antistante degli ospedali o i cortili delle scuole, ma il progetto deve continuare a crescere e a svilupparsi in sintonia con il percorso di educazione alla salute\u201d.<\/p>\n\n\n\n<p>La Regione del Veneto, infatti, da molti anni \u00e8 impegnata nella promozione di stili di vita sani per contrastare i principali fattori di rischio che determinano malattie cardiovascolari, tumori, malattie respiratorie croniche, diabete, problemi di salute mentale, disturbi muscolo scheletrici, principali cause di anni persi di vita e di disabilit\u00e0.<\/p>\n\n\n\n<p>Su questa linea, da sempre, attraverso i Piani Regionali di Prevenzione si continua a dedicare programmi specifici di contrasto del fenomeno del tabagismo a pi\u00f9 livelli. Nell\u2019ottica di creare una Scuola libera dal fumo, \u00e8 stato avviato il programma \u201cVerso una Scuola libera dal fumo\u201d, che ha permesso di fare applicare il divieto di fumo non solo all\u2019interno degli edifici scolastici, ma anche di estenderlo nelle pertinenze esterne.<\/p>\n\n\n\n<p>Accanto alla parte pi\u00f9 strettamente normativa si sono affiancati programmi di promozione della salute e di prevenzione all\u2019iniziazione al fumo nei giovani attraverso il potenziamento dei fattori di protezione. Programmi come la Peer education per le scuole secondarie di secondo grado oppure altri incentrati nel migliorare le life skills dei bambini e ragazzi, inoltre, sono parte indispensabile e importante di una lunga collaborazione della Regione con l&#8217;Ufficio Scolastico Regionale, consolidata da specifici protocolli d\u2019intesa. Una collaborazione che ha tra gli altri obiettivi quello di individuare le pratiche raccomandate per il benessere di tutti coloro che vivono quotidianamente la scuola come luogo non solo di apprendimento ma anche di lavoro.<\/p>\n\n\n\n<p>Un\u2019altra iniziativa in cui il Veneto si \u00e8 distinto in questi anni \u00e8 lo studio del comportamento del fumo in auto per analizzare e sensibilizzare in particolare sull\u2019esposizione al fumo passivo nei bambini. Un tema per il quale molto \u00e8 stato fatto anche attraverso la sensibilizzazione dei neogenitori \u2013 e attraverso la formazione di ostetriche e di operatori dei punti vaccinali &#8211; con interventi specifici al fine di promuovere una casa libera dal fumo.<\/p>\n\n\n\n<p>\u201cCon lo sviluppo delle sigarette elettroniche e di nuove tecnologie \u2013 spiegano gli esperti della Direzione Prevenzione della Regione del Veneto &#8211; si cerca di aggirare l\u2019ostacolo della legge e sentirsi liberi di fumare. A questo quindi si sta correndo ai ripari, specificando nei vari regolamenti aziendali e scolastici che per divieto di fumo si intende anche per le sigarette elettroniche o assimilabili. L\u2019idea di base rimane quella di mettere la persona al centro e, di conseguenza, gli ambienti in cui vive quotidianamente e nel corso della sua vita. L\u2019approccio life course consiste proprio nel seguire la persona dall\u2019epoca del concepimento all\u2019invecchiamento, perch\u00e9 quest\u2019ultimo risulti attivo e il pi\u00f9 possibile in piena autonomia\u201d.<\/p>\n","protected":false},"excerpt":{"rendered":"<p>20 anni dalla legge antifumo, il Veneto \u00e8 tra le regioni con meno fumatori: fuma infatti il 22% della popolazione<\/p>\n","protected":false},"author":8,"featured_media":1604,"comment_status":"closed","ping_status":"open","sticky":false,"template":"","format":"standard","meta":[],"categories":[24],"tags":[296,71],"yoast_head":"<!-- This site is optimized with the Yoast SEO plugin v20.2 - https:\/\/yoast.com\/wordpress\/plugins\/seo\/ -->\n<title>20 anni di legge antifumo, il Veneto tra le regioni con meno fumatori - NES<\/title>\n<meta name=\"description\" content=\"20 anni dalla legge antifumo, il Veneto \u00e8 tra le regioni con meno fumatori: fuma infatti il 22% della popolazione\" \/>\n<meta name=\"robots\" content=\"index, follow, max-snippet:-1, max-image-preview:large, max-video-preview:-1\" \/>\n<link rel=\"canonical\" href=\"https:\/\/www.nordestsanita.it\/?p=1603\" \/>\n<meta property=\"og:locale\" content=\"it_IT\" \/>\n<meta property=\"og:type\" content=\"article\" \/>\n<meta property=\"og:title\" content=\"20 anni di legge antifumo, il Veneto tra le regioni con meno fumatori - NES\" \/>\n<meta property=\"og:description\" content=\"20 anni dalla legge antifumo, il Veneto \u00e8 tra le regioni con meno fumatori: fuma infatti il 22% della popolazione\" \/>\n<meta property=\"og:url\" content=\"https:\/\/www.nordestsanita.it\/?p=1603\" \/>\n<meta property=\"og:site_name\" content=\"NES\" \/>\n<meta property=\"article:published_time\" content=\"2023-01-17T16:27:20+00:00\" \/>\n<meta property=\"article:modified_time\" content=\"2023-01-17T16:27:21+00:00\" \/>\n<meta property=\"og:image\" content=\"https:\/\/www.nordestsanita.it\/wp-content\/uploads\/2023\/01\/cigarette-110849_640.jpg\" \/>\n\t<meta property=\"og:image:width\" content=\"640\" \/>\n\t<meta property=\"og:image:height\" content=\"405\" \/>\n\t<meta property=\"og:image:type\" content=\"image\/jpeg\" \/>\n<meta name=\"author\" content=\"Redazione\" \/>\n<meta name=\"twitter:card\" content=\"summary_large_image\" \/>\n<meta name=\"twitter:label1\" content=\"Scritto da\" \/>\n\t<meta name=\"twitter:data1\" content=\"Redazione\" \/>\n\t<meta name=\"twitter:label2\" content=\"Tempo di lettura stimato\" \/>\n\t<meta name=\"twitter:data2\" content=\"5 minuti\" \/>\n<script type=\"application\/ld+json\" class=\"yoast-schema-graph\">{\"@context\":\"https:\/\/schema.org\",\"@graph\":[{\"@type\":\"Article\",\"@id\":\"https:\/\/www.nordestsanita.it\/?p=1603#article\",\"isPartOf\":{\"@id\":\"https:\/\/www.nordestsanita.it\/?p=1603\"},\"author\":{\"name\":\"Redazione\",\"@id\":\"https:\/\/www.nordestsanita.it\/#\/schema\/person\/e5a7dc6dca45cb55e67d4a127b0e969a\"},\"headline\":\"20 anni dalla legge antifumo, il Veneto tra le regioni con meno fumatori\",\"datePublished\":\"2023-01-17T16:27:20+00:00\",\"dateModified\":\"2023-01-17T16:27:21+00:00\",\"mainEntityOfPage\":{\"@id\":\"https:\/\/www.nordestsanita.it\/?p=1603\"},\"wordCount\":1140,\"publisher\":{\"@id\":\"https:\/\/www.nordestsanita.it\/#organization\"},\"keywords\":[\"fumo\",\"Regione Veneto\"],\"articleSection\":[\"Attualit\u00e0\"],\"inLanguage\":\"it-IT\"},{\"@type\":\"WebPage\",\"@id\":\"https:\/\/www.nordestsanita.it\/?p=1603\",\"url\":\"https:\/\/www.nordestsanita.it\/?p=1603\",\"name\":\"20 anni di legge antifumo, il Veneto tra le regioni con meno fumatori - NES\",\"isPartOf\":{\"@id\":\"https:\/\/www.nordestsanita.it\/#website\"},\"datePublished\":\"2023-01-17T16:27:20+00:00\",\"dateModified\":\"2023-01-17T16:27:21+00:00\",\"description\":\"20 anni dalla legge antifumo, il Veneto \u00e8 tra le regioni con meno fumatori: fuma infatti il 22% della popolazione\",\"breadcrumb\":{\"@id\":\"https:\/\/www.nordestsanita.it\/?p=1603#breadcrumb\"},\"inLanguage\":\"it-IT\",\"potentialAction\":[{\"@type\":\"ReadAction\",\"target\":[\"https:\/\/www.nordestsanita.it\/?p=1603\"]}]},{\"@type\":\"BreadcrumbList\",\"@id\":\"https:\/\/www.nordestsanita.it\/?p=1603#breadcrumb\",\"itemListElement\":[{\"@type\":\"ListItem\",\"position\":1,\"name\":\"Home\",\"item\":\"https:\/\/www.nordestsanita.it\/\"},{\"@type\":\"ListItem\",\"position\":2,\"name\":\"20 anni dalla legge antifumo, il Veneto tra le regioni con meno fumatori\"}]},{\"@type\":\"WebSite\",\"@id\":\"https:\/\/www.nordestsanita.it\/#website\",\"url\":\"https:\/\/www.nordestsanita.it\/\",\"name\":\"NES\",\"description\":\"Nord Est Sanit\u00e0\",\"publisher\":{\"@id\":\"https:\/\/www.nordestsanita.it\/#organization\"},\"potentialAction\":[{\"@type\":\"SearchAction\",\"target\":{\"@type\":\"EntryPoint\",\"urlTemplate\":\"https:\/\/www.nordestsanita.it\/?s={search_term_string}\"},\"query-input\":\"required name=search_term_string\"}],\"inLanguage\":\"it-IT\"},{\"@type\":\"Organization\",\"@id\":\"https:\/\/www.nordestsanita.it\/#organization\",\"name\":\"NES\",\"url\":\"https:\/\/www.nordestsanita.it\/\",\"logo\":{\"@type\":\"ImageObject\",\"inLanguage\":\"it-IT\",\"@id\":\"https:\/\/www.nordestsanita.it\/#\/schema\/logo\/image\/\",\"url\":\"https:\/\/www.nordestsanita.it\/wp-content\/uploads\/2021\/05\/NES-1280.png\",\"contentUrl\":\"https:\/\/www.nordestsanita.it\/wp-content\/uploads\/2021\/05\/NES-1280.png\",\"width\":1280,\"height\":458,\"caption\":\"NES\"},\"image\":{\"@id\":\"https:\/\/www.nordestsanita.it\/#\/schema\/logo\/image\/\"}},{\"@type\":\"Person\",\"@id\":\"https:\/\/www.nordestsanita.it\/#\/schema\/person\/e5a7dc6dca45cb55e67d4a127b0e969a\",\"name\":\"Redazione\",\"image\":{\"@type\":\"ImageObject\",\"inLanguage\":\"it-IT\",\"@id\":\"https:\/\/www.nordestsanita.it\/#\/schema\/person\/image\/\",\"url\":\"https:\/\/secure.gravatar.com\/avatar\/3f19a9b3d671ea36ec67c4badf3f961a?s=96&d=mm&r=g\",\"contentUrl\":\"https:\/\/secure.gravatar.com\/avatar\/3f19a9b3d671ea36ec67c4badf3f961a?s=96&d=mm&r=g\",\"caption\":\"Redazione\"},\"url\":\"https:\/\/www.nordestsanita.it\/?author=8\"}]}<\/script>\n<!-- \/ Yoast SEO plugin. -->","yoast_head_json":{"title":"20 anni di legge antifumo, il Veneto tra le regioni con meno fumatori - NES","description":"20 anni dalla legge antifumo, il Veneto \u00e8 tra le regioni con meno fumatori: fuma infatti il 22% della popolazione","robots":{"index":"index","follow":"follow","max-snippet":"max-snippet:-1","max-image-preview":"max-image-preview:large","max-video-preview":"max-video-preview:-1"},"canonical":"https:\/\/www.nordestsanita.it\/?p=1603","og_locale":"it_IT","og_type":"article","og_title":"20 anni di legge antifumo, il Veneto tra le regioni con meno fumatori - NES","og_description":"20 anni dalla legge antifumo, il Veneto \u00e8 tra le regioni con meno fumatori: fuma infatti il 22% della popolazione","og_url":"https:\/\/www.nordestsanita.it\/?p=1603","og_site_name":"NES","article_published_time":"2023-01-17T16:27:20+00:00","article_modified_time":"2023-01-17T16:27:21+00:00","og_image":[{"width":640,"height":405,"url":"https:\/\/www.nordestsanita.it\/wp-content\/uploads\/2023\/01\/cigarette-110849_640.jpg","type":"image\/jpeg"}],"author":"Redazione","twitter_card":"summary_large_image","twitter_misc":{"Scritto da":"Redazione","Tempo di lettura stimato":"5 minuti"},"schema":{"@context":"https:\/\/schema.org","@graph":[{"@type":"Article","@id":"https:\/\/www.nordestsanita.it\/?p=1603#article","isPartOf":{"@id":"https:\/\/www.nordestsanita.it\/?p=1603"},"author":{"name":"Redazione","@id":"https:\/\/www.nordestsanita.it\/#\/schema\/person\/e5a7dc6dca45cb55e67d4a127b0e969a"},"headline":"20 anni dalla legge antifumo, il Veneto tra le regioni con meno fumatori","datePublished":"2023-01-17T16:27:20+00:00","dateModified":"2023-01-17T16:27:21+00:00","mainEntityOfPage":{"@id":"https:\/\/www.nordestsanita.it\/?p=1603"},"wordCount":1140,"publisher":{"@id":"https:\/\/www.nordestsanita.it\/#organization"},"keywords":["fumo","Regione Veneto"],"articleSection":["Attualit\u00e0"],"inLanguage":"it-IT"},{"@type":"WebPage","@id":"https:\/\/www.nordestsanita.it\/?p=1603","url":"https:\/\/www.nordestsanita.it\/?p=1603","name":"20 anni di legge antifumo, il Veneto tra le regioni con meno fumatori - NES","isPartOf":{"@id":"https:\/\/www.nordestsanita.it\/#website"},"datePublished":"2023-01-17T16:27:20+00:00","dateModified":"2023-01-17T16:27:21+00:00","description":"20 anni dalla legge antifumo, il Veneto \u00e8 tra le regioni con meno fumatori: fuma infatti il 22% della popolazione","breadcrumb":{"@id":"https:\/\/www.nordestsanita.it\/?p=1603#breadcrumb"},"inLanguage":"it-IT","potentialAction":[{"@type":"ReadAction","target":["https:\/\/www.nordestsanita.it\/?p=1603"]}]},{"@type":"BreadcrumbList","@id":"https:\/\/www.nordestsanita.it\/?p=1603#breadcrumb","itemListElement":[{"@type":"ListItem","position":1,"name":"Home","item":"https:\/\/www.nordestsanita.it\/"},{"@type":"ListItem","position":2,"name":"20 anni dalla legge antifumo, il Veneto tra le regioni con meno fumatori"}]},{"@type":"WebSite","@id":"https:\/\/www.nordestsanita.it\/#website","url":"https:\/\/www.nordestsanita.it\/","name":"NES","description":"Nord Est Sanit\u00e0","publisher":{"@id":"https:\/\/www.nordestsanita.it\/#organization"},"potentialAction":[{"@type":"SearchAction","target":{"@type":"EntryPoint","urlTemplate":"https:\/\/www.nordestsanita.it\/?s={search_term_string}"},"query-input":"required name=search_term_string"}],"inLanguage":"it-IT"},{"@type":"Organization","@id":"https:\/\/www.nordestsanita.it\/#organization","name":"NES","url":"https:\/\/www.nordestsanita.it\/","logo":{"@type":"ImageObject","inLanguage":"it-IT","@id":"https:\/\/www.nordestsanita.it\/#\/schema\/logo\/image\/","url":"https:\/\/www.nordestsanita.it\/wp-content\/uploads\/2021\/05\/NES-1280.png","contentUrl":"https:\/\/www.nordestsanita.it\/wp-content\/uploads\/2021\/05\/NES-1280.png","width":1280,"height":458,"caption":"NES"},"image":{"@id":"https:\/\/www.nordestsanita.it\/#\/schema\/logo\/image\/"}},{"@type":"Person","@id":"https:\/\/www.nordestsanita.it\/#\/schema\/person\/e5a7dc6dca45cb55e67d4a127b0e969a","name":"Redazione","image":{"@type":"ImageObject","inLanguage":"it-IT","@id":"https:\/\/www.nordestsanita.it\/#\/schema\/person\/image\/","url":"https:\/\/secure.gravatar.com\/avatar\/3f19a9b3d671ea36ec67c4badf3f961a?s=96&d=mm&r=g","contentUrl":"https:\/\/secure.gravatar.com\/avatar\/3f19a9b3d671ea36ec67c4badf3f961a?s=96&d=mm&r=g","caption":"Redazione"},"url":"https:\/\/www.nordestsanita.it\/?author=8"}]}},"jetpack_featured_media_url":"https:\/\/www.nordestsanita.it\/wp-content\/uploads\/2023\/01\/cigarette-110849_640.jpg","_links":{"self":[{"href":"https:\/\/www.nordestsanita.it\/index.php?rest_route=\/wp\/v2\/posts\/1603"}],"collection":[{"href":"https:\/\/www.nordestsanita.it\/index.php?rest_route=\/wp\/v2\/posts"}],"about":[{"href":"https:\/\/www.nordestsanita.it\/index.php?rest_route=\/wp\/v2\/types\/post"}],"author":[{"embeddable":true,"href":"https:\/\/www.nordestsanita.it\/index.php?rest_route=\/wp\/v2\/users\/8"}],"replies":[{"embeddable":true,"href":"https:\/\/www.nordestsanita.it\/index.php?rest_route=%2Fwp%2Fv2%2Fcomments&post=1603"}],"version-history":[{"count":1,"href":"https:\/\/www.nordestsanita.it\/index.php?rest_route=\/wp\/v2\/posts\/1603\/revisions"}],"predecessor-version":[{"id":1605,"href":"https:\/\/www.nordestsanita.it\/index.php?rest_route=\/wp\/v2\/posts\/1603\/revisions\/1605"}],"wp:featuredmedia":[{"embeddable":true,"href":"https:\/\/www.nordestsanita.it\/index.php?rest_route=\/wp\/v2\/media\/1604"}],"wp:attachment":[{"href":"https:\/\/www.nordestsanita.it\/index.php?rest_route=%2Fwp%2Fv2%2Fmedia&parent=1603"}],"wp:term":[{"taxonomy":"category","embeddable":true,"href":"https:\/\/www.nordestsanita.it\/index.php?rest_route=%2Fwp%2Fv2%2Fcategories&post=1603"},{"taxonomy":"post_tag","embeddable":true,"href":"https:\/\/www.nordestsanita.it\/index.php?rest_route=%2Fwp%2Fv2%2Ftags&post=1603"}],"curies":[{"name":"wp","href":"https:\/\/api.w.org\/{rel}","templated":true}]}}