{"id":1617,"date":"2023-01-31T16:54:44","date_gmt":"2023-01-31T15:54:44","guid":{"rendered":"https:\/\/www.nordestsanita.it\/?p=1617"},"modified":"2023-01-31T16:54:45","modified_gmt":"2023-01-31T15:54:45","slug":"dolore-cronico-a-san-bonifacio-un-gruppo-di-psicoterapia-per-gestirlo","status":"publish","type":"post","link":"https:\/\/www.nordestsanita.it\/?p=1617","title":{"rendered":"Dolore cronico, a San Bonifacio un gruppo di psicoterapia per gestirlo"},"content":{"rendered":"\n<p>Partir\u00e0 nell\u2019Azienda ULSS 9 Scaligera un supporto psicologico di gruppo specifico per la gestione del dolore cronico, nell&#8217;ambito delle iniziative promosse all\u2019Ospedale Fracastoro di San Bonifacio per rendere sempre pi\u00f9 effettivo il legame con il territorio.<\/p>\n\n\n\n<!--more-->\n\n\n\n<p>Il progetto, realizzato in collaborazione con AMaRV &#8211; Associazione Malati Reumatici Veneto, \u00e8 promosso dall\u2019UOC di Medicina Generale, diretta dalla Dr.ssa Sara Lombardi, e realizzato dall\u2019UOS di Psicologia Clinica Ospedaliera, diretta dal Dr. Pietro Madera.<\/p>\n\n\n\n<p>L\u2019esperienza del dolore rappresenta una malattia nella malattia, un sintomo e una conseguenza insopportabile che trasforma e condiziona negativamente la qualit\u00e0 della vita. Ognuno di noi ha attraversato periodi o momenti di dolore acuto legati magari a mal di testa, a mal di denti o a traumi subiti. E ricordiamo molto bene quanto sia stato faticoso da sopportare.<\/p>\n\n\n\n<p>Oggi il dolore nella sua forma cronica \u00e8 sempre pi\u00f9 presente in molti disturbi organici di diversa natura e in patologie come la fibromialgia, il dolore neuropatico e le malattie autoimmuni. Le ultime evidenze scientifiche evidenziano molto chiaramente come il trattamento del dolore richieda un lavoro congiunto tra medico curante e psicologo. Non \u00e8 possibile, infatti, separare la componente organica di una patologia che determina un dolore cronico dalla sua controparte psicologica, per le ripercussioni e conseguenze che si hanno in termini emotivi, affettivi, familiari, sociali e lavorativi.<\/p>\n\n\n\n<p>Questa attivit\u00e0 di sostegno psicologico in gruppo integrer\u00e0 e completer\u00e0, in modo innovativo, i tradizionali trattamenti di cura farmacologici gi\u00e0 messi in essere dall\u2019UOC di Medicina Generale di San Bonifacio. Nel gruppo, i pazienti, accomunati dalla convivenza quotidiana con il dolore cronico, avranno modo di condividere le proprie esperienze personali e le emozioni vissute in un clima accogliente ed empatico.<\/p>\n\n\n\n<p>Il primo gruppo, rivolto ad un massimo di 15 pazienti affetti da dolore cronico, partir\u00e0 mercoled\u00ec 1 febbraio e proseguir\u00e0 per 8 incontri ogni 15 giorni all\u2019interno dell\u2019Ospedale di San Bonifacio<br>Gli incontri saranno condotti dal dr. Pietro Madera, Psicologo-Psicoterapeuta e Responsabile della Psicologia Ospedaliera, e avr\u00e0 un filo conduttore di riflessione comune sugli aspetti psicologici del dolore nelle diverse fasi del decorso della malattia. Inoltre, alla fine di ogni incontro verranno svolte sessioni di rilassamento e di \u201cautoipnosi\u201d per migliorare percezioni, sensazioni e atteggiamenti utili per gestire nel modo migliore il proprio dolore.<\/p>\n\n\n\n<p>Al termine del percorso di cura, i pazienti potranno continuare a incontrarsi periodicamente presso la sede dell\u2019Associazione AMaRV, nei locali messi a disposizione dal Comune di San Bonifacio.<\/p>\n\n\n\n<p>Per maggiori informazioni sulle iniziative future \u00e8 possibile contattare la segreteria dell\u2019UOC di Medicina Generale al numero 045 6138531, dal luned\u00ec al venerd\u00ec, dalle 11:30 alle 13:00.<\/p>\n","protected":false},"excerpt":{"rendered":"<p>Partir\u00e0 nell\u2019Azienda ULSS 9 Scaligera un supporto psicologico di gruppo specifico per la gestione del dolore cronico<\/p>\n","protected":false},"author":8,"featured_media":1618,"comment_status":"closed","ping_status":"open","sticky":false,"template":"","format":"standard","meta":[],"categories":[1],"tags":[298,164],"yoast_head":"<!-- This site is optimized with the Yoast SEO plugin v20.2 - https:\/\/yoast.com\/wordpress\/plugins\/seo\/ -->\n<title>Dolore cronico, a S. Bonifacio un gruppo di psicoterapia per gestirlo - NES<\/title>\n<meta name=\"description\" content=\"Partir\u00e0 nell\u2019Azienda ULSS 9 Scaligera un supporto psicologico di gruppo specifico per la gestione del dolore cronico\" \/>\n<meta name=\"robots\" content=\"index, follow, max-snippet:-1, max-image-preview:large, max-video-preview:-1\" \/>\n<link rel=\"canonical\" href=\"https:\/\/www.nordestsanita.it\/?p=1617\" \/>\n<meta property=\"og:locale\" content=\"it_IT\" \/>\n<meta property=\"og:type\" content=\"article\" \/>\n<meta property=\"og:title\" content=\"Dolore cronico, a S. Bonifacio un gruppo di psicoterapia per gestirlo - NES\" \/>\n<meta property=\"og:description\" content=\"Partir\u00e0 nell\u2019Azienda ULSS 9 Scaligera un supporto psicologico di gruppo specifico per la gestione del dolore cronico\" \/>\n<meta property=\"og:url\" content=\"https:\/\/www.nordestsanita.it\/?p=1617\" \/>\n<meta property=\"og:site_name\" content=\"NES\" \/>\n<meta property=\"article:published_time\" content=\"2023-01-31T15:54:44+00:00\" \/>\n<meta property=\"article:modified_time\" content=\"2023-01-31T15:54:45+00:00\" \/>\n<meta property=\"og:image\" content=\"https:\/\/www.nordestsanita.it\/wp-content\/uploads\/2023\/01\/nes-dolore-cronico.png\" \/>\n\t<meta property=\"og:image:width\" content=\"985\" \/>\n\t<meta property=\"og:image:height\" content=\"592\" \/>\n\t<meta property=\"og:image:type\" content=\"image\/png\" \/>\n<meta name=\"author\" content=\"Redazione\" \/>\n<meta name=\"twitter:card\" content=\"summary_large_image\" \/>\n<meta name=\"twitter:label1\" content=\"Scritto da\" \/>\n\t<meta name=\"twitter:data1\" content=\"Redazione\" \/>\n\t<meta name=\"twitter:label2\" content=\"Tempo di lettura stimato\" \/>\n\t<meta name=\"twitter:data2\" content=\"2 minuti\" \/>\n<script type=\"application\/ld+json\" class=\"yoast-schema-graph\">{\"@context\":\"https:\/\/schema.org\",\"@graph\":[{\"@type\":\"Article\",\"@id\":\"https:\/\/www.nordestsanita.it\/?p=1617#article\",\"isPartOf\":{\"@id\":\"https:\/\/www.nordestsanita.it\/?p=1617\"},\"author\":{\"name\":\"Redazione\",\"@id\":\"https:\/\/www.nordestsanita.it\/#\/schema\/person\/e5a7dc6dca45cb55e67d4a127b0e969a\"},\"headline\":\"Dolore cronico, a San Bonifacio un gruppo di psicoterapia per gestirlo\",\"datePublished\":\"2023-01-31T15:54:44+00:00\",\"dateModified\":\"2023-01-31T15:54:45+00:00\",\"mainEntityOfPage\":{\"@id\":\"https:\/\/www.nordestsanita.it\/?p=1617\"},\"wordCount\":434,\"publisher\":{\"@id\":\"https:\/\/www.nordestsanita.it\/#organization\"},\"keywords\":[\"dolore cronico\",\"ulss 9\"],\"inLanguage\":\"it-IT\"},{\"@type\":\"WebPage\",\"@id\":\"https:\/\/www.nordestsanita.it\/?p=1617\",\"url\":\"https:\/\/www.nordestsanita.it\/?p=1617\",\"name\":\"Dolore cronico, a S. Bonifacio un gruppo di psicoterapia per gestirlo - NES\",\"isPartOf\":{\"@id\":\"https:\/\/www.nordestsanita.it\/#website\"},\"datePublished\":\"2023-01-31T15:54:44+00:00\",\"dateModified\":\"2023-01-31T15:54:45+00:00\",\"description\":\"Partir\u00e0 nell\u2019Azienda ULSS 9 Scaligera un supporto psicologico di gruppo specifico per la gestione del dolore cronico\",\"breadcrumb\":{\"@id\":\"https:\/\/www.nordestsanita.it\/?p=1617#breadcrumb\"},\"inLanguage\":\"it-IT\",\"potentialAction\":[{\"@type\":\"ReadAction\",\"target\":[\"https:\/\/www.nordestsanita.it\/?p=1617\"]}]},{\"@type\":\"BreadcrumbList\",\"@id\":\"https:\/\/www.nordestsanita.it\/?p=1617#breadcrumb\",\"itemListElement\":[{\"@type\":\"ListItem\",\"position\":1,\"name\":\"Home\",\"item\":\"https:\/\/www.nordestsanita.it\/\"},{\"@type\":\"ListItem\",\"position\":2,\"name\":\"Dolore cronico, a San Bonifacio un gruppo di psicoterapia per gestirlo\"}]},{\"@type\":\"WebSite\",\"@id\":\"https:\/\/www.nordestsanita.it\/#website\",\"url\":\"https:\/\/www.nordestsanita.it\/\",\"name\":\"NES\",\"description\":\"Nord Est Sanit\u00e0\",\"publisher\":{\"@id\":\"https:\/\/www.nordestsanita.it\/#organization\"},\"potentialAction\":[{\"@type\":\"SearchAction\",\"target\":{\"@type\":\"EntryPoint\",\"urlTemplate\":\"https:\/\/www.nordestsanita.it\/?s={search_term_string}\"},\"query-input\":\"required name=search_term_string\"}],\"inLanguage\":\"it-IT\"},{\"@type\":\"Organization\",\"@id\":\"https:\/\/www.nordestsanita.it\/#organization\",\"name\":\"NES\",\"url\":\"https:\/\/www.nordestsanita.it\/\",\"logo\":{\"@type\":\"ImageObject\",\"inLanguage\":\"it-IT\",\"@id\":\"https:\/\/www.nordestsanita.it\/#\/schema\/logo\/image\/\",\"url\":\"https:\/\/www.nordestsanita.it\/wp-content\/uploads\/2021\/05\/NES-1280.png\",\"contentUrl\":\"https:\/\/www.nordestsanita.it\/wp-content\/uploads\/2021\/05\/NES-1280.png\",\"width\":1280,\"height\":458,\"caption\":\"NES\"},\"image\":{\"@id\":\"https:\/\/www.nordestsanita.it\/#\/schema\/logo\/image\/\"}},{\"@type\":\"Person\",\"@id\":\"https:\/\/www.nordestsanita.it\/#\/schema\/person\/e5a7dc6dca45cb55e67d4a127b0e969a\",\"name\":\"Redazione\",\"image\":{\"@type\":\"ImageObject\",\"inLanguage\":\"it-IT\",\"@id\":\"https:\/\/www.nordestsanita.it\/#\/schema\/person\/image\/\",\"url\":\"https:\/\/secure.gravatar.com\/avatar\/3f19a9b3d671ea36ec67c4badf3f961a?s=96&d=mm&r=g\",\"contentUrl\":\"https:\/\/secure.gravatar.com\/avatar\/3f19a9b3d671ea36ec67c4badf3f961a?s=96&d=mm&r=g\",\"caption\":\"Redazione\"},\"url\":\"https:\/\/www.nordestsanita.it\/?author=8\"}]}<\/script>\n<!-- \/ Yoast SEO plugin. -->","yoast_head_json":{"title":"Dolore cronico, a S. Bonifacio un gruppo di psicoterapia per gestirlo - NES","description":"Partir\u00e0 nell\u2019Azienda ULSS 9 Scaligera un supporto psicologico di gruppo specifico per la gestione del dolore cronico","robots":{"index":"index","follow":"follow","max-snippet":"max-snippet:-1","max-image-preview":"max-image-preview:large","max-video-preview":"max-video-preview:-1"},"canonical":"https:\/\/www.nordestsanita.it\/?p=1617","og_locale":"it_IT","og_type":"article","og_title":"Dolore cronico, a S. Bonifacio un gruppo di psicoterapia per gestirlo - NES","og_description":"Partir\u00e0 nell\u2019Azienda ULSS 9 Scaligera un supporto psicologico di gruppo specifico per la gestione del dolore cronico","og_url":"https:\/\/www.nordestsanita.it\/?p=1617","og_site_name":"NES","article_published_time":"2023-01-31T15:54:44+00:00","article_modified_time":"2023-01-31T15:54:45+00:00","og_image":[{"width":985,"height":592,"url":"https:\/\/www.nordestsanita.it\/wp-content\/uploads\/2023\/01\/nes-dolore-cronico.png","type":"image\/png"}],"author":"Redazione","twitter_card":"summary_large_image","twitter_misc":{"Scritto da":"Redazione","Tempo di lettura stimato":"2 minuti"},"schema":{"@context":"https:\/\/schema.org","@graph":[{"@type":"Article","@id":"https:\/\/www.nordestsanita.it\/?p=1617#article","isPartOf":{"@id":"https:\/\/www.nordestsanita.it\/?p=1617"},"author":{"name":"Redazione","@id":"https:\/\/www.nordestsanita.it\/#\/schema\/person\/e5a7dc6dca45cb55e67d4a127b0e969a"},"headline":"Dolore cronico, a San Bonifacio un gruppo di psicoterapia per gestirlo","datePublished":"2023-01-31T15:54:44+00:00","dateModified":"2023-01-31T15:54:45+00:00","mainEntityOfPage":{"@id":"https:\/\/www.nordestsanita.it\/?p=1617"},"wordCount":434,"publisher":{"@id":"https:\/\/www.nordestsanita.it\/#organization"},"keywords":["dolore cronico","ulss 9"],"inLanguage":"it-IT"},{"@type":"WebPage","@id":"https:\/\/www.nordestsanita.it\/?p=1617","url":"https:\/\/www.nordestsanita.it\/?p=1617","name":"Dolore cronico, a S. Bonifacio un gruppo di psicoterapia per gestirlo - NES","isPartOf":{"@id":"https:\/\/www.nordestsanita.it\/#website"},"datePublished":"2023-01-31T15:54:44+00:00","dateModified":"2023-01-31T15:54:45+00:00","description":"Partir\u00e0 nell\u2019Azienda ULSS 9 Scaligera un supporto psicologico di gruppo specifico per la gestione del dolore cronico","breadcrumb":{"@id":"https:\/\/www.nordestsanita.it\/?p=1617#breadcrumb"},"inLanguage":"it-IT","potentialAction":[{"@type":"ReadAction","target":["https:\/\/www.nordestsanita.it\/?p=1617"]}]},{"@type":"BreadcrumbList","@id":"https:\/\/www.nordestsanita.it\/?p=1617#breadcrumb","itemListElement":[{"@type":"ListItem","position":1,"name":"Home","item":"https:\/\/www.nordestsanita.it\/"},{"@type":"ListItem","position":2,"name":"Dolore cronico, a San Bonifacio un gruppo di psicoterapia per gestirlo"}]},{"@type":"WebSite","@id":"https:\/\/www.nordestsanita.it\/#website","url":"https:\/\/www.nordestsanita.it\/","name":"NES","description":"Nord Est Sanit\u00e0","publisher":{"@id":"https:\/\/www.nordestsanita.it\/#organization"},"potentialAction":[{"@type":"SearchAction","target":{"@type":"EntryPoint","urlTemplate":"https:\/\/www.nordestsanita.it\/?s={search_term_string}"},"query-input":"required name=search_term_string"}],"inLanguage":"it-IT"},{"@type":"Organization","@id":"https:\/\/www.nordestsanita.it\/#organization","name":"NES","url":"https:\/\/www.nordestsanita.it\/","logo":{"@type":"ImageObject","inLanguage":"it-IT","@id":"https:\/\/www.nordestsanita.it\/#\/schema\/logo\/image\/","url":"https:\/\/www.nordestsanita.it\/wp-content\/uploads\/2021\/05\/NES-1280.png","contentUrl":"https:\/\/www.nordestsanita.it\/wp-content\/uploads\/2021\/05\/NES-1280.png","width":1280,"height":458,"caption":"NES"},"image":{"@id":"https:\/\/www.nordestsanita.it\/#\/schema\/logo\/image\/"}},{"@type":"Person","@id":"https:\/\/www.nordestsanita.it\/#\/schema\/person\/e5a7dc6dca45cb55e67d4a127b0e969a","name":"Redazione","image":{"@type":"ImageObject","inLanguage":"it-IT","@id":"https:\/\/www.nordestsanita.it\/#\/schema\/person\/image\/","url":"https:\/\/secure.gravatar.com\/avatar\/3f19a9b3d671ea36ec67c4badf3f961a?s=96&d=mm&r=g","contentUrl":"https:\/\/secure.gravatar.com\/avatar\/3f19a9b3d671ea36ec67c4badf3f961a?s=96&d=mm&r=g","caption":"Redazione"},"url":"https:\/\/www.nordestsanita.it\/?author=8"}]}},"jetpack_featured_media_url":"https:\/\/www.nordestsanita.it\/wp-content\/uploads\/2023\/01\/nes-dolore-cronico.png","_links":{"self":[{"href":"https:\/\/www.nordestsanita.it\/index.php?rest_route=\/wp\/v2\/posts\/1617"}],"collection":[{"href":"https:\/\/www.nordestsanita.it\/index.php?rest_route=\/wp\/v2\/posts"}],"about":[{"href":"https:\/\/www.nordestsanita.it\/index.php?rest_route=\/wp\/v2\/types\/post"}],"author":[{"embeddable":true,"href":"https:\/\/www.nordestsanita.it\/index.php?rest_route=\/wp\/v2\/users\/8"}],"replies":[{"embeddable":true,"href":"https:\/\/www.nordestsanita.it\/index.php?rest_route=%2Fwp%2Fv2%2Fcomments&post=1617"}],"version-history":[{"count":1,"href":"https:\/\/www.nordestsanita.it\/index.php?rest_route=\/wp\/v2\/posts\/1617\/revisions"}],"predecessor-version":[{"id":1619,"href":"https:\/\/www.nordestsanita.it\/index.php?rest_route=\/wp\/v2\/posts\/1617\/revisions\/1619"}],"wp:featuredmedia":[{"embeddable":true,"href":"https:\/\/www.nordestsanita.it\/index.php?rest_route=\/wp\/v2\/media\/1618"}],"wp:attachment":[{"href":"https:\/\/www.nordestsanita.it\/index.php?rest_route=%2Fwp%2Fv2%2Fmedia&parent=1617"}],"wp:term":[{"taxonomy":"category","embeddable":true,"href":"https:\/\/www.nordestsanita.it\/index.php?rest_route=%2Fwp%2Fv2%2Fcategories&post=1617"},{"taxonomy":"post_tag","embeddable":true,"href":"https:\/\/www.nordestsanita.it\/index.php?rest_route=%2Fwp%2Fv2%2Ftags&post=1617"}],"curies":[{"name":"wp","href":"https:\/\/api.w.org\/{rel}","templated":true}]}}