{"id":1627,"date":"2023-02-13T13:33:25","date_gmt":"2023-02-13T12:33:25","guid":{"rendered":"https:\/\/www.nordestsanita.it\/?p=1627"},"modified":"2023-02-13T13:33:26","modified_gmt":"2023-02-13T12:33:26","slug":"epilessia-oggi-si-celebra-la-giornata-internazionale","status":"publish","type":"post","link":"https:\/\/www.nordestsanita.it\/?p=1627","title":{"rendered":"Epilessia, oggi si celebra la giornata internazionale"},"content":{"rendered":"\n<p><strong>Oggi, 13 febbraio, si celebra la Giornata Internazionale dell\u2019epilessia<\/strong>, una delle pi\u00f9 diffuse condizioni neurologiche croniche che pu\u00f2 comparire a tutte le et\u00e0, anche se ha picchi di comparsa in et\u00e0 infantile e negli anziani.<\/p>\n\n\n\n<!--more-->\n\n\n\n<p>La <strong>Societ\u00e0 Italiana di Neurologia<\/strong> sottolinea come nei Paesi pi\u00f9 <strong>industrializzati<\/strong> ne sia affetta <strong>l\u20191%<\/strong> circa della popolazione, mentre nei Paesi a basso reddito l\u2019epilessia sembra ancora pi\u00f9 diffusa.&nbsp; Nel mondo si stima che vivano circa <strong>50 milioni<\/strong> di <strong>persone<\/strong> affette da epilessia e in Italia un numero compreso tra <strong>500.000 e 600.000<\/strong>.&nbsp;<\/p>\n\n\n\n<p><strong>La maggior parte delle forme di epilessia \u00e8 gestibile con successo<\/strong> grazie alla terapia farmacologica che oggi si avvale di molti farmaci (circa trenta) &nbsp;&nbsp;che curano le crisi epilettichesi con diversi meccanismi di azione che in genere hanno un buon profilo di efficacia e tollerabilit\u00e0, soprattutto quelli pi\u00f9 recenti.<\/p>\n\n\n\n<p>Purtroppo, circa <strong>un terzo delle persone<\/strong> con epilessia continua a presentare crisi epilettiche nonostante le <strong>terapie farmacologiche<\/strong>: in questo caso si parla di <strong>farmacoresistenza<\/strong> i cui meccanismi biologico-molecolari non sono a tutt\u2019oggi ancora perfettamente noti.<\/p>\n\n\n\n<p>\u201cL\u2019epilessia, soprattutto quando \u00e8 farmacoresistente, costituisce un vero e proprio imperativo di salute pubblica \u2013 afferma il <strong><em>Dr. Giancarlo Di Gennaro<\/em><\/strong><em>, <strong>Direttore UO Centro per la Chirurgia dell\u2019Epilessia IRCCS NEUROMED, Pozzilli (IS) e Coordinatore Gruppo di Studio Epilessia SIN<\/strong><\/em>&nbsp; &#8211; Basti pensare che \u00e8 considerata una malattia sociale fin dal 1965. L\u2019impatto negativo sulla qualit\u00e0 della vita \u00e8 dato non solo dal fatto che le crisi si presentano improvvisamente e imprevedibilmente, comportando molto spesso perdita di coscienza con conseguente grande vulnerabilit\u00e0 in termini fisici e psicologici, ma anche perch\u00e9 possono associarsi ad<strong> altre condizioni mediche, disturbi cognitivi e disagio psicologico<\/strong> e ci\u00f2 la porta ad essere considerata una sorta di \u201c<strong>malattia sistemica\u201d.<\/strong><\/p>\n\n\n\n<p>Quando l\u2019epilessia farmacoresistente \u00e8 di tipo <strong>focale<\/strong>, ossia causata da un processo epilettogeno che interessa non tutta la corteccia cerebrale, ma solo una <strong>regione limitata<\/strong> di essa che non \u00e8 sede di funzioni importanti, \u00e8 imperativo valutare l\u2019opportunit\u00e0 di un trattamento chirurgico. <strong>La chirurgia dell\u2019epilessia<\/strong> viene consigliata dopo un\u2019accurata valutazione e consiste nella rimozione dell\u2019area di corteccia cerebrale responsabile delle crisi. Tale opzione terapeutica , da utilizzare in casi ben selezionati, \u00e8 sostanzialmente sicura e molto efficace. Nei casi non operabili \u00e8 anche possibile proporre <strong>trattamenti di neuromodulazione<\/strong> (es. stimolazione vagale o cerebrale profonda) che pur non risolvendo le crisi possono ridurne intensit\u00e0 e frequenza in maniera significativa.<\/p>\n\n\n\n<p>Proprio a causa della \u201cpervasivit\u00e0\u201d dell\u2019epilessia in svariati ambiti della vita, nonch\u00e9 a seguito dello stigma e del pregiudizio che ancora circondano questa condizione per la quale, soprattutto nei Paesi a basso reddito, <strong>non esiste un accesso omogeneo alle cure<\/strong>, <strong>l\u2019OMS ha attivato l\u2019Intersectoral Global Action Plan (IGAP) on Epilepsy and Other Neurological Disorders 2022\u20132031<\/strong>. &nbsp;<\/p>\n\n\n\n<p>Si tratta di un piano decennale dove l\u2019epilessia riceve specifica attenzione e che si <s>si <\/s>pone precisi obiettivi strategici: rendere la gestione di questa patologia prioritaria nelle politiche sanitarie nazionali, fornire diagnosi tempestive e terapie efficaci, attuare strategie di prevenzione, favorire <s>la<\/s> ricerca e innovazione e rafforzare un approccio di salute pubblica.<\/p>\n\n\n\n<p>\u201c\u00c8 necessario &#8211; commenta il <strong>Prof. Alfredo Berardelli, Presidente Societ\u00e0 Italiana di Neurologia<\/strong> &#8211; che le <strong>politiche sanitarie<\/strong> operino per garantire un <strong>omogeneo accesso alle<\/strong> cure con modelli assistenziali uniformi in tutto il territorio nazionale e <strong>combattano lo stigma<\/strong> e la discriminazione delle persone affette da epilessia attuando <strong>percorsi di formazione per operatori sanitari e didattico-informativi per familiari\/caregivers<\/strong> e altre figure presenti nella vita di chi \u00e8 affetto da epilessia, come per esempio in ambiente scolastico e lavorativo\u201d.<\/p>\n","protected":false},"excerpt":{"rendered":"<p>Oggi, 13 febbraio, si celebra la Giornata Internazionale dell\u2019epilessia, una delle pi\u00f9 diffuse condizioni neurologiche croniche.<\/p>\n","protected":false},"author":8,"featured_media":1628,"comment_status":"closed","ping_status":"open","sticky":false,"template":"","format":"standard","meta":[],"categories":[24],"tags":[129],"yoast_head":"<!-- This site is optimized with the Yoast SEO plugin v20.2 - https:\/\/yoast.com\/wordpress\/plugins\/seo\/ -->\n<title>Epilessia, oggi si celebra la giornata internazionale - NES<\/title>\n<meta name=\"description\" content=\"Oggi, 13 febbraio, si celebra la Giornata Internazionale dell\u2019epilessia, una delle pi\u00f9 diffuse condizioni neurologiche croniche.\" \/>\n<meta name=\"robots\" content=\"index, follow, max-snippet:-1, max-image-preview:large, max-video-preview:-1\" \/>\n<link rel=\"canonical\" href=\"https:\/\/www.nordestsanita.it\/?p=1627\" \/>\n<meta property=\"og:locale\" content=\"it_IT\" \/>\n<meta property=\"og:type\" content=\"article\" \/>\n<meta property=\"og:title\" content=\"Epilessia, oggi si celebra la giornata internazionale - NES\" \/>\n<meta property=\"og:description\" content=\"Oggi, 13 febbraio, si celebra la Giornata Internazionale dell\u2019epilessia, una delle pi\u00f9 diffuse condizioni neurologiche croniche.\" \/>\n<meta property=\"og:url\" content=\"https:\/\/www.nordestsanita.it\/?p=1627\" \/>\n<meta property=\"og:site_name\" content=\"NES\" \/>\n<meta property=\"article:published_time\" content=\"2023-02-13T12:33:25+00:00\" \/>\n<meta property=\"article:modified_time\" content=\"2023-02-13T12:33:26+00:00\" \/>\n<meta property=\"og:image\" content=\"https:\/\/www.nordestsanita.it\/wp-content\/uploads\/2023\/02\/epilessia-2.jpg\" \/>\n\t<meta property=\"og:image:width\" content=\"640\" \/>\n\t<meta property=\"og:image:height\" content=\"427\" \/>\n\t<meta property=\"og:image:type\" content=\"image\/jpeg\" \/>\n<meta name=\"author\" content=\"Redazione\" \/>\n<meta name=\"twitter:card\" content=\"summary_large_image\" \/>\n<meta name=\"twitter:label1\" content=\"Scritto da\" \/>\n\t<meta name=\"twitter:data1\" content=\"Redazione\" \/>\n\t<meta name=\"twitter:label2\" content=\"Tempo di lettura stimato\" \/>\n\t<meta name=\"twitter:data2\" content=\"3 minuti\" \/>\n<script type=\"application\/ld+json\" class=\"yoast-schema-graph\">{\"@context\":\"https:\/\/schema.org\",\"@graph\":[{\"@type\":\"Article\",\"@id\":\"https:\/\/www.nordestsanita.it\/?p=1627#article\",\"isPartOf\":{\"@id\":\"https:\/\/www.nordestsanita.it\/?p=1627\"},\"author\":{\"name\":\"Redazione\",\"@id\":\"https:\/\/www.nordestsanita.it\/#\/schema\/person\/e5a7dc6dca45cb55e67d4a127b0e969a\"},\"headline\":\"Epilessia, oggi si celebra la giornata internazionale\",\"datePublished\":\"2023-02-13T12:33:25+00:00\",\"dateModified\":\"2023-02-13T12:33:26+00:00\",\"mainEntityOfPage\":{\"@id\":\"https:\/\/www.nordestsanita.it\/?p=1627\"},\"wordCount\":587,\"publisher\":{\"@id\":\"https:\/\/www.nordestsanita.it\/#organization\"},\"keywords\":[\"epilessia\"],\"articleSection\":[\"Attualit\u00e0\"],\"inLanguage\":\"it-IT\"},{\"@type\":\"WebPage\",\"@id\":\"https:\/\/www.nordestsanita.it\/?p=1627\",\"url\":\"https:\/\/www.nordestsanita.it\/?p=1627\",\"name\":\"Epilessia, oggi si celebra la giornata internazionale - NES\",\"isPartOf\":{\"@id\":\"https:\/\/www.nordestsanita.it\/#website\"},\"datePublished\":\"2023-02-13T12:33:25+00:00\",\"dateModified\":\"2023-02-13T12:33:26+00:00\",\"description\":\"Oggi, 13 febbraio, si celebra la Giornata Internazionale dell\u2019epilessia, una delle pi\u00f9 diffuse condizioni neurologiche croniche.\",\"breadcrumb\":{\"@id\":\"https:\/\/www.nordestsanita.it\/?p=1627#breadcrumb\"},\"inLanguage\":\"it-IT\",\"potentialAction\":[{\"@type\":\"ReadAction\",\"target\":[\"https:\/\/www.nordestsanita.it\/?p=1627\"]}]},{\"@type\":\"BreadcrumbList\",\"@id\":\"https:\/\/www.nordestsanita.it\/?p=1627#breadcrumb\",\"itemListElement\":[{\"@type\":\"ListItem\",\"position\":1,\"name\":\"Home\",\"item\":\"https:\/\/www.nordestsanita.it\/\"},{\"@type\":\"ListItem\",\"position\":2,\"name\":\"Epilessia, oggi si celebra la giornata internazionale\"}]},{\"@type\":\"WebSite\",\"@id\":\"https:\/\/www.nordestsanita.it\/#website\",\"url\":\"https:\/\/www.nordestsanita.it\/\",\"name\":\"NES\",\"description\":\"Nord Est Sanit\u00e0\",\"publisher\":{\"@id\":\"https:\/\/www.nordestsanita.it\/#organization\"},\"potentialAction\":[{\"@type\":\"SearchAction\",\"target\":{\"@type\":\"EntryPoint\",\"urlTemplate\":\"https:\/\/www.nordestsanita.it\/?s={search_term_string}\"},\"query-input\":\"required name=search_term_string\"}],\"inLanguage\":\"it-IT\"},{\"@type\":\"Organization\",\"@id\":\"https:\/\/www.nordestsanita.it\/#organization\",\"name\":\"NES\",\"url\":\"https:\/\/www.nordestsanita.it\/\",\"logo\":{\"@type\":\"ImageObject\",\"inLanguage\":\"it-IT\",\"@id\":\"https:\/\/www.nordestsanita.it\/#\/schema\/logo\/image\/\",\"url\":\"https:\/\/www.nordestsanita.it\/wp-content\/uploads\/2021\/05\/NES-1280.png\",\"contentUrl\":\"https:\/\/www.nordestsanita.it\/wp-content\/uploads\/2021\/05\/NES-1280.png\",\"width\":1280,\"height\":458,\"caption\":\"NES\"},\"image\":{\"@id\":\"https:\/\/www.nordestsanita.it\/#\/schema\/logo\/image\/\"}},{\"@type\":\"Person\",\"@id\":\"https:\/\/www.nordestsanita.it\/#\/schema\/person\/e5a7dc6dca45cb55e67d4a127b0e969a\",\"name\":\"Redazione\",\"image\":{\"@type\":\"ImageObject\",\"inLanguage\":\"it-IT\",\"@id\":\"https:\/\/www.nordestsanita.it\/#\/schema\/person\/image\/\",\"url\":\"https:\/\/secure.gravatar.com\/avatar\/3f19a9b3d671ea36ec67c4badf3f961a?s=96&d=mm&r=g\",\"contentUrl\":\"https:\/\/secure.gravatar.com\/avatar\/3f19a9b3d671ea36ec67c4badf3f961a?s=96&d=mm&r=g\",\"caption\":\"Redazione\"},\"url\":\"https:\/\/www.nordestsanita.it\/?author=8\"}]}<\/script>\n<!-- \/ Yoast SEO plugin. -->","yoast_head_json":{"title":"Epilessia, oggi si celebra la giornata internazionale - NES","description":"Oggi, 13 febbraio, si celebra la Giornata Internazionale dell\u2019epilessia, una delle pi\u00f9 diffuse condizioni neurologiche croniche.","robots":{"index":"index","follow":"follow","max-snippet":"max-snippet:-1","max-image-preview":"max-image-preview:large","max-video-preview":"max-video-preview:-1"},"canonical":"https:\/\/www.nordestsanita.it\/?p=1627","og_locale":"it_IT","og_type":"article","og_title":"Epilessia, oggi si celebra la giornata internazionale - NES","og_description":"Oggi, 13 febbraio, si celebra la Giornata Internazionale dell\u2019epilessia, una delle pi\u00f9 diffuse condizioni neurologiche croniche.","og_url":"https:\/\/www.nordestsanita.it\/?p=1627","og_site_name":"NES","article_published_time":"2023-02-13T12:33:25+00:00","article_modified_time":"2023-02-13T12:33:26+00:00","og_image":[{"width":640,"height":427,"url":"https:\/\/www.nordestsanita.it\/wp-content\/uploads\/2023\/02\/epilessia-2.jpg","type":"image\/jpeg"}],"author":"Redazione","twitter_card":"summary_large_image","twitter_misc":{"Scritto da":"Redazione","Tempo di lettura stimato":"3 minuti"},"schema":{"@context":"https:\/\/schema.org","@graph":[{"@type":"Article","@id":"https:\/\/www.nordestsanita.it\/?p=1627#article","isPartOf":{"@id":"https:\/\/www.nordestsanita.it\/?p=1627"},"author":{"name":"Redazione","@id":"https:\/\/www.nordestsanita.it\/#\/schema\/person\/e5a7dc6dca45cb55e67d4a127b0e969a"},"headline":"Epilessia, oggi si celebra la giornata internazionale","datePublished":"2023-02-13T12:33:25+00:00","dateModified":"2023-02-13T12:33:26+00:00","mainEntityOfPage":{"@id":"https:\/\/www.nordestsanita.it\/?p=1627"},"wordCount":587,"publisher":{"@id":"https:\/\/www.nordestsanita.it\/#organization"},"keywords":["epilessia"],"articleSection":["Attualit\u00e0"],"inLanguage":"it-IT"},{"@type":"WebPage","@id":"https:\/\/www.nordestsanita.it\/?p=1627","url":"https:\/\/www.nordestsanita.it\/?p=1627","name":"Epilessia, oggi si celebra la giornata internazionale - NES","isPartOf":{"@id":"https:\/\/www.nordestsanita.it\/#website"},"datePublished":"2023-02-13T12:33:25+00:00","dateModified":"2023-02-13T12:33:26+00:00","description":"Oggi, 13 febbraio, si celebra la Giornata Internazionale dell\u2019epilessia, una delle pi\u00f9 diffuse condizioni neurologiche croniche.","breadcrumb":{"@id":"https:\/\/www.nordestsanita.it\/?p=1627#breadcrumb"},"inLanguage":"it-IT","potentialAction":[{"@type":"ReadAction","target":["https:\/\/www.nordestsanita.it\/?p=1627"]}]},{"@type":"BreadcrumbList","@id":"https:\/\/www.nordestsanita.it\/?p=1627#breadcrumb","itemListElement":[{"@type":"ListItem","position":1,"name":"Home","item":"https:\/\/www.nordestsanita.it\/"},{"@type":"ListItem","position":2,"name":"Epilessia, oggi si celebra la giornata internazionale"}]},{"@type":"WebSite","@id":"https:\/\/www.nordestsanita.it\/#website","url":"https:\/\/www.nordestsanita.it\/","name":"NES","description":"Nord Est Sanit\u00e0","publisher":{"@id":"https:\/\/www.nordestsanita.it\/#organization"},"potentialAction":[{"@type":"SearchAction","target":{"@type":"EntryPoint","urlTemplate":"https:\/\/www.nordestsanita.it\/?s={search_term_string}"},"query-input":"required name=search_term_string"}],"inLanguage":"it-IT"},{"@type":"Organization","@id":"https:\/\/www.nordestsanita.it\/#organization","name":"NES","url":"https:\/\/www.nordestsanita.it\/","logo":{"@type":"ImageObject","inLanguage":"it-IT","@id":"https:\/\/www.nordestsanita.it\/#\/schema\/logo\/image\/","url":"https:\/\/www.nordestsanita.it\/wp-content\/uploads\/2021\/05\/NES-1280.png","contentUrl":"https:\/\/www.nordestsanita.it\/wp-content\/uploads\/2021\/05\/NES-1280.png","width":1280,"height":458,"caption":"NES"},"image":{"@id":"https:\/\/www.nordestsanita.it\/#\/schema\/logo\/image\/"}},{"@type":"Person","@id":"https:\/\/www.nordestsanita.it\/#\/schema\/person\/e5a7dc6dca45cb55e67d4a127b0e969a","name":"Redazione","image":{"@type":"ImageObject","inLanguage":"it-IT","@id":"https:\/\/www.nordestsanita.it\/#\/schema\/person\/image\/","url":"https:\/\/secure.gravatar.com\/avatar\/3f19a9b3d671ea36ec67c4badf3f961a?s=96&d=mm&r=g","contentUrl":"https:\/\/secure.gravatar.com\/avatar\/3f19a9b3d671ea36ec67c4badf3f961a?s=96&d=mm&r=g","caption":"Redazione"},"url":"https:\/\/www.nordestsanita.it\/?author=8"}]}},"jetpack_featured_media_url":"https:\/\/www.nordestsanita.it\/wp-content\/uploads\/2023\/02\/epilessia-2.jpg","_links":{"self":[{"href":"https:\/\/www.nordestsanita.it\/index.php?rest_route=\/wp\/v2\/posts\/1627"}],"collection":[{"href":"https:\/\/www.nordestsanita.it\/index.php?rest_route=\/wp\/v2\/posts"}],"about":[{"href":"https:\/\/www.nordestsanita.it\/index.php?rest_route=\/wp\/v2\/types\/post"}],"author":[{"embeddable":true,"href":"https:\/\/www.nordestsanita.it\/index.php?rest_route=\/wp\/v2\/users\/8"}],"replies":[{"embeddable":true,"href":"https:\/\/www.nordestsanita.it\/index.php?rest_route=%2Fwp%2Fv2%2Fcomments&post=1627"}],"version-history":[{"count":1,"href":"https:\/\/www.nordestsanita.it\/index.php?rest_route=\/wp\/v2\/posts\/1627\/revisions"}],"predecessor-version":[{"id":1629,"href":"https:\/\/www.nordestsanita.it\/index.php?rest_route=\/wp\/v2\/posts\/1627\/revisions\/1629"}],"wp:featuredmedia":[{"embeddable":true,"href":"https:\/\/www.nordestsanita.it\/index.php?rest_route=\/wp\/v2\/media\/1628"}],"wp:attachment":[{"href":"https:\/\/www.nordestsanita.it\/index.php?rest_route=%2Fwp%2Fv2%2Fmedia&parent=1627"}],"wp:term":[{"taxonomy":"category","embeddable":true,"href":"https:\/\/www.nordestsanita.it\/index.php?rest_route=%2Fwp%2Fv2%2Fcategories&post=1627"},{"taxonomy":"post_tag","embeddable":true,"href":"https:\/\/www.nordestsanita.it\/index.php?rest_route=%2Fwp%2Fv2%2Ftags&post=1627"}],"curies":[{"name":"wp","href":"https:\/\/api.w.org\/{rel}","templated":true}]}}