{"id":1647,"date":"2023-03-15T10:56:56","date_gmt":"2023-03-15T09:56:56","guid":{"rendered":"https:\/\/www.nordestsanita.it\/?p=1647"},"modified":"2023-03-15T10:56:58","modified_gmt":"2023-03-15T09:56:58","slug":"disturbi-del-comportamento-alimentare-oggi-la-giornata-nazionale","status":"publish","type":"post","link":"https:\/\/www.nordestsanita.it\/?p=1647","title":{"rendered":"Disturbi del comportamento alimentare, oggi la giornata nazionale"},"content":{"rendered":"\n<p>Oggi, 15 marzo 2023, \u00e8 la Giornata Nazionale del Fiocchetto Lilla contro i Disturbi del Comportamento Alimentare (DCA).<\/p>\n\n\n\n<p>Riducono l\u2019alimentazione fino a saltare i pasti o al contrario presentano abbuffate compulsive, contano ossessivamente le calorie, si pesano e si specchiano continuamente, eccedono con l\u2019attivit\u00e0 fisica, cambiano umore e riducono il contatto con il mondo esterno: sono solo alcuni dei principali campanelli d\u2019allarme che manifesta chi soffre di DCA, come anoressia nervosa, bulimia nervosa e disturbo da alimentazione incontrollata (o Binge Eating Disorder &#8211; BED).<br>Un problema di salute pubblica quello dei disturbi legati all\u2019alimentazione, in aumento e con un esordio sempre pi\u00f9 precoce, soprattutto tra i giovanissimi, le ragazze in particolare, tra i 12 e i 17 anni. In occasione della Giornata Nazionale del Fiocchetto Lilla, interviene la SINPIA, Societ\u00e0 Italiana di Neuropsichiatria dell\u2019Infanzia e dell\u2019Adolescenza: \u201cE\u2019 un mondo complesso quello dei disturbi del comportamento alimentare \u2013 dichiara la Prof.ssa Elisa Fazzi, Presidente SINPIA e Direttore della U.O. Neuropsichiatria dell\u2019Infanzia e dell\u2019Adolescenza ASST Spedali Civili e Universit\u00e0 di Brescia \u2013 e negli anni pi\u00f9 recenti abbiamo osservato un progressivo abbassamento dell\u2019et\u00e0 di insorgenza, tanto che non riguarda pi\u00f9 soltanto gli adolescenti, ma anche bambine e bambini in et\u00e0 prepuberale, con conseguenze pi\u00f9 gravi sul corpo e sulla mente, sullo sviluppo in genere. L\u2019identificazione e l\u2019intervento tempestivo e multidisciplinare sono decisivi per una prognosi migliore\u201d.<\/p>\n\n\n\n<p>I DCA (disturbi del comportamento alimentare) affliggono oltre 55 milioni di persone in tutto il mondo, oltre 3 milioni di persone in Italia, pari a circa il 5% della popolazione: l&#8217;8-10% delle ragazze e lo 0,5-1% dei ragazzi soffrono di anoressia o bulimia (Dati Osservatorio ABA e ISTAT): l\u2019incidenza recentemente \u00e8 aumentata del 30% per effetto della pandemia e il picco \u00e8 soprattutto tra i giovanissimi, colpiti fino a quattro volte di pi\u00f9 rispetto al periodo pre-Covid, a causa dell\u2019isolamento, della permanenza forzata a casa, della chiusura delle scuole e dell\u2019annullamento delle iniziative di coinvolgimento sociale (Ministero della Salute).<\/p>\n\n\n\n<p>Secondo i dati emersi da una ricerca a cura dell\u2019Istituto Superiore di Sanit\u00e0, sui Centri in Italia del Servizio Sanitario Nazionale dedicati ai disturbi del comportamento alimentare, su oltre 8000 utenti, il 90% \u00e8 di genere femminile rispetto al 10% di maschi; il 59% dei casi ha tra i 13 e 25 anni di et\u00e0, il 6% ha meno di 12 anni. Rispetto alle diagnosi pi\u00f9 frequenti, l\u2019anoressia nervosa \u00e8 rappresentata nel 42,3% dei casi, la bulimia nervosa nel 18,2% e il disturbo di binge eating nel 14,6%.<\/p>\n\n\n\n<p>\u201cQuando si parla di disturbi del comportamento alimentare \u2013 spiega Elisa Fazzi &#8211; si fa riferimento a un disturbo caratterizzato da un rapporto alterato con il cibo che si manifesta attraverso una preoccupazione eccessiva rispetto al peso e alla forma del proprio corpo ma esprime soprattutto una grande sofferenza psichica ed emotiva di cui il soggetto, e anche la famiglia, non si rendono sempre conto focalizzando il problema sul cibo. Sono patologie diffuse soprattutto nell\u2019universo femminile e con un impatto drammatico nella vita di tutti i giorni, di ragazze e ragazzi e delle loro famiglie. I disturbi legati all\u2019alimentazione, come l\u2019anoressia nervosa, possono essere associati ad altri sintomi come depressione, ansia, bassa autostima e comportamenti autolesionistici. Quello del neurosviluppo, che riguarda bambini e ragazzi tra 0 e 18 anni, \u00e8 un periodo delicato in cui i fenomeni maturativi del sistema nervoso centrale non hanno uguali nelle successive fasi della vita. Ad ogni tappa dello sviluppo, compresa la preadolescenza, possono corrispondere possibili rischi e vulnerabilit\u00e0. In questo periodo la famiglia e la scuola sono fondamentali nell\u2019individuazione dei primi segnali di rischio come forma di tutela e protezione della salute di bambini e adolescenti\u201d.<\/p>\n\n\n\n<p>L\u2019Anoressia Nervosa (AN) \u00e8 uno dei pi\u00f9 diffusi disturbi del comportamento alimentare, il cui trattamento richiede un\u2019intercettazione preliminare da parte del medico di famiglia che permetta poi l\u2019invio agli specialisti, neuropsichiatri infantili e nutrizionisti, che lavorano in equipe multidisciplinari. Nella maggior parte dei casi, il trattamento prevede la combinazione di un intervento psicoterapeutico sul soggetto e sulla famiglia e una \u201criabilitazione\u201d dietetico\/nutrizionale al fine di aiutare il paziente a comprendere le motivazioni della sua sofferenza e a superarla, e gradualmente a riprendere un corretto rapporto con il cibo. Se non trattati in tempi e con metodi adeguati, i disturbi dell&#8217;alimentazione possono diventare una condizione permanente e compromettere seriamente la salute di tutti gli organi e apparati (cardiovascolare, gastrointestinale, endocrino, ematologico, scheletrico, sistema nervoso centrale, dermatologico) e, nei casi gravi, portare alla morte. All\u2019anoressia nervosa \u00e8 collegata una mortalit\u00e0 5-10 volte maggiore di quella di persone sane della stessa et\u00e0 e sesso.<\/p>\n\n\n\n<p>Dai risultati di un recente studio tutto italiano pubblicato sulla prestigiosa rivista International Journal of Environmental Research and Public Health, emergono nuovi approcci terapeutici basati sulla Realt\u00e0 Virtuale con importanti risultati nei soggetti affetti da Anoressia Nervosa. Questa tecnologia consente ai pazienti di essere immersi in un ambiente virtuale che si adatta al loro stato psicologico e pu\u00f2 essere particolarmente indicata negli adolescenti se presentata come un gioco. In generale, l&#8217;implementazione della Realt\u00e0 Virtuale in contesti clinici pu\u00f2 anche favorire una maggiore partecipazione del paziente aumentando la sua fiducia nei confronti di esperienze del mondo reale.<\/p>\n","protected":false},"excerpt":{"rendered":"<p>Oggi, 15 marzo 2023, \u00e8 la Giornata Nazionale del Fiocchetto Lilla contro i Disturbi del Comportamento Alimentare.<\/p>\n","protected":false},"author":8,"featured_media":1648,"comment_status":"closed","ping_status":"open","sticky":false,"template":"","format":"standard","meta":[],"categories":[24],"tags":[306,45,304,303],"yoast_head":"<!-- This site is optimized with the Yoast SEO plugin v20.2 - https:\/\/yoast.com\/wordpress\/plugins\/seo\/ -->\n<title>Disturbi del comportamento alimentare, oggi la giornata nazionale<\/title>\n<meta name=\"description\" content=\"Oggi, 15 marzo 2023, \u00e8 la Giornata Nazionale del Fiocchetto Lilla contro i Disturbi del Comportamento Alimentare.\" \/>\n<meta name=\"robots\" content=\"index, follow, max-snippet:-1, max-image-preview:large, max-video-preview:-1\" \/>\n<link rel=\"canonical\" href=\"https:\/\/www.nordestsanita.it\/?p=1647\" \/>\n<meta property=\"og:locale\" content=\"it_IT\" \/>\n<meta property=\"og:type\" content=\"article\" \/>\n<meta property=\"og:title\" content=\"Disturbi del comportamento alimentare, oggi la giornata nazionale\" \/>\n<meta property=\"og:description\" content=\"Oggi, 15 marzo 2023, \u00e8 la Giornata Nazionale del Fiocchetto Lilla contro i Disturbi del Comportamento Alimentare.\" \/>\n<meta property=\"og:url\" content=\"https:\/\/www.nordestsanita.it\/?p=1647\" \/>\n<meta property=\"og:site_name\" content=\"NES\" \/>\n<meta property=\"article:published_time\" content=\"2023-03-15T09:56:56+00:00\" \/>\n<meta property=\"article:modified_time\" content=\"2023-03-15T09:56:58+00:00\" \/>\n<meta property=\"og:image\" content=\"https:\/\/www.nordestsanita.it\/wp-content\/uploads\/2023\/03\/bilancia-dieta-pixabay.jpg\" \/>\n\t<meta property=\"og:image:width\" content=\"640\" \/>\n\t<meta property=\"og:image:height\" content=\"426\" \/>\n\t<meta property=\"og:image:type\" content=\"image\/jpeg\" \/>\n<meta name=\"author\" content=\"Redazione\" \/>\n<meta name=\"twitter:card\" content=\"summary_large_image\" \/>\n<meta name=\"twitter:label1\" content=\"Scritto da\" \/>\n\t<meta name=\"twitter:data1\" content=\"Redazione\" \/>\n\t<meta name=\"twitter:label2\" content=\"Tempo di lettura stimato\" \/>\n\t<meta name=\"twitter:data2\" content=\"5 minuti\" \/>\n<script type=\"application\/ld+json\" class=\"yoast-schema-graph\">{\"@context\":\"https:\/\/schema.org\",\"@graph\":[{\"@type\":\"Article\",\"@id\":\"https:\/\/www.nordestsanita.it\/?p=1647#article\",\"isPartOf\":{\"@id\":\"https:\/\/www.nordestsanita.it\/?p=1647\"},\"author\":{\"name\":\"Redazione\",\"@id\":\"https:\/\/www.nordestsanita.it\/#\/schema\/person\/e5a7dc6dca45cb55e67d4a127b0e969a\"},\"headline\":\"Disturbi del comportamento alimentare, oggi la giornata nazionale\",\"datePublished\":\"2023-03-15T09:56:56+00:00\",\"dateModified\":\"2023-03-15T09:56:58+00:00\",\"mainEntityOfPage\":{\"@id\":\"https:\/\/www.nordestsanita.it\/?p=1647\"},\"wordCount\":854,\"publisher\":{\"@id\":\"https:\/\/www.nordestsanita.it\/#organization\"},\"keywords\":[\"bulimia\",\"dca\",\"disturbi del comportamento alimentare\",\"fiocchetto lilla\"],\"articleSection\":[\"Attualit\u00e0\"],\"inLanguage\":\"it-IT\"},{\"@type\":\"WebPage\",\"@id\":\"https:\/\/www.nordestsanita.it\/?p=1647\",\"url\":\"https:\/\/www.nordestsanita.it\/?p=1647\",\"name\":\"Disturbi del comportamento alimentare, oggi la giornata nazionale\",\"isPartOf\":{\"@id\":\"https:\/\/www.nordestsanita.it\/#website\"},\"datePublished\":\"2023-03-15T09:56:56+00:00\",\"dateModified\":\"2023-03-15T09:56:58+00:00\",\"description\":\"Oggi, 15 marzo 2023, \u00e8 la Giornata Nazionale del Fiocchetto Lilla contro i Disturbi del Comportamento Alimentare.\",\"breadcrumb\":{\"@id\":\"https:\/\/www.nordestsanita.it\/?p=1647#breadcrumb\"},\"inLanguage\":\"it-IT\",\"potentialAction\":[{\"@type\":\"ReadAction\",\"target\":[\"https:\/\/www.nordestsanita.it\/?p=1647\"]}]},{\"@type\":\"BreadcrumbList\",\"@id\":\"https:\/\/www.nordestsanita.it\/?p=1647#breadcrumb\",\"itemListElement\":[{\"@type\":\"ListItem\",\"position\":1,\"name\":\"Home\",\"item\":\"https:\/\/www.nordestsanita.it\/\"},{\"@type\":\"ListItem\",\"position\":2,\"name\":\"Disturbi del comportamento alimentare, oggi la giornata nazionale\"}]},{\"@type\":\"WebSite\",\"@id\":\"https:\/\/www.nordestsanita.it\/#website\",\"url\":\"https:\/\/www.nordestsanita.it\/\",\"name\":\"NES\",\"description\":\"Nord Est Sanit\u00e0\",\"publisher\":{\"@id\":\"https:\/\/www.nordestsanita.it\/#organization\"},\"potentialAction\":[{\"@type\":\"SearchAction\",\"target\":{\"@type\":\"EntryPoint\",\"urlTemplate\":\"https:\/\/www.nordestsanita.it\/?s={search_term_string}\"},\"query-input\":\"required name=search_term_string\"}],\"inLanguage\":\"it-IT\"},{\"@type\":\"Organization\",\"@id\":\"https:\/\/www.nordestsanita.it\/#organization\",\"name\":\"NES\",\"url\":\"https:\/\/www.nordestsanita.it\/\",\"logo\":{\"@type\":\"ImageObject\",\"inLanguage\":\"it-IT\",\"@id\":\"https:\/\/www.nordestsanita.it\/#\/schema\/logo\/image\/\",\"url\":\"https:\/\/www.nordestsanita.it\/wp-content\/uploads\/2021\/05\/NES-1280.png\",\"contentUrl\":\"https:\/\/www.nordestsanita.it\/wp-content\/uploads\/2021\/05\/NES-1280.png\",\"width\":1280,\"height\":458,\"caption\":\"NES\"},\"image\":{\"@id\":\"https:\/\/www.nordestsanita.it\/#\/schema\/logo\/image\/\"}},{\"@type\":\"Person\",\"@id\":\"https:\/\/www.nordestsanita.it\/#\/schema\/person\/e5a7dc6dca45cb55e67d4a127b0e969a\",\"name\":\"Redazione\",\"image\":{\"@type\":\"ImageObject\",\"inLanguage\":\"it-IT\",\"@id\":\"https:\/\/www.nordestsanita.it\/#\/schema\/person\/image\/\",\"url\":\"https:\/\/secure.gravatar.com\/avatar\/3f19a9b3d671ea36ec67c4badf3f961a?s=96&d=mm&r=g\",\"contentUrl\":\"https:\/\/secure.gravatar.com\/avatar\/3f19a9b3d671ea36ec67c4badf3f961a?s=96&d=mm&r=g\",\"caption\":\"Redazione\"},\"url\":\"https:\/\/www.nordestsanita.it\/?author=8\"}]}<\/script>\n<!-- \/ Yoast SEO plugin. -->","yoast_head_json":{"title":"Disturbi del comportamento alimentare, oggi la giornata nazionale","description":"Oggi, 15 marzo 2023, \u00e8 la Giornata Nazionale del Fiocchetto Lilla contro i Disturbi del Comportamento Alimentare.","robots":{"index":"index","follow":"follow","max-snippet":"max-snippet:-1","max-image-preview":"max-image-preview:large","max-video-preview":"max-video-preview:-1"},"canonical":"https:\/\/www.nordestsanita.it\/?p=1647","og_locale":"it_IT","og_type":"article","og_title":"Disturbi del comportamento alimentare, oggi la giornata nazionale","og_description":"Oggi, 15 marzo 2023, \u00e8 la Giornata Nazionale del Fiocchetto Lilla contro i Disturbi del Comportamento Alimentare.","og_url":"https:\/\/www.nordestsanita.it\/?p=1647","og_site_name":"NES","article_published_time":"2023-03-15T09:56:56+00:00","article_modified_time":"2023-03-15T09:56:58+00:00","og_image":[{"width":640,"height":426,"url":"https:\/\/www.nordestsanita.it\/wp-content\/uploads\/2023\/03\/bilancia-dieta-pixabay.jpg","type":"image\/jpeg"}],"author":"Redazione","twitter_card":"summary_large_image","twitter_misc":{"Scritto da":"Redazione","Tempo di lettura stimato":"5 minuti"},"schema":{"@context":"https:\/\/schema.org","@graph":[{"@type":"Article","@id":"https:\/\/www.nordestsanita.it\/?p=1647#article","isPartOf":{"@id":"https:\/\/www.nordestsanita.it\/?p=1647"},"author":{"name":"Redazione","@id":"https:\/\/www.nordestsanita.it\/#\/schema\/person\/e5a7dc6dca45cb55e67d4a127b0e969a"},"headline":"Disturbi del comportamento alimentare, oggi la giornata nazionale","datePublished":"2023-03-15T09:56:56+00:00","dateModified":"2023-03-15T09:56:58+00:00","mainEntityOfPage":{"@id":"https:\/\/www.nordestsanita.it\/?p=1647"},"wordCount":854,"publisher":{"@id":"https:\/\/www.nordestsanita.it\/#organization"},"keywords":["bulimia","dca","disturbi del comportamento alimentare","fiocchetto lilla"],"articleSection":["Attualit\u00e0"],"inLanguage":"it-IT"},{"@type":"WebPage","@id":"https:\/\/www.nordestsanita.it\/?p=1647","url":"https:\/\/www.nordestsanita.it\/?p=1647","name":"Disturbi del comportamento alimentare, oggi la giornata nazionale","isPartOf":{"@id":"https:\/\/www.nordestsanita.it\/#website"},"datePublished":"2023-03-15T09:56:56+00:00","dateModified":"2023-03-15T09:56:58+00:00","description":"Oggi, 15 marzo 2023, \u00e8 la Giornata Nazionale del Fiocchetto Lilla contro i Disturbi del Comportamento Alimentare.","breadcrumb":{"@id":"https:\/\/www.nordestsanita.it\/?p=1647#breadcrumb"},"inLanguage":"it-IT","potentialAction":[{"@type":"ReadAction","target":["https:\/\/www.nordestsanita.it\/?p=1647"]}]},{"@type":"BreadcrumbList","@id":"https:\/\/www.nordestsanita.it\/?p=1647#breadcrumb","itemListElement":[{"@type":"ListItem","position":1,"name":"Home","item":"https:\/\/www.nordestsanita.it\/"},{"@type":"ListItem","position":2,"name":"Disturbi del comportamento alimentare, oggi la giornata nazionale"}]},{"@type":"WebSite","@id":"https:\/\/www.nordestsanita.it\/#website","url":"https:\/\/www.nordestsanita.it\/","name":"NES","description":"Nord Est Sanit\u00e0","publisher":{"@id":"https:\/\/www.nordestsanita.it\/#organization"},"potentialAction":[{"@type":"SearchAction","target":{"@type":"EntryPoint","urlTemplate":"https:\/\/www.nordestsanita.it\/?s={search_term_string}"},"query-input":"required name=search_term_string"}],"inLanguage":"it-IT"},{"@type":"Organization","@id":"https:\/\/www.nordestsanita.it\/#organization","name":"NES","url":"https:\/\/www.nordestsanita.it\/","logo":{"@type":"ImageObject","inLanguage":"it-IT","@id":"https:\/\/www.nordestsanita.it\/#\/schema\/logo\/image\/","url":"https:\/\/www.nordestsanita.it\/wp-content\/uploads\/2021\/05\/NES-1280.png","contentUrl":"https:\/\/www.nordestsanita.it\/wp-content\/uploads\/2021\/05\/NES-1280.png","width":1280,"height":458,"caption":"NES"},"image":{"@id":"https:\/\/www.nordestsanita.it\/#\/schema\/logo\/image\/"}},{"@type":"Person","@id":"https:\/\/www.nordestsanita.it\/#\/schema\/person\/e5a7dc6dca45cb55e67d4a127b0e969a","name":"Redazione","image":{"@type":"ImageObject","inLanguage":"it-IT","@id":"https:\/\/www.nordestsanita.it\/#\/schema\/person\/image\/","url":"https:\/\/secure.gravatar.com\/avatar\/3f19a9b3d671ea36ec67c4badf3f961a?s=96&d=mm&r=g","contentUrl":"https:\/\/secure.gravatar.com\/avatar\/3f19a9b3d671ea36ec67c4badf3f961a?s=96&d=mm&r=g","caption":"Redazione"},"url":"https:\/\/www.nordestsanita.it\/?author=8"}]}},"jetpack_featured_media_url":"https:\/\/www.nordestsanita.it\/wp-content\/uploads\/2023\/03\/bilancia-dieta-pixabay.jpg","_links":{"self":[{"href":"https:\/\/www.nordestsanita.it\/index.php?rest_route=\/wp\/v2\/posts\/1647"}],"collection":[{"href":"https:\/\/www.nordestsanita.it\/index.php?rest_route=\/wp\/v2\/posts"}],"about":[{"href":"https:\/\/www.nordestsanita.it\/index.php?rest_route=\/wp\/v2\/types\/post"}],"author":[{"embeddable":true,"href":"https:\/\/www.nordestsanita.it\/index.php?rest_route=\/wp\/v2\/users\/8"}],"replies":[{"embeddable":true,"href":"https:\/\/www.nordestsanita.it\/index.php?rest_route=%2Fwp%2Fv2%2Fcomments&post=1647"}],"version-history":[{"count":1,"href":"https:\/\/www.nordestsanita.it\/index.php?rest_route=\/wp\/v2\/posts\/1647\/revisions"}],"predecessor-version":[{"id":1649,"href":"https:\/\/www.nordestsanita.it\/index.php?rest_route=\/wp\/v2\/posts\/1647\/revisions\/1649"}],"wp:featuredmedia":[{"embeddable":true,"href":"https:\/\/www.nordestsanita.it\/index.php?rest_route=\/wp\/v2\/media\/1648"}],"wp:attachment":[{"href":"https:\/\/www.nordestsanita.it\/index.php?rest_route=%2Fwp%2Fv2%2Fmedia&parent=1647"}],"wp:term":[{"taxonomy":"category","embeddable":true,"href":"https:\/\/www.nordestsanita.it\/index.php?rest_route=%2Fwp%2Fv2%2Fcategories&post=1647"},{"taxonomy":"post_tag","embeddable":true,"href":"https:\/\/www.nordestsanita.it\/index.php?rest_route=%2Fwp%2Fv2%2Ftags&post=1647"}],"curies":[{"name":"wp","href":"https:\/\/api.w.org\/{rel}","templated":true}]}}