{"id":1666,"date":"2023-03-22T13:24:00","date_gmt":"2023-03-22T12:24:00","guid":{"rendered":"https:\/\/www.nordestsanita.it\/?p=1666"},"modified":"2023-03-22T13:24:02","modified_gmt":"2023-03-22T12:24:02","slug":"oggi-e-world-water-day-ma-in-veneto-e-grave-siccita","status":"publish","type":"post","link":"https:\/\/www.nordestsanita.it\/?p=1666","title":{"rendered":"Oggi \u00e8 World Water Day, ma in Veneto \u00e8 grave siccit\u00e0"},"content":{"rendered":"\n<p>Oggi, mercoled\u00ec 22 marzo, si celebra la Giornata Mondiale dell\u2019Acqua o World Water Day, istituita nel 1992 dalle Nazioni Unite. L\u2019obiettivo \u00e8 quello di sensibilizzare il pi\u00f9 possibile i cittadini al consumo responsabile, alla conservazione, al rispetto, di una delle risorse pi\u00f9 importanti e fondamentali per la vita.<\/p>\n\n\n\n<p>\u201cMarzo \u00e8 fra i mesi pi\u00f9 piovosi dell\u2019anno secondo gli esperti meteorologi, ma non lo \u00e8 pi\u00f9 da tempo. Purtroppo, infatti, soprattutto negli ultimi anni, si \u00e8 registrato un drastico calo delle precipitazioni, sia a marzo che negli altri mesi. Arpav, braccio operativo della Regione del Veneto, ci informa, ad esempio, che nel corso dei primi venti giorni di marzo, in Veneto, sono caduti mediamente poco pi\u00f9 di 17 mm di precipitazioni contro una media mensile di 65 mm: significa quindi che a met\u00e0 mese risulta caduto solo il 25% degli apporti attesi a fine marzo. Una situazione preoccupante che \u00e8 simile a quella che abbiamo registrato lo scorso anno con un quantitativo medio mensile di 13 mm circa. A febbraio le precipitazioni in Veneto si erano fermate alla quantit\u00e0, irrisoria, di 3 mm di pioggia, contro la media del periodo 1994-2022 che \u00e8 di 60 millimetri. \u00c8 tempo di fare qualcosa: lamentarsi dicendo che siamo vittime della siccit\u00e0 non risolve il problema\u201d.<\/p>\n\n\n\n<p>Cos\u00ec commenta per l\u2019occasione della giornata il Presidente della Regione del Veneto Luca Zaia, lanciando la sfida nel trovare delle soluzioni al problema della scarsit\u00e0 d\u2019acqua investendo, ad esempio, sulle nuove tecnologie.<\/p>\n\n\n\n<p>\u201cIl Veneto \u2013 ha detto \u2013 potrebbe diventare un faro in questa grande ricerca e sete di acqua che incombe non solo in questo territorio ma in tutta la nazione e oltre confine, a causa dei cambiamenti climatici. Pu\u00f2 essere un polo di innovazione di nuovi sistemi tecnologici all\u2019avanguardia, sviluppati da tempo anche in altri Paesi. Le nuove tecnologie potrebbero riguardare l\u2019irrigazione, il monitoraggio satellitare delle fonti idriche, la ricerca scientifica per produzioni agroalimentari a pi\u00f9 basso consumo d\u2019acqua. La sfida principale resta quella di contenere ogni spreco: ricordo la necessit\u00e0 di aggiornare e modernizzare la rete idrica. Dobbiamo avere il coraggio di agire, prendere in mano la situazione e acquistare o realizzare in casa delle tecnologie che ci permettano di ridurre e risolvere il problema della siccit\u00e0. Il mantra del lamento deve avere le ore contate e lasciare spazio all\u2019invenzione e all\u2019innovazione: come Regione, con anche le sue societ\u00e0 partecipate, stiamo lavorando con soluzione concrete a questa sfida\u201d<\/p>\n","protected":false},"excerpt":{"rendered":"<p> A marzo, sono caduti mediamente poco pi\u00f9 di 17 mm di precipitazioni contro una media mensile di 65 mm, quindi il 25% della pioggia attesa.<\/p>\n","protected":false},"author":8,"featured_media":1667,"comment_status":"closed","ping_status":"open","sticky":false,"template":"","format":"standard","meta":[],"categories":[24],"tags":[309,71,308],"yoast_head":"<!-- This site is optimized with the Yoast SEO plugin v20.2 - https:\/\/yoast.com\/wordpress\/plugins\/seo\/ -->\n<title>Oggi \u00e8 World Water Day, ma in Veneto \u00e8 grave siccit\u00e0 - NES<\/title>\n<meta name=\"description\" content=\"A marzo, sono caduti mediamente poco pi\u00f9 di 17 mm di precipitazioni contro una media mensile di 65 mm, quindi il 25% della pioggia attesa.\" \/>\n<meta name=\"robots\" content=\"index, follow, max-snippet:-1, max-image-preview:large, max-video-preview:-1\" \/>\n<link rel=\"canonical\" href=\"https:\/\/www.nordestsanita.it\/?p=1666\" \/>\n<meta property=\"og:locale\" content=\"it_IT\" \/>\n<meta property=\"og:type\" content=\"article\" \/>\n<meta property=\"og:title\" content=\"Oggi \u00e8 World Water Day, ma in Veneto \u00e8 grave siccit\u00e0 - NES\" \/>\n<meta property=\"og:description\" content=\"A marzo, sono caduti mediamente poco pi\u00f9 di 17 mm di precipitazioni contro una media mensile di 65 mm, quindi il 25% della pioggia attesa.\" \/>\n<meta property=\"og:url\" content=\"https:\/\/www.nordestsanita.it\/?p=1666\" \/>\n<meta property=\"og:site_name\" content=\"NES\" \/>\n<meta property=\"article:published_time\" content=\"2023-03-22T12:24:00+00:00\" \/>\n<meta property=\"article:modified_time\" content=\"2023-03-22T12:24:02+00:00\" \/>\n<meta property=\"og:image\" content=\"https:\/\/www.nordestsanita.it\/wp-content\/uploads\/2023\/03\/siccita.jpg\" \/>\n\t<meta property=\"og:image:width\" content=\"640\" \/>\n\t<meta property=\"og:image:height\" content=\"497\" \/>\n\t<meta property=\"og:image:type\" content=\"image\/jpeg\" \/>\n<meta name=\"author\" content=\"Redazione\" \/>\n<meta name=\"twitter:card\" content=\"summary_large_image\" \/>\n<meta name=\"twitter:label1\" content=\"Scritto da\" \/>\n\t<meta name=\"twitter:data1\" content=\"Redazione\" \/>\n\t<meta name=\"twitter:label2\" content=\"Tempo di lettura stimato\" \/>\n\t<meta name=\"twitter:data2\" content=\"3 minuti\" \/>\n<script type=\"application\/ld+json\" class=\"yoast-schema-graph\">{\"@context\":\"https:\/\/schema.org\",\"@graph\":[{\"@type\":\"Article\",\"@id\":\"https:\/\/www.nordestsanita.it\/?p=1666#article\",\"isPartOf\":{\"@id\":\"https:\/\/www.nordestsanita.it\/?p=1666\"},\"author\":{\"name\":\"Redazione\",\"@id\":\"https:\/\/www.nordestsanita.it\/#\/schema\/person\/e5a7dc6dca45cb55e67d4a127b0e969a\"},\"headline\":\"Oggi \u00e8 World Water Day, ma in Veneto \u00e8 grave siccit\u00e0\",\"datePublished\":\"2023-03-22T12:24:00+00:00\",\"dateModified\":\"2023-03-22T12:24:02+00:00\",\"mainEntityOfPage\":{\"@id\":\"https:\/\/www.nordestsanita.it\/?p=1666\"},\"wordCount\":404,\"publisher\":{\"@id\":\"https:\/\/www.nordestsanita.it\/#organization\"},\"keywords\":[\"acqua\",\"Regione Veneto\",\"siccit\u00e0\"],\"articleSection\":[\"Attualit\u00e0\"],\"inLanguage\":\"it-IT\"},{\"@type\":\"WebPage\",\"@id\":\"https:\/\/www.nordestsanita.it\/?p=1666\",\"url\":\"https:\/\/www.nordestsanita.it\/?p=1666\",\"name\":\"Oggi \u00e8 World Water Day, ma in Veneto \u00e8 grave siccit\u00e0 - NES\",\"isPartOf\":{\"@id\":\"https:\/\/www.nordestsanita.it\/#website\"},\"datePublished\":\"2023-03-22T12:24:00+00:00\",\"dateModified\":\"2023-03-22T12:24:02+00:00\",\"description\":\"A marzo, sono caduti mediamente poco pi\u00f9 di 17 mm di precipitazioni contro una media mensile di 65 mm, quindi il 25% della pioggia attesa.\",\"breadcrumb\":{\"@id\":\"https:\/\/www.nordestsanita.it\/?p=1666#breadcrumb\"},\"inLanguage\":\"it-IT\",\"potentialAction\":[{\"@type\":\"ReadAction\",\"target\":[\"https:\/\/www.nordestsanita.it\/?p=1666\"]}]},{\"@type\":\"BreadcrumbList\",\"@id\":\"https:\/\/www.nordestsanita.it\/?p=1666#breadcrumb\",\"itemListElement\":[{\"@type\":\"ListItem\",\"position\":1,\"name\":\"Home\",\"item\":\"https:\/\/www.nordestsanita.it\/\"},{\"@type\":\"ListItem\",\"position\":2,\"name\":\"Oggi \u00e8 World Water Day, ma in Veneto \u00e8 grave siccit\u00e0\"}]},{\"@type\":\"WebSite\",\"@id\":\"https:\/\/www.nordestsanita.it\/#website\",\"url\":\"https:\/\/www.nordestsanita.it\/\",\"name\":\"NES\",\"description\":\"Nord Est Sanit\u00e0\",\"publisher\":{\"@id\":\"https:\/\/www.nordestsanita.it\/#organization\"},\"potentialAction\":[{\"@type\":\"SearchAction\",\"target\":{\"@type\":\"EntryPoint\",\"urlTemplate\":\"https:\/\/www.nordestsanita.it\/?s={search_term_string}\"},\"query-input\":\"required name=search_term_string\"}],\"inLanguage\":\"it-IT\"},{\"@type\":\"Organization\",\"@id\":\"https:\/\/www.nordestsanita.it\/#organization\",\"name\":\"NES\",\"url\":\"https:\/\/www.nordestsanita.it\/\",\"logo\":{\"@type\":\"ImageObject\",\"inLanguage\":\"it-IT\",\"@id\":\"https:\/\/www.nordestsanita.it\/#\/schema\/logo\/image\/\",\"url\":\"https:\/\/www.nordestsanita.it\/wp-content\/uploads\/2021\/05\/NES-1280.png\",\"contentUrl\":\"https:\/\/www.nordestsanita.it\/wp-content\/uploads\/2021\/05\/NES-1280.png\",\"width\":1280,\"height\":458,\"caption\":\"NES\"},\"image\":{\"@id\":\"https:\/\/www.nordestsanita.it\/#\/schema\/logo\/image\/\"}},{\"@type\":\"Person\",\"@id\":\"https:\/\/www.nordestsanita.it\/#\/schema\/person\/e5a7dc6dca45cb55e67d4a127b0e969a\",\"name\":\"Redazione\",\"image\":{\"@type\":\"ImageObject\",\"inLanguage\":\"it-IT\",\"@id\":\"https:\/\/www.nordestsanita.it\/#\/schema\/person\/image\/\",\"url\":\"https:\/\/secure.gravatar.com\/avatar\/3f19a9b3d671ea36ec67c4badf3f961a?s=96&d=mm&r=g\",\"contentUrl\":\"https:\/\/secure.gravatar.com\/avatar\/3f19a9b3d671ea36ec67c4badf3f961a?s=96&d=mm&r=g\",\"caption\":\"Redazione\"},\"url\":\"https:\/\/www.nordestsanita.it\/?author=8\"}]}<\/script>\n<!-- \/ Yoast SEO plugin. -->","yoast_head_json":{"title":"Oggi \u00e8 World Water Day, ma in Veneto \u00e8 grave siccit\u00e0 - NES","description":"A marzo, sono caduti mediamente poco pi\u00f9 di 17 mm di precipitazioni contro una media mensile di 65 mm, quindi il 25% della pioggia attesa.","robots":{"index":"index","follow":"follow","max-snippet":"max-snippet:-1","max-image-preview":"max-image-preview:large","max-video-preview":"max-video-preview:-1"},"canonical":"https:\/\/www.nordestsanita.it\/?p=1666","og_locale":"it_IT","og_type":"article","og_title":"Oggi \u00e8 World Water Day, ma in Veneto \u00e8 grave siccit\u00e0 - NES","og_description":"A marzo, sono caduti mediamente poco pi\u00f9 di 17 mm di precipitazioni contro una media mensile di 65 mm, quindi il 25% della pioggia attesa.","og_url":"https:\/\/www.nordestsanita.it\/?p=1666","og_site_name":"NES","article_published_time":"2023-03-22T12:24:00+00:00","article_modified_time":"2023-03-22T12:24:02+00:00","og_image":[{"width":640,"height":497,"url":"https:\/\/www.nordestsanita.it\/wp-content\/uploads\/2023\/03\/siccita.jpg","type":"image\/jpeg"}],"author":"Redazione","twitter_card":"summary_large_image","twitter_misc":{"Scritto da":"Redazione","Tempo di lettura stimato":"3 minuti"},"schema":{"@context":"https:\/\/schema.org","@graph":[{"@type":"Article","@id":"https:\/\/www.nordestsanita.it\/?p=1666#article","isPartOf":{"@id":"https:\/\/www.nordestsanita.it\/?p=1666"},"author":{"name":"Redazione","@id":"https:\/\/www.nordestsanita.it\/#\/schema\/person\/e5a7dc6dca45cb55e67d4a127b0e969a"},"headline":"Oggi \u00e8 World Water Day, ma in Veneto \u00e8 grave siccit\u00e0","datePublished":"2023-03-22T12:24:00+00:00","dateModified":"2023-03-22T12:24:02+00:00","mainEntityOfPage":{"@id":"https:\/\/www.nordestsanita.it\/?p=1666"},"wordCount":404,"publisher":{"@id":"https:\/\/www.nordestsanita.it\/#organization"},"keywords":["acqua","Regione Veneto","siccit\u00e0"],"articleSection":["Attualit\u00e0"],"inLanguage":"it-IT"},{"@type":"WebPage","@id":"https:\/\/www.nordestsanita.it\/?p=1666","url":"https:\/\/www.nordestsanita.it\/?p=1666","name":"Oggi \u00e8 World Water Day, ma in Veneto \u00e8 grave siccit\u00e0 - NES","isPartOf":{"@id":"https:\/\/www.nordestsanita.it\/#website"},"datePublished":"2023-03-22T12:24:00+00:00","dateModified":"2023-03-22T12:24:02+00:00","description":"A marzo, sono caduti mediamente poco pi\u00f9 di 17 mm di precipitazioni contro una media mensile di 65 mm, quindi il 25% della pioggia attesa.","breadcrumb":{"@id":"https:\/\/www.nordestsanita.it\/?p=1666#breadcrumb"},"inLanguage":"it-IT","potentialAction":[{"@type":"ReadAction","target":["https:\/\/www.nordestsanita.it\/?p=1666"]}]},{"@type":"BreadcrumbList","@id":"https:\/\/www.nordestsanita.it\/?p=1666#breadcrumb","itemListElement":[{"@type":"ListItem","position":1,"name":"Home","item":"https:\/\/www.nordestsanita.it\/"},{"@type":"ListItem","position":2,"name":"Oggi \u00e8 World Water Day, ma in Veneto \u00e8 grave siccit\u00e0"}]},{"@type":"WebSite","@id":"https:\/\/www.nordestsanita.it\/#website","url":"https:\/\/www.nordestsanita.it\/","name":"NES","description":"Nord Est Sanit\u00e0","publisher":{"@id":"https:\/\/www.nordestsanita.it\/#organization"},"potentialAction":[{"@type":"SearchAction","target":{"@type":"EntryPoint","urlTemplate":"https:\/\/www.nordestsanita.it\/?s={search_term_string}"},"query-input":"required name=search_term_string"}],"inLanguage":"it-IT"},{"@type":"Organization","@id":"https:\/\/www.nordestsanita.it\/#organization","name":"NES","url":"https:\/\/www.nordestsanita.it\/","logo":{"@type":"ImageObject","inLanguage":"it-IT","@id":"https:\/\/www.nordestsanita.it\/#\/schema\/logo\/image\/","url":"https:\/\/www.nordestsanita.it\/wp-content\/uploads\/2021\/05\/NES-1280.png","contentUrl":"https:\/\/www.nordestsanita.it\/wp-content\/uploads\/2021\/05\/NES-1280.png","width":1280,"height":458,"caption":"NES"},"image":{"@id":"https:\/\/www.nordestsanita.it\/#\/schema\/logo\/image\/"}},{"@type":"Person","@id":"https:\/\/www.nordestsanita.it\/#\/schema\/person\/e5a7dc6dca45cb55e67d4a127b0e969a","name":"Redazione","image":{"@type":"ImageObject","inLanguage":"it-IT","@id":"https:\/\/www.nordestsanita.it\/#\/schema\/person\/image\/","url":"https:\/\/secure.gravatar.com\/avatar\/3f19a9b3d671ea36ec67c4badf3f961a?s=96&d=mm&r=g","contentUrl":"https:\/\/secure.gravatar.com\/avatar\/3f19a9b3d671ea36ec67c4badf3f961a?s=96&d=mm&r=g","caption":"Redazione"},"url":"https:\/\/www.nordestsanita.it\/?author=8"}]}},"jetpack_featured_media_url":"https:\/\/www.nordestsanita.it\/wp-content\/uploads\/2023\/03\/siccita.jpg","_links":{"self":[{"href":"https:\/\/www.nordestsanita.it\/index.php?rest_route=\/wp\/v2\/posts\/1666"}],"collection":[{"href":"https:\/\/www.nordestsanita.it\/index.php?rest_route=\/wp\/v2\/posts"}],"about":[{"href":"https:\/\/www.nordestsanita.it\/index.php?rest_route=\/wp\/v2\/types\/post"}],"author":[{"embeddable":true,"href":"https:\/\/www.nordestsanita.it\/index.php?rest_route=\/wp\/v2\/users\/8"}],"replies":[{"embeddable":true,"href":"https:\/\/www.nordestsanita.it\/index.php?rest_route=%2Fwp%2Fv2%2Fcomments&post=1666"}],"version-history":[{"count":1,"href":"https:\/\/www.nordestsanita.it\/index.php?rest_route=\/wp\/v2\/posts\/1666\/revisions"}],"predecessor-version":[{"id":1668,"href":"https:\/\/www.nordestsanita.it\/index.php?rest_route=\/wp\/v2\/posts\/1666\/revisions\/1668"}],"wp:featuredmedia":[{"embeddable":true,"href":"https:\/\/www.nordestsanita.it\/index.php?rest_route=\/wp\/v2\/media\/1667"}],"wp:attachment":[{"href":"https:\/\/www.nordestsanita.it\/index.php?rest_route=%2Fwp%2Fv2%2Fmedia&parent=1666"}],"wp:term":[{"taxonomy":"category","embeddable":true,"href":"https:\/\/www.nordestsanita.it\/index.php?rest_route=%2Fwp%2Fv2%2Fcategories&post=1666"},{"taxonomy":"post_tag","embeddable":true,"href":"https:\/\/www.nordestsanita.it\/index.php?rest_route=%2Fwp%2Fv2%2Ftags&post=1666"}],"curies":[{"name":"wp","href":"https:\/\/api.w.org\/{rel}","templated":true}]}}