{"id":1673,"date":"2023-03-24T17:23:37","date_gmt":"2023-03-24T16:23:37","guid":{"rendered":"https:\/\/www.nordestsanita.it\/?p=1673"},"modified":"2023-03-24T17:23:38","modified_gmt":"2023-03-24T16:23:38","slug":"verona-illustrati-i-progetti-per-ospedali-e-case-della-comunita","status":"publish","type":"post","link":"https:\/\/www.nordestsanita.it\/?p=1673","title":{"rendered":"Verona, illustrati i progetti per Ospedali e Case della Comunit\u00e0"},"content":{"rendered":"\n<p>Nella mattinata odierna il Direttore Generale dell\u2019Azienda ULSS 9 Scaligera, Dott. Pietro Girardi, ha presentato in videoconferenza al Comitato dei Sindaci del Distretto 1 Verona Citt\u00e0 e Distretto 2 Est Veronese i progetti finanziati attraverso il PNRR di quanto previsto dal DM 77 e dalla Programmazione regionale relativamente a Case della Comunit\u00e0 e Ospedali di Comunit\u00e0.<\/p>\n\n\n\n<!--more-->\n\n\n\n<p>\u00abL\u2019assistenza sanitaria territoriale &#8211; spiega il Dott. Girardi &#8211; \u00e8 in via di rivoluzione e sar\u00e0 integrata in un sistema che vede il paziente al centro e costituito da vari \u201cperni\u201d, che sono gli Ospedali di Comunit\u00e0, le Case della Comunit\u00e0 e le Centrali operative territoriali. In particolare, le Case della Comunit\u00e0 HUB permetteranno di superare il modello attuale del Medico di Medicina generale che lavora da solo e garantiranno ai cittadini di poter trovare un medico 24 ore al giorno, 7 giorni su sette, anche di sera, grazie alla presenza della Guardia medica. I lavori di realizzazione andranno completati, per legge, entro il primo trimestre del 2026 e attualmente l\u2019ULSS 9 sta pienamente rispettando la tabella di marcia. Entro fine marzo \u2013 conclude il Direttore Generale &#8211; procederemo con le gare per l\u2019affidamento dei lavori, per passare poi ai progetti esecutivi e all\u2019avvio dei cantieri\u00bb.<\/p>\n\n\n\n<p>Per quanto riguarda il Distretto 1 &#8211; Verona Citt\u00e0, un Ospedale di Comunit\u00e0 verr\u00e0 attivato a Marzana, mentre le Casa della Comunit\u00e0 verranno realizzate sempre a Marzana, in Via Poloni, Via Campania e Via del Capitel. Nell\u2019ospedale di Marzana, la CdC sar\u00e0 all\u2019interno del padiglione 10, che sar\u00e0 ristrutturato con interventi antismici e di efficientamento energetico, per un importo di oltre 3,5 milioni di euro (3.556.786,68 euro), mentre l\u2019OdC verr\u00e0 costruito dove ora si trova il padiglione 5, che sar\u00e0 demolito e ricostruito per un costo di oltre 5 milioni di euro (5.173.119,09 euro). Le sedi di Via Campania e via del Capitel verranno ristrutturate con fondi PNRR, per un importo complessivo di oltre 4 milioni di euro (rispettivamente, 2.671.898,98 euro e 1.5496.128,47 euro), mentre la sede di Via Poloni necessita solamente di piccoli lavori di attivazione, che saranno finanziati con fondi aziendali o regionali.<\/p>\n\n\n\n<p>Nel Distretto 2 \u2013 Est Veronese, le CdC verranno attivate a Cologna Veneta, Colognola ai Colli, Montecchia di Crosara, San Bonifacio, San Giovanni Lupatoto e Tregnago.<\/p>\n\n\n\n<p>Il progetto della CdC di Cologna Veneta prevede la ristrutturazione di una porzione del piano terra e del primo piano del Centro Sanitario Polifunzionale, per un importo di oltre 2 milioni di euro (2.136.908,87 euro). Anche a Montecchia di Crosara verranno ristrutturati il pianterreno e il primo piano dello stabile di Via Umberto I, di propriet\u00e0 del Comune in comodato d\u2019uso gratuito per 25 anni, per un costo di circa 1,2 milioni di euro (1.229.669,27 euro). A San Giovanni Lupatoto e Tregnago verranno ristrutturati quattro piani delle sedi distrettuali, per un importo rispettivamente di circa 3,5 milioni (3.559.348,06 euro) e quasi 2,5 milioni di euro (2.417.547,16 euro). A San Bonifacio verr\u00e0 edificata una nuova struttura da 1600 mq in via Fontanelle, in permuta con il Comune, per un importo di circa 4,5 milioni (4.534.532,73 euro), mentre a Colognola ai Colli la CdC verr\u00e0 attivata nella struttura di Via Montanara 2, che verr\u00e0 ristrutturata per un importo di oltre 3 milioni di euro (3.293.194,86 euro).<\/p>\n","protected":false},"excerpt":{"rendered":"<p>Presentati al Comitato dei Sindaci del Distretto 1 Verona Citt\u00e0 e Distretto 2 Est Veronese i progetti finanziati attraverso il PNRR<\/p>\n","protected":false},"author":8,"featured_media":1674,"comment_status":"closed","ping_status":"open","sticky":false,"template":"","format":"standard","meta":[],"categories":[25,23],"tags":[71,85,146],"yoast_head":"<!-- This site is optimized with the Yoast SEO plugin v20.2 - https:\/\/yoast.com\/wordpress\/plugins\/seo\/ -->\n<title>Verona, illustrati i progetti per Ospedali e Case della Comunit\u00e0 NES<\/title>\n<meta name=\"description\" content=\"Presentati al Comitato dei Sindaci del Distretto 1 Verona Citt\u00e0 e Distretto 2 Est Veronese i progetti finanziati attraverso il PNRR\" \/>\n<meta name=\"robots\" content=\"index, follow, max-snippet:-1, max-image-preview:large, max-video-preview:-1\" \/>\n<link rel=\"canonical\" href=\"https:\/\/www.nordestsanita.it\/?p=1673\" \/>\n<meta property=\"og:locale\" content=\"it_IT\" \/>\n<meta property=\"og:type\" content=\"article\" \/>\n<meta property=\"og:title\" content=\"Verona, illustrati i progetti per Ospedali e Case della Comunit\u00e0 NES\" \/>\n<meta property=\"og:description\" content=\"Presentati al Comitato dei Sindaci del Distretto 1 Verona Citt\u00e0 e Distretto 2 Est Veronese i progetti finanziati attraverso il PNRR\" \/>\n<meta property=\"og:url\" content=\"https:\/\/www.nordestsanita.it\/?p=1673\" \/>\n<meta property=\"og:site_name\" content=\"NES\" \/>\n<meta property=\"article:published_time\" content=\"2023-03-24T16:23:37+00:00\" \/>\n<meta property=\"article:modified_time\" content=\"2023-03-24T16:23:38+00:00\" \/>\n<meta property=\"og:image\" content=\"https:\/\/www.nordestsanita.it\/wp-content\/uploads\/2023\/03\/pnr-verona.png\" \/>\n\t<meta property=\"og:image:width\" content=\"991\" \/>\n\t<meta property=\"og:image:height\" content=\"660\" \/>\n\t<meta property=\"og:image:type\" content=\"image\/png\" \/>\n<meta name=\"author\" content=\"Redazione\" \/>\n<meta name=\"twitter:card\" content=\"summary_large_image\" \/>\n<meta name=\"twitter:label1\" content=\"Scritto da\" \/>\n\t<meta name=\"twitter:data1\" content=\"Redazione\" \/>\n\t<meta name=\"twitter:label2\" content=\"Tempo di lettura stimato\" \/>\n\t<meta name=\"twitter:data2\" content=\"3 minuti\" \/>\n<script type=\"application\/ld+json\" class=\"yoast-schema-graph\">{\"@context\":\"https:\/\/schema.org\",\"@graph\":[{\"@type\":\"Article\",\"@id\":\"https:\/\/www.nordestsanita.it\/?p=1673#article\",\"isPartOf\":{\"@id\":\"https:\/\/www.nordestsanita.it\/?p=1673\"},\"author\":{\"name\":\"Redazione\",\"@id\":\"https:\/\/www.nordestsanita.it\/#\/schema\/person\/e5a7dc6dca45cb55e67d4a127b0e969a\"},\"headline\":\"Verona, illustrati i progetti per Ospedali e Case della Comunit\u00e0\",\"datePublished\":\"2023-03-24T16:23:37+00:00\",\"dateModified\":\"2023-03-24T16:23:38+00:00\",\"mainEntityOfPage\":{\"@id\":\"https:\/\/www.nordestsanita.it\/?p=1673\"},\"wordCount\":519,\"publisher\":{\"@id\":\"https:\/\/www.nordestsanita.it\/#organization\"},\"keywords\":[\"Regione Veneto\",\"ULSS9\",\"verona\"],\"articleSection\":[\"Sanit\u00e0\",\"Ulss\"],\"inLanguage\":\"it-IT\"},{\"@type\":\"WebPage\",\"@id\":\"https:\/\/www.nordestsanita.it\/?p=1673\",\"url\":\"https:\/\/www.nordestsanita.it\/?p=1673\",\"name\":\"Verona, illustrati i progetti per Ospedali e Case della Comunit\u00e0 NES\",\"isPartOf\":{\"@id\":\"https:\/\/www.nordestsanita.it\/#website\"},\"datePublished\":\"2023-03-24T16:23:37+00:00\",\"dateModified\":\"2023-03-24T16:23:38+00:00\",\"description\":\"Presentati al Comitato dei Sindaci del Distretto 1 Verona Citt\u00e0 e Distretto 2 Est Veronese i progetti finanziati attraverso il PNRR\",\"breadcrumb\":{\"@id\":\"https:\/\/www.nordestsanita.it\/?p=1673#breadcrumb\"},\"inLanguage\":\"it-IT\",\"potentialAction\":[{\"@type\":\"ReadAction\",\"target\":[\"https:\/\/www.nordestsanita.it\/?p=1673\"]}]},{\"@type\":\"BreadcrumbList\",\"@id\":\"https:\/\/www.nordestsanita.it\/?p=1673#breadcrumb\",\"itemListElement\":[{\"@type\":\"ListItem\",\"position\":1,\"name\":\"Home\",\"item\":\"https:\/\/www.nordestsanita.it\/\"},{\"@type\":\"ListItem\",\"position\":2,\"name\":\"Verona, illustrati i progetti per Ospedali e Case della Comunit\u00e0\"}]},{\"@type\":\"WebSite\",\"@id\":\"https:\/\/www.nordestsanita.it\/#website\",\"url\":\"https:\/\/www.nordestsanita.it\/\",\"name\":\"NES\",\"description\":\"Nord Est Sanit\u00e0\",\"publisher\":{\"@id\":\"https:\/\/www.nordestsanita.it\/#organization\"},\"potentialAction\":[{\"@type\":\"SearchAction\",\"target\":{\"@type\":\"EntryPoint\",\"urlTemplate\":\"https:\/\/www.nordestsanita.it\/?s={search_term_string}\"},\"query-input\":\"required name=search_term_string\"}],\"inLanguage\":\"it-IT\"},{\"@type\":\"Organization\",\"@id\":\"https:\/\/www.nordestsanita.it\/#organization\",\"name\":\"NES\",\"url\":\"https:\/\/www.nordestsanita.it\/\",\"logo\":{\"@type\":\"ImageObject\",\"inLanguage\":\"it-IT\",\"@id\":\"https:\/\/www.nordestsanita.it\/#\/schema\/logo\/image\/\",\"url\":\"https:\/\/www.nordestsanita.it\/wp-content\/uploads\/2021\/05\/NES-1280.png\",\"contentUrl\":\"https:\/\/www.nordestsanita.it\/wp-content\/uploads\/2021\/05\/NES-1280.png\",\"width\":1280,\"height\":458,\"caption\":\"NES\"},\"image\":{\"@id\":\"https:\/\/www.nordestsanita.it\/#\/schema\/logo\/image\/\"}},{\"@type\":\"Person\",\"@id\":\"https:\/\/www.nordestsanita.it\/#\/schema\/person\/e5a7dc6dca45cb55e67d4a127b0e969a\",\"name\":\"Redazione\",\"image\":{\"@type\":\"ImageObject\",\"inLanguage\":\"it-IT\",\"@id\":\"https:\/\/www.nordestsanita.it\/#\/schema\/person\/image\/\",\"url\":\"https:\/\/secure.gravatar.com\/avatar\/3f19a9b3d671ea36ec67c4badf3f961a?s=96&d=mm&r=g\",\"contentUrl\":\"https:\/\/secure.gravatar.com\/avatar\/3f19a9b3d671ea36ec67c4badf3f961a?s=96&d=mm&r=g\",\"caption\":\"Redazione\"},\"url\":\"https:\/\/www.nordestsanita.it\/?author=8\"}]}<\/script>\n<!-- \/ Yoast SEO plugin. -->","yoast_head_json":{"title":"Verona, illustrati i progetti per Ospedali e Case della Comunit\u00e0 NES","description":"Presentati al Comitato dei Sindaci del Distretto 1 Verona Citt\u00e0 e Distretto 2 Est Veronese i progetti finanziati attraverso il PNRR","robots":{"index":"index","follow":"follow","max-snippet":"max-snippet:-1","max-image-preview":"max-image-preview:large","max-video-preview":"max-video-preview:-1"},"canonical":"https:\/\/www.nordestsanita.it\/?p=1673","og_locale":"it_IT","og_type":"article","og_title":"Verona, illustrati i progetti per Ospedali e Case della Comunit\u00e0 NES","og_description":"Presentati al Comitato dei Sindaci del Distretto 1 Verona Citt\u00e0 e Distretto 2 Est Veronese i progetti finanziati attraverso il PNRR","og_url":"https:\/\/www.nordestsanita.it\/?p=1673","og_site_name":"NES","article_published_time":"2023-03-24T16:23:37+00:00","article_modified_time":"2023-03-24T16:23:38+00:00","og_image":[{"width":991,"height":660,"url":"https:\/\/www.nordestsanita.it\/wp-content\/uploads\/2023\/03\/pnr-verona.png","type":"image\/png"}],"author":"Redazione","twitter_card":"summary_large_image","twitter_misc":{"Scritto da":"Redazione","Tempo di lettura stimato":"3 minuti"},"schema":{"@context":"https:\/\/schema.org","@graph":[{"@type":"Article","@id":"https:\/\/www.nordestsanita.it\/?p=1673#article","isPartOf":{"@id":"https:\/\/www.nordestsanita.it\/?p=1673"},"author":{"name":"Redazione","@id":"https:\/\/www.nordestsanita.it\/#\/schema\/person\/e5a7dc6dca45cb55e67d4a127b0e969a"},"headline":"Verona, illustrati i progetti per Ospedali e Case della Comunit\u00e0","datePublished":"2023-03-24T16:23:37+00:00","dateModified":"2023-03-24T16:23:38+00:00","mainEntityOfPage":{"@id":"https:\/\/www.nordestsanita.it\/?p=1673"},"wordCount":519,"publisher":{"@id":"https:\/\/www.nordestsanita.it\/#organization"},"keywords":["Regione Veneto","ULSS9","verona"],"articleSection":["Sanit\u00e0","Ulss"],"inLanguage":"it-IT"},{"@type":"WebPage","@id":"https:\/\/www.nordestsanita.it\/?p=1673","url":"https:\/\/www.nordestsanita.it\/?p=1673","name":"Verona, illustrati i progetti per Ospedali e Case della Comunit\u00e0 NES","isPartOf":{"@id":"https:\/\/www.nordestsanita.it\/#website"},"datePublished":"2023-03-24T16:23:37+00:00","dateModified":"2023-03-24T16:23:38+00:00","description":"Presentati al Comitato dei Sindaci del Distretto 1 Verona Citt\u00e0 e Distretto 2 Est Veronese i progetti finanziati attraverso il PNRR","breadcrumb":{"@id":"https:\/\/www.nordestsanita.it\/?p=1673#breadcrumb"},"inLanguage":"it-IT","potentialAction":[{"@type":"ReadAction","target":["https:\/\/www.nordestsanita.it\/?p=1673"]}]},{"@type":"BreadcrumbList","@id":"https:\/\/www.nordestsanita.it\/?p=1673#breadcrumb","itemListElement":[{"@type":"ListItem","position":1,"name":"Home","item":"https:\/\/www.nordestsanita.it\/"},{"@type":"ListItem","position":2,"name":"Verona, illustrati i progetti per Ospedali e Case della Comunit\u00e0"}]},{"@type":"WebSite","@id":"https:\/\/www.nordestsanita.it\/#website","url":"https:\/\/www.nordestsanita.it\/","name":"NES","description":"Nord Est Sanit\u00e0","publisher":{"@id":"https:\/\/www.nordestsanita.it\/#organization"},"potentialAction":[{"@type":"SearchAction","target":{"@type":"EntryPoint","urlTemplate":"https:\/\/www.nordestsanita.it\/?s={search_term_string}"},"query-input":"required name=search_term_string"}],"inLanguage":"it-IT"},{"@type":"Organization","@id":"https:\/\/www.nordestsanita.it\/#organization","name":"NES","url":"https:\/\/www.nordestsanita.it\/","logo":{"@type":"ImageObject","inLanguage":"it-IT","@id":"https:\/\/www.nordestsanita.it\/#\/schema\/logo\/image\/","url":"https:\/\/www.nordestsanita.it\/wp-content\/uploads\/2021\/05\/NES-1280.png","contentUrl":"https:\/\/www.nordestsanita.it\/wp-content\/uploads\/2021\/05\/NES-1280.png","width":1280,"height":458,"caption":"NES"},"image":{"@id":"https:\/\/www.nordestsanita.it\/#\/schema\/logo\/image\/"}},{"@type":"Person","@id":"https:\/\/www.nordestsanita.it\/#\/schema\/person\/e5a7dc6dca45cb55e67d4a127b0e969a","name":"Redazione","image":{"@type":"ImageObject","inLanguage":"it-IT","@id":"https:\/\/www.nordestsanita.it\/#\/schema\/person\/image\/","url":"https:\/\/secure.gravatar.com\/avatar\/3f19a9b3d671ea36ec67c4badf3f961a?s=96&d=mm&r=g","contentUrl":"https:\/\/secure.gravatar.com\/avatar\/3f19a9b3d671ea36ec67c4badf3f961a?s=96&d=mm&r=g","caption":"Redazione"},"url":"https:\/\/www.nordestsanita.it\/?author=8"}]}},"jetpack_featured_media_url":"https:\/\/www.nordestsanita.it\/wp-content\/uploads\/2023\/03\/pnr-verona.png","_links":{"self":[{"href":"https:\/\/www.nordestsanita.it\/index.php?rest_route=\/wp\/v2\/posts\/1673"}],"collection":[{"href":"https:\/\/www.nordestsanita.it\/index.php?rest_route=\/wp\/v2\/posts"}],"about":[{"href":"https:\/\/www.nordestsanita.it\/index.php?rest_route=\/wp\/v2\/types\/post"}],"author":[{"embeddable":true,"href":"https:\/\/www.nordestsanita.it\/index.php?rest_route=\/wp\/v2\/users\/8"}],"replies":[{"embeddable":true,"href":"https:\/\/www.nordestsanita.it\/index.php?rest_route=%2Fwp%2Fv2%2Fcomments&post=1673"}],"version-history":[{"count":1,"href":"https:\/\/www.nordestsanita.it\/index.php?rest_route=\/wp\/v2\/posts\/1673\/revisions"}],"predecessor-version":[{"id":1675,"href":"https:\/\/www.nordestsanita.it\/index.php?rest_route=\/wp\/v2\/posts\/1673\/revisions\/1675"}],"wp:featuredmedia":[{"embeddable":true,"href":"https:\/\/www.nordestsanita.it\/index.php?rest_route=\/wp\/v2\/media\/1674"}],"wp:attachment":[{"href":"https:\/\/www.nordestsanita.it\/index.php?rest_route=%2Fwp%2Fv2%2Fmedia&parent=1673"}],"wp:term":[{"taxonomy":"category","embeddable":true,"href":"https:\/\/www.nordestsanita.it\/index.php?rest_route=%2Fwp%2Fv2%2Fcategories&post=1673"},{"taxonomy":"post_tag","embeddable":true,"href":"https:\/\/www.nordestsanita.it\/index.php?rest_route=%2Fwp%2Fv2%2Ftags&post=1673"}],"curies":[{"name":"wp","href":"https:\/\/api.w.org\/{rel}","templated":true}]}}