{"id":1679,"date":"2023-03-30T15:42:22","date_gmt":"2023-03-30T13:42:22","guid":{"rendered":"https:\/\/www.nordestsanita.it\/?p=1679"},"modified":"2023-03-30T15:42:25","modified_gmt":"2023-03-30T13:42:25","slug":"numero-unico-di-emergenza-europeo-il-112-arriva-in-veneto","status":"publish","type":"post","link":"https:\/\/www.nordestsanita.it\/?p=1679","title":{"rendered":"Numero Unico di Emergenza Europeo, il 112 arriva in Veneto"},"content":{"rendered":"\n<p>E\u2019 stato firmato oggi dal Ministro dell\u2019Interno e il Presidente della Regione del Veneto un protocollo d\u2019intesa per l\u2019attuazione nel territorio regionale del Numero Unico di Emergenza europeo (NUE 112).<\/p>\n\n\n\n<!--more-->\n\n\n\n<p>\u201cSi avvia oggi anche per il Veneto l\u2019era del NUE 112, il numero unico delle emergenze europeo \u2013 sottolinea il Presidente della Regione del Veneto -. Ci arriviamo motivati, consapevoli che questa applicazione nel caso del Veneto \u00e8 come la creazione di un abito sartoriale, deve essere tagliata sulle esigenze che caratterizzano il territorio. Non solo abbiamo alle spalle l\u2019esperienza nell\u2019emergenza sanitaria di un 118 che \u00e8 una vera istituzione di eccellenza a livello nazionale, con 7 centrali provinciali autonome con circa 800.000 chiamate all\u2019anno. Ma nel nostro caso il servizio non riguarda soltanto 5 milioni di veneti ma anche quei 73 milioni di presenze annue che fanno di noi la regione pi\u00f9 turistica d\u2019Italia. Ringrazio il ministro Piantedosi per aver compreso tutte queste necessit\u00e0 e per essere intervenuto oggi a Venezia, aprendo ufficialmente il percorso indispensabile per istituzionalizzare l\u2019utilizzo del NUE\u201d.<\/p>\n\n\n\n<p>L\u2019intesa prevede un protocollo operativo, per il quale sar\u00e0 composto un tavolo tecnico che sar\u00e0 composto da cinque rappresentanti dell\u2019Amministrazione dell\u2019Interno e altrettanti della Regione. Secondo il testo sottoscritto, il protocollo operativo dovr\u00e0 essere redatto entro sei mesi dalla prima riunione del tavolo tecnico. Il protocollo operativo determiner\u00e0, inoltre, la collocazione delle CUR, le centrali uniche di risposta, sulla base delle quali \u00e8 organizzata la rete delle sinergie richieste dagli interventi.<\/p>\n\n\n\n<p>&nbsp;\u201cStiamo parlando di un numero telefonico che \u00e8 una grande risposta alle esigenze di sicurezza dei cittadini \u2013 aggiunge il Governatore \u2013 perch\u00e9 ottimizza la capacit\u00e0 di intervento delle strutture preposte alla gestione delle emergenze. Possiamo considerarlo la sublimazione d\u2019eccellenza dei riferimenti telefonici in questo campo conosciuti fino ad oggi e sulla base delle nostre esperienze con questo atto d\u2019intesa possiamo concretizzare veramente un bel progetto. Dalle valutazioni gi\u00e0 fatte saranno almeno 2 le CUR in Veneto. Stiamo parlando di professionisti appositamente formati che riceveranno le chiamate per poi smistarle alle diverse realt\u00e0 operative in tempo reale, secondo le necessit\u00e0. Noi siamo pronti\u201d.<\/p>\n\n\n\n<p>In tutti i territori dove \u00e8 implementato, il NUE si pu\u00f2 chiamare gratuitamente &#8211; per richiedere l\u2019intervento urgente di Forze dell\u2019ordine, Vigili del Fuoco, assistenza sanitaria e soccorso in mare &#8211; sia da rete fissa sia da quella mobile anche quando il telefono non ha SIM, \u00e8 bloccato o non ha pi\u00f9 credito disponibile. &nbsp;<\/p>\n","protected":false},"excerpt":{"rendered":"<p>Il NUE si pu\u00f2 chiamare gratis per richiedere l&#8217;intervento di Forze dell\u2019ordine, Vigili del Fuoco, assistenza sanitaria e soccorso in mare <\/p>\n","protected":false},"author":8,"featured_media":1680,"comment_status":"closed","ping_status":"open","sticky":false,"template":"","format":"standard","meta":[],"categories":[1],"tags":[310,311,70],"yoast_head":"<!-- This site is optimized with the Yoast SEO plugin v20.2 - https:\/\/yoast.com\/wordpress\/plugins\/seo\/ -->\n<title>Numero Unico di Emergenza europeo, il 112 arriva in Veneto - NES<\/title>\n<meta name=\"description\" content=\"Il NUE si pu\u00f2 chiamare gratis per richiedere l&#039;intervento di Forze dell\u2019ordine, Vigili del Fuoco, assistenza sanitaria e soccorso in mare\" \/>\n<meta name=\"robots\" content=\"index, follow, max-snippet:-1, max-image-preview:large, max-video-preview:-1\" \/>\n<link rel=\"canonical\" href=\"https:\/\/www.nordestsanita.it\/?p=1679\" \/>\n<meta property=\"og:locale\" content=\"it_IT\" \/>\n<meta property=\"og:type\" content=\"article\" \/>\n<meta property=\"og:title\" content=\"Numero Unico di Emergenza europeo, il 112 arriva in Veneto - NES\" \/>\n<meta property=\"og:description\" content=\"Il NUE si pu\u00f2 chiamare gratis per richiedere l&#039;intervento di Forze dell\u2019ordine, Vigili del Fuoco, assistenza sanitaria e soccorso in mare\" \/>\n<meta property=\"og:url\" content=\"https:\/\/www.nordestsanita.it\/?p=1679\" \/>\n<meta property=\"og:site_name\" content=\"NES\" \/>\n<meta property=\"article:published_time\" content=\"2023-03-30T13:42:22+00:00\" \/>\n<meta property=\"article:modified_time\" content=\"2023-03-30T13:42:25+00:00\" \/>\n<meta property=\"og:image\" content=\"https:\/\/www.nordestsanita.it\/wp-content\/uploads\/2023\/03\/ambulance-970037_640.jpg\" \/>\n\t<meta property=\"og:image:width\" content=\"640\" \/>\n\t<meta property=\"og:image:height\" content=\"427\" \/>\n\t<meta property=\"og:image:type\" content=\"image\/jpeg\" \/>\n<meta name=\"author\" content=\"Redazione\" \/>\n<meta name=\"twitter:card\" content=\"summary_large_image\" \/>\n<meta name=\"twitter:label1\" content=\"Scritto da\" \/>\n\t<meta name=\"twitter:data1\" content=\"Redazione\" \/>\n\t<meta name=\"twitter:label2\" content=\"Tempo di lettura stimato\" \/>\n\t<meta name=\"twitter:data2\" content=\"3 minuti\" \/>\n<script type=\"application\/ld+json\" class=\"yoast-schema-graph\">{\"@context\":\"https:\/\/schema.org\",\"@graph\":[{\"@type\":\"Article\",\"@id\":\"https:\/\/www.nordestsanita.it\/?p=1679#article\",\"isPartOf\":{\"@id\":\"https:\/\/www.nordestsanita.it\/?p=1679\"},\"author\":{\"name\":\"Redazione\",\"@id\":\"https:\/\/www.nordestsanita.it\/#\/schema\/person\/e5a7dc6dca45cb55e67d4a127b0e969a\"},\"headline\":\"Numero Unico di Emergenza Europeo, il 112 arriva in Veneto\",\"datePublished\":\"2023-03-30T13:42:22+00:00\",\"dateModified\":\"2023-03-30T13:42:25+00:00\",\"mainEntityOfPage\":{\"@id\":\"https:\/\/www.nordestsanita.it\/?p=1679\"},\"wordCount\":410,\"publisher\":{\"@id\":\"https:\/\/www.nordestsanita.it\/#organization\"},\"keywords\":[\"112\",\"emergenza\",\"Veneto\"],\"inLanguage\":\"it-IT\"},{\"@type\":\"WebPage\",\"@id\":\"https:\/\/www.nordestsanita.it\/?p=1679\",\"url\":\"https:\/\/www.nordestsanita.it\/?p=1679\",\"name\":\"Numero Unico di Emergenza europeo, il 112 arriva in Veneto - NES\",\"isPartOf\":{\"@id\":\"https:\/\/www.nordestsanita.it\/#website\"},\"datePublished\":\"2023-03-30T13:42:22+00:00\",\"dateModified\":\"2023-03-30T13:42:25+00:00\",\"description\":\"Il NUE si pu\u00f2 chiamare gratis per richiedere l'intervento di Forze dell\u2019ordine, Vigili del Fuoco, assistenza sanitaria e soccorso in mare\",\"breadcrumb\":{\"@id\":\"https:\/\/www.nordestsanita.it\/?p=1679#breadcrumb\"},\"inLanguage\":\"it-IT\",\"potentialAction\":[{\"@type\":\"ReadAction\",\"target\":[\"https:\/\/www.nordestsanita.it\/?p=1679\"]}]},{\"@type\":\"BreadcrumbList\",\"@id\":\"https:\/\/www.nordestsanita.it\/?p=1679#breadcrumb\",\"itemListElement\":[{\"@type\":\"ListItem\",\"position\":1,\"name\":\"Home\",\"item\":\"https:\/\/www.nordestsanita.it\/\"},{\"@type\":\"ListItem\",\"position\":2,\"name\":\"Numero Unico di Emergenza Europeo, il 112 arriva in Veneto\"}]},{\"@type\":\"WebSite\",\"@id\":\"https:\/\/www.nordestsanita.it\/#website\",\"url\":\"https:\/\/www.nordestsanita.it\/\",\"name\":\"NES\",\"description\":\"Nord Est Sanit\u00e0\",\"publisher\":{\"@id\":\"https:\/\/www.nordestsanita.it\/#organization\"},\"potentialAction\":[{\"@type\":\"SearchAction\",\"target\":{\"@type\":\"EntryPoint\",\"urlTemplate\":\"https:\/\/www.nordestsanita.it\/?s={search_term_string}\"},\"query-input\":\"required name=search_term_string\"}],\"inLanguage\":\"it-IT\"},{\"@type\":\"Organization\",\"@id\":\"https:\/\/www.nordestsanita.it\/#organization\",\"name\":\"NES\",\"url\":\"https:\/\/www.nordestsanita.it\/\",\"logo\":{\"@type\":\"ImageObject\",\"inLanguage\":\"it-IT\",\"@id\":\"https:\/\/www.nordestsanita.it\/#\/schema\/logo\/image\/\",\"url\":\"https:\/\/www.nordestsanita.it\/wp-content\/uploads\/2021\/05\/NES-1280.png\",\"contentUrl\":\"https:\/\/www.nordestsanita.it\/wp-content\/uploads\/2021\/05\/NES-1280.png\",\"width\":1280,\"height\":458,\"caption\":\"NES\"},\"image\":{\"@id\":\"https:\/\/www.nordestsanita.it\/#\/schema\/logo\/image\/\"}},{\"@type\":\"Person\",\"@id\":\"https:\/\/www.nordestsanita.it\/#\/schema\/person\/e5a7dc6dca45cb55e67d4a127b0e969a\",\"name\":\"Redazione\",\"image\":{\"@type\":\"ImageObject\",\"inLanguage\":\"it-IT\",\"@id\":\"https:\/\/www.nordestsanita.it\/#\/schema\/person\/image\/\",\"url\":\"https:\/\/secure.gravatar.com\/avatar\/3f19a9b3d671ea36ec67c4badf3f961a?s=96&d=mm&r=g\",\"contentUrl\":\"https:\/\/secure.gravatar.com\/avatar\/3f19a9b3d671ea36ec67c4badf3f961a?s=96&d=mm&r=g\",\"caption\":\"Redazione\"},\"url\":\"https:\/\/www.nordestsanita.it\/?author=8\"}]}<\/script>\n<!-- \/ Yoast SEO plugin. -->","yoast_head_json":{"title":"Numero Unico di Emergenza europeo, il 112 arriva in Veneto - NES","description":"Il NUE si pu\u00f2 chiamare gratis per richiedere l'intervento di Forze dell\u2019ordine, Vigili del Fuoco, assistenza sanitaria e soccorso in mare","robots":{"index":"index","follow":"follow","max-snippet":"max-snippet:-1","max-image-preview":"max-image-preview:large","max-video-preview":"max-video-preview:-1"},"canonical":"https:\/\/www.nordestsanita.it\/?p=1679","og_locale":"it_IT","og_type":"article","og_title":"Numero Unico di Emergenza europeo, il 112 arriva in Veneto - NES","og_description":"Il NUE si pu\u00f2 chiamare gratis per richiedere l'intervento di Forze dell\u2019ordine, Vigili del Fuoco, assistenza sanitaria e soccorso in mare","og_url":"https:\/\/www.nordestsanita.it\/?p=1679","og_site_name":"NES","article_published_time":"2023-03-30T13:42:22+00:00","article_modified_time":"2023-03-30T13:42:25+00:00","og_image":[{"width":640,"height":427,"url":"https:\/\/www.nordestsanita.it\/wp-content\/uploads\/2023\/03\/ambulance-970037_640.jpg","type":"image\/jpeg"}],"author":"Redazione","twitter_card":"summary_large_image","twitter_misc":{"Scritto da":"Redazione","Tempo di lettura stimato":"3 minuti"},"schema":{"@context":"https:\/\/schema.org","@graph":[{"@type":"Article","@id":"https:\/\/www.nordestsanita.it\/?p=1679#article","isPartOf":{"@id":"https:\/\/www.nordestsanita.it\/?p=1679"},"author":{"name":"Redazione","@id":"https:\/\/www.nordestsanita.it\/#\/schema\/person\/e5a7dc6dca45cb55e67d4a127b0e969a"},"headline":"Numero Unico di Emergenza Europeo, il 112 arriva in Veneto","datePublished":"2023-03-30T13:42:22+00:00","dateModified":"2023-03-30T13:42:25+00:00","mainEntityOfPage":{"@id":"https:\/\/www.nordestsanita.it\/?p=1679"},"wordCount":410,"publisher":{"@id":"https:\/\/www.nordestsanita.it\/#organization"},"keywords":["112","emergenza","Veneto"],"inLanguage":"it-IT"},{"@type":"WebPage","@id":"https:\/\/www.nordestsanita.it\/?p=1679","url":"https:\/\/www.nordestsanita.it\/?p=1679","name":"Numero Unico di Emergenza europeo, il 112 arriva in Veneto - NES","isPartOf":{"@id":"https:\/\/www.nordestsanita.it\/#website"},"datePublished":"2023-03-30T13:42:22+00:00","dateModified":"2023-03-30T13:42:25+00:00","description":"Il NUE si pu\u00f2 chiamare gratis per richiedere l'intervento di Forze dell\u2019ordine, Vigili del Fuoco, assistenza sanitaria e soccorso in mare","breadcrumb":{"@id":"https:\/\/www.nordestsanita.it\/?p=1679#breadcrumb"},"inLanguage":"it-IT","potentialAction":[{"@type":"ReadAction","target":["https:\/\/www.nordestsanita.it\/?p=1679"]}]},{"@type":"BreadcrumbList","@id":"https:\/\/www.nordestsanita.it\/?p=1679#breadcrumb","itemListElement":[{"@type":"ListItem","position":1,"name":"Home","item":"https:\/\/www.nordestsanita.it\/"},{"@type":"ListItem","position":2,"name":"Numero Unico di Emergenza Europeo, il 112 arriva in Veneto"}]},{"@type":"WebSite","@id":"https:\/\/www.nordestsanita.it\/#website","url":"https:\/\/www.nordestsanita.it\/","name":"NES","description":"Nord Est Sanit\u00e0","publisher":{"@id":"https:\/\/www.nordestsanita.it\/#organization"},"potentialAction":[{"@type":"SearchAction","target":{"@type":"EntryPoint","urlTemplate":"https:\/\/www.nordestsanita.it\/?s={search_term_string}"},"query-input":"required name=search_term_string"}],"inLanguage":"it-IT"},{"@type":"Organization","@id":"https:\/\/www.nordestsanita.it\/#organization","name":"NES","url":"https:\/\/www.nordestsanita.it\/","logo":{"@type":"ImageObject","inLanguage":"it-IT","@id":"https:\/\/www.nordestsanita.it\/#\/schema\/logo\/image\/","url":"https:\/\/www.nordestsanita.it\/wp-content\/uploads\/2021\/05\/NES-1280.png","contentUrl":"https:\/\/www.nordestsanita.it\/wp-content\/uploads\/2021\/05\/NES-1280.png","width":1280,"height":458,"caption":"NES"},"image":{"@id":"https:\/\/www.nordestsanita.it\/#\/schema\/logo\/image\/"}},{"@type":"Person","@id":"https:\/\/www.nordestsanita.it\/#\/schema\/person\/e5a7dc6dca45cb55e67d4a127b0e969a","name":"Redazione","image":{"@type":"ImageObject","inLanguage":"it-IT","@id":"https:\/\/www.nordestsanita.it\/#\/schema\/person\/image\/","url":"https:\/\/secure.gravatar.com\/avatar\/3f19a9b3d671ea36ec67c4badf3f961a?s=96&d=mm&r=g","contentUrl":"https:\/\/secure.gravatar.com\/avatar\/3f19a9b3d671ea36ec67c4badf3f961a?s=96&d=mm&r=g","caption":"Redazione"},"url":"https:\/\/www.nordestsanita.it\/?author=8"}]}},"jetpack_featured_media_url":"https:\/\/www.nordestsanita.it\/wp-content\/uploads\/2023\/03\/ambulance-970037_640.jpg","_links":{"self":[{"href":"https:\/\/www.nordestsanita.it\/index.php?rest_route=\/wp\/v2\/posts\/1679"}],"collection":[{"href":"https:\/\/www.nordestsanita.it\/index.php?rest_route=\/wp\/v2\/posts"}],"about":[{"href":"https:\/\/www.nordestsanita.it\/index.php?rest_route=\/wp\/v2\/types\/post"}],"author":[{"embeddable":true,"href":"https:\/\/www.nordestsanita.it\/index.php?rest_route=\/wp\/v2\/users\/8"}],"replies":[{"embeddable":true,"href":"https:\/\/www.nordestsanita.it\/index.php?rest_route=%2Fwp%2Fv2%2Fcomments&post=1679"}],"version-history":[{"count":1,"href":"https:\/\/www.nordestsanita.it\/index.php?rest_route=\/wp\/v2\/posts\/1679\/revisions"}],"predecessor-version":[{"id":1681,"href":"https:\/\/www.nordestsanita.it\/index.php?rest_route=\/wp\/v2\/posts\/1679\/revisions\/1681"}],"wp:featuredmedia":[{"embeddable":true,"href":"https:\/\/www.nordestsanita.it\/index.php?rest_route=\/wp\/v2\/media\/1680"}],"wp:attachment":[{"href":"https:\/\/www.nordestsanita.it\/index.php?rest_route=%2Fwp%2Fv2%2Fmedia&parent=1679"}],"wp:term":[{"taxonomy":"category","embeddable":true,"href":"https:\/\/www.nordestsanita.it\/index.php?rest_route=%2Fwp%2Fv2%2Fcategories&post=1679"},{"taxonomy":"post_tag","embeddable":true,"href":"https:\/\/www.nordestsanita.it\/index.php?rest_route=%2Fwp%2Fv2%2Ftags&post=1679"}],"curies":[{"name":"wp","href":"https:\/\/api.w.org\/{rel}","templated":true}]}}