{"id":1691,"date":"2023-04-18T13:27:54","date_gmt":"2023-04-18T11:27:54","guid":{"rendered":"https:\/\/www.nordestsanita.it\/?p=1691"},"modified":"2023-04-18T13:27:57","modified_gmt":"2023-04-18T11:27:57","slug":"veneto-la-carenza-medici-nel-vicentino-sia-priorita-della-politica","status":"publish","type":"post","link":"https:\/\/www.nordestsanita.it\/?p=1691","title":{"rendered":"Veneto: &#8220;la carenza medici nel Vicentino sia priorit\u00e0 della politica\u201d"},"content":{"rendered":"\n<p>\u00abRestituire la sanit\u00e0 territoriale ai cittadini del Vicentino e agire perch\u00e9 si trovino delle soluzioni strutturali di fronte al problema cronico della carenza dei medici sul territorio deve essere un obiettivo prioritario\u00bb: cos\u00ec commenta la <strong>Sen. Daniela Sbrollini, Vicepresidente della X Commissione Affari sociali, sanit\u00e0, lavoro e previdenza sociale del Senato, <\/strong>di fronte ai numeri ufficiali emersi in queste ore sulle zone carenti nella Regione Veneto e in particolare nella zona di Vicenza rispetto a medici, pediatri di libera scelta, guardie mediche, emergenza sanitaria territoriale.<\/p>\n\n\n\n<!--more-->\n\n\n\n<p>\u00abNumeri allarmanti &#8211; sottolinea la Sen. Sbrollini &#8211; che parlano di 1.513 zone carenti in tutto il Veneto, di cui ben 244 nel Vicentino. Di queste ultime 143 riguardano medici di medicina generale e, questo il dato pi\u00f9 allarmante, con un forte trend in crescita, visto che risultavano 104 appena nel novembre scorso. Lo scenario \u00e8 quello di una deriva inarrestabile che non possiamo accettare. Ben vengano le soluzioni emergenziali, in questo momento, per sopperire alle aree scoperte, ma occorre subito progettare e mettere a punto anche soluzioni di lungo periodo. Si tratta di un problema complesso, in cui entrano in gioco diverse criticit\u00e0, dal mancato ricambio dei medici che vanno in pensione, al problema della formazione di nuovi medici, dal fenomeno, pi\u00f9 grave, dei \u201cgettonisti\u201d, fin al tema della disaffezione nei confronti di questa professione, alimentata anche, e comprensibilmente, dal clima di violenza e aggressione che, come troppi recenti fatti di cronaca testimoniano, troppo spesso subiscono sul campo medici e personale sanitario. La politica non pu\u00f2 pi\u00f9 esitare di fronte a questa emergenza: bisogna trovare le risorse e investirle in modo mirato e restituire dignit\u00e0 ai medici e al personale sanitario per garantire ai cittadini la sanit\u00e0 territoriale\u00bb.<\/p>\n","protected":false},"excerpt":{"rendered":"<p>I dati: 1.513 zone carenti di medici in tutto il Veneto, di cui 244 nel Vicentino. Di queste 143 riguardano medici di medicina generale<\/p>\n","protected":false},"author":8,"featured_media":1316,"comment_status":"closed","ping_status":"open","sticky":false,"template":"","format":"standard","meta":[],"categories":[25],"tags":[222,71],"yoast_head":"<!-- This site is optimized with the Yoast SEO plugin v20.2 - https:\/\/yoast.com\/wordpress\/plugins\/seo\/ -->\n<title>Veneto: la carenza medici sia priorit\u00e0 della politica - NES<\/title>\n<meta name=\"description\" content=\"I dati: 1.513 zone carenti di medici in tutto il Veneto, di cui 244 nel Vicentino. Di queste 143 riguardano medici di medicina generale\" \/>\n<meta name=\"robots\" content=\"index, follow, max-snippet:-1, max-image-preview:large, max-video-preview:-1\" \/>\n<link rel=\"canonical\" href=\"https:\/\/www.nordestsanita.it\/?p=1691\" \/>\n<meta property=\"og:locale\" content=\"it_IT\" \/>\n<meta property=\"og:type\" content=\"article\" \/>\n<meta property=\"og:title\" content=\"Veneto: la carenza medici sia priorit\u00e0 della politica - NES\" \/>\n<meta property=\"og:description\" content=\"I dati: 1.513 zone carenti di medici in tutto il Veneto, di cui 244 nel Vicentino. Di queste 143 riguardano medici di medicina generale\" \/>\n<meta property=\"og:url\" content=\"https:\/\/www.nordestsanita.it\/?p=1691\" \/>\n<meta property=\"og:site_name\" content=\"NES\" \/>\n<meta property=\"article:published_time\" content=\"2023-04-18T11:27:54+00:00\" \/>\n<meta property=\"article:modified_time\" content=\"2023-04-18T11:27:57+00:00\" \/>\n<meta property=\"og:image\" content=\"https:\/\/www.nordestsanita.it\/wp-content\/uploads\/2022\/03\/medico-gen.png\" \/>\n\t<meta property=\"og:image:width\" content=\"735\" \/>\n\t<meta property=\"og:image:height\" content=\"488\" \/>\n\t<meta property=\"og:image:type\" content=\"image\/png\" \/>\n<meta name=\"author\" content=\"Redazione\" \/>\n<meta name=\"twitter:card\" content=\"summary_large_image\" \/>\n<meta name=\"twitter:label1\" content=\"Scritto da\" \/>\n\t<meta name=\"twitter:data1\" content=\"Redazione\" \/>\n\t<meta name=\"twitter:label2\" content=\"Tempo di lettura stimato\" \/>\n\t<meta name=\"twitter:data2\" content=\"2 minuti\" \/>\n<script type=\"application\/ld+json\" class=\"yoast-schema-graph\">{\"@context\":\"https:\/\/schema.org\",\"@graph\":[{\"@type\":\"Article\",\"@id\":\"https:\/\/www.nordestsanita.it\/?p=1691#article\",\"isPartOf\":{\"@id\":\"https:\/\/www.nordestsanita.it\/?p=1691\"},\"author\":{\"name\":\"Redazione\",\"@id\":\"https:\/\/www.nordestsanita.it\/#\/schema\/person\/e5a7dc6dca45cb55e67d4a127b0e969a\"},\"headline\":\"Veneto: &#8220;la carenza medici nel Vicentino sia priorit\u00e0 della politica\u201d\",\"datePublished\":\"2023-04-18T11:27:54+00:00\",\"dateModified\":\"2023-04-18T11:27:57+00:00\",\"mainEntityOfPage\":{\"@id\":\"https:\/\/www.nordestsanita.it\/?p=1691\"},\"wordCount\":289,\"publisher\":{\"@id\":\"https:\/\/www.nordestsanita.it\/#organization\"},\"keywords\":[\"medici\",\"Regione Veneto\"],\"articleSection\":[\"Sanit\u00e0\"],\"inLanguage\":\"it-IT\"},{\"@type\":\"WebPage\",\"@id\":\"https:\/\/www.nordestsanita.it\/?p=1691\",\"url\":\"https:\/\/www.nordestsanita.it\/?p=1691\",\"name\":\"Veneto: la carenza medici sia priorit\u00e0 della politica - NES\",\"isPartOf\":{\"@id\":\"https:\/\/www.nordestsanita.it\/#website\"},\"datePublished\":\"2023-04-18T11:27:54+00:00\",\"dateModified\":\"2023-04-18T11:27:57+00:00\",\"description\":\"I dati: 1.513 zone carenti di medici in tutto il Veneto, di cui 244 nel Vicentino. Di queste 143 riguardano medici di medicina generale\",\"breadcrumb\":{\"@id\":\"https:\/\/www.nordestsanita.it\/?p=1691#breadcrumb\"},\"inLanguage\":\"it-IT\",\"potentialAction\":[{\"@type\":\"ReadAction\",\"target\":[\"https:\/\/www.nordestsanita.it\/?p=1691\"]}]},{\"@type\":\"BreadcrumbList\",\"@id\":\"https:\/\/www.nordestsanita.it\/?p=1691#breadcrumb\",\"itemListElement\":[{\"@type\":\"ListItem\",\"position\":1,\"name\":\"Home\",\"item\":\"https:\/\/www.nordestsanita.it\/\"},{\"@type\":\"ListItem\",\"position\":2,\"name\":\"Veneto: &#8220;la carenza medici nel Vicentino sia priorit\u00e0 della politica\u201d\"}]},{\"@type\":\"WebSite\",\"@id\":\"https:\/\/www.nordestsanita.it\/#website\",\"url\":\"https:\/\/www.nordestsanita.it\/\",\"name\":\"NES\",\"description\":\"Nord Est Sanit\u00e0\",\"publisher\":{\"@id\":\"https:\/\/www.nordestsanita.it\/#organization\"},\"potentialAction\":[{\"@type\":\"SearchAction\",\"target\":{\"@type\":\"EntryPoint\",\"urlTemplate\":\"https:\/\/www.nordestsanita.it\/?s={search_term_string}\"},\"query-input\":\"required name=search_term_string\"}],\"inLanguage\":\"it-IT\"},{\"@type\":\"Organization\",\"@id\":\"https:\/\/www.nordestsanita.it\/#organization\",\"name\":\"NES\",\"url\":\"https:\/\/www.nordestsanita.it\/\",\"logo\":{\"@type\":\"ImageObject\",\"inLanguage\":\"it-IT\",\"@id\":\"https:\/\/www.nordestsanita.it\/#\/schema\/logo\/image\/\",\"url\":\"https:\/\/www.nordestsanita.it\/wp-content\/uploads\/2021\/05\/NES-1280.png\",\"contentUrl\":\"https:\/\/www.nordestsanita.it\/wp-content\/uploads\/2021\/05\/NES-1280.png\",\"width\":1280,\"height\":458,\"caption\":\"NES\"},\"image\":{\"@id\":\"https:\/\/www.nordestsanita.it\/#\/schema\/logo\/image\/\"}},{\"@type\":\"Person\",\"@id\":\"https:\/\/www.nordestsanita.it\/#\/schema\/person\/e5a7dc6dca45cb55e67d4a127b0e969a\",\"name\":\"Redazione\",\"image\":{\"@type\":\"ImageObject\",\"inLanguage\":\"it-IT\",\"@id\":\"https:\/\/www.nordestsanita.it\/#\/schema\/person\/image\/\",\"url\":\"https:\/\/secure.gravatar.com\/avatar\/3f19a9b3d671ea36ec67c4badf3f961a?s=96&d=mm&r=g\",\"contentUrl\":\"https:\/\/secure.gravatar.com\/avatar\/3f19a9b3d671ea36ec67c4badf3f961a?s=96&d=mm&r=g\",\"caption\":\"Redazione\"},\"url\":\"https:\/\/www.nordestsanita.it\/?author=8\"}]}<\/script>\n<!-- \/ Yoast SEO plugin. -->","yoast_head_json":{"title":"Veneto: la carenza medici sia priorit\u00e0 della politica - NES","description":"I dati: 1.513 zone carenti di medici in tutto il Veneto, di cui 244 nel Vicentino. Di queste 143 riguardano medici di medicina generale","robots":{"index":"index","follow":"follow","max-snippet":"max-snippet:-1","max-image-preview":"max-image-preview:large","max-video-preview":"max-video-preview:-1"},"canonical":"https:\/\/www.nordestsanita.it\/?p=1691","og_locale":"it_IT","og_type":"article","og_title":"Veneto: la carenza medici sia priorit\u00e0 della politica - NES","og_description":"I dati: 1.513 zone carenti di medici in tutto il Veneto, di cui 244 nel Vicentino. Di queste 143 riguardano medici di medicina generale","og_url":"https:\/\/www.nordestsanita.it\/?p=1691","og_site_name":"NES","article_published_time":"2023-04-18T11:27:54+00:00","article_modified_time":"2023-04-18T11:27:57+00:00","og_image":[{"width":735,"height":488,"url":"https:\/\/www.nordestsanita.it\/wp-content\/uploads\/2022\/03\/medico-gen.png","type":"image\/png"}],"author":"Redazione","twitter_card":"summary_large_image","twitter_misc":{"Scritto da":"Redazione","Tempo di lettura stimato":"2 minuti"},"schema":{"@context":"https:\/\/schema.org","@graph":[{"@type":"Article","@id":"https:\/\/www.nordestsanita.it\/?p=1691#article","isPartOf":{"@id":"https:\/\/www.nordestsanita.it\/?p=1691"},"author":{"name":"Redazione","@id":"https:\/\/www.nordestsanita.it\/#\/schema\/person\/e5a7dc6dca45cb55e67d4a127b0e969a"},"headline":"Veneto: &#8220;la carenza medici nel Vicentino sia priorit\u00e0 della politica\u201d","datePublished":"2023-04-18T11:27:54+00:00","dateModified":"2023-04-18T11:27:57+00:00","mainEntityOfPage":{"@id":"https:\/\/www.nordestsanita.it\/?p=1691"},"wordCount":289,"publisher":{"@id":"https:\/\/www.nordestsanita.it\/#organization"},"keywords":["medici","Regione Veneto"],"articleSection":["Sanit\u00e0"],"inLanguage":"it-IT"},{"@type":"WebPage","@id":"https:\/\/www.nordestsanita.it\/?p=1691","url":"https:\/\/www.nordestsanita.it\/?p=1691","name":"Veneto: la carenza medici sia priorit\u00e0 della politica - NES","isPartOf":{"@id":"https:\/\/www.nordestsanita.it\/#website"},"datePublished":"2023-04-18T11:27:54+00:00","dateModified":"2023-04-18T11:27:57+00:00","description":"I dati: 1.513 zone carenti di medici in tutto il Veneto, di cui 244 nel Vicentino. Di queste 143 riguardano medici di medicina generale","breadcrumb":{"@id":"https:\/\/www.nordestsanita.it\/?p=1691#breadcrumb"},"inLanguage":"it-IT","potentialAction":[{"@type":"ReadAction","target":["https:\/\/www.nordestsanita.it\/?p=1691"]}]},{"@type":"BreadcrumbList","@id":"https:\/\/www.nordestsanita.it\/?p=1691#breadcrumb","itemListElement":[{"@type":"ListItem","position":1,"name":"Home","item":"https:\/\/www.nordestsanita.it\/"},{"@type":"ListItem","position":2,"name":"Veneto: &#8220;la carenza medici nel Vicentino sia priorit\u00e0 della politica\u201d"}]},{"@type":"WebSite","@id":"https:\/\/www.nordestsanita.it\/#website","url":"https:\/\/www.nordestsanita.it\/","name":"NES","description":"Nord Est Sanit\u00e0","publisher":{"@id":"https:\/\/www.nordestsanita.it\/#organization"},"potentialAction":[{"@type":"SearchAction","target":{"@type":"EntryPoint","urlTemplate":"https:\/\/www.nordestsanita.it\/?s={search_term_string}"},"query-input":"required name=search_term_string"}],"inLanguage":"it-IT"},{"@type":"Organization","@id":"https:\/\/www.nordestsanita.it\/#organization","name":"NES","url":"https:\/\/www.nordestsanita.it\/","logo":{"@type":"ImageObject","inLanguage":"it-IT","@id":"https:\/\/www.nordestsanita.it\/#\/schema\/logo\/image\/","url":"https:\/\/www.nordestsanita.it\/wp-content\/uploads\/2021\/05\/NES-1280.png","contentUrl":"https:\/\/www.nordestsanita.it\/wp-content\/uploads\/2021\/05\/NES-1280.png","width":1280,"height":458,"caption":"NES"},"image":{"@id":"https:\/\/www.nordestsanita.it\/#\/schema\/logo\/image\/"}},{"@type":"Person","@id":"https:\/\/www.nordestsanita.it\/#\/schema\/person\/e5a7dc6dca45cb55e67d4a127b0e969a","name":"Redazione","image":{"@type":"ImageObject","inLanguage":"it-IT","@id":"https:\/\/www.nordestsanita.it\/#\/schema\/person\/image\/","url":"https:\/\/secure.gravatar.com\/avatar\/3f19a9b3d671ea36ec67c4badf3f961a?s=96&d=mm&r=g","contentUrl":"https:\/\/secure.gravatar.com\/avatar\/3f19a9b3d671ea36ec67c4badf3f961a?s=96&d=mm&r=g","caption":"Redazione"},"url":"https:\/\/www.nordestsanita.it\/?author=8"}]}},"jetpack_featured_media_url":"https:\/\/www.nordestsanita.it\/wp-content\/uploads\/2022\/03\/medico-gen.png","_links":{"self":[{"href":"https:\/\/www.nordestsanita.it\/index.php?rest_route=\/wp\/v2\/posts\/1691"}],"collection":[{"href":"https:\/\/www.nordestsanita.it\/index.php?rest_route=\/wp\/v2\/posts"}],"about":[{"href":"https:\/\/www.nordestsanita.it\/index.php?rest_route=\/wp\/v2\/types\/post"}],"author":[{"embeddable":true,"href":"https:\/\/www.nordestsanita.it\/index.php?rest_route=\/wp\/v2\/users\/8"}],"replies":[{"embeddable":true,"href":"https:\/\/www.nordestsanita.it\/index.php?rest_route=%2Fwp%2Fv2%2Fcomments&post=1691"}],"version-history":[{"count":1,"href":"https:\/\/www.nordestsanita.it\/index.php?rest_route=\/wp\/v2\/posts\/1691\/revisions"}],"predecessor-version":[{"id":1692,"href":"https:\/\/www.nordestsanita.it\/index.php?rest_route=\/wp\/v2\/posts\/1691\/revisions\/1692"}],"wp:featuredmedia":[{"embeddable":true,"href":"https:\/\/www.nordestsanita.it\/index.php?rest_route=\/wp\/v2\/media\/1316"}],"wp:attachment":[{"href":"https:\/\/www.nordestsanita.it\/index.php?rest_route=%2Fwp%2Fv2%2Fmedia&parent=1691"}],"wp:term":[{"taxonomy":"category","embeddable":true,"href":"https:\/\/www.nordestsanita.it\/index.php?rest_route=%2Fwp%2Fv2%2Fcategories&post=1691"},{"taxonomy":"post_tag","embeddable":true,"href":"https:\/\/www.nordestsanita.it\/index.php?rest_route=%2Fwp%2Fv2%2Ftags&post=1691"}],"curies":[{"name":"wp","href":"https:\/\/api.w.org\/{rel}","templated":true}]}}