{"id":1730,"date":"2023-05-30T11:42:41","date_gmt":"2023-05-30T09:42:41","guid":{"rendered":"https:\/\/www.nordestsanita.it\/?p=1730"},"modified":"2023-05-30T11:42:43","modified_gmt":"2023-05-30T09:42:43","slug":"sclerosi-multipla-oggi-la-giornata-mondiale","status":"publish","type":"post","link":"https:\/\/www.nordestsanita.it\/?p=1730","title":{"rendered":"Sclerosi multipla, oggi la giornata mondiale"},"content":{"rendered":"\n<p>Oggi si celebra la Giornata Mondiale della Sclerosi Multipla. Per l\u2019occasione la Societ\u00e0 Italiana di Neurologia (SIN) si unisce all&#8217;Associazione Italiana Sclerosi Multipla (AISM) per promuovere maggior consapevolezza e supporto per le persone affette da questa grave malattia neurologica.<\/p>\n\n\n\n<!--more-->\n\n\n\n<p>La Giornata Mondiale della Sclerosi Multipla rappresenta un&#8217;importante occasione per sensibilizzare l&#8217;opinione pubblica sulla Sclerosi Multipla (SM) e per affrontare le sfide che le persone con SM affrontano quotidianamente. \u00c8 un momento in cui tutti gli stakeholder sono chiamati a unire le forze per migliorare la qualit\u00e0 di vita delle persone colpite e per promuovere una societ\u00e0 inclusiva, in cui ogni individuo abbia pari opportunit\u00e0, indipendentemente dalla sua condizione di salute.<\/p>\n\n\n\n<p>La SIN, insieme all&#8217;AISM, riconosce i progressi significativi che sono stati fatti nel campo della terapia della SM, grazie all&#8217;arrivo di numerosi farmaci ad alta efficacia. Questi nuovi trattamenti offrono la possibilit\u00e0 di intervenire precocemente nella malattia e di arrestare la progressione della disabilit\u00e0, cambiando radicalmente la prospettiva di vita di questi pazienti.<\/p>\n\n\n\n<p>\u201cIn questo contesto \u2013 commenta il <strong>Prof. Claudio Gasperini, Responsabile del Gruppo di Studio Sclerosi Multipla della Societ\u00e0 Italiana di Neurologia<\/strong> &#8211; la SIN e l&#8217;AISM si sono impegnate a promuovere un confronto aperto e costruttivo con l&#8217;Agenzia Italiana del farmaco (AIFA), al fine di <strong>ottimizzare l&#8217;uso di queste terapie innovative<\/strong> e di garantire che <strong>siano disponibili quanto prima per coloro che ne possono beneficiare<\/strong>. L&#8217;obiettivo \u00e8 quello di modificare la storia naturale della malattia, riducendo la progressione della disabilit\u00e0 e migliorando la qualit\u00e0 di vita delle persone con SM\u201d.<\/p>\n\n\n\n<p>La SIN sottolinea l&#8217;importanza di superare le limitazioni prescrittive della normativa attuale e di adottare un approccio basato sulla <strong>personalizzazione del trattamento<\/strong>. Questo permetterebbe ai medici di scegliere la terapia ottimale per ogni paziente con SM, al fine di ridurre il rischio di progressione clinica e l\u2019accumulo di disabilit\u00e0. La SIN e l\u2019AISM sono fiduciose che attraverso un confronto aperto e costruttivo con AIFA si possano trovare soluzioni appropriate per garantire il migliore supporto possibile a questi pazienti.<\/p>\n\n\n\n<p>\u201cLa Giornata Mondiale della Sclerosi Multipla \u2013 afferma il Prof. <strong>Alfredo Berardelli, Presidente<\/strong> <strong>SIN<\/strong> &#8211; rappresenta un momento per unire le forze, non solo tra professionisti della salute e associazioni, ma anche tra la comunit\u00e0 nel suo insieme. \u00c8 essenziale lavorare congiuntamente per garantire che tutte le persone con SM abbiano accesso alle cure necessarie a condurre una vita appagante. Unendo le forze, oggi e tutti i giorni, possiamo fare la differenza nella vita delle persone con Sclerosi Multipla e contribuire a un futuro in cui tutti abbiano pari opportunit\u00e0 e sostegno nella lotta contro questa malattia\u201d.<\/p>\n\n\n\n<p>La sclerosi multipla (SM) \u00e8 una malattia cronica del sistema nervoso centrale che solo in Italia colpisce circa137.000 persone e fa registrare oltre 3600 nuovi casi ogni anno, 1 ogni 3 ore. Insorge generalmente tra i 20 e i 40 anni con una maggiore frequenza nelle donne. Si tratta di una patologia dal forte impatto emotivo e sociale che comporta una disabilit\u00e0 rilevante, che, spesso, compare dopo alcuni anni di storia clinica e un lungo decorso che si prolunga poi per tutta la vita\u201d.<\/p>\n\n\n\n<p>I sintomi pi\u00f9 comuni della SM sono perdita di equilibrio, cattiva coordinazione, tremori, disturbi del linguaggio, alterazioni della vista, riduzione di forza, perdita della capacit\u00e0 deambulatoria, perdita del controllo sfinterico, deficit delle funzioni cognitive, disfagia, dolore, e affaticabilit\u00e0 cronica, che sono presenti in misura variabile da soggetto a soggetto.<\/p>\n","protected":false},"excerpt":{"rendered":"<p>La sclerosi multipla (SM) \u00e8 una malattia cronica del sistema nervoso centrale che solo in Italia colpisce circa137.000 persone.<\/p>\n","protected":false},"author":8,"featured_media":1625,"comment_status":"closed","ping_status":"open","sticky":false,"template":"","format":"standard","meta":[],"categories":[24],"tags":[328],"yoast_head":"<!-- This site is optimized with the Yoast SEO plugin v20.2 - https:\/\/yoast.com\/wordpress\/plugins\/seo\/ -->\n<title>Sclerosi multipla, oggi la giornata mondiale - NES<\/title>\n<meta name=\"description\" content=\"La sclerosi multipla (SM) \u00e8 una malattia cronica del sistema nervoso centrale che solo in Italia colpisce circa137.000 persone.\" \/>\n<meta name=\"robots\" content=\"index, follow, max-snippet:-1, max-image-preview:large, max-video-preview:-1\" \/>\n<link rel=\"canonical\" href=\"https:\/\/www.nordestsanita.it\/?p=1730\" \/>\n<meta property=\"og:locale\" content=\"it_IT\" \/>\n<meta property=\"og:type\" content=\"article\" \/>\n<meta property=\"og:title\" content=\"Sclerosi multipla, oggi la giornata mondiale - NES\" \/>\n<meta property=\"og:description\" content=\"La sclerosi multipla (SM) \u00e8 una malattia cronica del sistema nervoso centrale che solo in Italia colpisce circa137.000 persone.\" \/>\n<meta property=\"og:url\" content=\"https:\/\/www.nordestsanita.it\/?p=1730\" \/>\n<meta property=\"og:site_name\" content=\"NES\" \/>\n<meta property=\"article:published_time\" content=\"2023-05-30T09:42:41+00:00\" \/>\n<meta property=\"article:modified_time\" content=\"2023-05-30T09:42:43+00:00\" \/>\n<meta property=\"og:image\" content=\"https:\/\/www.nordestsanita.it\/wp-content\/uploads\/2023\/02\/disabilita.jpg\" \/>\n\t<meta property=\"og:image:width\" content=\"640\" \/>\n\t<meta property=\"og:image:height\" content=\"427\" \/>\n\t<meta property=\"og:image:type\" content=\"image\/jpeg\" \/>\n<meta name=\"author\" content=\"Redazione\" \/>\n<meta name=\"twitter:card\" content=\"summary_large_image\" \/>\n<meta name=\"twitter:label1\" content=\"Scritto da\" \/>\n\t<meta name=\"twitter:data1\" content=\"Redazione\" \/>\n\t<meta name=\"twitter:label2\" content=\"Tempo di lettura stimato\" \/>\n\t<meta name=\"twitter:data2\" content=\"3 minuti\" \/>\n<script type=\"application\/ld+json\" class=\"yoast-schema-graph\">{\"@context\":\"https:\/\/schema.org\",\"@graph\":[{\"@type\":\"Article\",\"@id\":\"https:\/\/www.nordestsanita.it\/?p=1730#article\",\"isPartOf\":{\"@id\":\"https:\/\/www.nordestsanita.it\/?p=1730\"},\"author\":{\"name\":\"Redazione\",\"@id\":\"https:\/\/www.nordestsanita.it\/#\/schema\/person\/e5a7dc6dca45cb55e67d4a127b0e969a\"},\"headline\":\"Sclerosi multipla, oggi la giornata mondiale\",\"datePublished\":\"2023-05-30T09:42:41+00:00\",\"dateModified\":\"2023-05-30T09:42:43+00:00\",\"mainEntityOfPage\":{\"@id\":\"https:\/\/www.nordestsanita.it\/?p=1730\"},\"wordCount\":559,\"publisher\":{\"@id\":\"https:\/\/www.nordestsanita.it\/#organization\"},\"keywords\":[\"sclerosi multipla\"],\"articleSection\":[\"Attualit\u00e0\"],\"inLanguage\":\"it-IT\"},{\"@type\":\"WebPage\",\"@id\":\"https:\/\/www.nordestsanita.it\/?p=1730\",\"url\":\"https:\/\/www.nordestsanita.it\/?p=1730\",\"name\":\"Sclerosi multipla, oggi la giornata mondiale - NES\",\"isPartOf\":{\"@id\":\"https:\/\/www.nordestsanita.it\/#website\"},\"datePublished\":\"2023-05-30T09:42:41+00:00\",\"dateModified\":\"2023-05-30T09:42:43+00:00\",\"description\":\"La sclerosi multipla (SM) \u00e8 una malattia cronica del sistema nervoso centrale che solo in Italia colpisce circa137.000 persone.\",\"breadcrumb\":{\"@id\":\"https:\/\/www.nordestsanita.it\/?p=1730#breadcrumb\"},\"inLanguage\":\"it-IT\",\"potentialAction\":[{\"@type\":\"ReadAction\",\"target\":[\"https:\/\/www.nordestsanita.it\/?p=1730\"]}]},{\"@type\":\"BreadcrumbList\",\"@id\":\"https:\/\/www.nordestsanita.it\/?p=1730#breadcrumb\",\"itemListElement\":[{\"@type\":\"ListItem\",\"position\":1,\"name\":\"Home\",\"item\":\"https:\/\/www.nordestsanita.it\/\"},{\"@type\":\"ListItem\",\"position\":2,\"name\":\"Sclerosi multipla, oggi la giornata mondiale\"}]},{\"@type\":\"WebSite\",\"@id\":\"https:\/\/www.nordestsanita.it\/#website\",\"url\":\"https:\/\/www.nordestsanita.it\/\",\"name\":\"NES\",\"description\":\"Nord Est Sanit\u00e0\",\"publisher\":{\"@id\":\"https:\/\/www.nordestsanita.it\/#organization\"},\"potentialAction\":[{\"@type\":\"SearchAction\",\"target\":{\"@type\":\"EntryPoint\",\"urlTemplate\":\"https:\/\/www.nordestsanita.it\/?s={search_term_string}\"},\"query-input\":\"required name=search_term_string\"}],\"inLanguage\":\"it-IT\"},{\"@type\":\"Organization\",\"@id\":\"https:\/\/www.nordestsanita.it\/#organization\",\"name\":\"NES\",\"url\":\"https:\/\/www.nordestsanita.it\/\",\"logo\":{\"@type\":\"ImageObject\",\"inLanguage\":\"it-IT\",\"@id\":\"https:\/\/www.nordestsanita.it\/#\/schema\/logo\/image\/\",\"url\":\"https:\/\/www.nordestsanita.it\/wp-content\/uploads\/2021\/05\/NES-1280.png\",\"contentUrl\":\"https:\/\/www.nordestsanita.it\/wp-content\/uploads\/2021\/05\/NES-1280.png\",\"width\":1280,\"height\":458,\"caption\":\"NES\"},\"image\":{\"@id\":\"https:\/\/www.nordestsanita.it\/#\/schema\/logo\/image\/\"}},{\"@type\":\"Person\",\"@id\":\"https:\/\/www.nordestsanita.it\/#\/schema\/person\/e5a7dc6dca45cb55e67d4a127b0e969a\",\"name\":\"Redazione\",\"image\":{\"@type\":\"ImageObject\",\"inLanguage\":\"it-IT\",\"@id\":\"https:\/\/www.nordestsanita.it\/#\/schema\/person\/image\/\",\"url\":\"https:\/\/secure.gravatar.com\/avatar\/3f19a9b3d671ea36ec67c4badf3f961a?s=96&d=mm&r=g\",\"contentUrl\":\"https:\/\/secure.gravatar.com\/avatar\/3f19a9b3d671ea36ec67c4badf3f961a?s=96&d=mm&r=g\",\"caption\":\"Redazione\"},\"url\":\"https:\/\/www.nordestsanita.it\/?author=8\"}]}<\/script>\n<!-- \/ Yoast SEO plugin. -->","yoast_head_json":{"title":"Sclerosi multipla, oggi la giornata mondiale - NES","description":"La sclerosi multipla (SM) \u00e8 una malattia cronica del sistema nervoso centrale che solo in Italia colpisce circa137.000 persone.","robots":{"index":"index","follow":"follow","max-snippet":"max-snippet:-1","max-image-preview":"max-image-preview:large","max-video-preview":"max-video-preview:-1"},"canonical":"https:\/\/www.nordestsanita.it\/?p=1730","og_locale":"it_IT","og_type":"article","og_title":"Sclerosi multipla, oggi la giornata mondiale - NES","og_description":"La sclerosi multipla (SM) \u00e8 una malattia cronica del sistema nervoso centrale che solo in Italia colpisce circa137.000 persone.","og_url":"https:\/\/www.nordestsanita.it\/?p=1730","og_site_name":"NES","article_published_time":"2023-05-30T09:42:41+00:00","article_modified_time":"2023-05-30T09:42:43+00:00","og_image":[{"width":640,"height":427,"url":"https:\/\/www.nordestsanita.it\/wp-content\/uploads\/2023\/02\/disabilita.jpg","type":"image\/jpeg"}],"author":"Redazione","twitter_card":"summary_large_image","twitter_misc":{"Scritto da":"Redazione","Tempo di lettura stimato":"3 minuti"},"schema":{"@context":"https:\/\/schema.org","@graph":[{"@type":"Article","@id":"https:\/\/www.nordestsanita.it\/?p=1730#article","isPartOf":{"@id":"https:\/\/www.nordestsanita.it\/?p=1730"},"author":{"name":"Redazione","@id":"https:\/\/www.nordestsanita.it\/#\/schema\/person\/e5a7dc6dca45cb55e67d4a127b0e969a"},"headline":"Sclerosi multipla, oggi la giornata mondiale","datePublished":"2023-05-30T09:42:41+00:00","dateModified":"2023-05-30T09:42:43+00:00","mainEntityOfPage":{"@id":"https:\/\/www.nordestsanita.it\/?p=1730"},"wordCount":559,"publisher":{"@id":"https:\/\/www.nordestsanita.it\/#organization"},"keywords":["sclerosi multipla"],"articleSection":["Attualit\u00e0"],"inLanguage":"it-IT"},{"@type":"WebPage","@id":"https:\/\/www.nordestsanita.it\/?p=1730","url":"https:\/\/www.nordestsanita.it\/?p=1730","name":"Sclerosi multipla, oggi la giornata mondiale - NES","isPartOf":{"@id":"https:\/\/www.nordestsanita.it\/#website"},"datePublished":"2023-05-30T09:42:41+00:00","dateModified":"2023-05-30T09:42:43+00:00","description":"La sclerosi multipla (SM) \u00e8 una malattia cronica del sistema nervoso centrale che solo in Italia colpisce circa137.000 persone.","breadcrumb":{"@id":"https:\/\/www.nordestsanita.it\/?p=1730#breadcrumb"},"inLanguage":"it-IT","potentialAction":[{"@type":"ReadAction","target":["https:\/\/www.nordestsanita.it\/?p=1730"]}]},{"@type":"BreadcrumbList","@id":"https:\/\/www.nordestsanita.it\/?p=1730#breadcrumb","itemListElement":[{"@type":"ListItem","position":1,"name":"Home","item":"https:\/\/www.nordestsanita.it\/"},{"@type":"ListItem","position":2,"name":"Sclerosi multipla, oggi la giornata mondiale"}]},{"@type":"WebSite","@id":"https:\/\/www.nordestsanita.it\/#website","url":"https:\/\/www.nordestsanita.it\/","name":"NES","description":"Nord Est Sanit\u00e0","publisher":{"@id":"https:\/\/www.nordestsanita.it\/#organization"},"potentialAction":[{"@type":"SearchAction","target":{"@type":"EntryPoint","urlTemplate":"https:\/\/www.nordestsanita.it\/?s={search_term_string}"},"query-input":"required name=search_term_string"}],"inLanguage":"it-IT"},{"@type":"Organization","@id":"https:\/\/www.nordestsanita.it\/#organization","name":"NES","url":"https:\/\/www.nordestsanita.it\/","logo":{"@type":"ImageObject","inLanguage":"it-IT","@id":"https:\/\/www.nordestsanita.it\/#\/schema\/logo\/image\/","url":"https:\/\/www.nordestsanita.it\/wp-content\/uploads\/2021\/05\/NES-1280.png","contentUrl":"https:\/\/www.nordestsanita.it\/wp-content\/uploads\/2021\/05\/NES-1280.png","width":1280,"height":458,"caption":"NES"},"image":{"@id":"https:\/\/www.nordestsanita.it\/#\/schema\/logo\/image\/"}},{"@type":"Person","@id":"https:\/\/www.nordestsanita.it\/#\/schema\/person\/e5a7dc6dca45cb55e67d4a127b0e969a","name":"Redazione","image":{"@type":"ImageObject","inLanguage":"it-IT","@id":"https:\/\/www.nordestsanita.it\/#\/schema\/person\/image\/","url":"https:\/\/secure.gravatar.com\/avatar\/3f19a9b3d671ea36ec67c4badf3f961a?s=96&d=mm&r=g","contentUrl":"https:\/\/secure.gravatar.com\/avatar\/3f19a9b3d671ea36ec67c4badf3f961a?s=96&d=mm&r=g","caption":"Redazione"},"url":"https:\/\/www.nordestsanita.it\/?author=8"}]}},"jetpack_featured_media_url":"https:\/\/www.nordestsanita.it\/wp-content\/uploads\/2023\/02\/disabilita.jpg","_links":{"self":[{"href":"https:\/\/www.nordestsanita.it\/index.php?rest_route=\/wp\/v2\/posts\/1730"}],"collection":[{"href":"https:\/\/www.nordestsanita.it\/index.php?rest_route=\/wp\/v2\/posts"}],"about":[{"href":"https:\/\/www.nordestsanita.it\/index.php?rest_route=\/wp\/v2\/types\/post"}],"author":[{"embeddable":true,"href":"https:\/\/www.nordestsanita.it\/index.php?rest_route=\/wp\/v2\/users\/8"}],"replies":[{"embeddable":true,"href":"https:\/\/www.nordestsanita.it\/index.php?rest_route=%2Fwp%2Fv2%2Fcomments&post=1730"}],"version-history":[{"count":1,"href":"https:\/\/www.nordestsanita.it\/index.php?rest_route=\/wp\/v2\/posts\/1730\/revisions"}],"predecessor-version":[{"id":1731,"href":"https:\/\/www.nordestsanita.it\/index.php?rest_route=\/wp\/v2\/posts\/1730\/revisions\/1731"}],"wp:featuredmedia":[{"embeddable":true,"href":"https:\/\/www.nordestsanita.it\/index.php?rest_route=\/wp\/v2\/media\/1625"}],"wp:attachment":[{"href":"https:\/\/www.nordestsanita.it\/index.php?rest_route=%2Fwp%2Fv2%2Fmedia&parent=1730"}],"wp:term":[{"taxonomy":"category","embeddable":true,"href":"https:\/\/www.nordestsanita.it\/index.php?rest_route=%2Fwp%2Fv2%2Fcategories&post=1730"},{"taxonomy":"post_tag","embeddable":true,"href":"https:\/\/www.nordestsanita.it\/index.php?rest_route=%2Fwp%2Fv2%2Ftags&post=1730"}],"curies":[{"name":"wp","href":"https:\/\/api.w.org\/{rel}","templated":true}]}}