{"id":1765,"date":"2023-07-28T16:38:56","date_gmt":"2023-07-28T14:38:56","guid":{"rendered":"https:\/\/www.nordestsanita.it\/?p=1765"},"modified":"2023-07-28T16:39:21","modified_gmt":"2023-07-28T14:39:21","slug":"epatiti-oggi-si-celebra-la-giornata-mondiale","status":"publish","type":"post","link":"https:\/\/www.nordestsanita.it\/?p=1765","title":{"rendered":"Epatiti, oggi si celebra la giornata mondiale"},"content":{"rendered":"\n<p>La Societ\u00e0 Italiana di Malattie Infettive e Tropicali \u2013 SIMIT e dall\u2019Associazione Italiana per lo Studio del Fegato \u2013 AISF in occasione della Giornata Mondiale per le Epatiti promossa dall\u2019Organizzazione Mondiale della Sanit\u00e0 come ogni anno per il 28 luglio lancia un appello: \u00e8 necessario rinnovare i fondi per gli screening per l\u2019Epatite C che scadono il 31 dicembre 2023 e allargare le coorti d\u2019et\u00e0 delle popolazione da sottoporre al test. Come riportato dai dati AIFA, infatti, se all\u201911 luglio 2022 i pazienti avviati al trattamento per l\u2019eradicazione del virus dell\u2019Epatite C erano 239.378, a un anno di distanza il 17 luglio 2023 sono 252.781: vi \u00e8 stato un incremento di poco pi\u00f9 di 13mila persone. Si tratta di un balzo in avanti significativo dopo la notevole flessione dovuta alla pandemia, ma non \u00e8 ancora sufficiente per percorrere l\u2019ultimo miglio necessario per l\u2019eliminazione dell\u2019infezione dal nostro Paese entro il 2030 come indicato dall\u2019OMS. Per questo serve una collaborazione tra diversi attori in campo, dai diversi specialisti coinvolti alle istituzioni. Una sinergia che sar\u00e0 messa a punto nei prossimi incontri de \u201cLa Sanit\u00e0 che vorrei\u2026\u201d al Ministero della Salute, il progetto promosso da SIMIT insieme a tante altre realt\u00e0 tra cui il Ministero stesso per preparare il SSN ad affrontare le prossime sfide attraverso processi di prevenzione e formazione.<\/p>\n\n\n\n<p>&nbsp;\u201c<em>Le epatiti virali rimangono un problema di salute globale<\/em> \u2013 evidenzia il Prof. <strong>Claudio Mastroianni<\/strong>, Presidente SIMIT \u2013 <em>L\u2019attenzione della comunit\u00e0 scientifica in questo ambito \u00e8 rivolta alle epatiti virali che possono essere acquisite per via orale, come l\u2019Epatite A e l\u2019Epatite E, ma soprattutto a quelle che possono essere trasmesse per via parenterale: l\u2019Epatite C, l\u2019Epatite B, l\u2019Epatite Delta. Per l\u2019Epatite B<\/em><em> <\/em><em>l\u2019Italia \u00e8 un esempio, vista la vaccinazione obbligatoria alla nascita introdotta nel 1991, grazie alla quale il virus \u00e8 quasi assente nella popolazione under 40, sebbene si riscontri ancora in altre fasce anagrafiche e in soggetti non nati in Italia. L\u2019HCV, grazie ai nuovi farmaci antivirali ad azione diretta (DAA), si pu\u00f2 eradicare definitivamente nel 98% delle persone, in tempi rapidi e senza effetti collaterali, ma occorre far emergere il sommerso e avviare rapidamente i pazienti al trattamento. Per l\u2019Epatite Delta \u00e8 stata recentemente approvato un nuovo farmaco specifico efficace, ma serve piena consapevolezza di questa disponibilit\u00e0 e un ampliamento degli screening dei soggetti con Epatite B, su cui il virus Delta si innesta; una priorit\u00e0 anche questa, visto che in Italia si stima che vi siano circa 10mila persone affette da questo virus, il pi\u00f9 rapido nel progredire fino a provocare cirrosi ed epatocarcinoma<\/em>\u201d.<\/p>\n\n\n\n<p>&nbsp;\u201c<em>Gli screening per far emergere il sommerso dei casi di Epatite C rappresentano una buona prassi che negli scorsi anni ha portato l&#8217;Italia in linea con l\u2019obiettivo dell\u2019OMS per l\u2019eliminazione del virus entro il 2030, come dimostra il bilancio complessivo degli oltre 250mila trattamenti effettuati fino ad oggi <\/em>\u2013 sottolinea il Prof. <strong>Massimo Andreoni<\/strong>, Direttore Scientifico SIMIT \u2013 <em>La disponibilit\u00e0 dei 71,5 milioni di euro stanziati nel 2020 ha dato una grande opportunit\u00e0, purtroppo frenata dalla pandemia. La proroga fino al 31 dicembre 2023 \u00e8 stata utile per incrementare il numero delle diagnosi, ma considerando le inadempienze di diverse regioni, colpite dagli strascichi del Covid-19 e da altre contingenze, \u00e8 auspicabile un\u2019ulteriore proroga di altri due anni e un allargamento delle popolazioni coinvolte, rivolgendosi non solo a tossicodipendenti, detenuti e ai nati tra il 1969 e il 1989, ma anche alle coorti d\u2019et\u00e0 precedenti, con riferimento almeno ai nati tra il \u201948 e il \u201968, in cui si pu\u00f2 annidare il virus. Solo con un approccio cos\u00ec capillare sar\u00e0 possibile curare centinaia di migliaia di persone ed eliminare l&#8217;Epatite C nel nostro Paese entro il 2030<\/em>\u201d.<\/p>\n\n\n\n<p>&nbsp;\u201c<em>Due sono le strade che gli specialisti di tutto il mondo stanno percorrendo per contrastare il problema delle epatiti: da un lato, test diagnostici e percorsi di avvio alla cura,&nbsp; sempre pi\u00f9 rapidi e semplificati, da svolgersi all\u2019interno dei centri epatologici; dall\u2019altro, attivit\u00e0 di screening alla scoperta del sommerso <\/em>\u2013 spiega la Prof.ssa <strong>Vincenza Calvaruso<\/strong>, Segretario Nazionale AISF \u2013 <em>Il problema, infatti, \u00e8 che spesso non \u00e8 facile riconoscere l\u2019insorgenza della malattia, specialmente nei soggetti asintomatici. Per tale ragione, si effettuano attivit\u00e0 di screening soprattutto nelle categorie a rischio, vale a dire la popolazione nelle carceri e i soggetti con dipendenza da droga per via endovenosa, nonch\u00e9 tra quelli nati tra il 1969 e il 1989, sebbene noi specialisti chiediamo di ampliare tale fascia d\u2019et\u00e0, coinvolgendo tutti i soggetti maggiorenni nati dal 1943 in poi<\/em>\u201d. La sfida dell\u2019OMS, per cui entro il 2030 si sarebbe dovuta raggiungere l\u2019eradicazione dell\u2019HCV, \u00e8 diventata tuttavia pi\u00f9 complessa e lontana. \u201c<em>Se fino al 2019 i 36mila trattamenti raggiunti in un anno facevano ben sperare sul raggiungimento dell\u2019obiettivo proposto dall\u2019OMS, il fatto che negli anni successivi non siano stati pi\u00f9 di 20mila, complice anche la pandemia, rendono l\u2019obiettivo meno raggiungibile. Occorre quindi, ancora di pi\u00f9, puntare sugli screening, sollecitando tutte quelle regioni che ne sono sprovvisti ad attivarli, e alla semplificazione dell\u2019accesso alle terapie. Questo secondo punto, infatti, inciderebbe positivamente su due problematiche: frenerebbe la progressione della malattia verso la fase avanzata, sino allo stato di cirrosi ed epatocarcinoma, con ovvie conseguenze sanitarie ed economiche, ma impatterebbe anche sulla comunit\u00e0, perch\u00e9 ridurrebbe a sua volta la possibilit\u00e0 di contagio<\/em>\u201d conclude la Prof.ssa Calvaruso.<\/p>\n","protected":false},"excerpt":{"rendered":"<p>L\u2019appello della comunit\u00e0 scientifica: urgente rinnovare i fondi per gli screening dell\u2019HCV e ampliare le coorti di pazienti agli over 55.<\/p>\n","protected":false},"author":8,"featured_media":1766,"comment_status":"closed","ping_status":"open","sticky":false,"template":"","format":"standard","meta":[],"categories":[24],"tags":[340],"yoast_head":"<!-- This site is optimized with the Yoast SEO plugin v20.2 - https:\/\/yoast.com\/wordpress\/plugins\/seo\/ -->\n<title>Epatiti, oggi si celebra la giornata mondiale - NES<\/title>\n<meta name=\"description\" content=\"L\u2019appello della comunit\u00e0 scientifica: urgente rinnovare i fondi per gli screening dell\u2019HCV e ampliare le coorti di pazienti agli over 55.\" \/>\n<meta name=\"robots\" content=\"index, follow, max-snippet:-1, max-image-preview:large, max-video-preview:-1\" \/>\n<link rel=\"canonical\" href=\"https:\/\/www.nordestsanita.it\/?p=1765\" \/>\n<meta property=\"og:locale\" content=\"it_IT\" \/>\n<meta property=\"og:type\" content=\"article\" \/>\n<meta property=\"og:title\" content=\"Epatiti, oggi si celebra la giornata mondiale - NES\" \/>\n<meta property=\"og:description\" content=\"L\u2019appello della comunit\u00e0 scientifica: urgente rinnovare i fondi per gli screening dell\u2019HCV e ampliare le coorti di pazienti agli over 55.\" \/>\n<meta property=\"og:url\" content=\"https:\/\/www.nordestsanita.it\/?p=1765\" \/>\n<meta property=\"og:site_name\" content=\"NES\" \/>\n<meta property=\"article:published_time\" content=\"2023-07-28T14:38:56+00:00\" \/>\n<meta property=\"article:modified_time\" content=\"2023-07-28T14:39:21+00:00\" \/>\n<meta property=\"og:image\" content=\"https:\/\/www.nordestsanita.it\/wp-content\/uploads\/2023\/07\/Vincenza-Calvaruso.jpg\" \/>\n\t<meta property=\"og:image:width\" content=\"1125\" \/>\n\t<meta property=\"og:image:height\" content=\"750\" \/>\n\t<meta property=\"og:image:type\" content=\"image\/jpeg\" \/>\n<meta name=\"author\" content=\"Redazione\" \/>\n<meta name=\"twitter:card\" content=\"summary_large_image\" \/>\n<meta name=\"twitter:label1\" content=\"Scritto da\" \/>\n\t<meta name=\"twitter:data1\" content=\"Redazione\" \/>\n\t<meta name=\"twitter:label2\" content=\"Tempo di lettura stimato\" \/>\n\t<meta name=\"twitter:data2\" content=\"5 minuti\" \/>\n<script type=\"application\/ld+json\" class=\"yoast-schema-graph\">{\"@context\":\"https:\/\/schema.org\",\"@graph\":[{\"@type\":\"Article\",\"@id\":\"https:\/\/www.nordestsanita.it\/?p=1765#article\",\"isPartOf\":{\"@id\":\"https:\/\/www.nordestsanita.it\/?p=1765\"},\"author\":{\"name\":\"Redazione\",\"@id\":\"https:\/\/www.nordestsanita.it\/#\/schema\/person\/e5a7dc6dca45cb55e67d4a127b0e969a\"},\"headline\":\"Epatiti, oggi si celebra la giornata mondiale\",\"datePublished\":\"2023-07-28T14:38:56+00:00\",\"dateModified\":\"2023-07-28T14:39:21+00:00\",\"mainEntityOfPage\":{\"@id\":\"https:\/\/www.nordestsanita.it\/?p=1765\"},\"wordCount\":882,\"publisher\":{\"@id\":\"https:\/\/www.nordestsanita.it\/#organization\"},\"keywords\":[\"epatite\"],\"articleSection\":[\"Attualit\u00e0\"],\"inLanguage\":\"it-IT\"},{\"@type\":\"WebPage\",\"@id\":\"https:\/\/www.nordestsanita.it\/?p=1765\",\"url\":\"https:\/\/www.nordestsanita.it\/?p=1765\",\"name\":\"Epatiti, oggi si celebra la giornata mondiale - NES\",\"isPartOf\":{\"@id\":\"https:\/\/www.nordestsanita.it\/#website\"},\"datePublished\":\"2023-07-28T14:38:56+00:00\",\"dateModified\":\"2023-07-28T14:39:21+00:00\",\"description\":\"L\u2019appello della comunit\u00e0 scientifica: urgente rinnovare i fondi per gli screening dell\u2019HCV e ampliare le coorti di pazienti agli over 55.\",\"breadcrumb\":{\"@id\":\"https:\/\/www.nordestsanita.it\/?p=1765#breadcrumb\"},\"inLanguage\":\"it-IT\",\"potentialAction\":[{\"@type\":\"ReadAction\",\"target\":[\"https:\/\/www.nordestsanita.it\/?p=1765\"]}]},{\"@type\":\"BreadcrumbList\",\"@id\":\"https:\/\/www.nordestsanita.it\/?p=1765#breadcrumb\",\"itemListElement\":[{\"@type\":\"ListItem\",\"position\":1,\"name\":\"Home\",\"item\":\"https:\/\/www.nordestsanita.it\/\"},{\"@type\":\"ListItem\",\"position\":2,\"name\":\"Epatiti, oggi si celebra la giornata mondiale\"}]},{\"@type\":\"WebSite\",\"@id\":\"https:\/\/www.nordestsanita.it\/#website\",\"url\":\"https:\/\/www.nordestsanita.it\/\",\"name\":\"NES\",\"description\":\"Nord Est Sanit\u00e0\",\"publisher\":{\"@id\":\"https:\/\/www.nordestsanita.it\/#organization\"},\"potentialAction\":[{\"@type\":\"SearchAction\",\"target\":{\"@type\":\"EntryPoint\",\"urlTemplate\":\"https:\/\/www.nordestsanita.it\/?s={search_term_string}\"},\"query-input\":\"required name=search_term_string\"}],\"inLanguage\":\"it-IT\"},{\"@type\":\"Organization\",\"@id\":\"https:\/\/www.nordestsanita.it\/#organization\",\"name\":\"NES\",\"url\":\"https:\/\/www.nordestsanita.it\/\",\"logo\":{\"@type\":\"ImageObject\",\"inLanguage\":\"it-IT\",\"@id\":\"https:\/\/www.nordestsanita.it\/#\/schema\/logo\/image\/\",\"url\":\"https:\/\/www.nordestsanita.it\/wp-content\/uploads\/2021\/05\/NES-1280.png\",\"contentUrl\":\"https:\/\/www.nordestsanita.it\/wp-content\/uploads\/2021\/05\/NES-1280.png\",\"width\":1280,\"height\":458,\"caption\":\"NES\"},\"image\":{\"@id\":\"https:\/\/www.nordestsanita.it\/#\/schema\/logo\/image\/\"}},{\"@type\":\"Person\",\"@id\":\"https:\/\/www.nordestsanita.it\/#\/schema\/person\/e5a7dc6dca45cb55e67d4a127b0e969a\",\"name\":\"Redazione\",\"image\":{\"@type\":\"ImageObject\",\"inLanguage\":\"it-IT\",\"@id\":\"https:\/\/www.nordestsanita.it\/#\/schema\/person\/image\/\",\"url\":\"https:\/\/secure.gravatar.com\/avatar\/3f19a9b3d671ea36ec67c4badf3f961a?s=96&d=mm&r=g\",\"contentUrl\":\"https:\/\/secure.gravatar.com\/avatar\/3f19a9b3d671ea36ec67c4badf3f961a?s=96&d=mm&r=g\",\"caption\":\"Redazione\"},\"url\":\"https:\/\/www.nordestsanita.it\/?author=8\"}]}<\/script>\n<!-- \/ Yoast SEO plugin. -->","yoast_head_json":{"title":"Epatiti, oggi si celebra la giornata mondiale - NES","description":"L\u2019appello della comunit\u00e0 scientifica: urgente rinnovare i fondi per gli screening dell\u2019HCV e ampliare le coorti di pazienti agli over 55.","robots":{"index":"index","follow":"follow","max-snippet":"max-snippet:-1","max-image-preview":"max-image-preview:large","max-video-preview":"max-video-preview:-1"},"canonical":"https:\/\/www.nordestsanita.it\/?p=1765","og_locale":"it_IT","og_type":"article","og_title":"Epatiti, oggi si celebra la giornata mondiale - NES","og_description":"L\u2019appello della comunit\u00e0 scientifica: urgente rinnovare i fondi per gli screening dell\u2019HCV e ampliare le coorti di pazienti agli over 55.","og_url":"https:\/\/www.nordestsanita.it\/?p=1765","og_site_name":"NES","article_published_time":"2023-07-28T14:38:56+00:00","article_modified_time":"2023-07-28T14:39:21+00:00","og_image":[{"width":1125,"height":750,"url":"https:\/\/www.nordestsanita.it\/wp-content\/uploads\/2023\/07\/Vincenza-Calvaruso.jpg","type":"image\/jpeg"}],"author":"Redazione","twitter_card":"summary_large_image","twitter_misc":{"Scritto da":"Redazione","Tempo di lettura stimato":"5 minuti"},"schema":{"@context":"https:\/\/schema.org","@graph":[{"@type":"Article","@id":"https:\/\/www.nordestsanita.it\/?p=1765#article","isPartOf":{"@id":"https:\/\/www.nordestsanita.it\/?p=1765"},"author":{"name":"Redazione","@id":"https:\/\/www.nordestsanita.it\/#\/schema\/person\/e5a7dc6dca45cb55e67d4a127b0e969a"},"headline":"Epatiti, oggi si celebra la giornata mondiale","datePublished":"2023-07-28T14:38:56+00:00","dateModified":"2023-07-28T14:39:21+00:00","mainEntityOfPage":{"@id":"https:\/\/www.nordestsanita.it\/?p=1765"},"wordCount":882,"publisher":{"@id":"https:\/\/www.nordestsanita.it\/#organization"},"keywords":["epatite"],"articleSection":["Attualit\u00e0"],"inLanguage":"it-IT"},{"@type":"WebPage","@id":"https:\/\/www.nordestsanita.it\/?p=1765","url":"https:\/\/www.nordestsanita.it\/?p=1765","name":"Epatiti, oggi si celebra la giornata mondiale - NES","isPartOf":{"@id":"https:\/\/www.nordestsanita.it\/#website"},"datePublished":"2023-07-28T14:38:56+00:00","dateModified":"2023-07-28T14:39:21+00:00","description":"L\u2019appello della comunit\u00e0 scientifica: urgente rinnovare i fondi per gli screening dell\u2019HCV e ampliare le coorti di pazienti agli over 55.","breadcrumb":{"@id":"https:\/\/www.nordestsanita.it\/?p=1765#breadcrumb"},"inLanguage":"it-IT","potentialAction":[{"@type":"ReadAction","target":["https:\/\/www.nordestsanita.it\/?p=1765"]}]},{"@type":"BreadcrumbList","@id":"https:\/\/www.nordestsanita.it\/?p=1765#breadcrumb","itemListElement":[{"@type":"ListItem","position":1,"name":"Home","item":"https:\/\/www.nordestsanita.it\/"},{"@type":"ListItem","position":2,"name":"Epatiti, oggi si celebra la giornata mondiale"}]},{"@type":"WebSite","@id":"https:\/\/www.nordestsanita.it\/#website","url":"https:\/\/www.nordestsanita.it\/","name":"NES","description":"Nord Est Sanit\u00e0","publisher":{"@id":"https:\/\/www.nordestsanita.it\/#organization"},"potentialAction":[{"@type":"SearchAction","target":{"@type":"EntryPoint","urlTemplate":"https:\/\/www.nordestsanita.it\/?s={search_term_string}"},"query-input":"required name=search_term_string"}],"inLanguage":"it-IT"},{"@type":"Organization","@id":"https:\/\/www.nordestsanita.it\/#organization","name":"NES","url":"https:\/\/www.nordestsanita.it\/","logo":{"@type":"ImageObject","inLanguage":"it-IT","@id":"https:\/\/www.nordestsanita.it\/#\/schema\/logo\/image\/","url":"https:\/\/www.nordestsanita.it\/wp-content\/uploads\/2021\/05\/NES-1280.png","contentUrl":"https:\/\/www.nordestsanita.it\/wp-content\/uploads\/2021\/05\/NES-1280.png","width":1280,"height":458,"caption":"NES"},"image":{"@id":"https:\/\/www.nordestsanita.it\/#\/schema\/logo\/image\/"}},{"@type":"Person","@id":"https:\/\/www.nordestsanita.it\/#\/schema\/person\/e5a7dc6dca45cb55e67d4a127b0e969a","name":"Redazione","image":{"@type":"ImageObject","inLanguage":"it-IT","@id":"https:\/\/www.nordestsanita.it\/#\/schema\/person\/image\/","url":"https:\/\/secure.gravatar.com\/avatar\/3f19a9b3d671ea36ec67c4badf3f961a?s=96&d=mm&r=g","contentUrl":"https:\/\/secure.gravatar.com\/avatar\/3f19a9b3d671ea36ec67c4badf3f961a?s=96&d=mm&r=g","caption":"Redazione"},"url":"https:\/\/www.nordestsanita.it\/?author=8"}]}},"jetpack_featured_media_url":"https:\/\/www.nordestsanita.it\/wp-content\/uploads\/2023\/07\/Vincenza-Calvaruso.jpg","_links":{"self":[{"href":"https:\/\/www.nordestsanita.it\/index.php?rest_route=\/wp\/v2\/posts\/1765"}],"collection":[{"href":"https:\/\/www.nordestsanita.it\/index.php?rest_route=\/wp\/v2\/posts"}],"about":[{"href":"https:\/\/www.nordestsanita.it\/index.php?rest_route=\/wp\/v2\/types\/post"}],"author":[{"embeddable":true,"href":"https:\/\/www.nordestsanita.it\/index.php?rest_route=\/wp\/v2\/users\/8"}],"replies":[{"embeddable":true,"href":"https:\/\/www.nordestsanita.it\/index.php?rest_route=%2Fwp%2Fv2%2Fcomments&post=1765"}],"version-history":[{"count":1,"href":"https:\/\/www.nordestsanita.it\/index.php?rest_route=\/wp\/v2\/posts\/1765\/revisions"}],"predecessor-version":[{"id":1767,"href":"https:\/\/www.nordestsanita.it\/index.php?rest_route=\/wp\/v2\/posts\/1765\/revisions\/1767"}],"wp:featuredmedia":[{"embeddable":true,"href":"https:\/\/www.nordestsanita.it\/index.php?rest_route=\/wp\/v2\/media\/1766"}],"wp:attachment":[{"href":"https:\/\/www.nordestsanita.it\/index.php?rest_route=%2Fwp%2Fv2%2Fmedia&parent=1765"}],"wp:term":[{"taxonomy":"category","embeddable":true,"href":"https:\/\/www.nordestsanita.it\/index.php?rest_route=%2Fwp%2Fv2%2Fcategories&post=1765"},{"taxonomy":"post_tag","embeddable":true,"href":"https:\/\/www.nordestsanita.it\/index.php?rest_route=%2Fwp%2Fv2%2Ftags&post=1765"}],"curies":[{"name":"wp","href":"https:\/\/api.w.org\/{rel}","templated":true}]}}