{"id":1776,"date":"2023-08-22T15:09:55","date_gmt":"2023-08-22T13:09:55","guid":{"rendered":"https:\/\/www.nordestsanita.it\/?p=1776"},"modified":"2023-08-22T15:17:34","modified_gmt":"2023-08-22T13:17:34","slug":"covid-e-influenza-definita-la-campagna-vaccinale-autunnale","status":"publish","type":"post","link":"https:\/\/www.nordestsanita.it\/?p=1776","title":{"rendered":"Covid-19, definita la campagna vaccinale autunnale"},"content":{"rendered":"\n<p>La Direzione Generale della Prevenzione Sanitaria del Ministero della Salute ha varato le indicazioni preliminari per la campagna di vaccinazione autunnale e invernale contro il Covid-19. Un impegno volto a proteggere soprattutto i soggetti fragili, che possono essere ancora esposti agli effetti pi\u00f9 gravi del SARS-CoV-2. Gli infettivologi della Societ\u00e0 Italiana di Malattie Infettive esprimono soddisfazione per questo provvedimento, che riprende una serie di indicazioni stilate dalla stessa SIMIT insieme alla Societ\u00e0 Italiana di Igiene, Medicina Preventiva e Sanit\u00e0 Pubblica &#8211; SItI lo scorso luglio su questo tema.<\/p>\n\n\n\n<!--more-->\n\n\n\n<p>Nella circolare ministeriale del 14 agosto si afferma che \u00e8 previsto l\u2019avvio di una campagna nazionale di vaccinazione anti COVID-19 con l\u2019utilizzo di una nuova formulazione di vaccini a mRNA e proteici (formulazione aggiornata monovalente XBB 1.5), la cui approvazione da parte di EMA e AIFA \u00e8 prevista per fine estate\/inizio autunno e di cui si prevede la disponibilit\u00e0 di dosi a partire dal mese di ottobre. L\u2019obiettivo di questa campagna nazionale \u00e8 quello di prevenire la mortalit\u00e0, le ospedalizzazioni e le forme gravi di COVID-19 nelle persone anziane e con elevata fragilit\u00e0, e proteggere le donne in gravidanza e gli operatori sanitari. A questi gruppi di persone e in generale ai soggetti pi\u00f9 fragili (che include anche, tra gli altri, operatori sanitari, malati cronici, pazienti immunodepressi) \u00e8 raccomandata e offerta una dose di richiamo a valenza 12 mesi con la nuova formulazione di vaccino aggiornato. La vaccinazione \u00e8 consigliata anche a familiari e conviventi di persone con gravi fragilit\u00e0. Relativamente alle tempistiche di somministrazione, si prevede la possibilit\u00e0 di somministrazione della dose di richiamo a distanza di almeno 3 mesi dall&#8217;ultima dose o dalla diagnosi di infezione da SARS-CoV-2. Eccetto alcuni casi, sar\u00e0 possibile anche la co-somministrazione dei nuovi vaccini aggiornati con altri vaccini (come quello antinfluenzale).<\/p>\n\n\n\n<p>Lo scorso luglio, la Societ\u00e0 Italiana d\u2019Igiene, Medicina Preventiva e Sanit\u00e0 Pubblica (SItI) e la Societ\u00e0 Italiana di Malattie Infettive e Tropicali (SIMIT) avevano formulato delle indicazioni per le istituzioni, raccomandando una nuova dose di vaccino contro il Covid-19 nel periodo autunnale, ogni 12 mesi, con particolare attenzione ai soggetti pi\u00f9 fragili. Una serie di istanze che risultano in ampia parte accolte nel documento ministeriale.<\/p>\n\n\n\n<p>\u201c<em>La SIMIT accoglie con soddisfazione le indicazioni date dalla Direzione Generale per la Prevenzione del Ministero della Salute<\/em> \u2013 sottolinea il Prof. <strong>Massimo Andreoni<\/strong>, Direttore Scientifico SIMIT \u2013 <em>Le indicazioni ministeriali raccolgono nella maggior parte quelle rilevate nel documento congiunto realizzato dalla Societ\u00e0 Italiana di Malattie Infettive e Tropicali e dalla Societ\u00e0 Italiana di Igiene, Medicina Preventiva e Sanit\u00e0 Pubblica. L\u2019attuale stato epidemiologico internazionale mostra la circolazione di nuove varianti di Omicron che stanno determinando un aumento dei casi in diversi Paesi, che richiede pertanto la massima attenzione per valutare l\u2019andamento futuro. In Italia si sta verificando un incremento del numero dei casi e persistono circa dieci decessi ogni giorno, cifra tutt\u2019altro che trascurabile. Ci troviamo pertanto di fronte a una situazione epidemiologica complessa, in quanto i soggetti ultrasessantenni hanno un\u2019immunit\u00e0 ridotta dovuta al fatto che hanno eseguito l\u2019ultimo richiamo vaccinale pi\u00f9 di sei mesi fa. \u00c8 auspicabile che la vaccinazione autunnale venga fatta con i diversi vaccini oggi disponibili, sia quelli a mRna che quelli proteici adiuvati<\/em>\u201d.<\/p>\n","protected":false},"excerpt":{"rendered":"<p>Il Ministero della Salute ha varato le indicazioni preliminari per la campagna di vaccinazione autunnale e invernale contro il Covid-19.<\/p>\n","protected":false},"author":8,"featured_media":1221,"comment_status":"closed","ping_status":"open","sticky":false,"template":"","format":"standard","meta":[],"categories":[25],"tags":[39,96,68],"yoast_head":"<!-- This site is optimized with the Yoast SEO plugin v20.2 - https:\/\/yoast.com\/wordpress\/plugins\/seo\/ -->\n<title>Covid-19, definita la campagna vaccinale autunnale - NES<\/title>\n<meta name=\"description\" content=\"Il Ministero della Salute ha varato le indicazioni preliminari per la campagna di vaccinazione autunnale e invernale contro il Covid-19.\" \/>\n<meta name=\"robots\" content=\"index, follow, max-snippet:-1, max-image-preview:large, max-video-preview:-1\" \/>\n<link rel=\"canonical\" href=\"https:\/\/www.nordestsanita.it\/?p=1776\" \/>\n<meta property=\"og:locale\" content=\"it_IT\" \/>\n<meta property=\"og:type\" content=\"article\" \/>\n<meta property=\"og:title\" content=\"Covid-19, definita la campagna vaccinale autunnale - NES\" \/>\n<meta property=\"og:description\" content=\"Il Ministero della Salute ha varato le indicazioni preliminari per la campagna di vaccinazione autunnale e invernale contro il Covid-19.\" \/>\n<meta property=\"og:url\" content=\"https:\/\/www.nordestsanita.it\/?p=1776\" \/>\n<meta property=\"og:site_name\" content=\"NES\" \/>\n<meta property=\"article:published_time\" content=\"2023-08-22T13:09:55+00:00\" \/>\n<meta property=\"article:modified_time\" content=\"2023-08-22T13:17:34+00:00\" \/>\n<meta property=\"og:image\" content=\"https:\/\/www.nordestsanita.it\/wp-content\/uploads\/2022\/01\/vaccino-covid.jpg\" \/>\n\t<meta property=\"og:image:width\" content=\"640\" \/>\n\t<meta property=\"og:image:height\" content=\"360\" \/>\n\t<meta property=\"og:image:type\" content=\"image\/jpeg\" \/>\n<meta name=\"author\" content=\"Redazione\" \/>\n<meta name=\"twitter:card\" content=\"summary_large_image\" \/>\n<meta name=\"twitter:label1\" content=\"Scritto da\" \/>\n\t<meta name=\"twitter:data1\" content=\"Redazione\" \/>\n\t<meta name=\"twitter:label2\" content=\"Tempo di lettura stimato\" \/>\n\t<meta name=\"twitter:data2\" content=\"3 minuti\" \/>\n<script type=\"application\/ld+json\" class=\"yoast-schema-graph\">{\"@context\":\"https:\/\/schema.org\",\"@graph\":[{\"@type\":\"Article\",\"@id\":\"https:\/\/www.nordestsanita.it\/?p=1776#article\",\"isPartOf\":{\"@id\":\"https:\/\/www.nordestsanita.it\/?p=1776\"},\"author\":{\"name\":\"Redazione\",\"@id\":\"https:\/\/www.nordestsanita.it\/#\/schema\/person\/e5a7dc6dca45cb55e67d4a127b0e969a\"},\"headline\":\"Covid-19, definita la campagna vaccinale autunnale\",\"datePublished\":\"2023-08-22T13:09:55+00:00\",\"dateModified\":\"2023-08-22T13:17:34+00:00\",\"mainEntityOfPage\":{\"@id\":\"https:\/\/www.nordestsanita.it\/?p=1776\"},\"wordCount\":532,\"publisher\":{\"@id\":\"https:\/\/www.nordestsanita.it\/#organization\"},\"keywords\":[\"Covid-19\",\"influenza\",\"vaccino\"],\"articleSection\":[\"Sanit\u00e0\"],\"inLanguage\":\"it-IT\"},{\"@type\":\"WebPage\",\"@id\":\"https:\/\/www.nordestsanita.it\/?p=1776\",\"url\":\"https:\/\/www.nordestsanita.it\/?p=1776\",\"name\":\"Covid-19, definita la campagna vaccinale autunnale - NES\",\"isPartOf\":{\"@id\":\"https:\/\/www.nordestsanita.it\/#website\"},\"datePublished\":\"2023-08-22T13:09:55+00:00\",\"dateModified\":\"2023-08-22T13:17:34+00:00\",\"description\":\"Il Ministero della Salute ha varato le indicazioni preliminari per la campagna di vaccinazione autunnale e invernale contro il Covid-19.\",\"breadcrumb\":{\"@id\":\"https:\/\/www.nordestsanita.it\/?p=1776#breadcrumb\"},\"inLanguage\":\"it-IT\",\"potentialAction\":[{\"@type\":\"ReadAction\",\"target\":[\"https:\/\/www.nordestsanita.it\/?p=1776\"]}]},{\"@type\":\"BreadcrumbList\",\"@id\":\"https:\/\/www.nordestsanita.it\/?p=1776#breadcrumb\",\"itemListElement\":[{\"@type\":\"ListItem\",\"position\":1,\"name\":\"Home\",\"item\":\"https:\/\/www.nordestsanita.it\/\"},{\"@type\":\"ListItem\",\"position\":2,\"name\":\"Covid-19, definita la campagna vaccinale autunnale\"}]},{\"@type\":\"WebSite\",\"@id\":\"https:\/\/www.nordestsanita.it\/#website\",\"url\":\"https:\/\/www.nordestsanita.it\/\",\"name\":\"NES\",\"description\":\"Nord Est Sanit\u00e0\",\"publisher\":{\"@id\":\"https:\/\/www.nordestsanita.it\/#organization\"},\"potentialAction\":[{\"@type\":\"SearchAction\",\"target\":{\"@type\":\"EntryPoint\",\"urlTemplate\":\"https:\/\/www.nordestsanita.it\/?s={search_term_string}\"},\"query-input\":\"required name=search_term_string\"}],\"inLanguage\":\"it-IT\"},{\"@type\":\"Organization\",\"@id\":\"https:\/\/www.nordestsanita.it\/#organization\",\"name\":\"NES\",\"url\":\"https:\/\/www.nordestsanita.it\/\",\"logo\":{\"@type\":\"ImageObject\",\"inLanguage\":\"it-IT\",\"@id\":\"https:\/\/www.nordestsanita.it\/#\/schema\/logo\/image\/\",\"url\":\"https:\/\/www.nordestsanita.it\/wp-content\/uploads\/2021\/05\/NES-1280.png\",\"contentUrl\":\"https:\/\/www.nordestsanita.it\/wp-content\/uploads\/2021\/05\/NES-1280.png\",\"width\":1280,\"height\":458,\"caption\":\"NES\"},\"image\":{\"@id\":\"https:\/\/www.nordestsanita.it\/#\/schema\/logo\/image\/\"}},{\"@type\":\"Person\",\"@id\":\"https:\/\/www.nordestsanita.it\/#\/schema\/person\/e5a7dc6dca45cb55e67d4a127b0e969a\",\"name\":\"Redazione\",\"image\":{\"@type\":\"ImageObject\",\"inLanguage\":\"it-IT\",\"@id\":\"https:\/\/www.nordestsanita.it\/#\/schema\/person\/image\/\",\"url\":\"https:\/\/secure.gravatar.com\/avatar\/3f19a9b3d671ea36ec67c4badf3f961a?s=96&d=mm&r=g\",\"contentUrl\":\"https:\/\/secure.gravatar.com\/avatar\/3f19a9b3d671ea36ec67c4badf3f961a?s=96&d=mm&r=g\",\"caption\":\"Redazione\"},\"url\":\"https:\/\/www.nordestsanita.it\/?author=8\"}]}<\/script>\n<!-- \/ Yoast SEO plugin. -->","yoast_head_json":{"title":"Covid-19, definita la campagna vaccinale autunnale - NES","description":"Il Ministero della Salute ha varato le indicazioni preliminari per la campagna di vaccinazione autunnale e invernale contro il Covid-19.","robots":{"index":"index","follow":"follow","max-snippet":"max-snippet:-1","max-image-preview":"max-image-preview:large","max-video-preview":"max-video-preview:-1"},"canonical":"https:\/\/www.nordestsanita.it\/?p=1776","og_locale":"it_IT","og_type":"article","og_title":"Covid-19, definita la campagna vaccinale autunnale - NES","og_description":"Il Ministero della Salute ha varato le indicazioni preliminari per la campagna di vaccinazione autunnale e invernale contro il Covid-19.","og_url":"https:\/\/www.nordestsanita.it\/?p=1776","og_site_name":"NES","article_published_time":"2023-08-22T13:09:55+00:00","article_modified_time":"2023-08-22T13:17:34+00:00","og_image":[{"width":640,"height":360,"url":"https:\/\/www.nordestsanita.it\/wp-content\/uploads\/2022\/01\/vaccino-covid.jpg","type":"image\/jpeg"}],"author":"Redazione","twitter_card":"summary_large_image","twitter_misc":{"Scritto da":"Redazione","Tempo di lettura stimato":"3 minuti"},"schema":{"@context":"https:\/\/schema.org","@graph":[{"@type":"Article","@id":"https:\/\/www.nordestsanita.it\/?p=1776#article","isPartOf":{"@id":"https:\/\/www.nordestsanita.it\/?p=1776"},"author":{"name":"Redazione","@id":"https:\/\/www.nordestsanita.it\/#\/schema\/person\/e5a7dc6dca45cb55e67d4a127b0e969a"},"headline":"Covid-19, definita la campagna vaccinale autunnale","datePublished":"2023-08-22T13:09:55+00:00","dateModified":"2023-08-22T13:17:34+00:00","mainEntityOfPage":{"@id":"https:\/\/www.nordestsanita.it\/?p=1776"},"wordCount":532,"publisher":{"@id":"https:\/\/www.nordestsanita.it\/#organization"},"keywords":["Covid-19","influenza","vaccino"],"articleSection":["Sanit\u00e0"],"inLanguage":"it-IT"},{"@type":"WebPage","@id":"https:\/\/www.nordestsanita.it\/?p=1776","url":"https:\/\/www.nordestsanita.it\/?p=1776","name":"Covid-19, definita la campagna vaccinale autunnale - NES","isPartOf":{"@id":"https:\/\/www.nordestsanita.it\/#website"},"datePublished":"2023-08-22T13:09:55+00:00","dateModified":"2023-08-22T13:17:34+00:00","description":"Il Ministero della Salute ha varato le indicazioni preliminari per la campagna di vaccinazione autunnale e invernale contro il Covid-19.","breadcrumb":{"@id":"https:\/\/www.nordestsanita.it\/?p=1776#breadcrumb"},"inLanguage":"it-IT","potentialAction":[{"@type":"ReadAction","target":["https:\/\/www.nordestsanita.it\/?p=1776"]}]},{"@type":"BreadcrumbList","@id":"https:\/\/www.nordestsanita.it\/?p=1776#breadcrumb","itemListElement":[{"@type":"ListItem","position":1,"name":"Home","item":"https:\/\/www.nordestsanita.it\/"},{"@type":"ListItem","position":2,"name":"Covid-19, definita la campagna vaccinale autunnale"}]},{"@type":"WebSite","@id":"https:\/\/www.nordestsanita.it\/#website","url":"https:\/\/www.nordestsanita.it\/","name":"NES","description":"Nord Est Sanit\u00e0","publisher":{"@id":"https:\/\/www.nordestsanita.it\/#organization"},"potentialAction":[{"@type":"SearchAction","target":{"@type":"EntryPoint","urlTemplate":"https:\/\/www.nordestsanita.it\/?s={search_term_string}"},"query-input":"required name=search_term_string"}],"inLanguage":"it-IT"},{"@type":"Organization","@id":"https:\/\/www.nordestsanita.it\/#organization","name":"NES","url":"https:\/\/www.nordestsanita.it\/","logo":{"@type":"ImageObject","inLanguage":"it-IT","@id":"https:\/\/www.nordestsanita.it\/#\/schema\/logo\/image\/","url":"https:\/\/www.nordestsanita.it\/wp-content\/uploads\/2021\/05\/NES-1280.png","contentUrl":"https:\/\/www.nordestsanita.it\/wp-content\/uploads\/2021\/05\/NES-1280.png","width":1280,"height":458,"caption":"NES"},"image":{"@id":"https:\/\/www.nordestsanita.it\/#\/schema\/logo\/image\/"}},{"@type":"Person","@id":"https:\/\/www.nordestsanita.it\/#\/schema\/person\/e5a7dc6dca45cb55e67d4a127b0e969a","name":"Redazione","image":{"@type":"ImageObject","inLanguage":"it-IT","@id":"https:\/\/www.nordestsanita.it\/#\/schema\/person\/image\/","url":"https:\/\/secure.gravatar.com\/avatar\/3f19a9b3d671ea36ec67c4badf3f961a?s=96&d=mm&r=g","contentUrl":"https:\/\/secure.gravatar.com\/avatar\/3f19a9b3d671ea36ec67c4badf3f961a?s=96&d=mm&r=g","caption":"Redazione"},"url":"https:\/\/www.nordestsanita.it\/?author=8"}]}},"jetpack_featured_media_url":"https:\/\/www.nordestsanita.it\/wp-content\/uploads\/2022\/01\/vaccino-covid.jpg","_links":{"self":[{"href":"https:\/\/www.nordestsanita.it\/index.php?rest_route=\/wp\/v2\/posts\/1776"}],"collection":[{"href":"https:\/\/www.nordestsanita.it\/index.php?rest_route=\/wp\/v2\/posts"}],"about":[{"href":"https:\/\/www.nordestsanita.it\/index.php?rest_route=\/wp\/v2\/types\/post"}],"author":[{"embeddable":true,"href":"https:\/\/www.nordestsanita.it\/index.php?rest_route=\/wp\/v2\/users\/8"}],"replies":[{"embeddable":true,"href":"https:\/\/www.nordestsanita.it\/index.php?rest_route=%2Fwp%2Fv2%2Fcomments&post=1776"}],"version-history":[{"count":2,"href":"https:\/\/www.nordestsanita.it\/index.php?rest_route=\/wp\/v2\/posts\/1776\/revisions"}],"predecessor-version":[{"id":1778,"href":"https:\/\/www.nordestsanita.it\/index.php?rest_route=\/wp\/v2\/posts\/1776\/revisions\/1778"}],"wp:featuredmedia":[{"embeddable":true,"href":"https:\/\/www.nordestsanita.it\/index.php?rest_route=\/wp\/v2\/media\/1221"}],"wp:attachment":[{"href":"https:\/\/www.nordestsanita.it\/index.php?rest_route=%2Fwp%2Fv2%2Fmedia&parent=1776"}],"wp:term":[{"taxonomy":"category","embeddable":true,"href":"https:\/\/www.nordestsanita.it\/index.php?rest_route=%2Fwp%2Fv2%2Fcategories&post=1776"},{"taxonomy":"post_tag","embeddable":true,"href":"https:\/\/www.nordestsanita.it\/index.php?rest_route=%2Fwp%2Fv2%2Ftags&post=1776"}],"curies":[{"name":"wp","href":"https:\/\/api.w.org\/{rel}","templated":true}]}}