{"id":1789,"date":"2023-09-13T15:11:53","date_gmt":"2023-09-13T13:11:53","guid":{"rendered":"https:\/\/www.nordestsanita.it\/?p=1789"},"modified":"2023-09-13T15:14:27","modified_gmt":"2023-09-13T13:14:27","slug":"disabilita-a-padova-il-23-settembre-arriva-la-scarrozzata","status":"publish","type":"post","link":"https:\/\/www.nordestsanita.it\/?p=1789","title":{"rendered":"Disabilit\u00e0, a Padova il 23 settembre arriva la \u201cScarrozzata\u201d"},"content":{"rendered":"\n<p>L\u2019associazione MIL \u2013 Muoversi in Libert\u00e0 lancia la sfida per una <strong>\u201cscarrozzata\u201d per le vie della citt\u00e0 di Padova<\/strong>, aperta a tutta la cittadinanza, gratuita e senza l\u2019obbligo di prenotazione,<strong> che ha lo scopo di sensibilizzazione all\u2019inclusione e di far toccare con mano la diversit\u00e0<\/strong>. L\u2019iniziativa si terr\u00e0 il 23 settembre 2023, in occasione della Giornata Mondiale del Turismo, che si celebra il prossimo 27 settembre.<\/p>\n\n\n\n<!--more-->\n\n\n\n<p>\u201cLa nostra \u2013 spiega la <strong>presidente di MIL Claudia Frizzarin<\/strong> \u2013 \u00e8 una citt\u00e0 ad alta vocazione turistica, anche se di frequente si mostra non sufficientemente accessibile da poter accogliere anche i turisti con disabilit\u00e0, sia essa motoria, sensoriale o cognitivo relazionale. Per questo, insieme alla rete di realt\u00e0 del territorio che hanno voluto aderire all\u2019iniziativa, abbiamo scelto di organizzare l\u2019evento proprio a ridosso della giornata che celebra il turismo a livello mondiale\u201d.<\/p>\n\n\n\n<p>Intorno all\u2019evento si \u00e8 ben presto creato un ampio coinvolgimento che vede accanto a Muoversi in Libert\u00e0 una \u201crete\u201d di protagonisti, tra cui <strong>Ci Siamo Anche Noi ODV<\/strong>, associazione di Padova che si occupa di persone con disabilit\u00e0 fisiche, psichiche e relazionali, <strong>Cooperativa Sociale Il Portico<\/strong>, impegnata in attivit\u00e0 con persone con disabilit\u00e0 intellettive &#8211; cognitive, <strong>UILDM di Padova<\/strong>, <strong>Associazione APIS Pazienti Incontinenti e Stomizzati<\/strong>, <strong>Associazione Paratetraplegici NordEst<\/strong>, <strong>Associazione Puppy Walker Onlus<\/strong>, <strong>Gruppo Empathie+<\/strong>, che si occupa di persone con autismo, <strong>Ruote Libere<\/strong>, travel blogger specializzate in turismo accessibile e <strong>Oltre il Muro APS<\/strong>.<\/p>\n\n\n\n<p>\u201cParlare di disabilit\u00e0 \u2013 sottolineano i promotori \u2013 non \u00e8 mai semplice, il nostro scopo \u00e8 quello di cercare di cambiare la visione della disabilit\u00e0, <strong>mettendo al centro la persona e non la diversit\u00e0<\/strong>. Ognuno di noi \u00e8 diverso dall\u2019altro, con questo progetto si auspica un cambio di prospettiva, che contribuisca a far vedere il mondo e la societ\u00e0 attraverso un punto di vista diverso\u201d.<\/p>\n\n\n\n<p>Questa passeggiata ha lo scopo di sensibilizzare e di far vivere in prima persona le difficolt\u00e0 che possono incontrare non solo i turisti ma anche le persone con disabilit\u00e0 nella loro quotidianit\u00e0. Per questo saranno <strong>messe a disposizione delle sedie a rotelle <\/strong>per sperimentare la \u201cvita a quattro ruote\u201d e l\u2019Associazione Puppy Walker, con la Scuola Guida per Cani di Selvazzano, offrir\u00e0 l\u2019opportunit\u00e0 di <strong>provare a compiere un percorso bendati, facendosi accompagnare dai cani guida<\/strong> debitamente addestrati e dai loro padroni.<\/p>\n\n\n\n<p>&#8220;Saremo presenti alla Scarrozzata del 23 settembre, \u2013 commenta <strong>Margherita Colonnello, assessora del Comune di Padova con delega al sociale<\/strong> \u2013 perch\u00e9 siamo certi che sar\u00e0 una giornata all&#8217;insegna dell&#8217;inclusione e della partecipazione. <strong>C&#8217;\u00e8 ancora molto da fare a Padova per trasformare in senso accessibile le nostre strutture<\/strong>. Il PEBA (Piano di Eliminazione delle Barriere Architettoniche) \u00e8 stato il primo vero passo in avanti, ora bisogna continuare in questa direzione. Ringraziamo le associazioni che organizzano la scarrozzata: <strong>\u00e8 proprio dall&#8217;attivismo e dal protagonismo delle persone con disabilit\u00e0 che possiamo cogliere le migliori idee per costruire una citt\u00e0 sempre pi\u00f9 giusta&nbsp;e&nbsp;inclusiva<\/strong>&#8220;. In rappresentanza dell&#8217;amministrazione comunale di Padova, oltre all&#8217;Assessora Colonnello, saranno presenti anche il vicesindaco Andrea Micalizzi e l&#8217;Assessore&nbsp;Antonio&nbsp;Bressa.<\/p>\n\n\n\n<p><strong>La scarrozzata partir\u00e0 sabato 23 settembre alle ore 10.00 (con ritrovo gi\u00e0 dalle ore 9.15) da Piazza Eremitani e si diriger\u00e0 poi verso Palazzo Moroni. A conclusione della passeggiata ci sar\u00e0 un momento di condivisione tra le associazioni partner della rete, i partecipanti e i cittadini attivi.<\/strong><\/p>\n","protected":false},"excerpt":{"rendered":"<p>La scarrozzata partir\u00e0 sabato 23 settembre alle 10 da Piazza Eremitani e si diriger\u00e0 poi verso Palazzo Moroni.<\/p>\n","protected":false},"author":8,"featured_media":1790,"comment_status":"closed","ping_status":"open","sticky":false,"template":"","format":"standard","meta":[],"categories":[28],"tags":[115,121,343],"yoast_head":"<!-- This site is optimized with the Yoast SEO plugin v20.2 - https:\/\/yoast.com\/wordpress\/plugins\/seo\/ -->\n<title>Disabilit\u00e0, a Padova il 23 settembre arriva la \u201cScarrozzata\u201d - NES<\/title>\n<meta name=\"description\" content=\"La scarrozzata partir\u00e0 sabato 23 settembre alle 10 da Piazza Eremitani e si diriger\u00e0 poi verso Palazzo Moroni.\" \/>\n<meta name=\"robots\" content=\"index, follow, max-snippet:-1, max-image-preview:large, max-video-preview:-1\" \/>\n<link rel=\"canonical\" href=\"https:\/\/www.nordestsanita.it\/?p=1789\" \/>\n<meta property=\"og:locale\" content=\"it_IT\" \/>\n<meta property=\"og:type\" content=\"article\" \/>\n<meta property=\"og:title\" content=\"Disabilit\u00e0, a Padova il 23 settembre arriva la \u201cScarrozzata\u201d - NES\" \/>\n<meta property=\"og:description\" content=\"La scarrozzata partir\u00e0 sabato 23 settembre alle 10 da Piazza Eremitani e si diriger\u00e0 poi verso Palazzo Moroni.\" \/>\n<meta property=\"og:url\" content=\"https:\/\/www.nordestsanita.it\/?p=1789\" \/>\n<meta property=\"og:site_name\" content=\"NES\" \/>\n<meta property=\"article:published_time\" content=\"2023-09-13T13:11:53+00:00\" \/>\n<meta property=\"article:modified_time\" content=\"2023-09-13T13:14:27+00:00\" \/>\n<meta property=\"og:image\" content=\"https:\/\/www.nordestsanita.it\/wp-content\/uploads\/2023\/09\/LOCANDINA-FINALE-SCARROZZATA.jpeg\" \/>\n\t<meta property=\"og:image:width\" content=\"226\" \/>\n\t<meta property=\"og:image:height\" content=\"320\" \/>\n\t<meta property=\"og:image:type\" content=\"image\/jpeg\" \/>\n<meta name=\"author\" content=\"Redazione\" \/>\n<meta name=\"twitter:card\" content=\"summary_large_image\" \/>\n<meta name=\"twitter:label1\" content=\"Scritto da\" \/>\n\t<meta name=\"twitter:data1\" content=\"Redazione\" \/>\n\t<meta name=\"twitter:label2\" content=\"Tempo di lettura stimato\" \/>\n\t<meta name=\"twitter:data2\" content=\"3 minuti\" \/>\n<script type=\"application\/ld+json\" class=\"yoast-schema-graph\">{\"@context\":\"https:\/\/schema.org\",\"@graph\":[{\"@type\":\"Article\",\"@id\":\"https:\/\/www.nordestsanita.it\/?p=1789#article\",\"isPartOf\":{\"@id\":\"https:\/\/www.nordestsanita.it\/?p=1789\"},\"author\":{\"name\":\"Redazione\",\"@id\":\"https:\/\/www.nordestsanita.it\/#\/schema\/person\/e5a7dc6dca45cb55e67d4a127b0e969a\"},\"headline\":\"Disabilit\u00e0, a Padova il 23 settembre arriva la \u201cScarrozzata\u201d\",\"datePublished\":\"2023-09-13T13:11:53+00:00\",\"dateModified\":\"2023-09-13T13:14:27+00:00\",\"mainEntityOfPage\":{\"@id\":\"https:\/\/www.nordestsanita.it\/?p=1789\"},\"wordCount\":549,\"publisher\":{\"@id\":\"https:\/\/www.nordestsanita.it\/#organization\"},\"keywords\":[\"disabilit\u00e0\",\"padova\",\"turismo\"],\"articleSection\":[\"Sociale\"],\"inLanguage\":\"it-IT\"},{\"@type\":\"WebPage\",\"@id\":\"https:\/\/www.nordestsanita.it\/?p=1789\",\"url\":\"https:\/\/www.nordestsanita.it\/?p=1789\",\"name\":\"Disabilit\u00e0, a Padova il 23 settembre arriva la \u201cScarrozzata\u201d - NES\",\"isPartOf\":{\"@id\":\"https:\/\/www.nordestsanita.it\/#website\"},\"datePublished\":\"2023-09-13T13:11:53+00:00\",\"dateModified\":\"2023-09-13T13:14:27+00:00\",\"description\":\"La scarrozzata partir\u00e0 sabato 23 settembre alle 10 da Piazza Eremitani e si diriger\u00e0 poi verso Palazzo Moroni.\",\"breadcrumb\":{\"@id\":\"https:\/\/www.nordestsanita.it\/?p=1789#breadcrumb\"},\"inLanguage\":\"it-IT\",\"potentialAction\":[{\"@type\":\"ReadAction\",\"target\":[\"https:\/\/www.nordestsanita.it\/?p=1789\"]}]},{\"@type\":\"BreadcrumbList\",\"@id\":\"https:\/\/www.nordestsanita.it\/?p=1789#breadcrumb\",\"itemListElement\":[{\"@type\":\"ListItem\",\"position\":1,\"name\":\"Home\",\"item\":\"https:\/\/www.nordestsanita.it\/\"},{\"@type\":\"ListItem\",\"position\":2,\"name\":\"Disabilit\u00e0, a Padova il 23 settembre arriva la \u201cScarrozzata\u201d\"}]},{\"@type\":\"WebSite\",\"@id\":\"https:\/\/www.nordestsanita.it\/#website\",\"url\":\"https:\/\/www.nordestsanita.it\/\",\"name\":\"NES\",\"description\":\"Nord Est Sanit\u00e0\",\"publisher\":{\"@id\":\"https:\/\/www.nordestsanita.it\/#organization\"},\"potentialAction\":[{\"@type\":\"SearchAction\",\"target\":{\"@type\":\"EntryPoint\",\"urlTemplate\":\"https:\/\/www.nordestsanita.it\/?s={search_term_string}\"},\"query-input\":\"required name=search_term_string\"}],\"inLanguage\":\"it-IT\"},{\"@type\":\"Organization\",\"@id\":\"https:\/\/www.nordestsanita.it\/#organization\",\"name\":\"NES\",\"url\":\"https:\/\/www.nordestsanita.it\/\",\"logo\":{\"@type\":\"ImageObject\",\"inLanguage\":\"it-IT\",\"@id\":\"https:\/\/www.nordestsanita.it\/#\/schema\/logo\/image\/\",\"url\":\"https:\/\/www.nordestsanita.it\/wp-content\/uploads\/2021\/05\/NES-1280.png\",\"contentUrl\":\"https:\/\/www.nordestsanita.it\/wp-content\/uploads\/2021\/05\/NES-1280.png\",\"width\":1280,\"height\":458,\"caption\":\"NES\"},\"image\":{\"@id\":\"https:\/\/www.nordestsanita.it\/#\/schema\/logo\/image\/\"}},{\"@type\":\"Person\",\"@id\":\"https:\/\/www.nordestsanita.it\/#\/schema\/person\/e5a7dc6dca45cb55e67d4a127b0e969a\",\"name\":\"Redazione\",\"image\":{\"@type\":\"ImageObject\",\"inLanguage\":\"it-IT\",\"@id\":\"https:\/\/www.nordestsanita.it\/#\/schema\/person\/image\/\",\"url\":\"https:\/\/secure.gravatar.com\/avatar\/3f19a9b3d671ea36ec67c4badf3f961a?s=96&d=mm&r=g\",\"contentUrl\":\"https:\/\/secure.gravatar.com\/avatar\/3f19a9b3d671ea36ec67c4badf3f961a?s=96&d=mm&r=g\",\"caption\":\"Redazione\"},\"url\":\"https:\/\/www.nordestsanita.it\/?author=8\"}]}<\/script>\n<!-- \/ Yoast SEO plugin. -->","yoast_head_json":{"title":"Disabilit\u00e0, a Padova il 23 settembre arriva la \u201cScarrozzata\u201d - NES","description":"La scarrozzata partir\u00e0 sabato 23 settembre alle 10 da Piazza Eremitani e si diriger\u00e0 poi verso Palazzo Moroni.","robots":{"index":"index","follow":"follow","max-snippet":"max-snippet:-1","max-image-preview":"max-image-preview:large","max-video-preview":"max-video-preview:-1"},"canonical":"https:\/\/www.nordestsanita.it\/?p=1789","og_locale":"it_IT","og_type":"article","og_title":"Disabilit\u00e0, a Padova il 23 settembre arriva la \u201cScarrozzata\u201d - NES","og_description":"La scarrozzata partir\u00e0 sabato 23 settembre alle 10 da Piazza Eremitani e si diriger\u00e0 poi verso Palazzo Moroni.","og_url":"https:\/\/www.nordestsanita.it\/?p=1789","og_site_name":"NES","article_published_time":"2023-09-13T13:11:53+00:00","article_modified_time":"2023-09-13T13:14:27+00:00","og_image":[{"width":226,"height":320,"url":"https:\/\/www.nordestsanita.it\/wp-content\/uploads\/2023\/09\/LOCANDINA-FINALE-SCARROZZATA.jpeg","type":"image\/jpeg"}],"author":"Redazione","twitter_card":"summary_large_image","twitter_misc":{"Scritto da":"Redazione","Tempo di lettura stimato":"3 minuti"},"schema":{"@context":"https:\/\/schema.org","@graph":[{"@type":"Article","@id":"https:\/\/www.nordestsanita.it\/?p=1789#article","isPartOf":{"@id":"https:\/\/www.nordestsanita.it\/?p=1789"},"author":{"name":"Redazione","@id":"https:\/\/www.nordestsanita.it\/#\/schema\/person\/e5a7dc6dca45cb55e67d4a127b0e969a"},"headline":"Disabilit\u00e0, a Padova il 23 settembre arriva la \u201cScarrozzata\u201d","datePublished":"2023-09-13T13:11:53+00:00","dateModified":"2023-09-13T13:14:27+00:00","mainEntityOfPage":{"@id":"https:\/\/www.nordestsanita.it\/?p=1789"},"wordCount":549,"publisher":{"@id":"https:\/\/www.nordestsanita.it\/#organization"},"keywords":["disabilit\u00e0","padova","turismo"],"articleSection":["Sociale"],"inLanguage":"it-IT"},{"@type":"WebPage","@id":"https:\/\/www.nordestsanita.it\/?p=1789","url":"https:\/\/www.nordestsanita.it\/?p=1789","name":"Disabilit\u00e0, a Padova il 23 settembre arriva la \u201cScarrozzata\u201d - NES","isPartOf":{"@id":"https:\/\/www.nordestsanita.it\/#website"},"datePublished":"2023-09-13T13:11:53+00:00","dateModified":"2023-09-13T13:14:27+00:00","description":"La scarrozzata partir\u00e0 sabato 23 settembre alle 10 da Piazza Eremitani e si diriger\u00e0 poi verso Palazzo Moroni.","breadcrumb":{"@id":"https:\/\/www.nordestsanita.it\/?p=1789#breadcrumb"},"inLanguage":"it-IT","potentialAction":[{"@type":"ReadAction","target":["https:\/\/www.nordestsanita.it\/?p=1789"]}]},{"@type":"BreadcrumbList","@id":"https:\/\/www.nordestsanita.it\/?p=1789#breadcrumb","itemListElement":[{"@type":"ListItem","position":1,"name":"Home","item":"https:\/\/www.nordestsanita.it\/"},{"@type":"ListItem","position":2,"name":"Disabilit\u00e0, a Padova il 23 settembre arriva la \u201cScarrozzata\u201d"}]},{"@type":"WebSite","@id":"https:\/\/www.nordestsanita.it\/#website","url":"https:\/\/www.nordestsanita.it\/","name":"NES","description":"Nord Est Sanit\u00e0","publisher":{"@id":"https:\/\/www.nordestsanita.it\/#organization"},"potentialAction":[{"@type":"SearchAction","target":{"@type":"EntryPoint","urlTemplate":"https:\/\/www.nordestsanita.it\/?s={search_term_string}"},"query-input":"required name=search_term_string"}],"inLanguage":"it-IT"},{"@type":"Organization","@id":"https:\/\/www.nordestsanita.it\/#organization","name":"NES","url":"https:\/\/www.nordestsanita.it\/","logo":{"@type":"ImageObject","inLanguage":"it-IT","@id":"https:\/\/www.nordestsanita.it\/#\/schema\/logo\/image\/","url":"https:\/\/www.nordestsanita.it\/wp-content\/uploads\/2021\/05\/NES-1280.png","contentUrl":"https:\/\/www.nordestsanita.it\/wp-content\/uploads\/2021\/05\/NES-1280.png","width":1280,"height":458,"caption":"NES"},"image":{"@id":"https:\/\/www.nordestsanita.it\/#\/schema\/logo\/image\/"}},{"@type":"Person","@id":"https:\/\/www.nordestsanita.it\/#\/schema\/person\/e5a7dc6dca45cb55e67d4a127b0e969a","name":"Redazione","image":{"@type":"ImageObject","inLanguage":"it-IT","@id":"https:\/\/www.nordestsanita.it\/#\/schema\/person\/image\/","url":"https:\/\/secure.gravatar.com\/avatar\/3f19a9b3d671ea36ec67c4badf3f961a?s=96&d=mm&r=g","contentUrl":"https:\/\/secure.gravatar.com\/avatar\/3f19a9b3d671ea36ec67c4badf3f961a?s=96&d=mm&r=g","caption":"Redazione"},"url":"https:\/\/www.nordestsanita.it\/?author=8"}]}},"jetpack_featured_media_url":"https:\/\/www.nordestsanita.it\/wp-content\/uploads\/2023\/09\/LOCANDINA-FINALE-SCARROZZATA.jpeg","_links":{"self":[{"href":"https:\/\/www.nordestsanita.it\/index.php?rest_route=\/wp\/v2\/posts\/1789"}],"collection":[{"href":"https:\/\/www.nordestsanita.it\/index.php?rest_route=\/wp\/v2\/posts"}],"about":[{"href":"https:\/\/www.nordestsanita.it\/index.php?rest_route=\/wp\/v2\/types\/post"}],"author":[{"embeddable":true,"href":"https:\/\/www.nordestsanita.it\/index.php?rest_route=\/wp\/v2\/users\/8"}],"replies":[{"embeddable":true,"href":"https:\/\/www.nordestsanita.it\/index.php?rest_route=%2Fwp%2Fv2%2Fcomments&post=1789"}],"version-history":[{"count":2,"href":"https:\/\/www.nordestsanita.it\/index.php?rest_route=\/wp\/v2\/posts\/1789\/revisions"}],"predecessor-version":[{"id":1792,"href":"https:\/\/www.nordestsanita.it\/index.php?rest_route=\/wp\/v2\/posts\/1789\/revisions\/1792"}],"wp:featuredmedia":[{"embeddable":true,"href":"https:\/\/www.nordestsanita.it\/index.php?rest_route=\/wp\/v2\/media\/1790"}],"wp:attachment":[{"href":"https:\/\/www.nordestsanita.it\/index.php?rest_route=%2Fwp%2Fv2%2Fmedia&parent=1789"}],"wp:term":[{"taxonomy":"category","embeddable":true,"href":"https:\/\/www.nordestsanita.it\/index.php?rest_route=%2Fwp%2Fv2%2Fcategories&post=1789"},{"taxonomy":"post_tag","embeddable":true,"href":"https:\/\/www.nordestsanita.it\/index.php?rest_route=%2Fwp%2Fv2%2Ftags&post=1789"}],"curies":[{"name":"wp","href":"https:\/\/api.w.org\/{rel}","templated":true}]}}