{"id":1795,"date":"2023-09-22T17:28:41","date_gmt":"2023-09-22T15:28:41","guid":{"rendered":"https:\/\/www.nordestsanita.it\/?p=1795"},"modified":"2023-09-22T17:28:50","modified_gmt":"2023-09-22T15:28:50","slug":"veneto-il-16-ottobre-al-via-la-campagna-vaccinale-anti-influenzale","status":"publish","type":"post","link":"https:\/\/www.nordestsanita.it\/?p=1795","title":{"rendered":"Veneto, il 16 ottobre al via la campagna vaccinale anti-influenzale"},"content":{"rendered":"\n<p>In Veneto, la campagna vaccinale (con adesione su base volontaria) contro l\u2019influenza stagionale, partir\u00e0 il 16 ottobre prossimo. Quella contro il Covid-19, tra inizio e fine ottobre, con gradualit\u00e0 in base alle dosi fornite dal Ministero della Salute, che ha previsto 700 mila dosi per il Veneto con consegna a scaglioni settimanali. Sono destituiti di ogni fondamento i timori per un qualsivoglia ritardo.<\/p>\n\n\n\n<!--more-->\n\n\n\n<p>Lo comunica la Direzione Prevenzione della Regione Veneto, che specifica che \u201cIl 16 ottobre partir\u00e0 la campagna vaccinale anti-influenzale e sar\u00e0 disponibile per tutti i Medici di Medicina Generale e le Farmacie aderenti. Particolare attenzione agli ospiti delle strutture assistenziali residenziali i quali saranno vaccinati nei giorni precedenti all\u2019avvio della campagna per tutta la popolazione. La Regione del Veneto ha acquistato 1 milione di dosi aumentando anche la disponibilit\u00e0 di dosi di vaccino spray nasale che pu\u00f2 essere utilizzato per i bambini dai 2 ai 6 anni.\u201d<\/p>\n\n\n\n<p>\u201cLa campagna vaccinale COVID-19 partir\u00e0 con gradualit\u00e0 in base alle dosi fornite dal Ministero della Salute che ha previsto un totale di 700.000 dosi per la Regione del Veneto secondo la consegna prevista a scaglioni settimanali. Di conseguenza, seguendo un criterio di protezione delle persone pi\u00f9 fragili, ad inizio ottobre coinvolger\u00e0 le RSA e gi\u00e0 a fine ottobre il vaccino sar\u00e0 reso disponibile per i Medici di Medicina Generale e le Farmacie aderenti al fine di proteggere le altre categorie di soggetti fragili e la popolazione generale. Il vaccino \u00e8 raccomandato per le persone con pi\u00f9 di 60 anni di et\u00e0 e per tutte le persone che presentano malattie croniche secondo quando indicato dal Ministero della Salute\u201d.<\/p>\n\n\n\n<p>\u201cLa vaccinazione antinfluenzale, inoltre \u2013 precisa la Direzione Prevenzione &#8211; potr\u00e0 essere somministrata in sicurezza assieme alla vaccinazione anti Covid\u201d.<\/p>\n\n\n\n<p>\u201cLa presenza di pi\u00f9 attori che offrono il vaccino sul territorio \u2013 fanno notare i tecnici regionali &#8211;&nbsp; si conferma come punto di forza di una complessa macchina organizzativa che prevede una pianificazione in costante dialogo tra Regione, Azienda Zero e Aziende Sanitarie. L\u2019organizzazione della campagna anti-influenzale da parte della Regione \u2013 puntualizzano &#8211; \u00e8 partita gi\u00e0 a giugno e le indicazioni operative per tutte le Aziende Sanitarie sono state inviate nei primi giorni di agosto, con l\u2019obiettivo di favorire l\u2019organizzazione e il coinvolgimento dei diversi attori della rete e di partire il prima possibile con l\u2019offerta di protezione.&nbsp; Tale organizzazione ha visto, inoltre, il 19 Luglio il coinvolgimento nella programmazione vaccinale dei rappresentanti dei Medici di Medicina Generale e dei Pediatri di Libera Scelta\u201d.<\/p>\n\n\n\n<p>LA VACCINAZIONE EFFICACE STRUMENTO DI PROTEZIONE<\/p>\n\n\n\n<p>#Vivobene: Io mi proteggo, Io mi vaccino<\/p>\n\n\n\n<p>La campagna vaccinale ha lo scopo di proteggere i soggetti pi\u00f9 fragili dalle complicanze, evitare che le persone debbano ricorrere alle cure urgenti in pronto soccorso, supportare la diagnosi con il COVID-19, dati i sintomi simili tra Covid-19 e influenza.<\/p>\n\n\n\n<p>La vaccinazione antinfluenzale, inoltre, potr\u00e0 essere somministrata in sicurezza assieme alla vaccinazione anti Covid.<\/p>\n\n\n\n<p>La vaccinazione \u00e8 uno strumento sicuro di protezione. Non occorre prendere nessun farmaco o integratore prima della somministrazione. Gli effetti collaterali pi\u00f9 frequenti sono qualche linea di febbre e un po&#8217; di dolore nel punto di iniezione.<\/p>\n\n\n\n<p>La vaccinazione contro l&#8217;influenza \u00e8 importante perch\u00e9 riduce il rischio di gravi complicanze, tra cui quelle a carico del cuore. Vaccinarsi, infatti, riduce di oltre un terzo il rischio di eventi cardiovascolari gravi soprattutto nei soggetti che gi\u00e0 soffrono di malattie cardiache (infarto, ictus, etc.). La vaccinazione risulta particolarmente utile infine nell\u2019evitare riacutizzazioni di malattia nei soggetti immunocompromessi, diabetici, asmatici o con broncopneumopatia cronica ostruttiva (BPCO).<\/p>\n\n\n\n<p>L\u2019Organizzazione Mondiale della Sanit\u00e0 (OMS) e il Piano Nazionale di Prevenzione vaccinale vigente riportano, tra gli obiettivi di copertura il 75% come obiettivo minimo perseguibile e il 95% come obiettivo ottimale per tutti i gruppi target.<\/p>\n\n\n\n<p>PER CHI E\u2019 GRATUITO E RACCOMANDATO IL VACCINO ANTINFLUENZALE<\/p>\n\n\n\n<p>Persone ad alto rischio di complicanze o ricoveri correlati all&#8217;influenza<br>Soggetti di et\u00e0 pari o superiore a 60 anni<br>Soggetti addetti a servizi pubblici di primario interesse collettivo e categorie di lavoratori<br>Personale che, per motivi di lavoro, \u00e8 a contatto con animali che potrebbero costituire fonte di infezione da virus influenzali non umani<br>Donatori di sangue<br>Bambini sani nella fascia di et\u00e0 6 mesi &#8211; 6 anni<br>Donne in gravidanza<\/p>\n","protected":false},"excerpt":{"rendered":"<p>In Veneto, la campagna vaccinale (con adesione su base volontaria) contro l\u2019influenza stagionale, partir\u00e0 il 16 ottobre prossimo.<\/p>\n","protected":false},"author":8,"featured_media":1468,"comment_status":"closed","ping_status":"open","sticky":false,"template":"","format":"standard","meta":[],"categories":[25],"tags":[92,71,68],"yoast_head":"<!-- This site is optimized with the Yoast SEO plugin v20.2 - https:\/\/yoast.com\/wordpress\/plugins\/seo\/ -->\n<title>Veneto, il 16 ottobre parte la campagna vaccinale anti-influenzale - NES<\/title>\n<meta name=\"description\" content=\"In Veneto, la campagna vaccinale (con adesione su base volontaria) contro l\u2019influenza stagionale, partir\u00e0 il 16 ottobre prossimo.\" \/>\n<meta name=\"robots\" content=\"index, follow, max-snippet:-1, max-image-preview:large, max-video-preview:-1\" \/>\n<link rel=\"canonical\" href=\"https:\/\/www.nordestsanita.it\/?p=1795\" \/>\n<meta property=\"og:locale\" content=\"it_IT\" \/>\n<meta property=\"og:type\" content=\"article\" \/>\n<meta property=\"og:title\" content=\"Veneto, il 16 ottobre parte la campagna vaccinale anti-influenzale - NES\" \/>\n<meta property=\"og:description\" content=\"In Veneto, la campagna vaccinale (con adesione su base volontaria) contro l\u2019influenza stagionale, partir\u00e0 il 16 ottobre prossimo.\" \/>\n<meta property=\"og:url\" content=\"https:\/\/www.nordestsanita.it\/?p=1795\" \/>\n<meta property=\"og:site_name\" content=\"NES\" \/>\n<meta property=\"article:published_time\" content=\"2023-09-22T15:28:41+00:00\" \/>\n<meta property=\"article:modified_time\" content=\"2023-09-22T15:28:50+00:00\" \/>\n<meta property=\"og:image\" content=\"https:\/\/www.nordestsanita.it\/wp-content\/uploads\/2022\/09\/flu-shot-1719334_640.jpg\" \/>\n\t<meta property=\"og:image:width\" content=\"640\" \/>\n\t<meta property=\"og:image:height\" content=\"427\" \/>\n\t<meta property=\"og:image:type\" content=\"image\/jpeg\" \/>\n<meta name=\"author\" content=\"Redazione\" \/>\n<meta name=\"twitter:card\" content=\"summary_large_image\" \/>\n<meta name=\"twitter:label1\" content=\"Scritto da\" \/>\n\t<meta name=\"twitter:data1\" content=\"Redazione\" \/>\n\t<meta name=\"twitter:label2\" content=\"Tempo di lettura stimato\" \/>\n\t<meta name=\"twitter:data2\" content=\"4 minuti\" \/>\n<script type=\"application\/ld+json\" class=\"yoast-schema-graph\">{\"@context\":\"https:\/\/schema.org\",\"@graph\":[{\"@type\":\"Article\",\"@id\":\"https:\/\/www.nordestsanita.it\/?p=1795#article\",\"isPartOf\":{\"@id\":\"https:\/\/www.nordestsanita.it\/?p=1795\"},\"author\":{\"name\":\"Redazione\",\"@id\":\"https:\/\/www.nordestsanita.it\/#\/schema\/person\/e5a7dc6dca45cb55e67d4a127b0e969a\"},\"headline\":\"Veneto, il 16 ottobre al via la campagna vaccinale anti-influenzale\",\"datePublished\":\"2023-09-22T15:28:41+00:00\",\"dateModified\":\"2023-09-22T15:28:50+00:00\",\"mainEntityOfPage\":{\"@id\":\"https:\/\/www.nordestsanita.it\/?p=1795\"},\"wordCount\":689,\"publisher\":{\"@id\":\"https:\/\/www.nordestsanita.it\/#organization\"},\"keywords\":[\"covid\",\"Regione Veneto\",\"vaccino\"],\"articleSection\":[\"Sanit\u00e0\"],\"inLanguage\":\"it-IT\"},{\"@type\":\"WebPage\",\"@id\":\"https:\/\/www.nordestsanita.it\/?p=1795\",\"url\":\"https:\/\/www.nordestsanita.it\/?p=1795\",\"name\":\"Veneto, il 16 ottobre parte la campagna vaccinale anti-influenzale - NES\",\"isPartOf\":{\"@id\":\"https:\/\/www.nordestsanita.it\/#website\"},\"datePublished\":\"2023-09-22T15:28:41+00:00\",\"dateModified\":\"2023-09-22T15:28:50+00:00\",\"description\":\"In Veneto, la campagna vaccinale (con adesione su base volontaria) contro l\u2019influenza stagionale, partir\u00e0 il 16 ottobre prossimo.\",\"breadcrumb\":{\"@id\":\"https:\/\/www.nordestsanita.it\/?p=1795#breadcrumb\"},\"inLanguage\":\"it-IT\",\"potentialAction\":[{\"@type\":\"ReadAction\",\"target\":[\"https:\/\/www.nordestsanita.it\/?p=1795\"]}]},{\"@type\":\"BreadcrumbList\",\"@id\":\"https:\/\/www.nordestsanita.it\/?p=1795#breadcrumb\",\"itemListElement\":[{\"@type\":\"ListItem\",\"position\":1,\"name\":\"Home\",\"item\":\"https:\/\/www.nordestsanita.it\/\"},{\"@type\":\"ListItem\",\"position\":2,\"name\":\"Veneto, il 16 ottobre al via la campagna vaccinale anti-influenzale\"}]},{\"@type\":\"WebSite\",\"@id\":\"https:\/\/www.nordestsanita.it\/#website\",\"url\":\"https:\/\/www.nordestsanita.it\/\",\"name\":\"NES\",\"description\":\"Nord Est Sanit\u00e0\",\"publisher\":{\"@id\":\"https:\/\/www.nordestsanita.it\/#organization\"},\"potentialAction\":[{\"@type\":\"SearchAction\",\"target\":{\"@type\":\"EntryPoint\",\"urlTemplate\":\"https:\/\/www.nordestsanita.it\/?s={search_term_string}\"},\"query-input\":\"required name=search_term_string\"}],\"inLanguage\":\"it-IT\"},{\"@type\":\"Organization\",\"@id\":\"https:\/\/www.nordestsanita.it\/#organization\",\"name\":\"NES\",\"url\":\"https:\/\/www.nordestsanita.it\/\",\"logo\":{\"@type\":\"ImageObject\",\"inLanguage\":\"it-IT\",\"@id\":\"https:\/\/www.nordestsanita.it\/#\/schema\/logo\/image\/\",\"url\":\"https:\/\/www.nordestsanita.it\/wp-content\/uploads\/2021\/05\/NES-1280.png\",\"contentUrl\":\"https:\/\/www.nordestsanita.it\/wp-content\/uploads\/2021\/05\/NES-1280.png\",\"width\":1280,\"height\":458,\"caption\":\"NES\"},\"image\":{\"@id\":\"https:\/\/www.nordestsanita.it\/#\/schema\/logo\/image\/\"}},{\"@type\":\"Person\",\"@id\":\"https:\/\/www.nordestsanita.it\/#\/schema\/person\/e5a7dc6dca45cb55e67d4a127b0e969a\",\"name\":\"Redazione\",\"image\":{\"@type\":\"ImageObject\",\"inLanguage\":\"it-IT\",\"@id\":\"https:\/\/www.nordestsanita.it\/#\/schema\/person\/image\/\",\"url\":\"https:\/\/secure.gravatar.com\/avatar\/3f19a9b3d671ea36ec67c4badf3f961a?s=96&d=mm&r=g\",\"contentUrl\":\"https:\/\/secure.gravatar.com\/avatar\/3f19a9b3d671ea36ec67c4badf3f961a?s=96&d=mm&r=g\",\"caption\":\"Redazione\"},\"url\":\"https:\/\/www.nordestsanita.it\/?author=8\"}]}<\/script>\n<!-- \/ Yoast SEO plugin. -->","yoast_head_json":{"title":"Veneto, il 16 ottobre parte la campagna vaccinale anti-influenzale - NES","description":"In Veneto, la campagna vaccinale (con adesione su base volontaria) contro l\u2019influenza stagionale, partir\u00e0 il 16 ottobre prossimo.","robots":{"index":"index","follow":"follow","max-snippet":"max-snippet:-1","max-image-preview":"max-image-preview:large","max-video-preview":"max-video-preview:-1"},"canonical":"https:\/\/www.nordestsanita.it\/?p=1795","og_locale":"it_IT","og_type":"article","og_title":"Veneto, il 16 ottobre parte la campagna vaccinale anti-influenzale - NES","og_description":"In Veneto, la campagna vaccinale (con adesione su base volontaria) contro l\u2019influenza stagionale, partir\u00e0 il 16 ottobre prossimo.","og_url":"https:\/\/www.nordestsanita.it\/?p=1795","og_site_name":"NES","article_published_time":"2023-09-22T15:28:41+00:00","article_modified_time":"2023-09-22T15:28:50+00:00","og_image":[{"width":640,"height":427,"url":"https:\/\/www.nordestsanita.it\/wp-content\/uploads\/2022\/09\/flu-shot-1719334_640.jpg","type":"image\/jpeg"}],"author":"Redazione","twitter_card":"summary_large_image","twitter_misc":{"Scritto da":"Redazione","Tempo di lettura stimato":"4 minuti"},"schema":{"@context":"https:\/\/schema.org","@graph":[{"@type":"Article","@id":"https:\/\/www.nordestsanita.it\/?p=1795#article","isPartOf":{"@id":"https:\/\/www.nordestsanita.it\/?p=1795"},"author":{"name":"Redazione","@id":"https:\/\/www.nordestsanita.it\/#\/schema\/person\/e5a7dc6dca45cb55e67d4a127b0e969a"},"headline":"Veneto, il 16 ottobre al via la campagna vaccinale anti-influenzale","datePublished":"2023-09-22T15:28:41+00:00","dateModified":"2023-09-22T15:28:50+00:00","mainEntityOfPage":{"@id":"https:\/\/www.nordestsanita.it\/?p=1795"},"wordCount":689,"publisher":{"@id":"https:\/\/www.nordestsanita.it\/#organization"},"keywords":["covid","Regione Veneto","vaccino"],"articleSection":["Sanit\u00e0"],"inLanguage":"it-IT"},{"@type":"WebPage","@id":"https:\/\/www.nordestsanita.it\/?p=1795","url":"https:\/\/www.nordestsanita.it\/?p=1795","name":"Veneto, il 16 ottobre parte la campagna vaccinale anti-influenzale - NES","isPartOf":{"@id":"https:\/\/www.nordestsanita.it\/#website"},"datePublished":"2023-09-22T15:28:41+00:00","dateModified":"2023-09-22T15:28:50+00:00","description":"In Veneto, la campagna vaccinale (con adesione su base volontaria) contro l\u2019influenza stagionale, partir\u00e0 il 16 ottobre prossimo.","breadcrumb":{"@id":"https:\/\/www.nordestsanita.it\/?p=1795#breadcrumb"},"inLanguage":"it-IT","potentialAction":[{"@type":"ReadAction","target":["https:\/\/www.nordestsanita.it\/?p=1795"]}]},{"@type":"BreadcrumbList","@id":"https:\/\/www.nordestsanita.it\/?p=1795#breadcrumb","itemListElement":[{"@type":"ListItem","position":1,"name":"Home","item":"https:\/\/www.nordestsanita.it\/"},{"@type":"ListItem","position":2,"name":"Veneto, il 16 ottobre al via la campagna vaccinale anti-influenzale"}]},{"@type":"WebSite","@id":"https:\/\/www.nordestsanita.it\/#website","url":"https:\/\/www.nordestsanita.it\/","name":"NES","description":"Nord Est Sanit\u00e0","publisher":{"@id":"https:\/\/www.nordestsanita.it\/#organization"},"potentialAction":[{"@type":"SearchAction","target":{"@type":"EntryPoint","urlTemplate":"https:\/\/www.nordestsanita.it\/?s={search_term_string}"},"query-input":"required name=search_term_string"}],"inLanguage":"it-IT"},{"@type":"Organization","@id":"https:\/\/www.nordestsanita.it\/#organization","name":"NES","url":"https:\/\/www.nordestsanita.it\/","logo":{"@type":"ImageObject","inLanguage":"it-IT","@id":"https:\/\/www.nordestsanita.it\/#\/schema\/logo\/image\/","url":"https:\/\/www.nordestsanita.it\/wp-content\/uploads\/2021\/05\/NES-1280.png","contentUrl":"https:\/\/www.nordestsanita.it\/wp-content\/uploads\/2021\/05\/NES-1280.png","width":1280,"height":458,"caption":"NES"},"image":{"@id":"https:\/\/www.nordestsanita.it\/#\/schema\/logo\/image\/"}},{"@type":"Person","@id":"https:\/\/www.nordestsanita.it\/#\/schema\/person\/e5a7dc6dca45cb55e67d4a127b0e969a","name":"Redazione","image":{"@type":"ImageObject","inLanguage":"it-IT","@id":"https:\/\/www.nordestsanita.it\/#\/schema\/person\/image\/","url":"https:\/\/secure.gravatar.com\/avatar\/3f19a9b3d671ea36ec67c4badf3f961a?s=96&d=mm&r=g","contentUrl":"https:\/\/secure.gravatar.com\/avatar\/3f19a9b3d671ea36ec67c4badf3f961a?s=96&d=mm&r=g","caption":"Redazione"},"url":"https:\/\/www.nordestsanita.it\/?author=8"}]}},"jetpack_featured_media_url":"https:\/\/www.nordestsanita.it\/wp-content\/uploads\/2022\/09\/flu-shot-1719334_640.jpg","_links":{"self":[{"href":"https:\/\/www.nordestsanita.it\/index.php?rest_route=\/wp\/v2\/posts\/1795"}],"collection":[{"href":"https:\/\/www.nordestsanita.it\/index.php?rest_route=\/wp\/v2\/posts"}],"about":[{"href":"https:\/\/www.nordestsanita.it\/index.php?rest_route=\/wp\/v2\/types\/post"}],"author":[{"embeddable":true,"href":"https:\/\/www.nordestsanita.it\/index.php?rest_route=\/wp\/v2\/users\/8"}],"replies":[{"embeddable":true,"href":"https:\/\/www.nordestsanita.it\/index.php?rest_route=%2Fwp%2Fv2%2Fcomments&post=1795"}],"version-history":[{"count":1,"href":"https:\/\/www.nordestsanita.it\/index.php?rest_route=\/wp\/v2\/posts\/1795\/revisions"}],"predecessor-version":[{"id":1796,"href":"https:\/\/www.nordestsanita.it\/index.php?rest_route=\/wp\/v2\/posts\/1795\/revisions\/1796"}],"wp:featuredmedia":[{"embeddable":true,"href":"https:\/\/www.nordestsanita.it\/index.php?rest_route=\/wp\/v2\/media\/1468"}],"wp:attachment":[{"href":"https:\/\/www.nordestsanita.it\/index.php?rest_route=%2Fwp%2Fv2%2Fmedia&parent=1795"}],"wp:term":[{"taxonomy":"category","embeddable":true,"href":"https:\/\/www.nordestsanita.it\/index.php?rest_route=%2Fwp%2Fv2%2Fcategories&post=1795"},{"taxonomy":"post_tag","embeddable":true,"href":"https:\/\/www.nordestsanita.it\/index.php?rest_route=%2Fwp%2Fv2%2Ftags&post=1795"}],"curies":[{"name":"wp","href":"https:\/\/api.w.org\/{rel}","templated":true}]}}