{"id":1810,"date":"2023-10-20T18:34:24","date_gmt":"2023-10-20T16:34:24","guid":{"rendered":"https:\/\/www.nordestsanita.it\/?p=1810"},"modified":"2023-10-20T18:34:26","modified_gmt":"2023-10-20T16:34:26","slug":"le-mie-abilita-sono-piu-forti-delle-mie-disabilita","status":"publish","type":"post","link":"https:\/\/www.nordestsanita.it\/?p=1810","title":{"rendered":"Le mie abilit\u00e0 sono pi\u00f9 forti delle mie disabilit\u00e0"},"content":{"rendered":"\n<p>In via Palladio\u00a051 a Padova, sul muro grigio che racchiude il giardino e i locali del Centro diurno Santa Rosa di Fondazione IRPEA ETS all\u2019Arcella, ora c\u2019\u00e8 un nuovo murale che illumina il quartiere. Grandi mani che lavorano, una persona in carrozzina che si prende cura del verde e una lunga scritta bianca: \u201cLe mie abilit\u00e0 sono pi\u00f9 forti delle mie disabilit\u00e0\u201d.<\/p>\n\n\n\n<p>Realizzato con AssociazioneDOMNA, \u00e8 il simbolo tangibile del percorso di trasformazione che il Santa Rosa ha intrapreso negli ultimi mesi. Ora il muro sembra non esserci pi\u00f9, sembra caduta la separazione tra dentro e fuori&nbsp;e il murale \u00e8 un invito a entrare e scoprire il Centro e le sue attivit\u00e0.<\/p>\n\n\n\n<p>L\u2019<strong>inaugurazione&nbsp;in programma&nbsp;sabato 21 ottobre 2023 alle ore 10:00&nbsp;<\/strong>\u00e8 anche l&#8217;occasione per visitare il nuovo laboratorio di orticultura e giardinaggio, uno spazio di socialit\u00e0 accessibile in particolare alle scuole e ai gruppi associativi del territorio, realizzato dagli Ospiti del centro grazie anche alla collaborazione con il gruppo di agricoltura sociale di Fondazione IRPEA ETS \u2018Coltiviamo il nostro futuro\u2019.<\/p>\n\n\n\n<p>Saranno esposti gli oggetti decorativi realizzati appositamente per l\u2019evento \u201cIl muro che racconta\u201d, le creazioni laboratoriali degli ospiti e sar\u00e0 possibile sostenere la Fondazione IRPEA ETS acquistando le nuove shopper decorate in tela.<\/p>\n\n\n\n<p><strong>L\u2019accesso all\u2019evento \u00e8 libero e gratuito.<\/strong><\/p>\n\n\n\n<p>Interverranno:<\/p>\n\n\n\n<p><strong>Paola Ancona<\/strong>&nbsp;Consigliera Fondazione IRPEA ETS<\/p>\n\n\n\n<p><strong>Pietro Bean&nbsp;<\/strong>Consigliere del Comune di Padova<\/p>\n\n\n\n<p><strong>Stefano Stortolani&nbsp;<\/strong>Direttore servizi alla disabilit\u00e0 Fondazione IRPEA ETS.<\/p>\n","protected":false},"excerpt":{"rendered":"<p>Mani che lavorano, una persona in carrozzina che cura il verde e la scritta bianca: \u201cLe mie abilit\u00e0 sono pi\u00f9 forti delle mie disabilit\u00e0\u201d<\/p>\n","protected":false},"author":8,"featured_media":1811,"comment_status":"closed","ping_status":"open","sticky":false,"template":"","format":"standard","meta":[],"categories":[28],"tags":[115,347],"yoast_head":"<!-- This site is optimized with the Yoast SEO plugin v20.2 - https:\/\/yoast.com\/wordpress\/plugins\/seo\/ -->\n<title>Le mie abilit\u00e0 sono pi\u00f9 forti delle mie disabilit\u00e0 - NES<\/title>\n<meta name=\"description\" content=\"Mani che lavorano, una persona in carrozzina che cura il verde e la scritta bianca: \u201cLe mie abilit\u00e0 sono pi\u00f9 forti delle mie disabilit\u00e0\u201d\" \/>\n<meta name=\"robots\" content=\"index, follow, max-snippet:-1, max-image-preview:large, max-video-preview:-1\" \/>\n<link rel=\"canonical\" href=\"https:\/\/www.nordestsanita.it\/?p=1810\" \/>\n<meta property=\"og:locale\" content=\"it_IT\" \/>\n<meta property=\"og:type\" content=\"article\" \/>\n<meta property=\"og:title\" content=\"Le mie abilit\u00e0 sono pi\u00f9 forti delle mie disabilit\u00e0 - NES\" \/>\n<meta property=\"og:description\" content=\"Mani che lavorano, una persona in carrozzina che cura il verde e la scritta bianca: \u201cLe mie abilit\u00e0 sono pi\u00f9 forti delle mie disabilit\u00e0\u201d\" \/>\n<meta property=\"og:url\" content=\"https:\/\/www.nordestsanita.it\/?p=1810\" \/>\n<meta property=\"og:site_name\" content=\"NES\" \/>\n<meta property=\"article:published_time\" content=\"2023-10-20T16:34:24+00:00\" \/>\n<meta property=\"article:modified_time\" content=\"2023-10-20T16:34:26+00:00\" \/>\n<meta property=\"og:image\" content=\"https:\/\/www.nordestsanita.it\/wp-content\/uploads\/2023\/10\/Murale_S.Rosa_Arcella.jpeg\" \/>\n\t<meta property=\"og:image:width\" content=\"2040\" \/>\n\t<meta property=\"og:image:height\" content=\"1536\" \/>\n\t<meta property=\"og:image:type\" content=\"image\/jpeg\" \/>\n<meta name=\"author\" content=\"Redazione\" \/>\n<meta name=\"twitter:card\" content=\"summary_large_image\" \/>\n<meta name=\"twitter:label1\" content=\"Scritto da\" \/>\n\t<meta name=\"twitter:data1\" content=\"Redazione\" \/>\n\t<meta name=\"twitter:label2\" content=\"Tempo di lettura stimato\" \/>\n\t<meta name=\"twitter:data2\" content=\"2 minuti\" \/>\n<script type=\"application\/ld+json\" class=\"yoast-schema-graph\">{\"@context\":\"https:\/\/schema.org\",\"@graph\":[{\"@type\":\"Article\",\"@id\":\"https:\/\/www.nordestsanita.it\/?p=1810#article\",\"isPartOf\":{\"@id\":\"https:\/\/www.nordestsanita.it\/?p=1810\"},\"author\":{\"name\":\"Redazione\",\"@id\":\"https:\/\/www.nordestsanita.it\/#\/schema\/person\/e5a7dc6dca45cb55e67d4a127b0e969a\"},\"headline\":\"Le mie abilit\u00e0 sono pi\u00f9 forti delle mie disabilit\u00e0\",\"datePublished\":\"2023-10-20T16:34:24+00:00\",\"dateModified\":\"2023-10-20T16:34:26+00:00\",\"mainEntityOfPage\":{\"@id\":\"https:\/\/www.nordestsanita.it\/?p=1810\"},\"wordCount\":249,\"publisher\":{\"@id\":\"https:\/\/www.nordestsanita.it\/#organization\"},\"keywords\":[\"disabilit\u00e0\",\"irpea\"],\"articleSection\":[\"Sociale\"],\"inLanguage\":\"it-IT\"},{\"@type\":\"WebPage\",\"@id\":\"https:\/\/www.nordestsanita.it\/?p=1810\",\"url\":\"https:\/\/www.nordestsanita.it\/?p=1810\",\"name\":\"Le mie abilit\u00e0 sono pi\u00f9 forti delle mie disabilit\u00e0 - NES\",\"isPartOf\":{\"@id\":\"https:\/\/www.nordestsanita.it\/#website\"},\"datePublished\":\"2023-10-20T16:34:24+00:00\",\"dateModified\":\"2023-10-20T16:34:26+00:00\",\"description\":\"Mani che lavorano, una persona in carrozzina che cura il verde e la scritta bianca: \u201cLe mie abilit\u00e0 sono pi\u00f9 forti delle mie disabilit\u00e0\u201d\",\"breadcrumb\":{\"@id\":\"https:\/\/www.nordestsanita.it\/?p=1810#breadcrumb\"},\"inLanguage\":\"it-IT\",\"potentialAction\":[{\"@type\":\"ReadAction\",\"target\":[\"https:\/\/www.nordestsanita.it\/?p=1810\"]}]},{\"@type\":\"BreadcrumbList\",\"@id\":\"https:\/\/www.nordestsanita.it\/?p=1810#breadcrumb\",\"itemListElement\":[{\"@type\":\"ListItem\",\"position\":1,\"name\":\"Home\",\"item\":\"https:\/\/www.nordestsanita.it\/\"},{\"@type\":\"ListItem\",\"position\":2,\"name\":\"Le mie abilit\u00e0 sono pi\u00f9 forti delle mie disabilit\u00e0\"}]},{\"@type\":\"WebSite\",\"@id\":\"https:\/\/www.nordestsanita.it\/#website\",\"url\":\"https:\/\/www.nordestsanita.it\/\",\"name\":\"NES\",\"description\":\"Nord Est Sanit\u00e0\",\"publisher\":{\"@id\":\"https:\/\/www.nordestsanita.it\/#organization\"},\"potentialAction\":[{\"@type\":\"SearchAction\",\"target\":{\"@type\":\"EntryPoint\",\"urlTemplate\":\"https:\/\/www.nordestsanita.it\/?s={search_term_string}\"},\"query-input\":\"required name=search_term_string\"}],\"inLanguage\":\"it-IT\"},{\"@type\":\"Organization\",\"@id\":\"https:\/\/www.nordestsanita.it\/#organization\",\"name\":\"NES\",\"url\":\"https:\/\/www.nordestsanita.it\/\",\"logo\":{\"@type\":\"ImageObject\",\"inLanguage\":\"it-IT\",\"@id\":\"https:\/\/www.nordestsanita.it\/#\/schema\/logo\/image\/\",\"url\":\"https:\/\/www.nordestsanita.it\/wp-content\/uploads\/2021\/05\/NES-1280.png\",\"contentUrl\":\"https:\/\/www.nordestsanita.it\/wp-content\/uploads\/2021\/05\/NES-1280.png\",\"width\":1280,\"height\":458,\"caption\":\"NES\"},\"image\":{\"@id\":\"https:\/\/www.nordestsanita.it\/#\/schema\/logo\/image\/\"}},{\"@type\":\"Person\",\"@id\":\"https:\/\/www.nordestsanita.it\/#\/schema\/person\/e5a7dc6dca45cb55e67d4a127b0e969a\",\"name\":\"Redazione\",\"image\":{\"@type\":\"ImageObject\",\"inLanguage\":\"it-IT\",\"@id\":\"https:\/\/www.nordestsanita.it\/#\/schema\/person\/image\/\",\"url\":\"https:\/\/secure.gravatar.com\/avatar\/3f19a9b3d671ea36ec67c4badf3f961a?s=96&d=mm&r=g\",\"contentUrl\":\"https:\/\/secure.gravatar.com\/avatar\/3f19a9b3d671ea36ec67c4badf3f961a?s=96&d=mm&r=g\",\"caption\":\"Redazione\"},\"url\":\"https:\/\/www.nordestsanita.it\/?author=8\"}]}<\/script>\n<!-- \/ Yoast SEO plugin. -->","yoast_head_json":{"title":"Le mie abilit\u00e0 sono pi\u00f9 forti delle mie disabilit\u00e0 - NES","description":"Mani che lavorano, una persona in carrozzina che cura il verde e la scritta bianca: \u201cLe mie abilit\u00e0 sono pi\u00f9 forti delle mie disabilit\u00e0\u201d","robots":{"index":"index","follow":"follow","max-snippet":"max-snippet:-1","max-image-preview":"max-image-preview:large","max-video-preview":"max-video-preview:-1"},"canonical":"https:\/\/www.nordestsanita.it\/?p=1810","og_locale":"it_IT","og_type":"article","og_title":"Le mie abilit\u00e0 sono pi\u00f9 forti delle mie disabilit\u00e0 - NES","og_description":"Mani che lavorano, una persona in carrozzina che cura il verde e la scritta bianca: \u201cLe mie abilit\u00e0 sono pi\u00f9 forti delle mie disabilit\u00e0\u201d","og_url":"https:\/\/www.nordestsanita.it\/?p=1810","og_site_name":"NES","article_published_time":"2023-10-20T16:34:24+00:00","article_modified_time":"2023-10-20T16:34:26+00:00","og_image":[{"width":2040,"height":1536,"url":"https:\/\/www.nordestsanita.it\/wp-content\/uploads\/2023\/10\/Murale_S.Rosa_Arcella.jpeg","type":"image\/jpeg"}],"author":"Redazione","twitter_card":"summary_large_image","twitter_misc":{"Scritto da":"Redazione","Tempo di lettura stimato":"2 minuti"},"schema":{"@context":"https:\/\/schema.org","@graph":[{"@type":"Article","@id":"https:\/\/www.nordestsanita.it\/?p=1810#article","isPartOf":{"@id":"https:\/\/www.nordestsanita.it\/?p=1810"},"author":{"name":"Redazione","@id":"https:\/\/www.nordestsanita.it\/#\/schema\/person\/e5a7dc6dca45cb55e67d4a127b0e969a"},"headline":"Le mie abilit\u00e0 sono pi\u00f9 forti delle mie disabilit\u00e0","datePublished":"2023-10-20T16:34:24+00:00","dateModified":"2023-10-20T16:34:26+00:00","mainEntityOfPage":{"@id":"https:\/\/www.nordestsanita.it\/?p=1810"},"wordCount":249,"publisher":{"@id":"https:\/\/www.nordestsanita.it\/#organization"},"keywords":["disabilit\u00e0","irpea"],"articleSection":["Sociale"],"inLanguage":"it-IT"},{"@type":"WebPage","@id":"https:\/\/www.nordestsanita.it\/?p=1810","url":"https:\/\/www.nordestsanita.it\/?p=1810","name":"Le mie abilit\u00e0 sono pi\u00f9 forti delle mie disabilit\u00e0 - NES","isPartOf":{"@id":"https:\/\/www.nordestsanita.it\/#website"},"datePublished":"2023-10-20T16:34:24+00:00","dateModified":"2023-10-20T16:34:26+00:00","description":"Mani che lavorano, una persona in carrozzina che cura il verde e la scritta bianca: \u201cLe mie abilit\u00e0 sono pi\u00f9 forti delle mie disabilit\u00e0\u201d","breadcrumb":{"@id":"https:\/\/www.nordestsanita.it\/?p=1810#breadcrumb"},"inLanguage":"it-IT","potentialAction":[{"@type":"ReadAction","target":["https:\/\/www.nordestsanita.it\/?p=1810"]}]},{"@type":"BreadcrumbList","@id":"https:\/\/www.nordestsanita.it\/?p=1810#breadcrumb","itemListElement":[{"@type":"ListItem","position":1,"name":"Home","item":"https:\/\/www.nordestsanita.it\/"},{"@type":"ListItem","position":2,"name":"Le mie abilit\u00e0 sono pi\u00f9 forti delle mie disabilit\u00e0"}]},{"@type":"WebSite","@id":"https:\/\/www.nordestsanita.it\/#website","url":"https:\/\/www.nordestsanita.it\/","name":"NES","description":"Nord Est Sanit\u00e0","publisher":{"@id":"https:\/\/www.nordestsanita.it\/#organization"},"potentialAction":[{"@type":"SearchAction","target":{"@type":"EntryPoint","urlTemplate":"https:\/\/www.nordestsanita.it\/?s={search_term_string}"},"query-input":"required name=search_term_string"}],"inLanguage":"it-IT"},{"@type":"Organization","@id":"https:\/\/www.nordestsanita.it\/#organization","name":"NES","url":"https:\/\/www.nordestsanita.it\/","logo":{"@type":"ImageObject","inLanguage":"it-IT","@id":"https:\/\/www.nordestsanita.it\/#\/schema\/logo\/image\/","url":"https:\/\/www.nordestsanita.it\/wp-content\/uploads\/2021\/05\/NES-1280.png","contentUrl":"https:\/\/www.nordestsanita.it\/wp-content\/uploads\/2021\/05\/NES-1280.png","width":1280,"height":458,"caption":"NES"},"image":{"@id":"https:\/\/www.nordestsanita.it\/#\/schema\/logo\/image\/"}},{"@type":"Person","@id":"https:\/\/www.nordestsanita.it\/#\/schema\/person\/e5a7dc6dca45cb55e67d4a127b0e969a","name":"Redazione","image":{"@type":"ImageObject","inLanguage":"it-IT","@id":"https:\/\/www.nordestsanita.it\/#\/schema\/person\/image\/","url":"https:\/\/secure.gravatar.com\/avatar\/3f19a9b3d671ea36ec67c4badf3f961a?s=96&d=mm&r=g","contentUrl":"https:\/\/secure.gravatar.com\/avatar\/3f19a9b3d671ea36ec67c4badf3f961a?s=96&d=mm&r=g","caption":"Redazione"},"url":"https:\/\/www.nordestsanita.it\/?author=8"}]}},"jetpack_featured_media_url":"https:\/\/www.nordestsanita.it\/wp-content\/uploads\/2023\/10\/Murale_S.Rosa_Arcella.jpeg","_links":{"self":[{"href":"https:\/\/www.nordestsanita.it\/index.php?rest_route=\/wp\/v2\/posts\/1810"}],"collection":[{"href":"https:\/\/www.nordestsanita.it\/index.php?rest_route=\/wp\/v2\/posts"}],"about":[{"href":"https:\/\/www.nordestsanita.it\/index.php?rest_route=\/wp\/v2\/types\/post"}],"author":[{"embeddable":true,"href":"https:\/\/www.nordestsanita.it\/index.php?rest_route=\/wp\/v2\/users\/8"}],"replies":[{"embeddable":true,"href":"https:\/\/www.nordestsanita.it\/index.php?rest_route=%2Fwp%2Fv2%2Fcomments&post=1810"}],"version-history":[{"count":1,"href":"https:\/\/www.nordestsanita.it\/index.php?rest_route=\/wp\/v2\/posts\/1810\/revisions"}],"predecessor-version":[{"id":1812,"href":"https:\/\/www.nordestsanita.it\/index.php?rest_route=\/wp\/v2\/posts\/1810\/revisions\/1812"}],"wp:featuredmedia":[{"embeddable":true,"href":"https:\/\/www.nordestsanita.it\/index.php?rest_route=\/wp\/v2\/media\/1811"}],"wp:attachment":[{"href":"https:\/\/www.nordestsanita.it\/index.php?rest_route=%2Fwp%2Fv2%2Fmedia&parent=1810"}],"wp:term":[{"taxonomy":"category","embeddable":true,"href":"https:\/\/www.nordestsanita.it\/index.php?rest_route=%2Fwp%2Fv2%2Fcategories&post=1810"},{"taxonomy":"post_tag","embeddable":true,"href":"https:\/\/www.nordestsanita.it\/index.php?rest_route=%2Fwp%2Fv2%2Ftags&post=1810"}],"curies":[{"name":"wp","href":"https:\/\/api.w.org\/{rel}","templated":true}]}}